{"id":11185,"date":"2021-05-05T13:17:08","date_gmt":"2021-05-05T13:17:08","guid":{"rendered":"https:\/\/www.africa-press.net\/burkina-faso\/?p=11185"},"modified":"2021-05-05T16:43:13","modified_gmt":"2021-05-05T16:43:13","slug":"des-non-eleves-arretes-par-la-police-nous-travaillons-toujours-a-sensibiliser-les-eleves-pr-ouaro","status":"publish","type":"post","link":"https:\/\/www.africa-press.net\/burkina-faso\/politique\/des-non-eleves-arretes-par-la-police-nous-travaillons-toujours-a-sensibiliser-les-eleves-pr-ouaro","title":{"rendered":"Des non-\u00e9l\u00e8ves arr\u00eat\u00e9s par la Police : \u00ab Nous travaillons toujours \u00e0 sensibiliser les \u00e9l\u00e8ves \u00bb (Pr Ouaro)"},"content":{"rendered":"<p><span style=\"color: #ff6600\"><strong><a href=\"https:\/\/www.africa-press.net\/\">Africa-Press<\/a> &#8211; <a href=\"https:\/\/www.africa-press.net\/burkina-faso\">Burkina Faso<\/a>. <\/strong><\/span>Dans le cadre de l\u2019organisation des assises nationales, le ministre en charge de l\u2019\u00e9ducation nationale, Pr Stanislas Ouaro, a rendu visite au Conseil \u00c9conomique et Social (CES), ce mardi 04 mai 2021 \u00e0 Ouagadougou. Le ministre est all\u00e9 pr\u00e9senter sa d\u00e9marche d\u2019organisation des assises nationales aux responsables du CES afin de recueillir des suggestions suppl\u00e9mentaires pour la tenue de ces assises sur l\u2019\u00e9ducation.<\/p>\n<p>Conform\u00e9ment aux orientations du minist\u00e8re en charge de l\u2019\u00e9ducation nationale, des assises sur l\u2019\u00e9ducation nationale sont pr\u00e9vues, avec une implication de toute la communaut\u00e9 burkinab\u00e8 aux r\u00e9flexions. C\u2019est dans cette optique que ce mardi 4 mai 2021, le Conseil \u00c9conomique et Social (CES) a re\u00e7u la visite du ministre en charge l\u2019\u00e9ducation nationale, Pr Stanislas Ouaro.<\/p>\n<p>Selon le ministre, cette visite a \u00e9t\u00e9 initi\u00e9e en ce sens que le CES est une structure \u00ab tr\u00e8s importante \u00bb pour les questions \u00e9conomiques et sociales. \u00ab Vous \u00eates sans savoir que cette structure est tr\u00e8s importante pour les propositions de solution dans les questions \u00e9conomiques et sociales. Nous voulons par cette action inclure toutes les composantes de la soci\u00e9t\u00e9 \u00e0 ces r\u00e9flexions sur l\u2019\u00e9ducation nationale \u00bb, a-t-il dit.<\/p>\n<p>Il a \u00e9galement ajout\u00e9 que cette rencontre a \u00e9t\u00e9 un cadre pour son d\u00e9partement de proposer des Termes De R\u00e9f\u00e9rences (TDR) afin de recueillir des suggestions pour mieux pr\u00e9parer ces assises.<\/p>\n<p>\u00ab Au regard de ses missions, nous avons souhait\u00e9 inclure le CES dans cette mission pour recueillir des suggestions, des amendements, des recommandations afin de tirer des conclusions pertinentes pour l\u2019am\u00e9lioration de l\u2019\u00e9ducation au Burkina Faso \u00bb, a-t-il expliqu\u00e9.<\/p>\n<p>Mo\u00efse Napon, pr\u00e9sident du CES, a salu\u00e9 cette initiative du ministre qui, \u00e0 l\u2019entendre est tr\u00e8s importante pour l\u2019\u00e9ducation nationale. Par cons\u00e9quent, il a indiqu\u00e9 que cet esprit d\u2019inclusion t\u00e9moigne de l\u2019int\u00e9r\u00eat que le Pr Stanislas Ouaro porte pour l\u2019\u00e9ducation au Burkina Faso. \u00ab D\u2019apr\u00e8s mon exp\u00e9rience, je sais que l\u2019enfant est \u00e9duqu\u00e9 par tout le village. Il ne s\u2019agit pas d\u2019un maitre, d\u2019un parent, mais l\u2019affaire de tous. Nous pensons avoir notre apport \u00e0 cette lutte \u00bb, a-t-il affirm\u00e9.<\/p>\n<p>Il faut noter que cette rencontre \u00e9tait pr\u00e9vue pour le 3 mai 2021. Cependant, en raison de la manifestation des \u00e9l\u00e8ves devant le CES, elle a \u00e9t\u00e9 report\u00e9e pour ce 4 mai 2021. Abdoul Gani BARRY et Deborah BENAO (stagiaires) Burkina24<\/p>\n","protected":false},"excerpt":{"rendered":"<p>Africa-Press &#8211; Burkina Faso. Dans le cadre de l\u2019organisation des assises nationales, le ministre en charge de l\u2019\u00e9ducation nationale, Pr Stanislas Ouaro, a rendu visite au Conseil \u00c9conomique et Social (CES), ce mardi 04 mai 2021 \u00e0 Ouagadougou. Le ministre est all\u00e9 pr\u00e9senter sa d\u00e9marche d\u2019organisation des assises nationales aux responsables du CES afin de [&hellip;]<\/p>\n","protected":false},"author":82,"featured_media":11184,"comment_status":"open","ping_status":"closed","sticky":false,"template":"","format":"standard","meta":{"footnotes":""},"categories":[11,2,10],"tags":[111,725,29],"class_list":["post-11185","post","type-post","status-publish","format-standard","has-post-thumbnail","hentry","category-homepage-french","category-politique","category-toutes-les-actualites","tag-africa-press","tag-africa-press-burkina-faso","tag-burkina-faso"],"yoast_head":"<!-- This site is optimized with the Yoast SEO Premium plugin v26.1 (Yoast SEO v27.0) - https:\/\/yoast.com\/product\/yoast-seo-premium-wordpress\/ -->\n<title>Des non-\u00e9l\u00e8ves arr\u00eat\u00e9s par la Police : \u00ab Nous travaillons toujours \u00e0 sensibiliser les \u00e9l\u00e8ves \u00bb (Pr Ouaro) - Burkina Faso<\/title>\n<meta name=\"description\" content=\"Dans le cadre de l\u2019organisation des assises nationales, le ministre en charge de l\u2019\u00e9ducation nationale, Pr Stanislas Oua ...\" \/>\n<meta name=\"robots\" content=\"index, follow, max-snippet:-1, max-image-preview:large, max-video-preview:-1\" \/>\n<link rel=\"canonical\" href=\"https:\/\/www.africa-press.net\/burkina-faso\/politique\/des-non-eleves-arretes-par-la-police-nous-travaillons-toujours-a-sensibiliser-les-eleves-pr-ouaro\" \/>\n<meta property=\"og:locale\" content=\"fr_FR\" \/>\n<meta property=\"og:type\" content=\"article\" \/>\n<meta property=\"og:title\" content=\"Des non-\u00e9l\u00e8ves arr\u00eat\u00e9s par la Police : \u00ab Nous travaillons toujours \u00e0 sensibiliser les \u00e9l\u00e8ves \u00bb (Pr Ouaro)\" \/>\n<meta property=\"og:description\" content=\"Dans le cadre de l\u2019organisation des assises nationales, le ministre en charge de l\u2019\u00e9ducation nationale, Pr Stanislas Oua ...\" \/>\n<meta property=\"og:url\" content=\"https:\/\/www.africa-press.net\/burkina-faso\/politique\/des-non-eleves-arretes-par-la-police-nous-travaillons-toujours-a-sensibiliser-les-eleves-pr-ouaro\" \/>\n<meta property=\"og:site_name\" content=\"Burkina Faso\" \/>\n<meta property=\"article:published_time\" content=\"2021-05-05T13:17:08+00:00\" \/>\n<meta property=\"article:modified_time\" content=\"2021-05-05T16:43:13+00:00\" \/>\n<meta property=\"og:image\" content=\"https:\/\/static.africa-press.net\/burkina\/sites\/42\/2021\/05\/img-60927ea574f1e.jpg\" \/>\n\t<meta property=\"og:image:width\" content=\"720\" \/>\n\t<meta property=\"og:image:height\" content=\"565\" \/>\n\t<meta property=\"og:image:type\" content=\"image\/jpeg\" \/>\n<meta name=\"author\" content=\"cfeditorfr\" \/>\n<meta name=\"twitter:card\" content=\"summary_large_image\" \/>\n<meta name=\"twitter:label1\" content=\"\u00c9crit par\" \/>\n\t<meta name=\"twitter:data1\" content=\"cfeditorfr\" \/>\n\t<meta name=\"twitter:label2\" content=\"Dur\u00e9e de lecture estim\u00e9e\" \/>\n\t<meta name=\"twitter:data2\" content=\"2 minutes\" \/>\n<script type=\"application\/ld+json\" class=\"yoast-schema-graph\">{\"@context\":\"https:\/\/schema.org\",\"@graph\":[{\"@type\":\"Article\",\"@id\":\"https:\/\/www.africa-press.net\/burkina-faso\/politique\/des-non-eleves-arretes-par-la-police-nous-travaillons-toujours-a-sensibiliser-les-eleves-pr-ouaro#article\",\"isPartOf\":{\"@id\":\"https:\/\/www.africa-press.net\/burkina-faso\/politique\/des-non-eleves-arretes-par-la-police-nous-travaillons-toujours-a-sensibiliser-les-eleves-pr-ouaro\"},\"author\":{\"name\":\"cfeditorfr\",\"@id\":\"https:\/\/www.africa-press.net\/burkina-faso\/#\/schema\/person\/2b1cf3cd81a31e3cd26889ca66d677f1\"},\"headline\":\"Des non-\u00e9l\u00e8ves arr\u00eat\u00e9s par la Police : \u00ab Nous travaillons toujours \u00e0 sensibiliser les \u00e9l\u00e8ves \u00bb (Pr Ouaro)\",\"datePublished\":\"2021-05-05T13:17:08+00:00\",\"dateModified\":\"2021-05-05T16:43:13+00:00\",\"mainEntityOfPage\":{\"@id\":\"https:\/\/www.africa-press.net\/burkina-faso\/politique\/des-non-eleves-arretes-par-la-police-nous-travaillons-toujours-a-sensibiliser-les-eleves-pr-ouaro\"},\"wordCount\":435,\"commentCount\":0,\"image\":{\"@id\":\"https:\/\/www.africa-press.net\/burkina-faso\/politique\/des-non-eleves-arretes-par-la-police-nous-travaillons-toujours-a-sensibiliser-les-eleves-pr-ouaro#primaryimage\"},\"thumbnailUrl\":\"https:\/\/static.africa-press.net\/burkina\/sites\/42\/2021\/05\/img-60927ea574f1e.jpg\",\"keywords\":[\"Africa Press\",\"Africa Press-Burkina Faso\",\"Burkina Faso\"],\"articleSection\":[\"homepage-french\",\"Politique\",\"Toutes les actualit\u00e9s\"],\"inLanguage\":\"fr-FR\",\"potentialAction\":[{\"@type\":\"CommentAction\",\"name\":\"Comment\",\"target\":[\"https:\/\/www.africa-press.net\/burkina-faso\/politique\/des-non-eleves-arretes-par-la-police-nous-travaillons-toujours-a-sensibiliser-les-eleves-pr-ouaro#respond\"]}]},{\"@type\":\"WebPage\",\"@id\":\"https:\/\/www.africa-press.net\/burkina-faso\/politique\/des-non-eleves-arretes-par-la-police-nous-travaillons-toujours-a-sensibiliser-les-eleves-pr-ouaro\",\"url\":\"https:\/\/www.africa-press.net\/burkina-faso\/politique\/des-non-eleves-arretes-par-la-police-nous-travaillons-toujours-a-sensibiliser-les-eleves-pr-ouaro\",\"name\":\"Des non-\u00e9l\u00e8ves arr\u00eat\u00e9s par la Police : \u00ab Nous travaillons toujours \u00e0 sensibiliser les \u00e9l\u00e8ves \u00bb (Pr Ouaro) - Burkina Faso\",\"isPartOf\":{\"@id\":\"https:\/\/www.africa-press.net\/burkina-faso\/#website\"},\"primaryImageOfPage\":{\"@id\":\"https:\/\/www.africa-press.net\/burkina-faso\/politique\/des-non-eleves-arretes-par-la-police-nous-travaillons-toujours-a-sensibiliser-les-eleves-pr-ouaro#primaryimage\"},\"image\":{\"@id\":\"https:\/\/www.africa-press.net\/burkina-faso\/politique\/des-non-eleves-arretes-par-la-police-nous-travaillons-toujours-a-sensibiliser-les-eleves-pr-ouaro#primaryimage\"},\"thumbnailUrl\":\"https:\/\/static.africa-press.net\/burkina\/sites\/42\/2021\/05\/img-60927ea574f1e.jpg\",\"datePublished\":\"2021-05-05T13:17:08+00:00\",\"dateModified\":\"2021-05-05T16:43:13+00:00\",\"author\":{\"@id\":\"https:\/\/www.africa-press.net\/burkina-faso\/#\/schema\/person\/2b1cf3cd81a31e3cd26889ca66d677f1\"},\"description\":\"Dans le cadre de l\u2019organisation des assises nationales, le ministre en charge de l\u2019\u00e9ducation nationale, Pr Stanislas Oua ...\",\"breadcrumb\":{\"@id\":\"https:\/\/www.africa-press.net\/burkina-faso\/politique\/des-non-eleves-arretes-par-la-police-nous-travaillons-toujours-a-sensibiliser-les-eleves-pr-ouaro#breadcrumb\"},\"inLanguage\":\"fr-FR\",\"potentialAction\":[{\"@type\":\"ReadAction\",\"target\":[\"https:\/\/www.africa-press.net\/burkina-faso\/politique\/des-non-eleves-arretes-par-la-police-nous-travaillons-toujours-a-sensibiliser-les-eleves-pr-ouaro\"]}]},{\"@type\":\"ImageObject\",\"inLanguage\":\"fr-FR\",\"@id\":\"https:\/\/www.africa-press.net\/burkina-faso\/politique\/des-non-eleves-arretes-par-la-police-nous-travaillons-toujours-a-sensibiliser-les-eleves-pr-ouaro#primaryimage\",\"url\":\"https:\/\/static.africa-press.net\/burkina\/sites\/42\/2021\/05\/img-60927ea574f1e.jpg\",\"contentUrl\":\"https:\/\/static.africa-press.net\/burkina\/sites\/42\/2021\/05\/img-60927ea574f1e.jpg\",\"width\":720,\"height\":565,\"caption\":\"Des non-\u00e9l\u00e8ves arr\u00eat\u00e9s par la Police : \u00ab Nous travaillons toujours \u00e0 sensibiliser les \u00e9l\u00e8ves \u00bb (Pr Ouaro)\"},{\"@type\":\"BreadcrumbList\",\"@id\":\"https:\/\/www.africa-press.net\/burkina-faso\/politique\/des-non-eleves-arretes-par-la-police-nous-travaillons-toujours-a-sensibiliser-les-eleves-pr-ouaro#breadcrumb\",\"itemListElement\":[{\"@type\":\"ListItem\",\"position\":1,\"name\":\"Accueil\",\"item\":\"https:\/\/www.africa-press.net\/burkina-faso\/\"},{\"@type\":\"ListItem\",\"position\":2,\"name\":\"Des non-\u00e9l\u00e8ves arr\u00eat\u00e9s par la Police : \u00ab Nous travaillons toujours \u00e0 sensibiliser les \u00e9l\u00e8ves \u00bb (Pr Ouaro)\"}]},{\"@type\":\"WebSite\",\"@id\":\"https:\/\/www.africa-press.net\/burkina-faso\/#website\",\"url\":\"https:\/\/www.africa-press.net\/burkina-faso\/\",\"name\":\"Burkina Faso\",\"description\":\"Just another Africa News Agency Sites site\",\"potentialAction\":[{\"@type\":\"SearchAction\",\"target\":{\"@type\":\"EntryPoint\",\"urlTemplate\":\"https:\/\/www.africa-press.net\/burkina-faso\/?s={search_term_string}\"},\"query-input\":{\"@type\":\"PropertyValueSpecification\",\"valueRequired\":true,\"valueName\":\"search_term_string\"}}],\"inLanguage\":\"fr-FR\"},{\"@type\":\"Person\",\"@id\":\"https:\/\/www.africa-press.net\/burkina-faso\/#\/schema\/person\/2b1cf3cd81a31e3cd26889ca66d677f1\",\"name\":\"cfeditorfr\"}]}<\/script>\n<!-- \/ Yoast SEO Premium plugin. -->","yoast_head_json":{"title":"Des non-\u00e9l\u00e8ves arr\u00eat\u00e9s par la Police : \u00ab Nous travaillons toujours \u00e0 sensibiliser les \u00e9l\u00e8ves \u00bb (Pr Ouaro) - Burkina Faso","description":"Dans le cadre de l\u2019organisation des assises nationales, le ministre en charge de l\u2019\u00e9ducation nationale, Pr Stanislas Oua ...","robots":{"index":"index","follow":"follow","max-snippet":"max-snippet:-1","max-image-preview":"max-image-preview:large","max-video-preview":"max-video-preview:-1"},"canonical":"https:\/\/www.africa-press.net\/burkina-faso\/politique\/des-non-eleves-arretes-par-la-police-nous-travaillons-toujours-a-sensibiliser-les-eleves-pr-ouaro","og_locale":"fr_FR","og_type":"article","og_title":"Des non-\u00e9l\u00e8ves arr\u00eat\u00e9s par la Police : \u00ab Nous travaillons toujours \u00e0 sensibiliser les \u00e9l\u00e8ves \u00bb (Pr Ouaro)","og_description":"Dans le cadre de l\u2019organisation des assises nationales, le ministre en charge de l\u2019\u00e9ducation nationale, Pr Stanislas Oua ...","og_url":"https:\/\/www.africa-press.net\/burkina-faso\/politique\/des-non-eleves-arretes-par-la-police-nous-travaillons-toujours-a-sensibiliser-les-eleves-pr-ouaro","og_site_name":"Burkina Faso","article_published_time":"2021-05-05T13:17:08+00:00","article_modified_time":"2021-05-05T16:43:13+00:00","og_image":[{"width":720,"height":565,"url":"https:\/\/static.africa-press.net\/burkina\/sites\/42\/2021\/05\/img-60927ea574f1e.jpg","type":"image\/jpeg"}],"author":"cfeditorfr","twitter_card":"summary_large_image","twitter_misc":{"\u00c9crit par":"cfeditorfr","Dur\u00e9e de lecture estim\u00e9e":"2 minutes"},"schema":{"@context":"https:\/\/schema.org","@graph":[{"@type":"Article","@id":"https:\/\/www.africa-press.net\/burkina-faso\/politique\/des-non-eleves-arretes-par-la-police-nous-travaillons-toujours-a-sensibiliser-les-eleves-pr-ouaro#article","isPartOf":{"@id":"https:\/\/www.africa-press.net\/burkina-faso\/politique\/des-non-eleves-arretes-par-la-police-nous-travaillons-toujours-a-sensibiliser-les-eleves-pr-ouaro"},"author":{"name":"cfeditorfr","@id":"https:\/\/www.africa-press.net\/burkina-faso\/#\/schema\/person\/2b1cf3cd81a31e3cd26889ca66d677f1"},"headline":"Des non-\u00e9l\u00e8ves arr\u00eat\u00e9s par la Police : \u00ab Nous travaillons toujours \u00e0 sensibiliser les \u00e9l\u00e8ves \u00bb (Pr Ouaro)","datePublished":"2021-05-05T13:17:08+00:00","dateModified":"2021-05-05T16:43:13+00:00","mainEntityOfPage":{"@id":"https:\/\/www.africa-press.net\/burkina-faso\/politique\/des-non-eleves-arretes-par-la-police-nous-travaillons-toujours-a-sensibiliser-les-eleves-pr-ouaro"},"wordCount":435,"commentCount":0,"image":{"@id":"https:\/\/www.africa-press.net\/burkina-faso\/politique\/des-non-eleves-arretes-par-la-police-nous-travaillons-toujours-a-sensibiliser-les-eleves-pr-ouaro#primaryimage"},"thumbnailUrl":"https:\/\/static.africa-press.net\/burkina\/sites\/42\/2021\/05\/img-60927ea574f1e.jpg","keywords":["Africa Press","Africa Press-Burkina Faso","Burkina Faso"],"articleSection":["homepage-french","Politique","Toutes les actualit\u00e9s"],"inLanguage":"fr-FR","potentialAction":[{"@type":"CommentAction","name":"Comment","target":["https:\/\/www.africa-press.net\/burkina-faso\/politique\/des-non-eleves-arretes-par-la-police-nous-travaillons-toujours-a-sensibiliser-les-eleves-pr-ouaro#respond"]}]},{"@type":"WebPage","@id":"https:\/\/www.africa-press.net\/burkina-faso\/politique\/des-non-eleves-arretes-par-la-police-nous-travaillons-toujours-a-sensibiliser-les-eleves-pr-ouaro","url":"https:\/\/www.africa-press.net\/burkina-faso\/politique\/des-non-eleves-arretes-par-la-police-nous-travaillons-toujours-a-sensibiliser-les-eleves-pr-ouaro","name":"Des non-\u00e9l\u00e8ves arr\u00eat\u00e9s par la Police : \u00ab Nous travaillons toujours \u00e0 sensibiliser les \u00e9l\u00e8ves \u00bb (Pr Ouaro) - Burkina Faso","isPartOf":{"@id":"https:\/\/www.africa-press.net\/burkina-faso\/#website"},"primaryImageOfPage":{"@id":"https:\/\/www.africa-press.net\/burkina-faso\/politique\/des-non-eleves-arretes-par-la-police-nous-travaillons-toujours-a-sensibiliser-les-eleves-pr-ouaro#primaryimage"},"image":{"@id":"https:\/\/www.africa-press.net\/burkina-faso\/politique\/des-non-eleves-arretes-par-la-police-nous-travaillons-toujours-a-sensibiliser-les-eleves-pr-ouaro#primaryimage"},"thumbnailUrl":"https:\/\/static.africa-press.net\/burkina\/sites\/42\/2021\/05\/img-60927ea574f1e.jpg","datePublished":"2021-05-05T13:17:08+00:00","dateModified":"2021-05-05T16:43:13+00:00","author":{"@id":"https:\/\/www.africa-press.net\/burkina-faso\/#\/schema\/person\/2b1cf3cd81a31e3cd26889ca66d677f1"},"description":"Dans le cadre de l\u2019organisation des assises nationales, le ministre en charge de l\u2019\u00e9ducation nationale, Pr Stanislas Oua ...","breadcrumb":{"@id":"https:\/\/www.africa-press.net\/burkina-faso\/politique\/des-non-eleves-arretes-par-la-police-nous-travaillons-toujours-a-sensibiliser-les-eleves-pr-ouaro#breadcrumb"},"inLanguage":"fr-FR","potentialAction":[{"@type":"ReadAction","target":["https:\/\/www.africa-press.net\/burkina-faso\/politique\/des-non-eleves-arretes-par-la-police-nous-travaillons-toujours-a-sensibiliser-les-eleves-pr-ouaro"]}]},{"@type":"ImageObject","inLanguage":"fr-FR","@id":"https:\/\/www.africa-press.net\/burkina-faso\/politique\/des-non-eleves-arretes-par-la-police-nous-travaillons-toujours-a-sensibiliser-les-eleves-pr-ouaro#primaryimage","url":"https:\/\/static.africa-press.net\/burkina\/sites\/42\/2021\/05\/img-60927ea574f1e.jpg","contentUrl":"https:\/\/static.africa-press.net\/burkina\/sites\/42\/2021\/05\/img-60927ea574f1e.jpg","width":720,"height":565,"caption":"Des non-\u00e9l\u00e8ves arr\u00eat\u00e9s par la Police : \u00ab Nous travaillons toujours \u00e0 sensibiliser les \u00e9l\u00e8ves \u00bb (Pr Ouaro)"},{"@type":"BreadcrumbList","@id":"https:\/\/www.africa-press.net\/burkina-faso\/politique\/des-non-eleves-arretes-par-la-police-nous-travaillons-toujours-a-sensibiliser-les-eleves-pr-ouaro#breadcrumb","itemListElement":[{"@type":"ListItem","position":1,"name":"Accueil","item":"https:\/\/www.africa-press.net\/burkina-faso\/"},{"@type":"ListItem","position":2,"name":"Des non-\u00e9l\u00e8ves arr\u00eat\u00e9s par la Police : \u00ab Nous travaillons toujours \u00e0 sensibiliser les \u00e9l\u00e8ves \u00bb (Pr Ouaro)"}]},{"@type":"WebSite","@id":"https:\/\/www.africa-press.net\/burkina-faso\/#website","url":"https:\/\/www.africa-press.net\/burkina-faso\/","name":"Burkina Faso","description":"Just another Africa News Agency Sites site","potentialAction":[{"@type":"SearchAction","target":{"@type":"EntryPoint","urlTemplate":"https:\/\/www.africa-press.net\/burkina-faso\/?s={search_term_string}"},"query-input":{"@type":"PropertyValueSpecification","valueRequired":true,"valueName":"search_term_string"}}],"inLanguage":"fr-FR"},{"@type":"Person","@id":"https:\/\/www.africa-press.net\/burkina-faso\/#\/schema\/person\/2b1cf3cd81a31e3cd26889ca66d677f1","name":"cfeditorfr"}]}},"_links":{"self":[{"href":"https:\/\/www.africa-press.net\/burkina-faso\/wp-json\/wp\/v2\/posts\/11185","targetHints":{"allow":["GET"]}}],"collection":[{"href":"https:\/\/www.africa-press.net\/burkina-faso\/wp-json\/wp\/v2\/posts"}],"about":[{"href":"https:\/\/www.africa-press.net\/burkina-faso\/wp-json\/wp\/v2\/types\/post"}],"author":[{"embeddable":true,"href":"https:\/\/www.africa-press.net\/burkina-faso\/wp-json\/wp\/v2\/users\/82"}],"replies":[{"embeddable":true,"href":"https:\/\/www.africa-press.net\/burkina-faso\/wp-json\/wp\/v2\/comments?post=11185"}],"version-history":[{"count":0,"href":"https:\/\/www.africa-press.net\/burkina-faso\/wp-json\/wp\/v2\/posts\/11185\/revisions"}],"wp:featuredmedia":[{"embeddable":true,"href":"https:\/\/www.africa-press.net\/burkina-faso\/wp-json\/wp\/v2\/media\/11184"}],"wp:attachment":[{"href":"https:\/\/www.africa-press.net\/burkina-faso\/wp-json\/wp\/v2\/media?parent=11185"}],"wp:term":[{"taxonomy":"category","embeddable":true,"href":"https:\/\/www.africa-press.net\/burkina-faso\/wp-json\/wp\/v2\/categories?post=11185"},{"taxonomy":"post_tag","embeddable":true,"href":"https:\/\/www.africa-press.net\/burkina-faso\/wp-json\/wp\/v2\/tags?post=11185"}],"curies":[{"name":"wp","href":"https:\/\/api.w.org\/{rel}","templated":true}]}}