{"id":11188,"date":"2021-05-05T13:27:50","date_gmt":"2021-05-05T13:27:50","guid":{"rendered":"https:\/\/www.africa-press.net\/burkina-faso\/?p=11188"},"modified":"2021-05-05T16:43:46","modified_gmt":"2021-05-05T16:43:46","slug":"eco-des-avancees-enregistrees","status":"publish","type":"post","link":"https:\/\/www.africa-press.net\/burkina-faso\/economie\/eco-des-avancees-enregistrees","title":{"rendered":"ECO : Des avanc\u00e9es enregistr\u00e9es"},"content":{"rendered":"<p><span style=\"color: #ff6600\"><strong><a href=\"https:\/\/www.africa-press.net\/\">Africa-Press<\/a> &#8211; <a href=\"https:\/\/www.africa-press.net\/burkina-faso\">Burkina Faso<\/a>. <\/strong><\/span>Le ministre en charge de l\u2019\u00e9conomie, Lassan\u00e9 Kabor\u00e9, a expliqu\u00e9 \u00e0 la repr\u00e9sentation nationale, ce mardi 4 mai 2021, que la monnaie unique de la CEDEAO sera mise en \u0153uvre en 2024.<\/p>\n<p>La mise en place de la monnaie ECO \u00e9tait initialement pr\u00e9vue pour 2020. Pour plusieurs raisons, cette monnaie africaine n\u2019a pas respect\u00e9 cette \u00e9ch\u00e9ance. Cependant, le ministre en charge des finances, Lassan\u00e9 Kabor\u00e9, a indiqu\u00e9 que des avanc\u00e9es ont \u00e9t\u00e9 observ\u00e9es dans le cadre du projet.<\/p>\n<p>\u00ab Retenons que nous avons quand m\u00eame fait beaucoup de progr\u00e8s dans le cadre de cette monnaie. Nous avons d\u00e9termin\u00e9 le nom et nous avons r\u00e9ussi \u00e0 nous entendre sur le mod\u00e8le de banque centrale. Ce n\u2019est pas une banque centrale unique comme les pays de l\u2019UEMOA avec des agences dans les \u00c9tats. C\u2019est un gouvernement de banques centrales comme ce qui se fait pour la BCE. C\u2019est-\u00e0-dire que les pays de l\u2019UEMOA viendront bien s\u00fbr avec une banque centrale qui est la BCEAO, mais les autres pays viendront avec leur banque centrale ce qui va constituer l\u2019ensemble des gouverneurs qui vont travailler dans le projet \u00bb, a-t-il indiqu\u00e9.<\/p>\n<p>Egalement, le ministre en charge de l\u2019\u00e9conomie a pr\u00e9cis\u00e9 que le m\u00e9canisme de change a \u00e9t\u00e9 d\u00e9termin\u00e9. Il a fait savoir que c\u2019est un m\u00e9canisme bas\u00e9 sur un panier de monnaies. Cependant avec la crise sanitaire, les d\u00e9ficits budg\u00e9taires et les inflations ont pouss\u00e9 les Etats \u00e0 revoir leur position concernant la mise en place de la monnaie.<\/p>\n<p>\u00ab Nous avons red\u00e9fini une nouvelle feuille de route qui va nous amener en 2024 dans l\u2019optique de faire en sorte que les Etats reviennent \u00e0 la norme en termes de d\u00e9ficit. Sur cette base, nous pouvons poursuivre le chantier. Ce qui nous reste, c\u2019est la fixation de parit\u00e9 irr\u00e9vocable qui consiste \u00e0 dire par exemple que 1000 F CFA est \u00e9gal \u00e0 tant d\u2019ECO. Ou un ECO est \u00e9gal \u00e0 tant de Dalasi \u00bb, a-t-il soulign\u00e9. En plus, Lassan\u00e9 Kabor\u00e9 a pr\u00e9cis\u00e9 que l\u2019adoption du design et les coupures des billets permettra de lancer cette monnaie. Jules C\u00e9sar KABORE<\/p>\n","protected":false},"excerpt":{"rendered":"<p>Africa-Press &#8211; Burkina Faso. Le ministre en charge de l\u2019\u00e9conomie, Lassan\u00e9 Kabor\u00e9, a expliqu\u00e9 \u00e0 la repr\u00e9sentation nationale, ce mardi 4 mai 2021, que la monnaie unique de la CEDEAO sera mise en \u0153uvre en 2024. La mise en place de la monnaie ECO \u00e9tait initialement pr\u00e9vue pour 2020. Pour plusieurs raisons, cette monnaie africaine [&hellip;]<\/p>\n","protected":false},"author":82,"featured_media":11187,"comment_status":"open","ping_status":"closed","sticky":false,"template":"","format":"standard","meta":{"footnotes":""},"categories":[3,11,20,10],"tags":[111,725,29],"class_list":["post-11188","post","type-post","status-publish","format-standard","has-post-thumbnail","hentry","category-economie","category-homepage-french","category-top-nouvelles","category-toutes-les-actualites","tag-africa-press","tag-africa-press-burkina-faso","tag-burkina-faso"],"yoast_head":"<!-- This site is optimized with the Yoast SEO Premium plugin v26.1 (Yoast SEO v27.0) - https:\/\/yoast.com\/product\/yoast-seo-premium-wordpress\/ -->\n<title>ECO : Des avanc\u00e9es enregistr\u00e9es - Burkina Faso<\/title>\n<meta name=\"description\" content=\"Le ministre en charge de l\u2019\u00e9conomie, Lassan\u00e9 Kabor\u00e9, a expliqu\u00e9 \u00e0 la repr\u00e9sentation nationale, ce mardi 4 mai 2021, que ...\" \/>\n<meta name=\"robots\" content=\"index, follow, max-snippet:-1, max-image-preview:large, max-video-preview:-1\" \/>\n<link rel=\"canonical\" href=\"https:\/\/www.africa-press.net\/burkina-faso\/economie\/eco-des-avancees-enregistrees\" \/>\n<meta property=\"og:locale\" content=\"fr_FR\" \/>\n<meta property=\"og:type\" content=\"article\" \/>\n<meta property=\"og:title\" content=\"ECO : Des avanc\u00e9es enregistr\u00e9es\" \/>\n<meta property=\"og:description\" content=\"Le ministre en charge de l\u2019\u00e9conomie, Lassan\u00e9 Kabor\u00e9, a expliqu\u00e9 \u00e0 la repr\u00e9sentation nationale, ce mardi 4 mai 2021, que ...\" \/>\n<meta property=\"og:url\" content=\"https:\/\/www.africa-press.net\/burkina-faso\/economie\/eco-des-avancees-enregistrees\" \/>\n<meta property=\"og:site_name\" content=\"Burkina Faso\" \/>\n<meta property=\"article:published_time\" content=\"2021-05-05T13:27:50+00:00\" \/>\n<meta property=\"article:modified_time\" content=\"2021-05-05T16:43:46+00:00\" \/>\n<meta property=\"og:image\" content=\"https:\/\/static.africa-press.net\/burkina\/sites\/42\/2021\/05\/img-60927f0c4b13d.jpg\" \/>\n\t<meta property=\"og:image:width\" content=\"750\" \/>\n\t<meta property=\"og:image:height\" content=\"338\" \/>\n\t<meta property=\"og:image:type\" content=\"image\/jpeg\" \/>\n<meta name=\"author\" content=\"cfeditorfr\" \/>\n<meta name=\"twitter:card\" content=\"summary_large_image\" \/>\n<meta name=\"twitter:label1\" content=\"\u00c9crit par\" \/>\n\t<meta name=\"twitter:data1\" content=\"cfeditorfr\" \/>\n\t<meta name=\"twitter:label2\" content=\"Dur\u00e9e de lecture estim\u00e9e\" \/>\n\t<meta name=\"twitter:data2\" content=\"2 minutes\" \/>\n<script type=\"application\/ld+json\" class=\"yoast-schema-graph\">{\"@context\":\"https:\/\/schema.org\",\"@graph\":[{\"@type\":\"Article\",\"@id\":\"https:\/\/www.africa-press.net\/burkina-faso\/economie\/eco-des-avancees-enregistrees#article\",\"isPartOf\":{\"@id\":\"https:\/\/www.africa-press.net\/burkina-faso\/economie\/eco-des-avancees-enregistrees\"},\"author\":{\"name\":\"cfeditorfr\",\"@id\":\"https:\/\/www.africa-press.net\/burkina-faso\/#\/schema\/person\/2b1cf3cd81a31e3cd26889ca66d677f1\"},\"headline\":\"ECO : Des avanc\u00e9es enregistr\u00e9es\",\"datePublished\":\"2021-05-05T13:27:50+00:00\",\"dateModified\":\"2021-05-05T16:43:46+00:00\",\"mainEntityOfPage\":{\"@id\":\"https:\/\/www.africa-press.net\/burkina-faso\/economie\/eco-des-avancees-enregistrees\"},\"wordCount\":375,\"commentCount\":0,\"image\":{\"@id\":\"https:\/\/www.africa-press.net\/burkina-faso\/economie\/eco-des-avancees-enregistrees#primaryimage\"},\"thumbnailUrl\":\"https:\/\/static.africa-press.net\/burkina\/sites\/42\/2021\/05\/img-60927f0c4b13d.jpg\",\"keywords\":[\"Africa Press\",\"Africa Press-Burkina Faso\",\"Burkina Faso\"],\"articleSection\":[\"\u00c9conomie\",\"homepage-french\",\"Top Nouvelles\",\"Toutes les actualit\u00e9s\"],\"inLanguage\":\"fr-FR\",\"potentialAction\":[{\"@type\":\"CommentAction\",\"name\":\"Comment\",\"target\":[\"https:\/\/www.africa-press.net\/burkina-faso\/economie\/eco-des-avancees-enregistrees#respond\"]}]},{\"@type\":\"WebPage\",\"@id\":\"https:\/\/www.africa-press.net\/burkina-faso\/economie\/eco-des-avancees-enregistrees\",\"url\":\"https:\/\/www.africa-press.net\/burkina-faso\/economie\/eco-des-avancees-enregistrees\",\"name\":\"ECO : Des avanc\u00e9es enregistr\u00e9es - Burkina Faso\",\"isPartOf\":{\"@id\":\"https:\/\/www.africa-press.net\/burkina-faso\/#website\"},\"primaryImageOfPage\":{\"@id\":\"https:\/\/www.africa-press.net\/burkina-faso\/economie\/eco-des-avancees-enregistrees#primaryimage\"},\"image\":{\"@id\":\"https:\/\/www.africa-press.net\/burkina-faso\/economie\/eco-des-avancees-enregistrees#primaryimage\"},\"thumbnailUrl\":\"https:\/\/static.africa-press.net\/burkina\/sites\/42\/2021\/05\/img-60927f0c4b13d.jpg\",\"datePublished\":\"2021-05-05T13:27:50+00:00\",\"dateModified\":\"2021-05-05T16:43:46+00:00\",\"author\":{\"@id\":\"https:\/\/www.africa-press.net\/burkina-faso\/#\/schema\/person\/2b1cf3cd81a31e3cd26889ca66d677f1\"},\"description\":\"Le ministre en charge de l\u2019\u00e9conomie, Lassan\u00e9 Kabor\u00e9, a expliqu\u00e9 \u00e0 la repr\u00e9sentation nationale, ce mardi 4 mai 2021, que ...\",\"breadcrumb\":{\"@id\":\"https:\/\/www.africa-press.net\/burkina-faso\/economie\/eco-des-avancees-enregistrees#breadcrumb\"},\"inLanguage\":\"fr-FR\",\"potentialAction\":[{\"@type\":\"ReadAction\",\"target\":[\"https:\/\/www.africa-press.net\/burkina-faso\/economie\/eco-des-avancees-enregistrees\"]}]},{\"@type\":\"ImageObject\",\"inLanguage\":\"fr-FR\",\"@id\":\"https:\/\/www.africa-press.net\/burkina-faso\/economie\/eco-des-avancees-enregistrees#primaryimage\",\"url\":\"https:\/\/static.africa-press.net\/burkina\/sites\/42\/2021\/05\/img-60927f0c4b13d.jpg\",\"contentUrl\":\"https:\/\/static.africa-press.net\/burkina\/sites\/42\/2021\/05\/img-60927f0c4b13d.jpg\",\"width\":750,\"height\":338,\"caption\":\"ECO : Des avanc\u00e9es enregistr\u00e9es\"},{\"@type\":\"BreadcrumbList\",\"@id\":\"https:\/\/www.africa-press.net\/burkina-faso\/economie\/eco-des-avancees-enregistrees#breadcrumb\",\"itemListElement\":[{\"@type\":\"ListItem\",\"position\":1,\"name\":\"Accueil\",\"item\":\"https:\/\/www.africa-press.net\/burkina-faso\/\"},{\"@type\":\"ListItem\",\"position\":2,\"name\":\"ECO : Des avanc\u00e9es enregistr\u00e9es\"}]},{\"@type\":\"WebSite\",\"@id\":\"https:\/\/www.africa-press.net\/burkina-faso\/#website\",\"url\":\"https:\/\/www.africa-press.net\/burkina-faso\/\",\"name\":\"Burkina Faso\",\"description\":\"Just another Africa News Agency Sites site\",\"potentialAction\":[{\"@type\":\"SearchAction\",\"target\":{\"@type\":\"EntryPoint\",\"urlTemplate\":\"https:\/\/www.africa-press.net\/burkina-faso\/?s={search_term_string}\"},\"query-input\":{\"@type\":\"PropertyValueSpecification\",\"valueRequired\":true,\"valueName\":\"search_term_string\"}}],\"inLanguage\":\"fr-FR\"},{\"@type\":\"Person\",\"@id\":\"https:\/\/www.africa-press.net\/burkina-faso\/#\/schema\/person\/2b1cf3cd81a31e3cd26889ca66d677f1\",\"name\":\"cfeditorfr\"}]}<\/script>\n<!-- \/ Yoast SEO Premium plugin. -->","yoast_head_json":{"title":"ECO : Des avanc\u00e9es enregistr\u00e9es - Burkina Faso","description":"Le ministre en charge de l\u2019\u00e9conomie, Lassan\u00e9 Kabor\u00e9, a expliqu\u00e9 \u00e0 la repr\u00e9sentation nationale, ce mardi 4 mai 2021, que ...","robots":{"index":"index","follow":"follow","max-snippet":"max-snippet:-1","max-image-preview":"max-image-preview:large","max-video-preview":"max-video-preview:-1"},"canonical":"https:\/\/www.africa-press.net\/burkina-faso\/economie\/eco-des-avancees-enregistrees","og_locale":"fr_FR","og_type":"article","og_title":"ECO : Des avanc\u00e9es enregistr\u00e9es","og_description":"Le ministre en charge de l\u2019\u00e9conomie, Lassan\u00e9 Kabor\u00e9, a expliqu\u00e9 \u00e0 la repr\u00e9sentation nationale, ce mardi 4 mai 2021, que ...","og_url":"https:\/\/www.africa-press.net\/burkina-faso\/economie\/eco-des-avancees-enregistrees","og_site_name":"Burkina Faso","article_published_time":"2021-05-05T13:27:50+00:00","article_modified_time":"2021-05-05T16:43:46+00:00","og_image":[{"width":750,"height":338,"url":"https:\/\/static.africa-press.net\/burkina\/sites\/42\/2021\/05\/img-60927f0c4b13d.jpg","type":"image\/jpeg"}],"author":"cfeditorfr","twitter_card":"summary_large_image","twitter_misc":{"\u00c9crit par":"cfeditorfr","Dur\u00e9e de lecture estim\u00e9e":"2 minutes"},"schema":{"@context":"https:\/\/schema.org","@graph":[{"@type":"Article","@id":"https:\/\/www.africa-press.net\/burkina-faso\/economie\/eco-des-avancees-enregistrees#article","isPartOf":{"@id":"https:\/\/www.africa-press.net\/burkina-faso\/economie\/eco-des-avancees-enregistrees"},"author":{"name":"cfeditorfr","@id":"https:\/\/www.africa-press.net\/burkina-faso\/#\/schema\/person\/2b1cf3cd81a31e3cd26889ca66d677f1"},"headline":"ECO : Des avanc\u00e9es enregistr\u00e9es","datePublished":"2021-05-05T13:27:50+00:00","dateModified":"2021-05-05T16:43:46+00:00","mainEntityOfPage":{"@id":"https:\/\/www.africa-press.net\/burkina-faso\/economie\/eco-des-avancees-enregistrees"},"wordCount":375,"commentCount":0,"image":{"@id":"https:\/\/www.africa-press.net\/burkina-faso\/economie\/eco-des-avancees-enregistrees#primaryimage"},"thumbnailUrl":"https:\/\/static.africa-press.net\/burkina\/sites\/42\/2021\/05\/img-60927f0c4b13d.jpg","keywords":["Africa Press","Africa Press-Burkina Faso","Burkina Faso"],"articleSection":["\u00c9conomie","homepage-french","Top Nouvelles","Toutes les actualit\u00e9s"],"inLanguage":"fr-FR","potentialAction":[{"@type":"CommentAction","name":"Comment","target":["https:\/\/www.africa-press.net\/burkina-faso\/economie\/eco-des-avancees-enregistrees#respond"]}]},{"@type":"WebPage","@id":"https:\/\/www.africa-press.net\/burkina-faso\/economie\/eco-des-avancees-enregistrees","url":"https:\/\/www.africa-press.net\/burkina-faso\/economie\/eco-des-avancees-enregistrees","name":"ECO : Des avanc\u00e9es enregistr\u00e9es - Burkina Faso","isPartOf":{"@id":"https:\/\/www.africa-press.net\/burkina-faso\/#website"},"primaryImageOfPage":{"@id":"https:\/\/www.africa-press.net\/burkina-faso\/economie\/eco-des-avancees-enregistrees#primaryimage"},"image":{"@id":"https:\/\/www.africa-press.net\/burkina-faso\/economie\/eco-des-avancees-enregistrees#primaryimage"},"thumbnailUrl":"https:\/\/static.africa-press.net\/burkina\/sites\/42\/2021\/05\/img-60927f0c4b13d.jpg","datePublished":"2021-05-05T13:27:50+00:00","dateModified":"2021-05-05T16:43:46+00:00","author":{"@id":"https:\/\/www.africa-press.net\/burkina-faso\/#\/schema\/person\/2b1cf3cd81a31e3cd26889ca66d677f1"},"description":"Le ministre en charge de l\u2019\u00e9conomie, Lassan\u00e9 Kabor\u00e9, a expliqu\u00e9 \u00e0 la repr\u00e9sentation nationale, ce mardi 4 mai 2021, que ...","breadcrumb":{"@id":"https:\/\/www.africa-press.net\/burkina-faso\/economie\/eco-des-avancees-enregistrees#breadcrumb"},"inLanguage":"fr-FR","potentialAction":[{"@type":"ReadAction","target":["https:\/\/www.africa-press.net\/burkina-faso\/economie\/eco-des-avancees-enregistrees"]}]},{"@type":"ImageObject","inLanguage":"fr-FR","@id":"https:\/\/www.africa-press.net\/burkina-faso\/economie\/eco-des-avancees-enregistrees#primaryimage","url":"https:\/\/static.africa-press.net\/burkina\/sites\/42\/2021\/05\/img-60927f0c4b13d.jpg","contentUrl":"https:\/\/static.africa-press.net\/burkina\/sites\/42\/2021\/05\/img-60927f0c4b13d.jpg","width":750,"height":338,"caption":"ECO : Des avanc\u00e9es enregistr\u00e9es"},{"@type":"BreadcrumbList","@id":"https:\/\/www.africa-press.net\/burkina-faso\/economie\/eco-des-avancees-enregistrees#breadcrumb","itemListElement":[{"@type":"ListItem","position":1,"name":"Accueil","item":"https:\/\/www.africa-press.net\/burkina-faso\/"},{"@type":"ListItem","position":2,"name":"ECO : Des avanc\u00e9es enregistr\u00e9es"}]},{"@type":"WebSite","@id":"https:\/\/www.africa-press.net\/burkina-faso\/#website","url":"https:\/\/www.africa-press.net\/burkina-faso\/","name":"Burkina Faso","description":"Just another Africa News Agency Sites site","potentialAction":[{"@type":"SearchAction","target":{"@type":"EntryPoint","urlTemplate":"https:\/\/www.africa-press.net\/burkina-faso\/?s={search_term_string}"},"query-input":{"@type":"PropertyValueSpecification","valueRequired":true,"valueName":"search_term_string"}}],"inLanguage":"fr-FR"},{"@type":"Person","@id":"https:\/\/www.africa-press.net\/burkina-faso\/#\/schema\/person\/2b1cf3cd81a31e3cd26889ca66d677f1","name":"cfeditorfr"}]}},"_links":{"self":[{"href":"https:\/\/www.africa-press.net\/burkina-faso\/wp-json\/wp\/v2\/posts\/11188","targetHints":{"allow":["GET"]}}],"collection":[{"href":"https:\/\/www.africa-press.net\/burkina-faso\/wp-json\/wp\/v2\/posts"}],"about":[{"href":"https:\/\/www.africa-press.net\/burkina-faso\/wp-json\/wp\/v2\/types\/post"}],"author":[{"embeddable":true,"href":"https:\/\/www.africa-press.net\/burkina-faso\/wp-json\/wp\/v2\/users\/82"}],"replies":[{"embeddable":true,"href":"https:\/\/www.africa-press.net\/burkina-faso\/wp-json\/wp\/v2\/comments?post=11188"}],"version-history":[{"count":0,"href":"https:\/\/www.africa-press.net\/burkina-faso\/wp-json\/wp\/v2\/posts\/11188\/revisions"}],"wp:featuredmedia":[{"embeddable":true,"href":"https:\/\/www.africa-press.net\/burkina-faso\/wp-json\/wp\/v2\/media\/11187"}],"wp:attachment":[{"href":"https:\/\/www.africa-press.net\/burkina-faso\/wp-json\/wp\/v2\/media?parent=11188"}],"wp:term":[{"taxonomy":"category","embeddable":true,"href":"https:\/\/www.africa-press.net\/burkina-faso\/wp-json\/wp\/v2\/categories?post=11188"},{"taxonomy":"post_tag","embeddable":true,"href":"https:\/\/www.africa-press.net\/burkina-faso\/wp-json\/wp\/v2\/tags?post=11188"}],"curies":[{"name":"wp","href":"https:\/\/api.w.org\/{rel}","templated":true}]}}