{"id":11191,"date":"2021-05-05T13:33:35","date_gmt":"2021-05-05T13:33:35","guid":{"rendered":"https:\/\/www.africa-press.net\/burkina-faso\/?p=11191"},"modified":"2021-05-05T16:43:54","modified_gmt":"2021-05-05T16:43:54","slug":"videos-dassaillants-au-burkina-faso-cest-choquant-eddie-komboigo","status":"publish","type":"post","link":"https:\/\/www.africa-press.net\/burkina-faso\/toutes-les-actualites\/videos-dassaillants-au-burkina-faso-cest-choquant-eddie-komboigo","title":{"rendered":"Vid\u00e9os d\u2019assaillants au Burkina Faso\u00a0: \u00ab\u00a0C\u2019est choquant\u00a0\u00bb (Eddie Kombo\u00efgo)"},"content":{"rendered":"<p><span style=\"color: #ff6600\"><strong><a href=\"https:\/\/www.africa-press.net\/\">Africa-Press<\/a> &#8211; <a href=\"https:\/\/www.africa-press.net\/burkina-faso\">Burkina Faso<\/a>. <\/strong><\/span><b>Le chef de file de l\u2019opposition politique du Burkina (CFOP-Burkina) a anim\u00e9 une conf\u00e9rence de presse ce mardi 4 mai 2021. Il s\u2019est agit pour Eddie Komboigo de livrer la lecture du CFOP sur la situation nationale. Il a aussi fait des recommandations \u00e0 l\u2019endroit du gouvernement.<\/b><\/p>\n<p>Sur la situation s\u00e9curitaire, Eddie Kombo\u00efgo a indiqu\u00e9 avoir vu les vid\u00e9os virales sur les r\u00e9seaux sociaux, pr\u00e9sentant des hommes arm\u00e9s circulant quasi librement sur le territoire national. Pour lui, \u00ab c\u2019est choquant \u00bb. L\u2019Etat doit \u00eatre \u00ab plus r\u00e9actif \u00bb, selon lui.<\/p>\n<p>\u00ab Nous tenons le gouvernement Dabir\u00e9 responsable de tout ce qui arrive \u00e0 notre pays \u00bb, a martel\u00e9 Eddie Komboigo. Sur la situation nationale, le chef de file de l\u2019opposition politique a d\u00e9peint une situation qui est loin d\u2019\u00eatre reluisante.<\/p>\n<p>Ainsi donc, Eddie Komboigo et ses camarades sont revenus sur la situation s\u00e9curitaire, les r\u00e9formes entreprises dans le monde de l\u2019\u00e9ducation et la gouvernance politique. \u00ab Le gouvernement navigue \u00e0 vue \u00bb, a d\u00e9clar\u00e9 le CFOP sur l\u2019absence d\u2019un plan national de d\u00e9veloppement.<\/p>\n<p>Pour le cas de la r\u00e9conciliation nationale, le CFOP a d\u00e9clar\u00e9 que le ministre en charge de la r\u00e9conciliation \u00ab cherche sa voie \u00bb. Un \u00e9chec de cette r\u00e9conciliation serait mauvais pour le \u00ab Pays des Hommes int\u00e8gres \u00bb.<\/p>\n<p><b>Plus d\u2019informations \u00e0 venir<\/b><\/p>\n","protected":false},"excerpt":{"rendered":"<p>Africa-Press &#8211; Burkina Faso. Le chef de file de l\u2019opposition politique du Burkina (CFOP-Burkina) a anim\u00e9 une conf\u00e9rence de presse ce mardi 4 mai 2021. Il s\u2019est agit pour Eddie Komboigo de livrer la lecture du CFOP sur la situation nationale. Il a aussi fait des recommandations \u00e0 l\u2019endroit du gouvernement. Sur la situation s\u00e9curitaire, [&hellip;]<\/p>\n","protected":false},"author":82,"featured_media":11190,"comment_status":"open","ping_status":"closed","sticky":false,"template":"","format":"standard","meta":{"footnotes":""},"categories":[21,11,10],"tags":[111,725,29],"class_list":["post-11191","post","type-post","status-publish","format-standard","has-post-thumbnail","hentry","category-communaute","category-homepage-french","category-toutes-les-actualites","tag-africa-press","tag-africa-press-burkina-faso","tag-burkina-faso"],"yoast_head":"<!-- This site is optimized with the Yoast SEO Premium plugin v26.1 (Yoast SEO v27.0) - https:\/\/yoast.com\/product\/yoast-seo-premium-wordpress\/ -->\n<title>Vid\u00e9os d\u2019assaillants au Burkina Faso\u00a0: \u00ab\u00a0C\u2019est choquant\u00a0\u00bb (Eddie Kombo\u00efgo) - Burkina Faso<\/title>\n<meta name=\"description\" content=\"Le chef de file de l\u2019opposition politique du Burkina (CFOP-Burkina) a anim\u00e9 une conf\u00e9rence de presse ce mardi 4 mai 2 ...\" \/>\n<meta name=\"robots\" content=\"index, follow, max-snippet:-1, max-image-preview:large, max-video-preview:-1\" \/>\n<link rel=\"canonical\" href=\"https:\/\/www.africa-press.net\/burkina-faso\/toutes-les-actualites\/videos-dassaillants-au-burkina-faso-cest-choquant-eddie-komboigo\" \/>\n<meta property=\"og:locale\" content=\"fr_FR\" \/>\n<meta property=\"og:type\" content=\"article\" \/>\n<meta property=\"og:title\" content=\"Vid\u00e9os d\u2019assaillants au Burkina Faso\u00a0: \u00ab\u00a0C\u2019est choquant\u00a0\u00bb (Eddie Kombo\u00efgo)\" \/>\n<meta property=\"og:description\" content=\"Le chef de file de l\u2019opposition politique du Burkina (CFOP-Burkina) a anim\u00e9 une conf\u00e9rence de presse ce mardi 4 mai 2 ...\" \/>\n<meta property=\"og:url\" content=\"https:\/\/www.africa-press.net\/burkina-faso\/toutes-les-actualites\/videos-dassaillants-au-burkina-faso-cest-choquant-eddie-komboigo\" \/>\n<meta property=\"og:site_name\" content=\"Burkina Faso\" \/>\n<meta property=\"article:published_time\" content=\"2021-05-05T13:33:35+00:00\" \/>\n<meta property=\"article:modified_time\" content=\"2021-05-05T16:43:54+00:00\" \/>\n<meta property=\"og:image\" content=\"https:\/\/static.africa-press.net\/burkina\/sites\/42\/2021\/05\/img-60927f3722464.jpg\" \/>\n\t<meta property=\"og:image:width\" content=\"734\" \/>\n\t<meta property=\"og:image:height\" content=\"460\" \/>\n\t<meta property=\"og:image:type\" content=\"image\/jpeg\" \/>\n<meta name=\"author\" content=\"cfeditorfr\" \/>\n<meta name=\"twitter:card\" content=\"summary_large_image\" \/>\n<meta name=\"twitter:label1\" content=\"\u00c9crit par\" \/>\n\t<meta name=\"twitter:data1\" content=\"cfeditorfr\" \/>\n\t<meta name=\"twitter:label2\" content=\"Dur\u00e9e de lecture estim\u00e9e\" \/>\n\t<meta name=\"twitter:data2\" content=\"1 minute\" \/>\n<script type=\"application\/ld+json\" class=\"yoast-schema-graph\">{\"@context\":\"https:\/\/schema.org\",\"@graph\":[{\"@type\":\"Article\",\"@id\":\"https:\/\/www.africa-press.net\/burkina-faso\/toutes-les-actualites\/videos-dassaillants-au-burkina-faso-cest-choquant-eddie-komboigo#article\",\"isPartOf\":{\"@id\":\"https:\/\/www.africa-press.net\/burkina-faso\/toutes-les-actualites\/videos-dassaillants-au-burkina-faso-cest-choquant-eddie-komboigo\"},\"author\":{\"name\":\"cfeditorfr\",\"@id\":\"https:\/\/www.africa-press.net\/burkina-faso\/#\/schema\/person\/2b1cf3cd81a31e3cd26889ca66d677f1\"},\"headline\":\"Vid\u00e9os d\u2019assaillants au Burkina Faso\u00a0: \u00ab\u00a0C\u2019est choquant\u00a0\u00bb (Eddie Kombo\u00efgo)\",\"datePublished\":\"2021-05-05T13:33:35+00:00\",\"dateModified\":\"2021-05-05T16:43:54+00:00\",\"mainEntityOfPage\":{\"@id\":\"https:\/\/www.africa-press.net\/burkina-faso\/toutes-les-actualites\/videos-dassaillants-au-burkina-faso-cest-choquant-eddie-komboigo\"},\"wordCount\":244,\"commentCount\":0,\"image\":{\"@id\":\"https:\/\/www.africa-press.net\/burkina-faso\/toutes-les-actualites\/videos-dassaillants-au-burkina-faso-cest-choquant-eddie-komboigo#primaryimage\"},\"thumbnailUrl\":\"https:\/\/static.africa-press.net\/burkina\/sites\/42\/2021\/05\/img-60927f3722464.jpg\",\"keywords\":[\"Africa Press\",\"Africa Press-Burkina Faso\",\"Burkina Faso\"],\"articleSection\":[\"Communaut\u00e9\",\"homepage-french\",\"Toutes les actualit\u00e9s\"],\"inLanguage\":\"fr-FR\",\"potentialAction\":[{\"@type\":\"CommentAction\",\"name\":\"Comment\",\"target\":[\"https:\/\/www.africa-press.net\/burkina-faso\/toutes-les-actualites\/videos-dassaillants-au-burkina-faso-cest-choquant-eddie-komboigo#respond\"]}]},{\"@type\":\"WebPage\",\"@id\":\"https:\/\/www.africa-press.net\/burkina-faso\/toutes-les-actualites\/videos-dassaillants-au-burkina-faso-cest-choquant-eddie-komboigo\",\"url\":\"https:\/\/www.africa-press.net\/burkina-faso\/toutes-les-actualites\/videos-dassaillants-au-burkina-faso-cest-choquant-eddie-komboigo\",\"name\":\"Vid\u00e9os d\u2019assaillants au Burkina Faso\u00a0: \u00ab\u00a0C\u2019est choquant\u00a0\u00bb (Eddie Kombo\u00efgo) - Burkina Faso\",\"isPartOf\":{\"@id\":\"https:\/\/www.africa-press.net\/burkina-faso\/#website\"},\"primaryImageOfPage\":{\"@id\":\"https:\/\/www.africa-press.net\/burkina-faso\/toutes-les-actualites\/videos-dassaillants-au-burkina-faso-cest-choquant-eddie-komboigo#primaryimage\"},\"image\":{\"@id\":\"https:\/\/www.africa-press.net\/burkina-faso\/toutes-les-actualites\/videos-dassaillants-au-burkina-faso-cest-choquant-eddie-komboigo#primaryimage\"},\"thumbnailUrl\":\"https:\/\/static.africa-press.net\/burkina\/sites\/42\/2021\/05\/img-60927f3722464.jpg\",\"datePublished\":\"2021-05-05T13:33:35+00:00\",\"dateModified\":\"2021-05-05T16:43:54+00:00\",\"author\":{\"@id\":\"https:\/\/www.africa-press.net\/burkina-faso\/#\/schema\/person\/2b1cf3cd81a31e3cd26889ca66d677f1\"},\"description\":\"Le chef de file de l\u2019opposition politique du Burkina (CFOP-Burkina) a anim\u00e9 une conf\u00e9rence de presse ce mardi 4 mai 2 ...\",\"breadcrumb\":{\"@id\":\"https:\/\/www.africa-press.net\/burkina-faso\/toutes-les-actualites\/videos-dassaillants-au-burkina-faso-cest-choquant-eddie-komboigo#breadcrumb\"},\"inLanguage\":\"fr-FR\",\"potentialAction\":[{\"@type\":\"ReadAction\",\"target\":[\"https:\/\/www.africa-press.net\/burkina-faso\/toutes-les-actualites\/videos-dassaillants-au-burkina-faso-cest-choquant-eddie-komboigo\"]}]},{\"@type\":\"ImageObject\",\"inLanguage\":\"fr-FR\",\"@id\":\"https:\/\/www.africa-press.net\/burkina-faso\/toutes-les-actualites\/videos-dassaillants-au-burkina-faso-cest-choquant-eddie-komboigo#primaryimage\",\"url\":\"https:\/\/static.africa-press.net\/burkina\/sites\/42\/2021\/05\/img-60927f3722464.jpg\",\"contentUrl\":\"https:\/\/static.africa-press.net\/burkina\/sites\/42\/2021\/05\/img-60927f3722464.jpg\",\"width\":734,\"height\":460,\"caption\":\"Vid\u00e9os d\u2019assaillants au Burkina Faso\u00a0: \u00ab\u00a0C\u2019est choquant\u00a0\u00bb (Eddie Kombo\u00efgo)\"},{\"@type\":\"BreadcrumbList\",\"@id\":\"https:\/\/www.africa-press.net\/burkina-faso\/toutes-les-actualites\/videos-dassaillants-au-burkina-faso-cest-choquant-eddie-komboigo#breadcrumb\",\"itemListElement\":[{\"@type\":\"ListItem\",\"position\":1,\"name\":\"Accueil\",\"item\":\"https:\/\/www.africa-press.net\/burkina-faso\/\"},{\"@type\":\"ListItem\",\"position\":2,\"name\":\"Vid\u00e9os d\u2019assaillants au Burkina Faso\u00a0: \u00ab\u00a0C\u2019est choquant\u00a0\u00bb (Eddie Kombo\u00efgo)\"}]},{\"@type\":\"WebSite\",\"@id\":\"https:\/\/www.africa-press.net\/burkina-faso\/#website\",\"url\":\"https:\/\/www.africa-press.net\/burkina-faso\/\",\"name\":\"Burkina Faso\",\"description\":\"Just another Africa News Agency Sites site\",\"potentialAction\":[{\"@type\":\"SearchAction\",\"target\":{\"@type\":\"EntryPoint\",\"urlTemplate\":\"https:\/\/www.africa-press.net\/burkina-faso\/?s={search_term_string}\"},\"query-input\":{\"@type\":\"PropertyValueSpecification\",\"valueRequired\":true,\"valueName\":\"search_term_string\"}}],\"inLanguage\":\"fr-FR\"},{\"@type\":\"Person\",\"@id\":\"https:\/\/www.africa-press.net\/burkina-faso\/#\/schema\/person\/2b1cf3cd81a31e3cd26889ca66d677f1\",\"name\":\"cfeditorfr\"}]}<\/script>\n<!-- \/ Yoast SEO Premium plugin. -->","yoast_head_json":{"title":"Vid\u00e9os d\u2019assaillants au Burkina Faso\u00a0: \u00ab\u00a0C\u2019est choquant\u00a0\u00bb (Eddie Kombo\u00efgo) - Burkina Faso","description":"Le chef de file de l\u2019opposition politique du Burkina (CFOP-Burkina) a anim\u00e9 une conf\u00e9rence de presse ce mardi 4 mai 2 ...","robots":{"index":"index","follow":"follow","max-snippet":"max-snippet:-1","max-image-preview":"max-image-preview:large","max-video-preview":"max-video-preview:-1"},"canonical":"https:\/\/www.africa-press.net\/burkina-faso\/toutes-les-actualites\/videos-dassaillants-au-burkina-faso-cest-choquant-eddie-komboigo","og_locale":"fr_FR","og_type":"article","og_title":"Vid\u00e9os d\u2019assaillants au Burkina Faso\u00a0: \u00ab\u00a0C\u2019est choquant\u00a0\u00bb (Eddie Kombo\u00efgo)","og_description":"Le chef de file de l\u2019opposition politique du Burkina (CFOP-Burkina) a anim\u00e9 une conf\u00e9rence de presse ce mardi 4 mai 2 ...","og_url":"https:\/\/www.africa-press.net\/burkina-faso\/toutes-les-actualites\/videos-dassaillants-au-burkina-faso-cest-choquant-eddie-komboigo","og_site_name":"Burkina Faso","article_published_time":"2021-05-05T13:33:35+00:00","article_modified_time":"2021-05-05T16:43:54+00:00","og_image":[{"width":734,"height":460,"url":"https:\/\/static.africa-press.net\/burkina\/sites\/42\/2021\/05\/img-60927f3722464.jpg","type":"image\/jpeg"}],"author":"cfeditorfr","twitter_card":"summary_large_image","twitter_misc":{"\u00c9crit par":"cfeditorfr","Dur\u00e9e de lecture estim\u00e9e":"1 minute"},"schema":{"@context":"https:\/\/schema.org","@graph":[{"@type":"Article","@id":"https:\/\/www.africa-press.net\/burkina-faso\/toutes-les-actualites\/videos-dassaillants-au-burkina-faso-cest-choquant-eddie-komboigo#article","isPartOf":{"@id":"https:\/\/www.africa-press.net\/burkina-faso\/toutes-les-actualites\/videos-dassaillants-au-burkina-faso-cest-choquant-eddie-komboigo"},"author":{"name":"cfeditorfr","@id":"https:\/\/www.africa-press.net\/burkina-faso\/#\/schema\/person\/2b1cf3cd81a31e3cd26889ca66d677f1"},"headline":"Vid\u00e9os d\u2019assaillants au Burkina Faso\u00a0: \u00ab\u00a0C\u2019est choquant\u00a0\u00bb (Eddie Kombo\u00efgo)","datePublished":"2021-05-05T13:33:35+00:00","dateModified":"2021-05-05T16:43:54+00:00","mainEntityOfPage":{"@id":"https:\/\/www.africa-press.net\/burkina-faso\/toutes-les-actualites\/videos-dassaillants-au-burkina-faso-cest-choquant-eddie-komboigo"},"wordCount":244,"commentCount":0,"image":{"@id":"https:\/\/www.africa-press.net\/burkina-faso\/toutes-les-actualites\/videos-dassaillants-au-burkina-faso-cest-choquant-eddie-komboigo#primaryimage"},"thumbnailUrl":"https:\/\/static.africa-press.net\/burkina\/sites\/42\/2021\/05\/img-60927f3722464.jpg","keywords":["Africa Press","Africa Press-Burkina Faso","Burkina Faso"],"articleSection":["Communaut\u00e9","homepage-french","Toutes les actualit\u00e9s"],"inLanguage":"fr-FR","potentialAction":[{"@type":"CommentAction","name":"Comment","target":["https:\/\/www.africa-press.net\/burkina-faso\/toutes-les-actualites\/videos-dassaillants-au-burkina-faso-cest-choquant-eddie-komboigo#respond"]}]},{"@type":"WebPage","@id":"https:\/\/www.africa-press.net\/burkina-faso\/toutes-les-actualites\/videos-dassaillants-au-burkina-faso-cest-choquant-eddie-komboigo","url":"https:\/\/www.africa-press.net\/burkina-faso\/toutes-les-actualites\/videos-dassaillants-au-burkina-faso-cest-choquant-eddie-komboigo","name":"Vid\u00e9os d\u2019assaillants au Burkina Faso\u00a0: \u00ab\u00a0C\u2019est choquant\u00a0\u00bb (Eddie Kombo\u00efgo) - Burkina Faso","isPartOf":{"@id":"https:\/\/www.africa-press.net\/burkina-faso\/#website"},"primaryImageOfPage":{"@id":"https:\/\/www.africa-press.net\/burkina-faso\/toutes-les-actualites\/videos-dassaillants-au-burkina-faso-cest-choquant-eddie-komboigo#primaryimage"},"image":{"@id":"https:\/\/www.africa-press.net\/burkina-faso\/toutes-les-actualites\/videos-dassaillants-au-burkina-faso-cest-choquant-eddie-komboigo#primaryimage"},"thumbnailUrl":"https:\/\/static.africa-press.net\/burkina\/sites\/42\/2021\/05\/img-60927f3722464.jpg","datePublished":"2021-05-05T13:33:35+00:00","dateModified":"2021-05-05T16:43:54+00:00","author":{"@id":"https:\/\/www.africa-press.net\/burkina-faso\/#\/schema\/person\/2b1cf3cd81a31e3cd26889ca66d677f1"},"description":"Le chef de file de l\u2019opposition politique du Burkina (CFOP-Burkina) a anim\u00e9 une conf\u00e9rence de presse ce mardi 4 mai 2 ...","breadcrumb":{"@id":"https:\/\/www.africa-press.net\/burkina-faso\/toutes-les-actualites\/videos-dassaillants-au-burkina-faso-cest-choquant-eddie-komboigo#breadcrumb"},"inLanguage":"fr-FR","potentialAction":[{"@type":"ReadAction","target":["https:\/\/www.africa-press.net\/burkina-faso\/toutes-les-actualites\/videos-dassaillants-au-burkina-faso-cest-choquant-eddie-komboigo"]}]},{"@type":"ImageObject","inLanguage":"fr-FR","@id":"https:\/\/www.africa-press.net\/burkina-faso\/toutes-les-actualites\/videos-dassaillants-au-burkina-faso-cest-choquant-eddie-komboigo#primaryimage","url":"https:\/\/static.africa-press.net\/burkina\/sites\/42\/2021\/05\/img-60927f3722464.jpg","contentUrl":"https:\/\/static.africa-press.net\/burkina\/sites\/42\/2021\/05\/img-60927f3722464.jpg","width":734,"height":460,"caption":"Vid\u00e9os d\u2019assaillants au Burkina Faso\u00a0: \u00ab\u00a0C\u2019est choquant\u00a0\u00bb (Eddie Kombo\u00efgo)"},{"@type":"BreadcrumbList","@id":"https:\/\/www.africa-press.net\/burkina-faso\/toutes-les-actualites\/videos-dassaillants-au-burkina-faso-cest-choquant-eddie-komboigo#breadcrumb","itemListElement":[{"@type":"ListItem","position":1,"name":"Accueil","item":"https:\/\/www.africa-press.net\/burkina-faso\/"},{"@type":"ListItem","position":2,"name":"Vid\u00e9os d\u2019assaillants au Burkina Faso\u00a0: \u00ab\u00a0C\u2019est choquant\u00a0\u00bb (Eddie Kombo\u00efgo)"}]},{"@type":"WebSite","@id":"https:\/\/www.africa-press.net\/burkina-faso\/#website","url":"https:\/\/www.africa-press.net\/burkina-faso\/","name":"Burkina Faso","description":"Just another Africa News Agency Sites site","potentialAction":[{"@type":"SearchAction","target":{"@type":"EntryPoint","urlTemplate":"https:\/\/www.africa-press.net\/burkina-faso\/?s={search_term_string}"},"query-input":{"@type":"PropertyValueSpecification","valueRequired":true,"valueName":"search_term_string"}}],"inLanguage":"fr-FR"},{"@type":"Person","@id":"https:\/\/www.africa-press.net\/burkina-faso\/#\/schema\/person\/2b1cf3cd81a31e3cd26889ca66d677f1","name":"cfeditorfr"}]}},"_links":{"self":[{"href":"https:\/\/www.africa-press.net\/burkina-faso\/wp-json\/wp\/v2\/posts\/11191","targetHints":{"allow":["GET"]}}],"collection":[{"href":"https:\/\/www.africa-press.net\/burkina-faso\/wp-json\/wp\/v2\/posts"}],"about":[{"href":"https:\/\/www.africa-press.net\/burkina-faso\/wp-json\/wp\/v2\/types\/post"}],"author":[{"embeddable":true,"href":"https:\/\/www.africa-press.net\/burkina-faso\/wp-json\/wp\/v2\/users\/82"}],"replies":[{"embeddable":true,"href":"https:\/\/www.africa-press.net\/burkina-faso\/wp-json\/wp\/v2\/comments?post=11191"}],"version-history":[{"count":0,"href":"https:\/\/www.africa-press.net\/burkina-faso\/wp-json\/wp\/v2\/posts\/11191\/revisions"}],"wp:featuredmedia":[{"embeddable":true,"href":"https:\/\/www.africa-press.net\/burkina-faso\/wp-json\/wp\/v2\/media\/11190"}],"wp:attachment":[{"href":"https:\/\/www.africa-press.net\/burkina-faso\/wp-json\/wp\/v2\/media?parent=11191"}],"wp:term":[{"taxonomy":"category","embeddable":true,"href":"https:\/\/www.africa-press.net\/burkina-faso\/wp-json\/wp\/v2\/categories?post=11191"},{"taxonomy":"post_tag","embeddable":true,"href":"https:\/\/www.africa-press.net\/burkina-faso\/wp-json\/wp\/v2\/tags?post=11191"}],"curies":[{"name":"wp","href":"https:\/\/api.w.org\/{rel}","templated":true}]}}