{"id":11197,"date":"2021-05-05T13:52:18","date_gmt":"2021-05-05T13:52:18","guid":{"rendered":"https:\/\/www.africa-press.net\/burkina-faso\/?p=11197"},"modified":"2021-05-05T16:44:15","modified_gmt":"2021-05-05T16:44:15","slug":"tribune-%ce%b9-le-burkina-faso-a-lheure-du-covid-19","status":"publish","type":"post","link":"https:\/\/www.africa-press.net\/burkina-faso\/toutes-les-actualites\/tribune-%ce%b9-le-burkina-faso-a-lheure-du-covid-19","title":{"rendered":"Tribune \u0399 Le Burkina-Faso \u00e0 l\u2019heure du COVID-19"},"content":{"rendered":"<p><span style=\"color: #ff6600\"><strong><a href=\"https:\/\/www.africa-press.net\/\">Africa-Press<\/a> &#8211; <a href=\"https:\/\/www.africa-press.net\/burkina-faso\">Burkina Faso<\/a>. <\/strong><\/span>Alors que le pays \u00e9tait jusqu\u2019\u00e0 aujourd\u2019hui relativement \u00e9pargn\u00e9 par l\u2019\u00e9pid\u00e9mie de COVID-19, la recrudescence du nombre de cas dans les pays voisins, surtout en C\u00f4te d\u2019Ivoire et dans une moindre mesure au Mali, laisse pr\u00e9sager de nouvelles contaminations dans nos fronti\u00e8res.<br \/>\nLe Burkina Faso conna\u00eet une deuxi\u00e8me vague et le doublement du nombre de cas li\u00e9s au coronavirus. Du fait de la situation pr\u00e9occupante que traverse la C\u00f4te d\u2019Ivoire, ce n\u2019est pas un hasard si apr\u00e8s Ouagadougou, la r\u00e9gion des Hauts Bassins est la plus touch\u00e9e.<\/p>\n<p>On se souvient des premi\u00e8res mesures et du renfort de l\u2019OMS qui, rappelons-le, a aid\u00e9 \u00e0 mettre sur pied 13 nouveaux centres de triage des patients dans les \u00e9tablissements de sant\u00e9 du pays. C\u2019\u00e9tait en juin 2020. Le pays a profit\u00e9 \u00e9galement de la gratuit\u00e9 de l\u2019eau mise en place par le gouvernement en soutien des revenus des m\u00e9nages lourdement impact\u00e9s par la pand\u00e9mie.<\/p>\n<p>Alors que le FESPACO (Festival Panafricain du Cin\u00e9ma et de la t\u00e9l\u00e9vision de Ouagadougou) a \u00e9t\u00e9 report\u00e9 \u00ab \u00e0 une date ult\u00e9rieure \u00bb, le ministre de la communication et porte-parole du gouvernement du Burkina Faso, Ouss\u00e9ni Tamboura, a d\u00e9clar\u00e9 que \u00ab la question du vaccin n\u2019\u00e9tait pas un sujet de grande pr\u00e9occupation au regard de la tendance baissi\u00e8re du nombre de cas enregistr\u00e9s \u00bb.<br \/>\nGr\u00e2ce au programme d\u2019aide internationale \u00e0 la vaccination qui a pour but d\u2019assurer un acc\u00e8s \u00e9quitable \u00e0 la vaccination contre le Covid-19, la Covax, le Burkina-Faso pourrait b\u00e9n\u00e9ficier de plus de 1 380 000 doses du vaccin britannique AstraZeneca.<\/p>\n<p>L\u2019information sanitaire reste le point noir des mesures contre le COVID-19. L\u2019ancienne ministre de la sant\u00e9, la Pr L\u00e9onie Claudine Lougu\u00e9, avait cherch\u00e9 \u00e0 impliquer les autorit\u00e9s coutumi\u00e8res et religieuses. Ce sont ces autorit\u00e9s, tr\u00e8s engag\u00e9es dans la vie des communaut\u00e9s, qui peuvent promouvoir les gestes barri\u00e8res.<br \/>\nC\u2019est donc naturellement que l\u2019association chr\u00e9tienne de l\u2019Archidioc\u00e8se de Ouagadougou, le SEPAFAR, a r\u00e9cemment organis\u00e9 un panel sur le vaccin contre le COVID-19. Le panel a \u00e9t\u00e9 anim\u00e9 par des sp\u00e9cialistes et experts des vaccins. \u00ab Ce cadre d\u2019\u00e9changes vise \u00e0 \u00e9clairer davantage les populations sur le sujet de la vaccination contre cette pand\u00e9mie\u00bb. Selon l\u2019abb\u00e9 Anatole Tiendr\u00e9b\u00e9ogo \u00ab pour que les communaut\u00e9s adh\u00e8rent \u00e0 une cause, il faut qu\u2019elles soient suffisamment inform\u00e9es et sensibilis\u00e9es, et c\u2019est tout l\u2019objectif de ce cadre de r\u00e9flexion \u00bb.<\/p>\n<p>Si sur le continent, la population jeune para\u00eet mieux arm\u00e9e contre le COVID-19, n\u2019oublions pas que les risques de comorbidit\u00e9 sont nombreux (malnutrition, insalubrit\u00e9, etc.). Il est urgent que l\u2019\u00e9conomie retrouve la confiance gr\u00e2ce aux vaccins. Omar Sylla @Le_Ndar_Ndar<\/p>\n","protected":false},"excerpt":{"rendered":"<p>Africa-Press &#8211; Burkina Faso. Alors que le pays \u00e9tait jusqu\u2019\u00e0 aujourd\u2019hui relativement \u00e9pargn\u00e9 par l\u2019\u00e9pid\u00e9mie de COVID-19, la recrudescence du nombre de cas dans les pays voisins, surtout en C\u00f4te d\u2019Ivoire et dans une moindre mesure au Mali, laisse pr\u00e9sager de nouvelles contaminations dans nos fronti\u00e8res. Le Burkina Faso conna\u00eet une deuxi\u00e8me vague et le [&hellip;]<\/p>\n","protected":false},"author":82,"featured_media":11196,"comment_status":"open","ping_status":"closed","sticky":false,"template":"","format":"standard","meta":{"footnotes":""},"categories":[21,11,10],"tags":[111,725,29],"class_list":["post-11197","post","type-post","status-publish","format-standard","has-post-thumbnail","hentry","category-communaute","category-homepage-french","category-toutes-les-actualites","tag-africa-press","tag-africa-press-burkina-faso","tag-burkina-faso"],"yoast_head":"<!-- This site is optimized with the Yoast SEO Premium plugin v26.1 (Yoast SEO v27.0) - https:\/\/yoast.com\/product\/yoast-seo-premium-wordpress\/ -->\n<title>Tribune \u0399 Le Burkina-Faso \u00e0 l\u2019heure du COVID-19 - Burkina Faso<\/title>\n<meta name=\"description\" content=\"Alors que le pays \u00e9tait jusqu\u2019\u00e0 aujourd\u2019hui relativement \u00e9pargn\u00e9 par l\u2019\u00e9pid\u00e9mie de COVID-19, la recrudescence du nombre ...\" \/>\n<meta name=\"robots\" content=\"index, follow, max-snippet:-1, max-image-preview:large, max-video-preview:-1\" \/>\n<link rel=\"canonical\" href=\"https:\/\/www.africa-press.net\/burkina-faso\/toutes-les-actualites\/tribune-\u03b9-le-burkina-faso-a-lheure-du-covid-19\" \/>\n<meta property=\"og:locale\" content=\"fr_FR\" \/>\n<meta property=\"og:type\" content=\"article\" \/>\n<meta property=\"og:title\" content=\"Tribune \u0399 Le Burkina-Faso \u00e0 l\u2019heure du COVID-19\" \/>\n<meta property=\"og:description\" content=\"Alors que le pays \u00e9tait jusqu\u2019\u00e0 aujourd\u2019hui relativement \u00e9pargn\u00e9 par l\u2019\u00e9pid\u00e9mie de COVID-19, la recrudescence du nombre ...\" \/>\n<meta property=\"og:url\" content=\"https:\/\/www.africa-press.net\/burkina-faso\/toutes-les-actualites\/tribune-\u03b9-le-burkina-faso-a-lheure-du-covid-19\" \/>\n<meta property=\"og:site_name\" content=\"Burkina Faso\" \/>\n<meta property=\"article:published_time\" content=\"2021-05-05T13:52:18+00:00\" \/>\n<meta property=\"article:modified_time\" content=\"2021-05-05T16:44:15+00:00\" \/>\n<meta property=\"og:image\" content=\"https:\/\/static.africa-press.net\/burkina\/sites\/42\/2021\/05\/img-60927fd893882.jpg\" \/>\n\t<meta property=\"og:image:width\" content=\"750\" \/>\n\t<meta property=\"og:image:height\" content=\"420\" \/>\n\t<meta property=\"og:image:type\" content=\"image\/jpeg\" \/>\n<meta name=\"author\" content=\"cfeditorfr\" \/>\n<meta name=\"twitter:card\" content=\"summary_large_image\" \/>\n<meta name=\"twitter:label1\" content=\"\u00c9crit par\" \/>\n\t<meta name=\"twitter:data1\" content=\"cfeditorfr\" \/>\n\t<meta name=\"twitter:label2\" content=\"Dur\u00e9e de lecture estim\u00e9e\" \/>\n\t<meta name=\"twitter:data2\" content=\"2 minutes\" \/>\n<script type=\"application\/ld+json\" class=\"yoast-schema-graph\">{\"@context\":\"https:\/\/schema.org\",\"@graph\":[{\"@type\":\"Article\",\"@id\":\"https:\/\/www.africa-press.net\/burkina-faso\/toutes-les-actualites\/tribune-%ce%b9-le-burkina-faso-a-lheure-du-covid-19#article\",\"isPartOf\":{\"@id\":\"https:\/\/www.africa-press.net\/burkina-faso\/toutes-les-actualites\/tribune-%ce%b9-le-burkina-faso-a-lheure-du-covid-19\"},\"author\":{\"name\":\"cfeditorfr\",\"@id\":\"https:\/\/www.africa-press.net\/burkina-faso\/#\/schema\/person\/2b1cf3cd81a31e3cd26889ca66d677f1\"},\"headline\":\"Tribune \u0399 Le Burkina-Faso \u00e0 l\u2019heure du COVID-19\",\"datePublished\":\"2021-05-05T13:52:18+00:00\",\"dateModified\":\"2021-05-05T16:44:15+00:00\",\"mainEntityOfPage\":{\"@id\":\"https:\/\/www.africa-press.net\/burkina-faso\/toutes-les-actualites\/tribune-%ce%b9-le-burkina-faso-a-lheure-du-covid-19\"},\"wordCount\":494,\"commentCount\":0,\"image\":{\"@id\":\"https:\/\/www.africa-press.net\/burkina-faso\/toutes-les-actualites\/tribune-%ce%b9-le-burkina-faso-a-lheure-du-covid-19#primaryimage\"},\"thumbnailUrl\":\"https:\/\/static.africa-press.net\/burkina\/sites\/42\/2021\/05\/img-60927fd893882.jpg\",\"keywords\":[\"Africa Press\",\"Africa Press-Burkina Faso\",\"Burkina Faso\"],\"articleSection\":[\"Communaut\u00e9\",\"homepage-french\",\"Toutes les actualit\u00e9s\"],\"inLanguage\":\"fr-FR\",\"potentialAction\":[{\"@type\":\"CommentAction\",\"name\":\"Comment\",\"target\":[\"https:\/\/www.africa-press.net\/burkina-faso\/toutes-les-actualites\/tribune-%ce%b9-le-burkina-faso-a-lheure-du-covid-19#respond\"]}]},{\"@type\":\"WebPage\",\"@id\":\"https:\/\/www.africa-press.net\/burkina-faso\/toutes-les-actualites\/tribune-%ce%b9-le-burkina-faso-a-lheure-du-covid-19\",\"url\":\"https:\/\/www.africa-press.net\/burkina-faso\/toutes-les-actualites\/tribune-%ce%b9-le-burkina-faso-a-lheure-du-covid-19\",\"name\":\"Tribune \u0399 Le Burkina-Faso \u00e0 l\u2019heure du COVID-19 - Burkina Faso\",\"isPartOf\":{\"@id\":\"https:\/\/www.africa-press.net\/burkina-faso\/#website\"},\"primaryImageOfPage\":{\"@id\":\"https:\/\/www.africa-press.net\/burkina-faso\/toutes-les-actualites\/tribune-%ce%b9-le-burkina-faso-a-lheure-du-covid-19#primaryimage\"},\"image\":{\"@id\":\"https:\/\/www.africa-press.net\/burkina-faso\/toutes-les-actualites\/tribune-%ce%b9-le-burkina-faso-a-lheure-du-covid-19#primaryimage\"},\"thumbnailUrl\":\"https:\/\/static.africa-press.net\/burkina\/sites\/42\/2021\/05\/img-60927fd893882.jpg\",\"datePublished\":\"2021-05-05T13:52:18+00:00\",\"dateModified\":\"2021-05-05T16:44:15+00:00\",\"author\":{\"@id\":\"https:\/\/www.africa-press.net\/burkina-faso\/#\/schema\/person\/2b1cf3cd81a31e3cd26889ca66d677f1\"},\"description\":\"Alors que le pays \u00e9tait jusqu\u2019\u00e0 aujourd\u2019hui relativement \u00e9pargn\u00e9 par l\u2019\u00e9pid\u00e9mie de COVID-19, la recrudescence du nombre ...\",\"breadcrumb\":{\"@id\":\"https:\/\/www.africa-press.net\/burkina-faso\/toutes-les-actualites\/tribune-%ce%b9-le-burkina-faso-a-lheure-du-covid-19#breadcrumb\"},\"inLanguage\":\"fr-FR\",\"potentialAction\":[{\"@type\":\"ReadAction\",\"target\":[\"https:\/\/www.africa-press.net\/burkina-faso\/toutes-les-actualites\/tribune-%ce%b9-le-burkina-faso-a-lheure-du-covid-19\"]}]},{\"@type\":\"ImageObject\",\"inLanguage\":\"fr-FR\",\"@id\":\"https:\/\/www.africa-press.net\/burkina-faso\/toutes-les-actualites\/tribune-%ce%b9-le-burkina-faso-a-lheure-du-covid-19#primaryimage\",\"url\":\"https:\/\/static.africa-press.net\/burkina\/sites\/42\/2021\/05\/img-60927fd893882.jpg\",\"contentUrl\":\"https:\/\/static.africa-press.net\/burkina\/sites\/42\/2021\/05\/img-60927fd893882.jpg\",\"width\":750,\"height\":420,\"caption\":\"Tribune \u0399 Le Burkina-Faso \u00e0 l\u2019heure du COVID-19\"},{\"@type\":\"BreadcrumbList\",\"@id\":\"https:\/\/www.africa-press.net\/burkina-faso\/toutes-les-actualites\/tribune-%ce%b9-le-burkina-faso-a-lheure-du-covid-19#breadcrumb\",\"itemListElement\":[{\"@type\":\"ListItem\",\"position\":1,\"name\":\"Accueil\",\"item\":\"https:\/\/www.africa-press.net\/burkina-faso\/\"},{\"@type\":\"ListItem\",\"position\":2,\"name\":\"Tribune \u0399 Le Burkina-Faso \u00e0 l\u2019heure du COVID-19\"}]},{\"@type\":\"WebSite\",\"@id\":\"https:\/\/www.africa-press.net\/burkina-faso\/#website\",\"url\":\"https:\/\/www.africa-press.net\/burkina-faso\/\",\"name\":\"Burkina Faso\",\"description\":\"Just another Africa News Agency Sites site\",\"potentialAction\":[{\"@type\":\"SearchAction\",\"target\":{\"@type\":\"EntryPoint\",\"urlTemplate\":\"https:\/\/www.africa-press.net\/burkina-faso\/?s={search_term_string}\"},\"query-input\":{\"@type\":\"PropertyValueSpecification\",\"valueRequired\":true,\"valueName\":\"search_term_string\"}}],\"inLanguage\":\"fr-FR\"},{\"@type\":\"Person\",\"@id\":\"https:\/\/www.africa-press.net\/burkina-faso\/#\/schema\/person\/2b1cf3cd81a31e3cd26889ca66d677f1\",\"name\":\"cfeditorfr\"}]}<\/script>\n<!-- \/ Yoast SEO Premium plugin. -->","yoast_head_json":{"title":"Tribune \u0399 Le Burkina-Faso \u00e0 l\u2019heure du COVID-19 - Burkina Faso","description":"Alors que le pays \u00e9tait jusqu\u2019\u00e0 aujourd\u2019hui relativement \u00e9pargn\u00e9 par l\u2019\u00e9pid\u00e9mie de COVID-19, la recrudescence du nombre ...","robots":{"index":"index","follow":"follow","max-snippet":"max-snippet:-1","max-image-preview":"max-image-preview:large","max-video-preview":"max-video-preview:-1"},"canonical":"https:\/\/www.africa-press.net\/burkina-faso\/toutes-les-actualites\/tribune-\u03b9-le-burkina-faso-a-lheure-du-covid-19","og_locale":"fr_FR","og_type":"article","og_title":"Tribune \u0399 Le Burkina-Faso \u00e0 l\u2019heure du COVID-19","og_description":"Alors que le pays \u00e9tait jusqu\u2019\u00e0 aujourd\u2019hui relativement \u00e9pargn\u00e9 par l\u2019\u00e9pid\u00e9mie de COVID-19, la recrudescence du nombre ...","og_url":"https:\/\/www.africa-press.net\/burkina-faso\/toutes-les-actualites\/tribune-\u03b9-le-burkina-faso-a-lheure-du-covid-19","og_site_name":"Burkina Faso","article_published_time":"2021-05-05T13:52:18+00:00","article_modified_time":"2021-05-05T16:44:15+00:00","og_image":[{"width":750,"height":420,"url":"https:\/\/static.africa-press.net\/burkina\/sites\/42\/2021\/05\/img-60927fd893882.jpg","type":"image\/jpeg"}],"author":"cfeditorfr","twitter_card":"summary_large_image","twitter_misc":{"\u00c9crit par":"cfeditorfr","Dur\u00e9e de lecture estim\u00e9e":"2 minutes"},"schema":{"@context":"https:\/\/schema.org","@graph":[{"@type":"Article","@id":"https:\/\/www.africa-press.net\/burkina-faso\/toutes-les-actualites\/tribune-%ce%b9-le-burkina-faso-a-lheure-du-covid-19#article","isPartOf":{"@id":"https:\/\/www.africa-press.net\/burkina-faso\/toutes-les-actualites\/tribune-%ce%b9-le-burkina-faso-a-lheure-du-covid-19"},"author":{"name":"cfeditorfr","@id":"https:\/\/www.africa-press.net\/burkina-faso\/#\/schema\/person\/2b1cf3cd81a31e3cd26889ca66d677f1"},"headline":"Tribune \u0399 Le Burkina-Faso \u00e0 l\u2019heure du COVID-19","datePublished":"2021-05-05T13:52:18+00:00","dateModified":"2021-05-05T16:44:15+00:00","mainEntityOfPage":{"@id":"https:\/\/www.africa-press.net\/burkina-faso\/toutes-les-actualites\/tribune-%ce%b9-le-burkina-faso-a-lheure-du-covid-19"},"wordCount":494,"commentCount":0,"image":{"@id":"https:\/\/www.africa-press.net\/burkina-faso\/toutes-les-actualites\/tribune-%ce%b9-le-burkina-faso-a-lheure-du-covid-19#primaryimage"},"thumbnailUrl":"https:\/\/static.africa-press.net\/burkina\/sites\/42\/2021\/05\/img-60927fd893882.jpg","keywords":["Africa Press","Africa Press-Burkina Faso","Burkina Faso"],"articleSection":["Communaut\u00e9","homepage-french","Toutes les actualit\u00e9s"],"inLanguage":"fr-FR","potentialAction":[{"@type":"CommentAction","name":"Comment","target":["https:\/\/www.africa-press.net\/burkina-faso\/toutes-les-actualites\/tribune-%ce%b9-le-burkina-faso-a-lheure-du-covid-19#respond"]}]},{"@type":"WebPage","@id":"https:\/\/www.africa-press.net\/burkina-faso\/toutes-les-actualites\/tribune-%ce%b9-le-burkina-faso-a-lheure-du-covid-19","url":"https:\/\/www.africa-press.net\/burkina-faso\/toutes-les-actualites\/tribune-%ce%b9-le-burkina-faso-a-lheure-du-covid-19","name":"Tribune \u0399 Le Burkina-Faso \u00e0 l\u2019heure du COVID-19 - Burkina Faso","isPartOf":{"@id":"https:\/\/www.africa-press.net\/burkina-faso\/#website"},"primaryImageOfPage":{"@id":"https:\/\/www.africa-press.net\/burkina-faso\/toutes-les-actualites\/tribune-%ce%b9-le-burkina-faso-a-lheure-du-covid-19#primaryimage"},"image":{"@id":"https:\/\/www.africa-press.net\/burkina-faso\/toutes-les-actualites\/tribune-%ce%b9-le-burkina-faso-a-lheure-du-covid-19#primaryimage"},"thumbnailUrl":"https:\/\/static.africa-press.net\/burkina\/sites\/42\/2021\/05\/img-60927fd893882.jpg","datePublished":"2021-05-05T13:52:18+00:00","dateModified":"2021-05-05T16:44:15+00:00","author":{"@id":"https:\/\/www.africa-press.net\/burkina-faso\/#\/schema\/person\/2b1cf3cd81a31e3cd26889ca66d677f1"},"description":"Alors que le pays \u00e9tait jusqu\u2019\u00e0 aujourd\u2019hui relativement \u00e9pargn\u00e9 par l\u2019\u00e9pid\u00e9mie de COVID-19, la recrudescence du nombre ...","breadcrumb":{"@id":"https:\/\/www.africa-press.net\/burkina-faso\/toutes-les-actualites\/tribune-%ce%b9-le-burkina-faso-a-lheure-du-covid-19#breadcrumb"},"inLanguage":"fr-FR","potentialAction":[{"@type":"ReadAction","target":["https:\/\/www.africa-press.net\/burkina-faso\/toutes-les-actualites\/tribune-%ce%b9-le-burkina-faso-a-lheure-du-covid-19"]}]},{"@type":"ImageObject","inLanguage":"fr-FR","@id":"https:\/\/www.africa-press.net\/burkina-faso\/toutes-les-actualites\/tribune-%ce%b9-le-burkina-faso-a-lheure-du-covid-19#primaryimage","url":"https:\/\/static.africa-press.net\/burkina\/sites\/42\/2021\/05\/img-60927fd893882.jpg","contentUrl":"https:\/\/static.africa-press.net\/burkina\/sites\/42\/2021\/05\/img-60927fd893882.jpg","width":750,"height":420,"caption":"Tribune \u0399 Le Burkina-Faso \u00e0 l\u2019heure du COVID-19"},{"@type":"BreadcrumbList","@id":"https:\/\/www.africa-press.net\/burkina-faso\/toutes-les-actualites\/tribune-%ce%b9-le-burkina-faso-a-lheure-du-covid-19#breadcrumb","itemListElement":[{"@type":"ListItem","position":1,"name":"Accueil","item":"https:\/\/www.africa-press.net\/burkina-faso\/"},{"@type":"ListItem","position":2,"name":"Tribune \u0399 Le Burkina-Faso \u00e0 l\u2019heure du COVID-19"}]},{"@type":"WebSite","@id":"https:\/\/www.africa-press.net\/burkina-faso\/#website","url":"https:\/\/www.africa-press.net\/burkina-faso\/","name":"Burkina Faso","description":"Just another Africa News Agency Sites site","potentialAction":[{"@type":"SearchAction","target":{"@type":"EntryPoint","urlTemplate":"https:\/\/www.africa-press.net\/burkina-faso\/?s={search_term_string}"},"query-input":{"@type":"PropertyValueSpecification","valueRequired":true,"valueName":"search_term_string"}}],"inLanguage":"fr-FR"},{"@type":"Person","@id":"https:\/\/www.africa-press.net\/burkina-faso\/#\/schema\/person\/2b1cf3cd81a31e3cd26889ca66d677f1","name":"cfeditorfr"}]}},"_links":{"self":[{"href":"https:\/\/www.africa-press.net\/burkina-faso\/wp-json\/wp\/v2\/posts\/11197","targetHints":{"allow":["GET"]}}],"collection":[{"href":"https:\/\/www.africa-press.net\/burkina-faso\/wp-json\/wp\/v2\/posts"}],"about":[{"href":"https:\/\/www.africa-press.net\/burkina-faso\/wp-json\/wp\/v2\/types\/post"}],"author":[{"embeddable":true,"href":"https:\/\/www.africa-press.net\/burkina-faso\/wp-json\/wp\/v2\/users\/82"}],"replies":[{"embeddable":true,"href":"https:\/\/www.africa-press.net\/burkina-faso\/wp-json\/wp\/v2\/comments?post=11197"}],"version-history":[{"count":0,"href":"https:\/\/www.africa-press.net\/burkina-faso\/wp-json\/wp\/v2\/posts\/11197\/revisions"}],"wp:featuredmedia":[{"embeddable":true,"href":"https:\/\/www.africa-press.net\/burkina-faso\/wp-json\/wp\/v2\/media\/11196"}],"wp:attachment":[{"href":"https:\/\/www.africa-press.net\/burkina-faso\/wp-json\/wp\/v2\/media?parent=11197"}],"wp:term":[{"taxonomy":"category","embeddable":true,"href":"https:\/\/www.africa-press.net\/burkina-faso\/wp-json\/wp\/v2\/categories?post=11197"},{"taxonomy":"post_tag","embeddable":true,"href":"https:\/\/www.africa-press.net\/burkina-faso\/wp-json\/wp\/v2\/tags?post=11197"}],"curies":[{"name":"wp","href":"https:\/\/api.w.org\/{rel}","templated":true}]}}