{"id":11200,"date":"2021-05-05T14:13:41","date_gmt":"2021-05-05T14:13:41","guid":{"rendered":"https:\/\/www.africa-press.net\/burkina-faso\/?p=11200"},"modified":"2021-05-05T16:44:28","modified_gmt":"2021-05-05T16:44:28","slug":"burkina-faso-eddie-komboigo-pour-la-reconquete-de-lentierete-du-territoire-et-sans-delai","status":"publish","type":"post","link":"https:\/\/www.africa-press.net\/burkina-faso\/politique\/burkina-faso-eddie-komboigo-pour-la-reconquete-de-lentierete-du-territoire-et-sans-delai","title":{"rendered":"Eddie Kombo\u00efgo pour \u00ab la reconqu\u00eate de l\u2019enti\u00e8ret\u00e9 du territoire et sans d\u00e9lai\u00a0\u00bb"},"content":{"rendered":"<p><span style=\"color: #ff6600\"><strong><a href=\"https:\/\/www.africa-press.net\/\">Africa-Press<\/a> &#8211; <a href=\"https:\/\/www.africa-press.net\/burkina-faso\">Burkina Faso<\/a>. <\/strong><\/span><b>La situation s\u00e9curitaire, le front social, les reformes au niveau de l\u2019\u00e9ducation et la gouvernance \u00e9conomique sont entre autres les points abord\u00e9s par le chef de file de l\u2019opposition politique du Burkina (CFOP-B). Pour sa premi\u00e8re en tant que CFOP, Eddie Kombo\u00efgo a livr\u00e9 sa lecture de la situation nationale ce mardi 4 mai 2021.<\/b><\/p>\n<p>Apr\u00e8s 100 jours de tr\u00eave accord\u00e9s au nouveau gouvernement, le Chef de File de l\u2019Opposition Politique du Burkina (CFOP) lance les hostilit\u00e9s \u00e0 travers un point de presse. C\u2019est donc une revue des 100 jours de la gouvernance politique, \u00e9conomique et sociale du second mandat de Roch Marc Christian Kabor\u00e9 que Eddie Kombo\u00efgo a livr\u00e9e. Pour lui, cet exercice est \u00ab un devoir \u00bb pour l\u2019opposition politique.<\/p>\n<p>Sur l\u2019aspect s\u00e9curitaire, le pr\u00e9sident du CDP a trouv\u00e9 un coupable pour la situation actuelle du Burkina Faso. \u00ab Nous tenons le gouvernement Dabir\u00e9 responsable de tout ce qui arrive \u00e0 notre pays \u00bb, a-t-il lanc\u00e9. Pour lui, l\u2019\u00e9tat actuel du \u00ab pays des Hommes int\u00e8gres \u00bb est loin d\u2019\u00eatre reluisant. Il a entre autre cit\u00e9 les victimes des attaques terroristes qui se comptent par \u00ab dizaines \u00bb, \u00ab l\u2019occupation du territoire national par des hommes arm\u00e9s non identifi\u00e9s \u00bb et l\u2019accroissement du nombre de d\u00e9plac\u00e9s internes.<\/p>\n<p>Eddie Kombo\u00efgo a indiqu\u00e9 avoir vu les vid\u00e9os virales sur les r\u00e9seaux sociaux, pr\u00e9sentant des hommes arm\u00e9s circulant quasi librement sur le territoire national. Pour lui, \u00ab c\u2019est choquant \u00bb. L\u2019Etat doit \u00eatre \u00ab plus r\u00e9actif \u00bb, selon lui. Il qualifie ainsi la guerre contre le terrorisme de \u00ab vulgaire \u00bb. Comme solution imm\u00e9diate, le pr\u00e9sident du CDP sugg\u00e8re au pouvoir en place de \u00ab travailler \u00e0 avoir une politique de d\u00e9fense s\u00e9rieuse \u00bb.<\/p>\n<p>Allant plus loin, il a soulign\u00e9 qu\u2019il faut allier la mani\u00e8re forte et la mani\u00e8re douce. \u00ab Il faut non seulement bander les muscles mais \u00e9galement privil\u00e9gier le dialogue intelligent par la diplomatie \u00bb, a expliqu\u00e9 Eddie Kombo\u00efgo. S\u2019interrogeant sur l\u2019existence m\u00eame de l\u2019Etat dans cette situation d\u2019ins\u00e9curit\u00e9 qui gagne du terrain de jour en jour, il recommande \u00ab la reconqu\u00eate de l\u2019enti\u00e8ret\u00e9 du territoire et sans d\u00e9lai \u00bb. Et ce, pour le bonheur des populations.<\/p>\n<p><b>R\u00e9formes \u00e9ducatives<\/b><\/p>\n<p>Sur les reformes entreprises dans le syst\u00e8me \u00e9ducatif et la fronde sociale, Eddie Kombo\u00efgo, a relev\u00e9 que \u00ab le front social se radicalise de plus en plus \u00bb. Pour lui, les reformes dans le syst\u00e8me \u00e9ducatif sont \u00ab une menace pour la bonne marche de l\u2019ann\u00e9e scolaire \u00bb.<\/p>\n<p>Afin de r\u00e9soudre certaines situations le pr\u00e9sident du CDP, a propos\u00e9 d\u2019apporter un regard plus s\u00e9rieux \u00e0 la question de l\u2019\u00e9ducation. Pour lui, \u00ab l\u2019\u00e9ducation est la base de toute chose \u00bb et il faut alors \u00ab avoir le courage de retoucher le fond de la formation \u00bb. Selon ses dires, le syst\u00e8me \u00e9ducatif actuel se trouve dans la formation th\u00e9orique. Pour le CFOP, il faut \u00ab joindre la th\u00e9orie \u00e0 la pratique \u00bb car actuellement ce sont des \u00ab formations rapides \u00bb qui sont offertes.<\/p>\n<p>Revenant sur la gouvernance \u00e9conomique, Eddie Kombo\u00efgo a assur\u00e9 que \u00able gouvernement navigue \u00e0 vue \u00bb en l\u2019absence d\u2019un plan de national de d\u00e9veloppement. La principale cons\u00e9quence de cette situation selon lui, c\u2019est \u00ab la recrudescence de la mal gouvernance notamment le bradage des march\u00e9s et la mont\u00e9e de la corruption \u00bb. Aussi, de l\u2019avis du CFOP, \u00ab le climat des affaires ne cesse de se d\u00e9t\u00e9riorer \u00bb. Et pour ne pas am\u00e9liorer la situation, l\u2019augmentation des prix de certains produits est vue comme \u00ab intenable par les populations \u00bb.<\/p>\n<p>Sur la question de la r\u00e9ouverture des fronti\u00e8res, le CFOP estime que c\u2019est une n\u00e9cessit\u00e9. L\u00e0-dessus, Ablass\u00e9 Ou\u00e9draogo, pr\u00e9sident du Faso Autrement, a expliqu\u00e9 que ce sont les chefs d\u2019Etat qui doivent se concerter pour lever cette mesure. Selon ses propos, la r\u00e9ouverture des fronti\u00e8res est \u00ab une question diplomatique \u00bb. Avec une situation qui semble \u00eatre stable, le Burkina Faso peut alors initier la marche au niveau de la sous-r\u00e9gion afin d\u2019aboutir \u00e0 une r\u00e9ouverture effective des fronti\u00e8res.<\/p>\n<p><b>\u00a0<\/b><\/p>\n","protected":false},"excerpt":{"rendered":"<p>Africa-Press &#8211; Burkina Faso. La situation s\u00e9curitaire, le front social, les reformes au niveau de l\u2019\u00e9ducation et la gouvernance \u00e9conomique sont entre autres les points abord\u00e9s par le chef de file de l\u2019opposition politique du Burkina (CFOP-B). Pour sa premi\u00e8re en tant que CFOP, Eddie Kombo\u00efgo a livr\u00e9 sa lecture de la situation nationale ce [&hellip;]<\/p>\n","protected":false},"author":82,"featured_media":11199,"comment_status":"open","ping_status":"closed","sticky":false,"template":"","format":"standard","meta":{"footnotes":""},"categories":[11,2,10],"tags":[111,725,29],"class_list":["post-11200","post","type-post","status-publish","format-standard","has-post-thumbnail","hentry","category-homepage-french","category-politique","category-toutes-les-actualites","tag-africa-press","tag-africa-press-burkina-faso","tag-burkina-faso"],"yoast_head":"<!-- This site is optimized with the Yoast SEO Premium plugin v26.1 (Yoast SEO v27.0) - https:\/\/yoast.com\/product\/yoast-seo-premium-wordpress\/ -->\n<title>Eddie Kombo\u00efgo pour \u00ab la reconqu\u00eate de l\u2019enti\u00e8ret\u00e9 du territoire et sans d\u00e9lai\u00a0\u00bb - Burkina Faso<\/title>\n<meta name=\"description\" content=\"La situation s\u00e9curitaire, le front social, les reformes au niveau de l\u2019\u00e9ducation et la gouvernance \u00e9conomique sont en ...\" \/>\n<meta name=\"robots\" content=\"index, follow, max-snippet:-1, max-image-preview:large, max-video-preview:-1\" \/>\n<link rel=\"canonical\" href=\"https:\/\/www.africa-press.net\/burkina-faso\/politique\/burkina-faso-eddie-komboigo-pour-la-reconquete-de-lentierete-du-territoire-et-sans-delai\" \/>\n<meta property=\"og:locale\" content=\"fr_FR\" \/>\n<meta property=\"og:type\" content=\"article\" \/>\n<meta property=\"og:title\" content=\"Eddie Kombo\u00efgo pour \u00ab la reconqu\u00eate de l\u2019enti\u00e8ret\u00e9 du territoire et sans d\u00e9lai\u00a0\u00bb\" \/>\n<meta property=\"og:description\" content=\"La situation s\u00e9curitaire, le front social, les reformes au niveau de l\u2019\u00e9ducation et la gouvernance \u00e9conomique sont en ...\" \/>\n<meta property=\"og:url\" content=\"https:\/\/www.africa-press.net\/burkina-faso\/politique\/burkina-faso-eddie-komboigo-pour-la-reconquete-de-lentierete-du-territoire-et-sans-delai\" \/>\n<meta property=\"og:site_name\" content=\"Burkina Faso\" \/>\n<meta property=\"article:published_time\" content=\"2021-05-05T14:13:41+00:00\" \/>\n<meta property=\"article:modified_time\" content=\"2021-05-05T16:44:28+00:00\" \/>\n<meta property=\"og:image\" content=\"https:\/\/static.africa-press.net\/burkina\/sites\/42\/2021\/05\/img-609283b38512b.jpg\" \/>\n\t<meta property=\"og:image:width\" content=\"1024\" \/>\n\t<meta property=\"og:image:height\" content=\"596\" \/>\n\t<meta property=\"og:image:type\" content=\"image\/jpeg\" \/>\n<meta name=\"author\" content=\"cfeditorfr\" \/>\n<meta name=\"twitter:card\" content=\"summary_large_image\" \/>\n<meta name=\"twitter:label1\" content=\"\u00c9crit par\" \/>\n\t<meta name=\"twitter:data1\" content=\"cfeditorfr\" \/>\n\t<meta name=\"twitter:label2\" content=\"Dur\u00e9e de lecture estim\u00e9e\" \/>\n\t<meta name=\"twitter:data2\" content=\"3 minutes\" \/>\n<script type=\"application\/ld+json\" class=\"yoast-schema-graph\">{\"@context\":\"https:\/\/schema.org\",\"@graph\":[{\"@type\":\"Article\",\"@id\":\"https:\/\/www.africa-press.net\/burkina-faso\/politique\/burkina-faso-eddie-komboigo-pour-la-reconquete-de-lentierete-du-territoire-et-sans-delai#article\",\"isPartOf\":{\"@id\":\"https:\/\/www.africa-press.net\/burkina-faso\/politique\/burkina-faso-eddie-komboigo-pour-la-reconquete-de-lentierete-du-territoire-et-sans-delai\"},\"author\":{\"name\":\"cfeditorfr\",\"@id\":\"https:\/\/www.africa-press.net\/burkina-faso\/#\/schema\/person\/2b1cf3cd81a31e3cd26889ca66d677f1\"},\"headline\":\"Eddie Kombo\u00efgo pour \u00ab la reconqu\u00eate de l\u2019enti\u00e8ret\u00e9 du territoire et sans d\u00e9lai\u00a0\u00bb\",\"datePublished\":\"2021-05-05T14:13:41+00:00\",\"dateModified\":\"2021-05-05T16:44:28+00:00\",\"mainEntityOfPage\":{\"@id\":\"https:\/\/www.africa-press.net\/burkina-faso\/politique\/burkina-faso-eddie-komboigo-pour-la-reconquete-de-lentierete-du-territoire-et-sans-delai\"},\"wordCount\":728,\"commentCount\":0,\"image\":{\"@id\":\"https:\/\/www.africa-press.net\/burkina-faso\/politique\/burkina-faso-eddie-komboigo-pour-la-reconquete-de-lentierete-du-territoire-et-sans-delai#primaryimage\"},\"thumbnailUrl\":\"https:\/\/static.africa-press.net\/burkina\/sites\/42\/2021\/05\/img-609283b38512b.jpg\",\"keywords\":[\"Africa Press\",\"Africa Press-Burkina Faso\",\"Burkina Faso\"],\"articleSection\":[\"homepage-french\",\"Politique\",\"Toutes les actualit\u00e9s\"],\"inLanguage\":\"fr-FR\",\"potentialAction\":[{\"@type\":\"CommentAction\",\"name\":\"Comment\",\"target\":[\"https:\/\/www.africa-press.net\/burkina-faso\/politique\/burkina-faso-eddie-komboigo-pour-la-reconquete-de-lentierete-du-territoire-et-sans-delai#respond\"]}]},{\"@type\":\"WebPage\",\"@id\":\"https:\/\/www.africa-press.net\/burkina-faso\/politique\/burkina-faso-eddie-komboigo-pour-la-reconquete-de-lentierete-du-territoire-et-sans-delai\",\"url\":\"https:\/\/www.africa-press.net\/burkina-faso\/politique\/burkina-faso-eddie-komboigo-pour-la-reconquete-de-lentierete-du-territoire-et-sans-delai\",\"name\":\"Eddie Kombo\u00efgo pour \u00ab la reconqu\u00eate de l\u2019enti\u00e8ret\u00e9 du territoire et sans d\u00e9lai\u00a0\u00bb - Burkina Faso\",\"isPartOf\":{\"@id\":\"https:\/\/www.africa-press.net\/burkina-faso\/#website\"},\"primaryImageOfPage\":{\"@id\":\"https:\/\/www.africa-press.net\/burkina-faso\/politique\/burkina-faso-eddie-komboigo-pour-la-reconquete-de-lentierete-du-territoire-et-sans-delai#primaryimage\"},\"image\":{\"@id\":\"https:\/\/www.africa-press.net\/burkina-faso\/politique\/burkina-faso-eddie-komboigo-pour-la-reconquete-de-lentierete-du-territoire-et-sans-delai#primaryimage\"},\"thumbnailUrl\":\"https:\/\/static.africa-press.net\/burkina\/sites\/42\/2021\/05\/img-609283b38512b.jpg\",\"datePublished\":\"2021-05-05T14:13:41+00:00\",\"dateModified\":\"2021-05-05T16:44:28+00:00\",\"author\":{\"@id\":\"https:\/\/www.africa-press.net\/burkina-faso\/#\/schema\/person\/2b1cf3cd81a31e3cd26889ca66d677f1\"},\"description\":\"La situation s\u00e9curitaire, le front social, les reformes au niveau de l\u2019\u00e9ducation et la gouvernance \u00e9conomique sont en ...\",\"breadcrumb\":{\"@id\":\"https:\/\/www.africa-press.net\/burkina-faso\/politique\/burkina-faso-eddie-komboigo-pour-la-reconquete-de-lentierete-du-territoire-et-sans-delai#breadcrumb\"},\"inLanguage\":\"fr-FR\",\"potentialAction\":[{\"@type\":\"ReadAction\",\"target\":[\"https:\/\/www.africa-press.net\/burkina-faso\/politique\/burkina-faso-eddie-komboigo-pour-la-reconquete-de-lentierete-du-territoire-et-sans-delai\"]}]},{\"@type\":\"ImageObject\",\"inLanguage\":\"fr-FR\",\"@id\":\"https:\/\/www.africa-press.net\/burkina-faso\/politique\/burkina-faso-eddie-komboigo-pour-la-reconquete-de-lentierete-du-territoire-et-sans-delai#primaryimage\",\"url\":\"https:\/\/static.africa-press.net\/burkina\/sites\/42\/2021\/05\/img-609283b38512b.jpg\",\"contentUrl\":\"https:\/\/static.africa-press.net\/burkina\/sites\/42\/2021\/05\/img-609283b38512b.jpg\",\"width\":1024,\"height\":596,\"caption\":\"Burkina Faso : Eddie Kombo\u00efgo pour \u00ab la reconqu\u00eate de l\u2019enti\u00e8ret\u00e9 du territoire et sans d\u00e9lai\u00a0\u00bb\"},{\"@type\":\"BreadcrumbList\",\"@id\":\"https:\/\/www.africa-press.net\/burkina-faso\/politique\/burkina-faso-eddie-komboigo-pour-la-reconquete-de-lentierete-du-territoire-et-sans-delai#breadcrumb\",\"itemListElement\":[{\"@type\":\"ListItem\",\"position\":1,\"name\":\"Accueil\",\"item\":\"https:\/\/www.africa-press.net\/burkina-faso\/\"},{\"@type\":\"ListItem\",\"position\":2,\"name\":\"Eddie Kombo\u00efgo pour \u00ab la reconqu\u00eate de l\u2019enti\u00e8ret\u00e9 du territoire et sans d\u00e9lai\u00a0\u00bb\"}]},{\"@type\":\"WebSite\",\"@id\":\"https:\/\/www.africa-press.net\/burkina-faso\/#website\",\"url\":\"https:\/\/www.africa-press.net\/burkina-faso\/\",\"name\":\"Burkina Faso\",\"description\":\"Just another Africa News Agency Sites site\",\"potentialAction\":[{\"@type\":\"SearchAction\",\"target\":{\"@type\":\"EntryPoint\",\"urlTemplate\":\"https:\/\/www.africa-press.net\/burkina-faso\/?s={search_term_string}\"},\"query-input\":{\"@type\":\"PropertyValueSpecification\",\"valueRequired\":true,\"valueName\":\"search_term_string\"}}],\"inLanguage\":\"fr-FR\"},{\"@type\":\"Person\",\"@id\":\"https:\/\/www.africa-press.net\/burkina-faso\/#\/schema\/person\/2b1cf3cd81a31e3cd26889ca66d677f1\",\"name\":\"cfeditorfr\"}]}<\/script>\n<!-- \/ Yoast SEO Premium plugin. -->","yoast_head_json":{"title":"Eddie Kombo\u00efgo pour \u00ab la reconqu\u00eate de l\u2019enti\u00e8ret\u00e9 du territoire et sans d\u00e9lai\u00a0\u00bb - Burkina Faso","description":"La situation s\u00e9curitaire, le front social, les reformes au niveau de l\u2019\u00e9ducation et la gouvernance \u00e9conomique sont en ...","robots":{"index":"index","follow":"follow","max-snippet":"max-snippet:-1","max-image-preview":"max-image-preview:large","max-video-preview":"max-video-preview:-1"},"canonical":"https:\/\/www.africa-press.net\/burkina-faso\/politique\/burkina-faso-eddie-komboigo-pour-la-reconquete-de-lentierete-du-territoire-et-sans-delai","og_locale":"fr_FR","og_type":"article","og_title":"Eddie Kombo\u00efgo pour \u00ab la reconqu\u00eate de l\u2019enti\u00e8ret\u00e9 du territoire et sans d\u00e9lai\u00a0\u00bb","og_description":"La situation s\u00e9curitaire, le front social, les reformes au niveau de l\u2019\u00e9ducation et la gouvernance \u00e9conomique sont en ...","og_url":"https:\/\/www.africa-press.net\/burkina-faso\/politique\/burkina-faso-eddie-komboigo-pour-la-reconquete-de-lentierete-du-territoire-et-sans-delai","og_site_name":"Burkina Faso","article_published_time":"2021-05-05T14:13:41+00:00","article_modified_time":"2021-05-05T16:44:28+00:00","og_image":[{"width":1024,"height":596,"url":"https:\/\/static.africa-press.net\/burkina\/sites\/42\/2021\/05\/img-609283b38512b.jpg","type":"image\/jpeg"}],"author":"cfeditorfr","twitter_card":"summary_large_image","twitter_misc":{"\u00c9crit par":"cfeditorfr","Dur\u00e9e de lecture estim\u00e9e":"3 minutes"},"schema":{"@context":"https:\/\/schema.org","@graph":[{"@type":"Article","@id":"https:\/\/www.africa-press.net\/burkina-faso\/politique\/burkina-faso-eddie-komboigo-pour-la-reconquete-de-lentierete-du-territoire-et-sans-delai#article","isPartOf":{"@id":"https:\/\/www.africa-press.net\/burkina-faso\/politique\/burkina-faso-eddie-komboigo-pour-la-reconquete-de-lentierete-du-territoire-et-sans-delai"},"author":{"name":"cfeditorfr","@id":"https:\/\/www.africa-press.net\/burkina-faso\/#\/schema\/person\/2b1cf3cd81a31e3cd26889ca66d677f1"},"headline":"Eddie Kombo\u00efgo pour \u00ab la reconqu\u00eate de l\u2019enti\u00e8ret\u00e9 du territoire et sans d\u00e9lai\u00a0\u00bb","datePublished":"2021-05-05T14:13:41+00:00","dateModified":"2021-05-05T16:44:28+00:00","mainEntityOfPage":{"@id":"https:\/\/www.africa-press.net\/burkina-faso\/politique\/burkina-faso-eddie-komboigo-pour-la-reconquete-de-lentierete-du-territoire-et-sans-delai"},"wordCount":728,"commentCount":0,"image":{"@id":"https:\/\/www.africa-press.net\/burkina-faso\/politique\/burkina-faso-eddie-komboigo-pour-la-reconquete-de-lentierete-du-territoire-et-sans-delai#primaryimage"},"thumbnailUrl":"https:\/\/static.africa-press.net\/burkina\/sites\/42\/2021\/05\/img-609283b38512b.jpg","keywords":["Africa Press","Africa Press-Burkina Faso","Burkina Faso"],"articleSection":["homepage-french","Politique","Toutes les actualit\u00e9s"],"inLanguage":"fr-FR","potentialAction":[{"@type":"CommentAction","name":"Comment","target":["https:\/\/www.africa-press.net\/burkina-faso\/politique\/burkina-faso-eddie-komboigo-pour-la-reconquete-de-lentierete-du-territoire-et-sans-delai#respond"]}]},{"@type":"WebPage","@id":"https:\/\/www.africa-press.net\/burkina-faso\/politique\/burkina-faso-eddie-komboigo-pour-la-reconquete-de-lentierete-du-territoire-et-sans-delai","url":"https:\/\/www.africa-press.net\/burkina-faso\/politique\/burkina-faso-eddie-komboigo-pour-la-reconquete-de-lentierete-du-territoire-et-sans-delai","name":"Eddie Kombo\u00efgo pour \u00ab la reconqu\u00eate de l\u2019enti\u00e8ret\u00e9 du territoire et sans d\u00e9lai\u00a0\u00bb - Burkina Faso","isPartOf":{"@id":"https:\/\/www.africa-press.net\/burkina-faso\/#website"},"primaryImageOfPage":{"@id":"https:\/\/www.africa-press.net\/burkina-faso\/politique\/burkina-faso-eddie-komboigo-pour-la-reconquete-de-lentierete-du-territoire-et-sans-delai#primaryimage"},"image":{"@id":"https:\/\/www.africa-press.net\/burkina-faso\/politique\/burkina-faso-eddie-komboigo-pour-la-reconquete-de-lentierete-du-territoire-et-sans-delai#primaryimage"},"thumbnailUrl":"https:\/\/static.africa-press.net\/burkina\/sites\/42\/2021\/05\/img-609283b38512b.jpg","datePublished":"2021-05-05T14:13:41+00:00","dateModified":"2021-05-05T16:44:28+00:00","author":{"@id":"https:\/\/www.africa-press.net\/burkina-faso\/#\/schema\/person\/2b1cf3cd81a31e3cd26889ca66d677f1"},"description":"La situation s\u00e9curitaire, le front social, les reformes au niveau de l\u2019\u00e9ducation et la gouvernance \u00e9conomique sont en ...","breadcrumb":{"@id":"https:\/\/www.africa-press.net\/burkina-faso\/politique\/burkina-faso-eddie-komboigo-pour-la-reconquete-de-lentierete-du-territoire-et-sans-delai#breadcrumb"},"inLanguage":"fr-FR","potentialAction":[{"@type":"ReadAction","target":["https:\/\/www.africa-press.net\/burkina-faso\/politique\/burkina-faso-eddie-komboigo-pour-la-reconquete-de-lentierete-du-territoire-et-sans-delai"]}]},{"@type":"ImageObject","inLanguage":"fr-FR","@id":"https:\/\/www.africa-press.net\/burkina-faso\/politique\/burkina-faso-eddie-komboigo-pour-la-reconquete-de-lentierete-du-territoire-et-sans-delai#primaryimage","url":"https:\/\/static.africa-press.net\/burkina\/sites\/42\/2021\/05\/img-609283b38512b.jpg","contentUrl":"https:\/\/static.africa-press.net\/burkina\/sites\/42\/2021\/05\/img-609283b38512b.jpg","width":1024,"height":596,"caption":"Burkina Faso : Eddie Kombo\u00efgo pour \u00ab la reconqu\u00eate de l\u2019enti\u00e8ret\u00e9 du territoire et sans d\u00e9lai\u00a0\u00bb"},{"@type":"BreadcrumbList","@id":"https:\/\/www.africa-press.net\/burkina-faso\/politique\/burkina-faso-eddie-komboigo-pour-la-reconquete-de-lentierete-du-territoire-et-sans-delai#breadcrumb","itemListElement":[{"@type":"ListItem","position":1,"name":"Accueil","item":"https:\/\/www.africa-press.net\/burkina-faso\/"},{"@type":"ListItem","position":2,"name":"Eddie Kombo\u00efgo pour \u00ab la reconqu\u00eate de l\u2019enti\u00e8ret\u00e9 du territoire et sans d\u00e9lai\u00a0\u00bb"}]},{"@type":"WebSite","@id":"https:\/\/www.africa-press.net\/burkina-faso\/#website","url":"https:\/\/www.africa-press.net\/burkina-faso\/","name":"Burkina Faso","description":"Just another Africa News Agency Sites site","potentialAction":[{"@type":"SearchAction","target":{"@type":"EntryPoint","urlTemplate":"https:\/\/www.africa-press.net\/burkina-faso\/?s={search_term_string}"},"query-input":{"@type":"PropertyValueSpecification","valueRequired":true,"valueName":"search_term_string"}}],"inLanguage":"fr-FR"},{"@type":"Person","@id":"https:\/\/www.africa-press.net\/burkina-faso\/#\/schema\/person\/2b1cf3cd81a31e3cd26889ca66d677f1","name":"cfeditorfr"}]}},"_links":{"self":[{"href":"https:\/\/www.africa-press.net\/burkina-faso\/wp-json\/wp\/v2\/posts\/11200","targetHints":{"allow":["GET"]}}],"collection":[{"href":"https:\/\/www.africa-press.net\/burkina-faso\/wp-json\/wp\/v2\/posts"}],"about":[{"href":"https:\/\/www.africa-press.net\/burkina-faso\/wp-json\/wp\/v2\/types\/post"}],"author":[{"embeddable":true,"href":"https:\/\/www.africa-press.net\/burkina-faso\/wp-json\/wp\/v2\/users\/82"}],"replies":[{"embeddable":true,"href":"https:\/\/www.africa-press.net\/burkina-faso\/wp-json\/wp\/v2\/comments?post=11200"}],"version-history":[{"count":0,"href":"https:\/\/www.africa-press.net\/burkina-faso\/wp-json\/wp\/v2\/posts\/11200\/revisions"}],"wp:featuredmedia":[{"embeddable":true,"href":"https:\/\/www.africa-press.net\/burkina-faso\/wp-json\/wp\/v2\/media\/11199"}],"wp:attachment":[{"href":"https:\/\/www.africa-press.net\/burkina-faso\/wp-json\/wp\/v2\/media?parent=11200"}],"wp:term":[{"taxonomy":"category","embeddable":true,"href":"https:\/\/www.africa-press.net\/burkina-faso\/wp-json\/wp\/v2\/categories?post=11200"},{"taxonomy":"post_tag","embeddable":true,"href":"https:\/\/www.africa-press.net\/burkina-faso\/wp-json\/wp\/v2\/tags?post=11200"}],"curies":[{"name":"wp","href":"https:\/\/api.w.org\/{rel}","templated":true}]}}