{"id":11203,"date":"2021-05-05T14:24:31","date_gmt":"2021-05-05T14:24:31","guid":{"rendered":"https:\/\/www.africa-press.net\/burkina-faso\/?p=11203"},"modified":"2021-05-05T16:44:44","modified_gmt":"2021-05-05T16:44:44","slug":"recrudescence-des-attaques-a-lest-il-pourrait-y-avoir-un-lien-avec-la-mort-didriss-deby-selon-mahamoudou-savadogo-expert-des-questions-dextremisme-violent","status":"publish","type":"post","link":"https:\/\/www.africa-press.net\/burkina-faso\/politique\/recrudescence-des-attaques-a-lest-il-pourrait-y-avoir-un-lien-avec-la-mort-didriss-deby-selon-mahamoudou-savadogo-expert-des-questions-dextremisme-violent","title":{"rendered":"Recrudescence des attaques \u00e0 l\u2019Est : \u00ab Il pourrait y avoir un lien avec la mort d\u2019Idriss D\u00e9by \u00bb, selon Mahamoudou Savadogo, expert des questions d\u2019extr\u00e9misme violent"},"content":{"rendered":"<p><span style=\"color: #ff6600\"><strong><a href=\"https:\/\/www.africa-press.net\/\">Africa-Press<\/a> &#8211; <a href=\"https:\/\/www.africa-press.net\/burkina-faso\">Burkina Faso<\/a>. <\/strong><\/span><b>Ces derniers temps, les attaques des groupes arm\u00e9s terroristes (GAT) s\u2019intensifient dans la r\u00e9gion de l\u2019Est. Le lundi 3 mai 2021, des attaques perp\u00e9tr\u00e9es contre la population de Kodyel, dans la province de la Komondjari, ont fait de nombreuses victimes. Le 26 avril, des journalistes occidentaux ont trouv\u00e9 la mort dans la province du Kompienga. Qu\u2019est-ce qui peut bien expliquer la recrudescence de ces attaques ? Pour comprendre la situation, a approch\u00e9 Mahamoudou Savadogo, gendarme \u00e0 la retraite et consultant sur les questions d\u2019extr\u00e9misme violent au Sahel. Malgr\u00e9 un programme charg\u00e9 (il \u00e9tait en route pour un voyage quand nous le contactions), il a accept\u00e9 donner son analyse de la situation.<\/b><\/p>\n<p><b> : Qu\u2019est-ce qui peut expliquer la recrudescence des attaques dans la r\u00e9gion de l\u2019Est ?<\/b><\/p>\n<p>Mahamoudou Savadogo (MS) : La recrudescence des attaques \u00e0 l\u2019Est pourrait s\u2019expliquer par plusieurs raisons. La premi\u00e8re, nous sommes \u00e0 un moment favorable pour les groupes arm\u00e9s terroristes (GAT), c\u2019est-\u00e0-dire la mobilit\u00e9. La saison s\u00e8che, c\u2019est-\u00e0-dire le mois de mars, avril et mai, est une saison propice pour eux de mener des attaques car favorable \u00e0 leur mobilit\u00e9. Ils arrivent \u00e0 se d\u00e9placer rapidement, d\u2019aller d\u2019un point \u00e0 un autre et mener des attaques. Puisque la mobilit\u00e9 fait partie de leur strat\u00e9gie, c\u2019est cela qui leur permet d\u2019avoir un avantage et d\u2019\u00e9chapper aux frappes des Forces arm\u00e9es r\u00e9guli\u00e8res (FAR). Lorsqu\u2019on fait le point depuis 2016, cette p\u00e9riode est en quelque sorte une p\u00e9riode de pic.<\/p>\n<p>La deuxi\u00e8me raison est qu\u2019il y a eu un certain temps, une pression du G5 Sahel et Barkhane dans la zone des trois fronti\u00e8res. Cela a entrain\u00e9 une descente de ces groupes arm\u00e9s vers l\u2019Est qui leur sert de zone de replis. Ils se servent du nord du Benin, du Togo et de l\u2019Est de la zone de Kompienga comme base arri\u00e8re. Vous avez d\u00fb constater aussi que dans la m\u00eame p\u00e9riode, le cot\u00e9 versant du Niger c\u2019est-\u00e0-dire, Tilia, T\u00e9ra, il y a eu ce type de la violence. Ce sont ces aspects qui peuvent expliquer la recrudescence des attaques dans la r\u00e9gion de l\u2019Est ces derniers temps.<\/p>\n<p><b> : Quelle analyse contextuelle de la situation dans la zone faites-vous ?<\/b><\/p>\n<p>MS : La r\u00e9gion de l\u2019Est a toujours \u00e9t\u00e9 une r\u00e9gion troubl\u00e9e o\u00f9 les attaques sont assez r\u00e9guli\u00e8res. Nous avons eu en moyenne en 2020, plus de 300 attaques dans ladite zone. C\u2019est une zone o\u00f9 on a un faible maillage s\u00e9curitaire. En plus d\u2019\u00eatre bois\u00e9e, ce qui r\u00e9duit la mobilit\u00e9 des FDS (forces de d\u00e9fense et de s\u00e9curit\u00e9). Elle \u00e9chappe presqu\u2019au contr\u00f4le des FDS. On peut dire que la r\u00e9gion de l\u2019Est est occup\u00e9e par l\u2019un des groupes radicaux les plus violents qu\u2019on appelle l\u2019Etat islamique (EI) au grand Sahara.<\/p>\n<p>C\u2019est un groupe assez radicalis\u00e9 et qui est caract\u00e9ris\u00e9 par la violence de ces attaques. Il ne fait ni otage, il ne trie pas la population. L\u2019autre explication, c\u2019est que la cr\u00e9ation des VDP (volontaires pour la d\u00e9fense de la patrie) a exacerb\u00e9 les violences en ce sens que les GAT ne font plus la diff\u00e9rence entre les civils et les groupes combattants. Les civils sont donc de plus en plus vis\u00e9s.<\/p>\n<p><b> : Comment voyez-vous la capacit\u00e9 de l\u2019arm\u00e9e burkinab\u00e8 \u00e0 r\u00e9agir ?<\/b><\/p>\n<p>MS : La capacit\u00e9 de l\u2019arm\u00e9e burkinab\u00e8 \u00e0 r\u00e9agir est r\u00e9duite. Elle a su dans un premier temps s\u2019adapter \u00e0 la strat\u00e9gie des GAT en utilisant les m\u00eames modes de d\u00e9placement. Nous \u00e9tions dans une phase o\u00f9 l\u2019arm\u00e9e a pu s\u2019adapter progressivement par rapport \u00e0 sa capacit\u00e9 d\u2019intercepter les GAT. Nous sommes \u00e9galement \u00e0 une phase o\u00f9 les FDS ont besoin d\u2019une reconstruction, d\u2019une redynamisation.<\/p>\n<p>On doit recruter au maximum et instaurer une strat\u00e9gie claire propre \u00e0 l\u2019arm\u00e9e. Ce n\u2019est pas facile pour les FDS qui sont en nombre r\u00e9duit. Mais elle est en train de s\u2019adapter avec des \u00e9quipements et des moyens logistiques qui sont mis \u00e0 leur disposition. Cela nous donne l\u2019espoir que dans les jours et les mois \u00e0 venir, elle pourra \u00eatre apte \u00e0 faire face \u00e0 ces GAT.<\/p>\n<p><b> : Est-ce qu\u2019il y a des liens entre la mort de D\u00e9by et la recrudescence des attaques dans la r\u00e9gion de l\u2019Est, vu que les soldats tchadiens ont quitt\u00e9 la zone des trois fronti\u00e8res ?<\/b><\/p>\n<p>MS : Oui, il pourrait avoir un lien entre la mort d\u2019Idriss D\u00e9by et la recrudescence des attaques \u00e0 l\u2019Est. Sachez que la zone des trois fronti\u00e8res o\u00f9 \u00e9taient cantonn\u00e9es les troupes tchadiennes est l\u2019\u00e9picentre de la violence actuelle. Pourquoi les GAT s\u2019int\u00e9ressent \u00e0 cette zone ? C\u2019est le point final de leur couloir. Leur couloir commence depuis l\u2019Est, le Nord du Togo et du Benin qui remonte depuis la zone de Matiacoali, Kompienga, Foutouri, le Yagha et se termine vers Markoye, c\u2019est-\u00e0-dire la zone des trois fronti\u00e8res.<\/p>\n<p>Si cette partie n\u2019est pas contr\u00f4l\u00e9e par les FDS, il est clair que le couloir cr\u00e9\u00e9 par ces GAT devient plus fluide, ce qui leur permet de monter de l\u2019Est jusqu\u2019au Sahel ou vice-versa sans probl\u00e8me. Parce qu\u2019ils ont cr\u00e9\u00e9 des zones de confort pour relier et rallier les deux points. Puisque c\u2019est au Sahel qu\u2019ils se ravitaillent aussi bien en carburant, moto, qu\u2019en armement. Etant donn\u00e9 que l\u2019arm\u00e9e de D\u00e9by a repli\u00e9 vers T\u00e9ra, cela a laiss\u00e9 un vide, leur couloir a \u00e9t\u00e9 donc r\u00e9tabli.<\/p>\n<p><b> : A Kodyel tout r\u00e9cemment (lundi 3 mai), on a vu un autre mode d\u2019attaque : les assaillants ont cibl\u00e9 les hommes qu\u2019ils ont tu\u00e9s et laisser la vie sauve aux femmes, enfants et autres personnes invalides. Faut-il y voir le signe d\u2019un autre groupe terroriste dans la zone ou c\u2019est un message particulier ?<\/b><\/p>\n<p>MS : Ce mode op\u00e9ratoire constat\u00e9 \u00e0 Kodyel est celui de l\u2019Etat islamique (EI) qui s\u2019en prend aux populations. Il faut dire qu\u2019on a deux groupes terroristes qui \u00e9cument le Burkina Faso. Il s\u2019agi du groupe de soutien \u00e0 l\u2019islam et aux musulmans qui touche tr\u00e8s rarement aux populations, et on a l\u2019EI qui ne fait pas de tri entre la population civile et les FDS. Le fait aussi d\u2019avoir arm\u00e9 la population civile (VDP) fait d\u2019eux automatiquement des cibles.<\/p>\n<p>Car pour eux, tout homme majeur est devenu un combattant potentiel donc susceptible d\u2019\u00eatre un VDP. Ce sont des repr\u00e9sailles, c\u2019est une strat\u00e9gie qui consiste \u00e0 d\u00e9truire ou \u00e0 \u00e9touffer les populations et l\u2019aide que l\u2019arm\u00e9e pourrait avoir des VDP. Pour arr\u00eater cela, il va valoir que l\u2019arm\u00e9e arrive \u00e0 prot\u00e9ger la population, \u00e0 mettre un cordon de s\u00e9curit\u00e9, sinon cela pourrait d\u00e9courager l\u2019enr\u00f4lement des VDP.<\/p>\n<p><b> : D\u2019apr\u00e8s vous, qu\u2019est ce qui manque aux FDS pour \u00eatre plus efficaces ?<\/b><\/p>\n<p>MS : Je pense que dans une lutte asym\u00e9trique, il y a une pi\u00e8ce maitresse, et cette pi\u00e8ce maitresse est la population. C\u2019est ce qui manque aux FDS. La population doit \u00eatre au c\u0153ur de la strat\u00e9gie des FDS. Elle est la pi\u00e8ce maitresse dans une lutte asym\u00e9trique. De plus en plus, nous constatons que la population n\u2019arrive plus \u00e0 collaborer avec les FDS, du coup, ils n\u2019ont pas le renseignement \u00e0 temps r\u00e9el pour leur permettre d\u2019anticiper les attaques et les d\u00e9placements des GAT.<\/p>\n<p>Quels que soient les moyens mat\u00e9riels et humains, cela va \u00eatre difficile de venir \u00e0 bout d\u2019eux. C\u2019est d\u2019ailleurs ce que les GAT ont compris en harcelant les populations, en mettant la pression sur eux pour les dissuader de collaborer avec les FDS. C\u2019est en conclusion, la collaboration avec les populations en temps r\u00e9el qui manque \u00e0 nos FDS. Bien s\u00fbr cette collaboration doit \u00eatre compl\u00e9t\u00e9e par des moyens logistiques, mat\u00e9riels adapt\u00e9s pour le terrain.<\/p>\n<p><b> : Est-ce que la n\u00e9gociation avec les terroristes est une alternative ?<\/b><\/p>\n<p>MS : Oui. C\u2019est une alternative mais encore faut-il comprendre \u00e0 qui on a affaire. Comme je l\u2019ai dit, il y a deux grands groupes qui \u00e9cument les Burkinab\u00e8. Le groupe avec lequel on pourrait n\u00e9gocier, c\u2019est le groupe de soutien \u00e0 l\u2019islam et aux musulmans qui est moins radicalis\u00e9 et a des ambitions moindres que l\u2019EI qui ne n\u00e9gocient pas. A l\u2019int\u00e9rieur de ces groupes, il y a des groupes locaux qu\u2019on qualifie de groupes insurg\u00e9s. Avec eux aussi on peut n\u00e9gocier Pour moi, il n\u2019y a pas de souci, on peut n\u00e9gocier avec les GAT.<\/p>\n<p><b>Propos recueillis par Obissa Juste MIEN<br \/>\n<\/b><\/p>\n","protected":false},"excerpt":{"rendered":"<p>Africa-Press &#8211; Burkina Faso. Ces derniers temps, les attaques des groupes arm\u00e9s terroristes (GAT) s\u2019intensifient dans la r\u00e9gion de l\u2019Est. Le lundi 3 mai 2021, des attaques perp\u00e9tr\u00e9es contre la population de Kodyel, dans la province de la Komondjari, ont fait de nombreuses victimes. Le 26 avril, des journalistes occidentaux ont trouv\u00e9 la mort dans [&hellip;]<\/p>\n","protected":false},"author":82,"featured_media":11202,"comment_status":"open","ping_status":"closed","sticky":false,"template":"","format":"standard","meta":{"footnotes":""},"categories":[11,2,10],"tags":[111,725,29],"class_list":["post-11203","post","type-post","status-publish","format-standard","has-post-thumbnail","hentry","category-homepage-french","category-politique","category-toutes-les-actualites","tag-africa-press","tag-africa-press-burkina-faso","tag-burkina-faso"],"yoast_head":"<!-- This site is optimized with the Yoast SEO Premium plugin v26.1 (Yoast SEO v27.0) - https:\/\/yoast.com\/product\/yoast-seo-premium-wordpress\/ -->\n<title>Recrudescence des attaques \u00e0 l\u2019Est : \u00ab Il pourrait y avoir un lien avec la mort d\u2019Idriss D\u00e9by \u00bb, selon Mahamoudou Savadogo, expert des questions d\u2019extr\u00e9misme violent - Burkina Faso<\/title>\n<meta name=\"description\" content=\"Ces derniers temps, les attaques des groupes arm\u00e9s terroristes (GAT) s\u2019intensifient dans la r\u00e9gion de l\u2019Est. Le lundi ...\" \/>\n<meta name=\"robots\" content=\"index, follow, max-snippet:-1, max-image-preview:large, max-video-preview:-1\" \/>\n<link rel=\"canonical\" href=\"https:\/\/www.africa-press.net\/burkina-faso\/politique\/recrudescence-des-attaques-a-lest-il-pourrait-y-avoir-un-lien-avec-la-mort-didriss-deby-selon-mahamoudou-savadogo-expert-des-questions-dextremisme-violent\" \/>\n<meta property=\"og:locale\" content=\"fr_FR\" \/>\n<meta property=\"og:type\" content=\"article\" \/>\n<meta property=\"og:title\" content=\"Recrudescence des attaques \u00e0 l\u2019Est : \u00ab Il pourrait y avoir un lien avec la mort d\u2019Idriss D\u00e9by \u00bb, selon Mahamoudou Savadogo, expert des questions d\u2019extr\u00e9misme violent\" \/>\n<meta property=\"og:description\" content=\"Ces derniers temps, les attaques des groupes arm\u00e9s terroristes (GAT) s\u2019intensifient dans la r\u00e9gion de l\u2019Est. Le lundi ...\" \/>\n<meta property=\"og:url\" content=\"https:\/\/www.africa-press.net\/burkina-faso\/politique\/recrudescence-des-attaques-a-lest-il-pourrait-y-avoir-un-lien-avec-la-mort-didriss-deby-selon-mahamoudou-savadogo-expert-des-questions-dextremisme-violent\" \/>\n<meta property=\"og:site_name\" content=\"Burkina Faso\" \/>\n<meta property=\"article:published_time\" content=\"2021-05-05T14:24:31+00:00\" \/>\n<meta property=\"article:modified_time\" content=\"2021-05-05T16:44:44+00:00\" \/>\n<meta property=\"og:image\" content=\"https:\/\/static.africa-press.net\/burkina\/sites\/42\/2021\/05\/img-609283e5b7f80.jpg\" \/>\n\t<meta property=\"og:image:width\" content=\"720\" \/>\n\t<meta property=\"og:image:height\" content=\"396\" \/>\n\t<meta property=\"og:image:type\" content=\"image\/jpeg\" \/>\n<meta name=\"author\" content=\"cfeditorfr\" \/>\n<meta name=\"twitter:card\" content=\"summary_large_image\" \/>\n<meta name=\"twitter:label1\" content=\"\u00c9crit par\" \/>\n\t<meta name=\"twitter:data1\" content=\"cfeditorfr\" \/>\n\t<meta name=\"twitter:label2\" content=\"Dur\u00e9e de lecture estim\u00e9e\" \/>\n\t<meta name=\"twitter:data2\" content=\"8 minutes\" \/>\n<script type=\"application\/ld+json\" class=\"yoast-schema-graph\">{\"@context\":\"https:\/\/schema.org\",\"@graph\":[{\"@type\":\"Article\",\"@id\":\"https:\/\/www.africa-press.net\/burkina-faso\/politique\/recrudescence-des-attaques-a-lest-il-pourrait-y-avoir-un-lien-avec-la-mort-didriss-deby-selon-mahamoudou-savadogo-expert-des-questions-dextremisme-violent#article\",\"isPartOf\":{\"@id\":\"https:\/\/www.africa-press.net\/burkina-faso\/politique\/recrudescence-des-attaques-a-lest-il-pourrait-y-avoir-un-lien-avec-la-mort-didriss-deby-selon-mahamoudou-savadogo-expert-des-questions-dextremisme-violent\"},\"author\":{\"name\":\"cfeditorfr\",\"@id\":\"https:\/\/www.africa-press.net\/burkina-faso\/#\/schema\/person\/2b1cf3cd81a31e3cd26889ca66d677f1\"},\"headline\":\"Recrudescence des attaques \u00e0 l\u2019Est : \u00ab Il pourrait y avoir un lien avec la mort d\u2019Idriss D\u00e9by \u00bb, selon Mahamoudou Savadogo, expert des questions d\u2019extr\u00e9misme violent\",\"datePublished\":\"2021-05-05T14:24:31+00:00\",\"dateModified\":\"2021-05-05T16:44:44+00:00\",\"mainEntityOfPage\":{\"@id\":\"https:\/\/www.africa-press.net\/burkina-faso\/politique\/recrudescence-des-attaques-a-lest-il-pourrait-y-avoir-un-lien-avec-la-mort-didriss-deby-selon-mahamoudou-savadogo-expert-des-questions-dextremisme-violent\"},\"wordCount\":1546,\"commentCount\":0,\"image\":{\"@id\":\"https:\/\/www.africa-press.net\/burkina-faso\/politique\/recrudescence-des-attaques-a-lest-il-pourrait-y-avoir-un-lien-avec-la-mort-didriss-deby-selon-mahamoudou-savadogo-expert-des-questions-dextremisme-violent#primaryimage\"},\"thumbnailUrl\":\"https:\/\/static.africa-press.net\/burkina\/sites\/42\/2021\/05\/img-609283e5b7f80.jpg\",\"keywords\":[\"Africa Press\",\"Africa Press-Burkina Faso\",\"Burkina Faso\"],\"articleSection\":[\"homepage-french\",\"Politique\",\"Toutes les actualit\u00e9s\"],\"inLanguage\":\"fr-FR\",\"potentialAction\":[{\"@type\":\"CommentAction\",\"name\":\"Comment\",\"target\":[\"https:\/\/www.africa-press.net\/burkina-faso\/politique\/recrudescence-des-attaques-a-lest-il-pourrait-y-avoir-un-lien-avec-la-mort-didriss-deby-selon-mahamoudou-savadogo-expert-des-questions-dextremisme-violent#respond\"]}]},{\"@type\":\"WebPage\",\"@id\":\"https:\/\/www.africa-press.net\/burkina-faso\/politique\/recrudescence-des-attaques-a-lest-il-pourrait-y-avoir-un-lien-avec-la-mort-didriss-deby-selon-mahamoudou-savadogo-expert-des-questions-dextremisme-violent\",\"url\":\"https:\/\/www.africa-press.net\/burkina-faso\/politique\/recrudescence-des-attaques-a-lest-il-pourrait-y-avoir-un-lien-avec-la-mort-didriss-deby-selon-mahamoudou-savadogo-expert-des-questions-dextremisme-violent\",\"name\":\"Recrudescence des attaques \u00e0 l\u2019Est : \u00ab Il pourrait y avoir un lien avec la mort d\u2019Idriss D\u00e9by \u00bb, selon Mahamoudou Savadogo, expert des questions d\u2019extr\u00e9misme violent - Burkina Faso\",\"isPartOf\":{\"@id\":\"https:\/\/www.africa-press.net\/burkina-faso\/#website\"},\"primaryImageOfPage\":{\"@id\":\"https:\/\/www.africa-press.net\/burkina-faso\/politique\/recrudescence-des-attaques-a-lest-il-pourrait-y-avoir-un-lien-avec-la-mort-didriss-deby-selon-mahamoudou-savadogo-expert-des-questions-dextremisme-violent#primaryimage\"},\"image\":{\"@id\":\"https:\/\/www.africa-press.net\/burkina-faso\/politique\/recrudescence-des-attaques-a-lest-il-pourrait-y-avoir-un-lien-avec-la-mort-didriss-deby-selon-mahamoudou-savadogo-expert-des-questions-dextremisme-violent#primaryimage\"},\"thumbnailUrl\":\"https:\/\/static.africa-press.net\/burkina\/sites\/42\/2021\/05\/img-609283e5b7f80.jpg\",\"datePublished\":\"2021-05-05T14:24:31+00:00\",\"dateModified\":\"2021-05-05T16:44:44+00:00\",\"author\":{\"@id\":\"https:\/\/www.africa-press.net\/burkina-faso\/#\/schema\/person\/2b1cf3cd81a31e3cd26889ca66d677f1\"},\"description\":\"Ces derniers temps, les attaques des groupes arm\u00e9s terroristes (GAT) s\u2019intensifient dans la r\u00e9gion de l\u2019Est. Le lundi ...\",\"breadcrumb\":{\"@id\":\"https:\/\/www.africa-press.net\/burkina-faso\/politique\/recrudescence-des-attaques-a-lest-il-pourrait-y-avoir-un-lien-avec-la-mort-didriss-deby-selon-mahamoudou-savadogo-expert-des-questions-dextremisme-violent#breadcrumb\"},\"inLanguage\":\"fr-FR\",\"potentialAction\":[{\"@type\":\"ReadAction\",\"target\":[\"https:\/\/www.africa-press.net\/burkina-faso\/politique\/recrudescence-des-attaques-a-lest-il-pourrait-y-avoir-un-lien-avec-la-mort-didriss-deby-selon-mahamoudou-savadogo-expert-des-questions-dextremisme-violent\"]}]},{\"@type\":\"ImageObject\",\"inLanguage\":\"fr-FR\",\"@id\":\"https:\/\/www.africa-press.net\/burkina-faso\/politique\/recrudescence-des-attaques-a-lest-il-pourrait-y-avoir-un-lien-avec-la-mort-didriss-deby-selon-mahamoudou-savadogo-expert-des-questions-dextremisme-violent#primaryimage\",\"url\":\"https:\/\/static.africa-press.net\/burkina\/sites\/42\/2021\/05\/img-609283e5b7f80.jpg\",\"contentUrl\":\"https:\/\/static.africa-press.net\/burkina\/sites\/42\/2021\/05\/img-609283e5b7f80.jpg\",\"width\":720,\"height\":396,\"caption\":\"Recrudescence des attaques \u00e0 l\u2019Est : \u00ab Il pourrait y avoir un lien avec la mort d\u2019Idriss D\u00e9by \u00bb, selon Mahamoudou Savadogo, expert des questions d\u2019extr\u00e9misme violent\"},{\"@type\":\"BreadcrumbList\",\"@id\":\"https:\/\/www.africa-press.net\/burkina-faso\/politique\/recrudescence-des-attaques-a-lest-il-pourrait-y-avoir-un-lien-avec-la-mort-didriss-deby-selon-mahamoudou-savadogo-expert-des-questions-dextremisme-violent#breadcrumb\",\"itemListElement\":[{\"@type\":\"ListItem\",\"position\":1,\"name\":\"Accueil\",\"item\":\"https:\/\/www.africa-press.net\/burkina-faso\/\"},{\"@type\":\"ListItem\",\"position\":2,\"name\":\"Recrudescence des attaques \u00e0 l\u2019Est : \u00ab Il pourrait y avoir un lien avec la mort d\u2019Idriss D\u00e9by \u00bb, selon Mahamoudou Savadogo, expert des questions d\u2019extr\u00e9misme violent\"}]},{\"@type\":\"WebSite\",\"@id\":\"https:\/\/www.africa-press.net\/burkina-faso\/#website\",\"url\":\"https:\/\/www.africa-press.net\/burkina-faso\/\",\"name\":\"Burkina Faso\",\"description\":\"Just another Africa News Agency Sites site\",\"potentialAction\":[{\"@type\":\"SearchAction\",\"target\":{\"@type\":\"EntryPoint\",\"urlTemplate\":\"https:\/\/www.africa-press.net\/burkina-faso\/?s={search_term_string}\"},\"query-input\":{\"@type\":\"PropertyValueSpecification\",\"valueRequired\":true,\"valueName\":\"search_term_string\"}}],\"inLanguage\":\"fr-FR\"},{\"@type\":\"Person\",\"@id\":\"https:\/\/www.africa-press.net\/burkina-faso\/#\/schema\/person\/2b1cf3cd81a31e3cd26889ca66d677f1\",\"name\":\"cfeditorfr\"}]}<\/script>\n<!-- \/ Yoast SEO Premium plugin. -->","yoast_head_json":{"title":"Recrudescence des attaques \u00e0 l\u2019Est : \u00ab Il pourrait y avoir un lien avec la mort d\u2019Idriss D\u00e9by \u00bb, selon Mahamoudou Savadogo, expert des questions d\u2019extr\u00e9misme violent - Burkina Faso","description":"Ces derniers temps, les attaques des groupes arm\u00e9s terroristes (GAT) s\u2019intensifient dans la r\u00e9gion de l\u2019Est. Le lundi ...","robots":{"index":"index","follow":"follow","max-snippet":"max-snippet:-1","max-image-preview":"max-image-preview:large","max-video-preview":"max-video-preview:-1"},"canonical":"https:\/\/www.africa-press.net\/burkina-faso\/politique\/recrudescence-des-attaques-a-lest-il-pourrait-y-avoir-un-lien-avec-la-mort-didriss-deby-selon-mahamoudou-savadogo-expert-des-questions-dextremisme-violent","og_locale":"fr_FR","og_type":"article","og_title":"Recrudescence des attaques \u00e0 l\u2019Est : \u00ab Il pourrait y avoir un lien avec la mort d\u2019Idriss D\u00e9by \u00bb, selon Mahamoudou Savadogo, expert des questions d\u2019extr\u00e9misme violent","og_description":"Ces derniers temps, les attaques des groupes arm\u00e9s terroristes (GAT) s\u2019intensifient dans la r\u00e9gion de l\u2019Est. Le lundi ...","og_url":"https:\/\/www.africa-press.net\/burkina-faso\/politique\/recrudescence-des-attaques-a-lest-il-pourrait-y-avoir-un-lien-avec-la-mort-didriss-deby-selon-mahamoudou-savadogo-expert-des-questions-dextremisme-violent","og_site_name":"Burkina Faso","article_published_time":"2021-05-05T14:24:31+00:00","article_modified_time":"2021-05-05T16:44:44+00:00","og_image":[{"width":720,"height":396,"url":"https:\/\/static.africa-press.net\/burkina\/sites\/42\/2021\/05\/img-609283e5b7f80.jpg","type":"image\/jpeg"}],"author":"cfeditorfr","twitter_card":"summary_large_image","twitter_misc":{"\u00c9crit par":"cfeditorfr","Dur\u00e9e de lecture estim\u00e9e":"8 minutes"},"schema":{"@context":"https:\/\/schema.org","@graph":[{"@type":"Article","@id":"https:\/\/www.africa-press.net\/burkina-faso\/politique\/recrudescence-des-attaques-a-lest-il-pourrait-y-avoir-un-lien-avec-la-mort-didriss-deby-selon-mahamoudou-savadogo-expert-des-questions-dextremisme-violent#article","isPartOf":{"@id":"https:\/\/www.africa-press.net\/burkina-faso\/politique\/recrudescence-des-attaques-a-lest-il-pourrait-y-avoir-un-lien-avec-la-mort-didriss-deby-selon-mahamoudou-savadogo-expert-des-questions-dextremisme-violent"},"author":{"name":"cfeditorfr","@id":"https:\/\/www.africa-press.net\/burkina-faso\/#\/schema\/person\/2b1cf3cd81a31e3cd26889ca66d677f1"},"headline":"Recrudescence des attaques \u00e0 l\u2019Est : \u00ab Il pourrait y avoir un lien avec la mort d\u2019Idriss D\u00e9by \u00bb, selon Mahamoudou Savadogo, expert des questions d\u2019extr\u00e9misme violent","datePublished":"2021-05-05T14:24:31+00:00","dateModified":"2021-05-05T16:44:44+00:00","mainEntityOfPage":{"@id":"https:\/\/www.africa-press.net\/burkina-faso\/politique\/recrudescence-des-attaques-a-lest-il-pourrait-y-avoir-un-lien-avec-la-mort-didriss-deby-selon-mahamoudou-savadogo-expert-des-questions-dextremisme-violent"},"wordCount":1546,"commentCount":0,"image":{"@id":"https:\/\/www.africa-press.net\/burkina-faso\/politique\/recrudescence-des-attaques-a-lest-il-pourrait-y-avoir-un-lien-avec-la-mort-didriss-deby-selon-mahamoudou-savadogo-expert-des-questions-dextremisme-violent#primaryimage"},"thumbnailUrl":"https:\/\/static.africa-press.net\/burkina\/sites\/42\/2021\/05\/img-609283e5b7f80.jpg","keywords":["Africa Press","Africa Press-Burkina Faso","Burkina Faso"],"articleSection":["homepage-french","Politique","Toutes les actualit\u00e9s"],"inLanguage":"fr-FR","potentialAction":[{"@type":"CommentAction","name":"Comment","target":["https:\/\/www.africa-press.net\/burkina-faso\/politique\/recrudescence-des-attaques-a-lest-il-pourrait-y-avoir-un-lien-avec-la-mort-didriss-deby-selon-mahamoudou-savadogo-expert-des-questions-dextremisme-violent#respond"]}]},{"@type":"WebPage","@id":"https:\/\/www.africa-press.net\/burkina-faso\/politique\/recrudescence-des-attaques-a-lest-il-pourrait-y-avoir-un-lien-avec-la-mort-didriss-deby-selon-mahamoudou-savadogo-expert-des-questions-dextremisme-violent","url":"https:\/\/www.africa-press.net\/burkina-faso\/politique\/recrudescence-des-attaques-a-lest-il-pourrait-y-avoir-un-lien-avec-la-mort-didriss-deby-selon-mahamoudou-savadogo-expert-des-questions-dextremisme-violent","name":"Recrudescence des attaques \u00e0 l\u2019Est : \u00ab Il pourrait y avoir un lien avec la mort d\u2019Idriss D\u00e9by \u00bb, selon Mahamoudou Savadogo, expert des questions d\u2019extr\u00e9misme violent - Burkina Faso","isPartOf":{"@id":"https:\/\/www.africa-press.net\/burkina-faso\/#website"},"primaryImageOfPage":{"@id":"https:\/\/www.africa-press.net\/burkina-faso\/politique\/recrudescence-des-attaques-a-lest-il-pourrait-y-avoir-un-lien-avec-la-mort-didriss-deby-selon-mahamoudou-savadogo-expert-des-questions-dextremisme-violent#primaryimage"},"image":{"@id":"https:\/\/www.africa-press.net\/burkina-faso\/politique\/recrudescence-des-attaques-a-lest-il-pourrait-y-avoir-un-lien-avec-la-mort-didriss-deby-selon-mahamoudou-savadogo-expert-des-questions-dextremisme-violent#primaryimage"},"thumbnailUrl":"https:\/\/static.africa-press.net\/burkina\/sites\/42\/2021\/05\/img-609283e5b7f80.jpg","datePublished":"2021-05-05T14:24:31+00:00","dateModified":"2021-05-05T16:44:44+00:00","author":{"@id":"https:\/\/www.africa-press.net\/burkina-faso\/#\/schema\/person\/2b1cf3cd81a31e3cd26889ca66d677f1"},"description":"Ces derniers temps, les attaques des groupes arm\u00e9s terroristes (GAT) s\u2019intensifient dans la r\u00e9gion de l\u2019Est. Le lundi ...","breadcrumb":{"@id":"https:\/\/www.africa-press.net\/burkina-faso\/politique\/recrudescence-des-attaques-a-lest-il-pourrait-y-avoir-un-lien-avec-la-mort-didriss-deby-selon-mahamoudou-savadogo-expert-des-questions-dextremisme-violent#breadcrumb"},"inLanguage":"fr-FR","potentialAction":[{"@type":"ReadAction","target":["https:\/\/www.africa-press.net\/burkina-faso\/politique\/recrudescence-des-attaques-a-lest-il-pourrait-y-avoir-un-lien-avec-la-mort-didriss-deby-selon-mahamoudou-savadogo-expert-des-questions-dextremisme-violent"]}]},{"@type":"ImageObject","inLanguage":"fr-FR","@id":"https:\/\/www.africa-press.net\/burkina-faso\/politique\/recrudescence-des-attaques-a-lest-il-pourrait-y-avoir-un-lien-avec-la-mort-didriss-deby-selon-mahamoudou-savadogo-expert-des-questions-dextremisme-violent#primaryimage","url":"https:\/\/static.africa-press.net\/burkina\/sites\/42\/2021\/05\/img-609283e5b7f80.jpg","contentUrl":"https:\/\/static.africa-press.net\/burkina\/sites\/42\/2021\/05\/img-609283e5b7f80.jpg","width":720,"height":396,"caption":"Recrudescence des attaques \u00e0 l\u2019Est : \u00ab Il pourrait y avoir un lien avec la mort d\u2019Idriss D\u00e9by \u00bb, selon Mahamoudou Savadogo, expert des questions d\u2019extr\u00e9misme violent"},{"@type":"BreadcrumbList","@id":"https:\/\/www.africa-press.net\/burkina-faso\/politique\/recrudescence-des-attaques-a-lest-il-pourrait-y-avoir-un-lien-avec-la-mort-didriss-deby-selon-mahamoudou-savadogo-expert-des-questions-dextremisme-violent#breadcrumb","itemListElement":[{"@type":"ListItem","position":1,"name":"Accueil","item":"https:\/\/www.africa-press.net\/burkina-faso\/"},{"@type":"ListItem","position":2,"name":"Recrudescence des attaques \u00e0 l\u2019Est : \u00ab Il pourrait y avoir un lien avec la mort d\u2019Idriss D\u00e9by \u00bb, selon Mahamoudou Savadogo, expert des questions d\u2019extr\u00e9misme violent"}]},{"@type":"WebSite","@id":"https:\/\/www.africa-press.net\/burkina-faso\/#website","url":"https:\/\/www.africa-press.net\/burkina-faso\/","name":"Burkina Faso","description":"Just another Africa News Agency Sites site","potentialAction":[{"@type":"SearchAction","target":{"@type":"EntryPoint","urlTemplate":"https:\/\/www.africa-press.net\/burkina-faso\/?s={search_term_string}"},"query-input":{"@type":"PropertyValueSpecification","valueRequired":true,"valueName":"search_term_string"}}],"inLanguage":"fr-FR"},{"@type":"Person","@id":"https:\/\/www.africa-press.net\/burkina-faso\/#\/schema\/person\/2b1cf3cd81a31e3cd26889ca66d677f1","name":"cfeditorfr"}]}},"_links":{"self":[{"href":"https:\/\/www.africa-press.net\/burkina-faso\/wp-json\/wp\/v2\/posts\/11203","targetHints":{"allow":["GET"]}}],"collection":[{"href":"https:\/\/www.africa-press.net\/burkina-faso\/wp-json\/wp\/v2\/posts"}],"about":[{"href":"https:\/\/www.africa-press.net\/burkina-faso\/wp-json\/wp\/v2\/types\/post"}],"author":[{"embeddable":true,"href":"https:\/\/www.africa-press.net\/burkina-faso\/wp-json\/wp\/v2\/users\/82"}],"replies":[{"embeddable":true,"href":"https:\/\/www.africa-press.net\/burkina-faso\/wp-json\/wp\/v2\/comments?post=11203"}],"version-history":[{"count":0,"href":"https:\/\/www.africa-press.net\/burkina-faso\/wp-json\/wp\/v2\/posts\/11203\/revisions"}],"wp:featuredmedia":[{"embeddable":true,"href":"https:\/\/www.africa-press.net\/burkina-faso\/wp-json\/wp\/v2\/media\/11202"}],"wp:attachment":[{"href":"https:\/\/www.africa-press.net\/burkina-faso\/wp-json\/wp\/v2\/media?parent=11203"}],"wp:term":[{"taxonomy":"category","embeddable":true,"href":"https:\/\/www.africa-press.net\/burkina-faso\/wp-json\/wp\/v2\/categories?post=11203"},{"taxonomy":"post_tag","embeddable":true,"href":"https:\/\/www.africa-press.net\/burkina-faso\/wp-json\/wp\/v2\/tags?post=11203"}],"curies":[{"name":"wp","href":"https:\/\/api.w.org\/{rel}","templated":true}]}}