{"id":11278,"date":"2021-05-06T15:49:25","date_gmt":"2021-05-06T15:49:25","guid":{"rendered":"https:\/\/www.africa-press.net\/burkina-faso\/?p=11278"},"modified":"2021-05-07T14:57:37","modified_gmt":"2021-05-07T14:57:37","slug":"burkina-cote-divoire-zephirin-diabre-chez-alassane-ouattara","status":"publish","type":"post","link":"https:\/\/www.africa-press.net\/burkina-faso\/politique\/burkina-cote-divoire-zephirin-diabre-chez-alassane-ouattara","title":{"rendered":"Burkina-C\u00f4te d&rsquo;Ivoire : Z\u00e9phirin Diabr\u00e9 chez Alassane Ouattara"},"content":{"rendered":"<p><span style=\"color: #ff6600\"><strong><a href=\"https:\/\/www.africa-press.net\/\">Africa-Press<\/a> &#8211; <a href=\"https:\/\/www.africa-press.net\/burkina-faso\">Burkina Faso<\/a>. <\/strong><\/span><b>Le ministre de la Re\u0301conciliation nationale et de la coh\u00e9sion sociale, Ze\u0301phirin Diabre\u0301, a e\u0301te\u0301 rec\u0327u ce mercredi 5 mai 2021 par le Pre\u0301sident ivoirien Alassane Ouattara.<\/b><\/p>\n<p>Z\u00e9phirin Diabr\u00e9 est venu transmettre un message du Pr\u00e9sident du Faso, Roch Kabor\u00e9 dont il \u00e9tait le porteur, \u00e0 son homologue ivoirien. Cette audience \u00e9tait \u00e9galement une occasion pour les deux hommes d\u2019\u00e9changer sur le renforcement de la coop\u00e9ration entre les deux pays fr\u00e8res.<\/p>\n<p><b>\u00a0<\/b><\/p>\n","protected":false},"excerpt":{"rendered":"<p>Africa-Press &#8211; Burkina Faso. Le ministre de la Re\u0301conciliation nationale et de la coh\u00e9sion sociale, Ze\u0301phirin Diabre\u0301, a e\u0301te\u0301 rec\u0327u ce mercredi 5 mai 2021 par le Pre\u0301sident ivoirien Alassane Ouattara. Z\u00e9phirin Diabr\u00e9 est venu transmettre un message du Pr\u00e9sident du Faso, Roch Kabor\u00e9 dont il \u00e9tait le porteur, \u00e0 son homologue ivoirien. Cette audience [&hellip;]<\/p>\n","protected":false},"author":82,"featured_media":11277,"comment_status":"open","ping_status":"closed","sticky":false,"template":"","format":"standard","meta":{"footnotes":""},"categories":[11,2,10],"tags":[111,725,29],"class_list":["post-11278","post","type-post","status-publish","format-standard","has-post-thumbnail","hentry","category-homepage-french","category-politique","category-toutes-les-actualites","tag-africa-press","tag-africa-press-burkina-faso","tag-burkina-faso"],"yoast_head":"<!-- This site is optimized with the Yoast SEO Premium plugin v26.1 (Yoast SEO v27.0) - https:\/\/yoast.com\/product\/yoast-seo-premium-wordpress\/ -->\n<title>Burkina-C\u00f4te d&#039;Ivoire : Z\u00e9phirin Diabr\u00e9 chez Alassane Ouattara - Burkina Faso<\/title>\n<meta name=\"description\" content=\"Le ministre de la Re\u0301conciliation nationale et de la coh\u00e9sion sociale, Ze\u0301phirin Diabre\u0301, a e\u0301te\u0301 rec\u0327u ce mercredi 5 ...\" \/>\n<meta name=\"robots\" content=\"index, follow, max-snippet:-1, max-image-preview:large, max-video-preview:-1\" \/>\n<link rel=\"canonical\" href=\"https:\/\/www.africa-press.net\/burkina-faso\/politique\/burkina-cote-divoire-zephirin-diabre-chez-alassane-ouattara\" \/>\n<meta property=\"og:locale\" content=\"fr_FR\" \/>\n<meta property=\"og:type\" content=\"article\" \/>\n<meta property=\"og:title\" content=\"Burkina-C\u00f4te d&#039;Ivoire : Z\u00e9phirin Diabr\u00e9 chez Alassane Ouattara\" \/>\n<meta property=\"og:description\" content=\"Le ministre de la Re\u0301conciliation nationale et de la coh\u00e9sion sociale, Ze\u0301phirin Diabre\u0301, a e\u0301te\u0301 rec\u0327u ce mercredi 5 ...\" \/>\n<meta property=\"og:url\" content=\"https:\/\/www.africa-press.net\/burkina-faso\/politique\/burkina-cote-divoire-zephirin-diabre-chez-alassane-ouattara\" \/>\n<meta property=\"og:site_name\" content=\"Burkina Faso\" \/>\n<meta property=\"article:published_time\" content=\"2021-05-06T15:49:25+00:00\" \/>\n<meta property=\"article:modified_time\" content=\"2021-05-07T14:57:37+00:00\" \/>\n<meta property=\"og:image\" content=\"https:\/\/static.africa-press.net\/burkina\/sites\/42\/2021\/05\/img-60940bfcb5399.jpg\" \/>\n\t<meta property=\"og:image:width\" content=\"720\" \/>\n\t<meta property=\"og:image:height\" content=\"355\" \/>\n\t<meta property=\"og:image:type\" content=\"image\/jpeg\" \/>\n<meta name=\"author\" content=\"cfeditorfr\" \/>\n<meta name=\"twitter:card\" content=\"summary_large_image\" \/>\n<meta name=\"twitter:label1\" content=\"\u00c9crit par\" \/>\n\t<meta name=\"twitter:data1\" content=\"cfeditorfr\" \/>\n\t<meta name=\"twitter:label2\" content=\"Dur\u00e9e de lecture estim\u00e9e\" \/>\n\t<meta name=\"twitter:data2\" content=\"1 minute\" \/>\n<script type=\"application\/ld+json\" class=\"yoast-schema-graph\">{\"@context\":\"https:\/\/schema.org\",\"@graph\":[{\"@type\":\"Article\",\"@id\":\"https:\/\/www.africa-press.net\/burkina-faso\/politique\/burkina-cote-divoire-zephirin-diabre-chez-alassane-ouattara#article\",\"isPartOf\":{\"@id\":\"https:\/\/www.africa-press.net\/burkina-faso\/politique\/burkina-cote-divoire-zephirin-diabre-chez-alassane-ouattara\"},\"author\":{\"name\":\"cfeditorfr\",\"@id\":\"https:\/\/www.africa-press.net\/burkina-faso\/#\/schema\/person\/2b1cf3cd81a31e3cd26889ca66d677f1\"},\"headline\":\"Burkina-C\u00f4te d&rsquo;Ivoire : Z\u00e9phirin Diabr\u00e9 chez Alassane Ouattara\",\"datePublished\":\"2021-05-06T15:49:25+00:00\",\"dateModified\":\"2021-05-07T14:57:37+00:00\",\"mainEntityOfPage\":{\"@id\":\"https:\/\/www.africa-press.net\/burkina-faso\/politique\/burkina-cote-divoire-zephirin-diabre-chez-alassane-ouattara\"},\"wordCount\":93,\"commentCount\":0,\"image\":{\"@id\":\"https:\/\/www.africa-press.net\/burkina-faso\/politique\/burkina-cote-divoire-zephirin-diabre-chez-alassane-ouattara#primaryimage\"},\"thumbnailUrl\":\"https:\/\/static.africa-press.net\/burkina\/sites\/42\/2021\/05\/img-60940bfcb5399.jpg\",\"keywords\":[\"Africa Press\",\"Africa Press-Burkina Faso\",\"Burkina Faso\"],\"articleSection\":[\"homepage-french\",\"Politique\",\"Toutes les actualit\u00e9s\"],\"inLanguage\":\"fr-FR\",\"potentialAction\":[{\"@type\":\"CommentAction\",\"name\":\"Comment\",\"target\":[\"https:\/\/www.africa-press.net\/burkina-faso\/politique\/burkina-cote-divoire-zephirin-diabre-chez-alassane-ouattara#respond\"]}]},{\"@type\":\"WebPage\",\"@id\":\"https:\/\/www.africa-press.net\/burkina-faso\/politique\/burkina-cote-divoire-zephirin-diabre-chez-alassane-ouattara\",\"url\":\"https:\/\/www.africa-press.net\/burkina-faso\/politique\/burkina-cote-divoire-zephirin-diabre-chez-alassane-ouattara\",\"name\":\"Burkina-C\u00f4te d'Ivoire : Z\u00e9phirin Diabr\u00e9 chez Alassane Ouattara - Burkina Faso\",\"isPartOf\":{\"@id\":\"https:\/\/www.africa-press.net\/burkina-faso\/#website\"},\"primaryImageOfPage\":{\"@id\":\"https:\/\/www.africa-press.net\/burkina-faso\/politique\/burkina-cote-divoire-zephirin-diabre-chez-alassane-ouattara#primaryimage\"},\"image\":{\"@id\":\"https:\/\/www.africa-press.net\/burkina-faso\/politique\/burkina-cote-divoire-zephirin-diabre-chez-alassane-ouattara#primaryimage\"},\"thumbnailUrl\":\"https:\/\/static.africa-press.net\/burkina\/sites\/42\/2021\/05\/img-60940bfcb5399.jpg\",\"datePublished\":\"2021-05-06T15:49:25+00:00\",\"dateModified\":\"2021-05-07T14:57:37+00:00\",\"author\":{\"@id\":\"https:\/\/www.africa-press.net\/burkina-faso\/#\/schema\/person\/2b1cf3cd81a31e3cd26889ca66d677f1\"},\"description\":\"Le ministre de la Re\u0301conciliation nationale et de la coh\u00e9sion sociale, Ze\u0301phirin Diabre\u0301, a e\u0301te\u0301 rec\u0327u ce mercredi 5 ...\",\"breadcrumb\":{\"@id\":\"https:\/\/www.africa-press.net\/burkina-faso\/politique\/burkina-cote-divoire-zephirin-diabre-chez-alassane-ouattara#breadcrumb\"},\"inLanguage\":\"fr-FR\",\"potentialAction\":[{\"@type\":\"ReadAction\",\"target\":[\"https:\/\/www.africa-press.net\/burkina-faso\/politique\/burkina-cote-divoire-zephirin-diabre-chez-alassane-ouattara\"]}]},{\"@type\":\"ImageObject\",\"inLanguage\":\"fr-FR\",\"@id\":\"https:\/\/www.africa-press.net\/burkina-faso\/politique\/burkina-cote-divoire-zephirin-diabre-chez-alassane-ouattara#primaryimage\",\"url\":\"https:\/\/static.africa-press.net\/burkina\/sites\/42\/2021\/05\/img-60940bfcb5399.jpg\",\"contentUrl\":\"https:\/\/static.africa-press.net\/burkina\/sites\/42\/2021\/05\/img-60940bfcb5399.jpg\",\"width\":720,\"height\":355,\"caption\":\"Burkina-C\u00f4te d'Ivoire : Z\u00e9phirin Diabr\u00e9 chez Alassane Ouattara\"},{\"@type\":\"BreadcrumbList\",\"@id\":\"https:\/\/www.africa-press.net\/burkina-faso\/politique\/burkina-cote-divoire-zephirin-diabre-chez-alassane-ouattara#breadcrumb\",\"itemListElement\":[{\"@type\":\"ListItem\",\"position\":1,\"name\":\"Accueil\",\"item\":\"https:\/\/www.africa-press.net\/burkina-faso\/\"},{\"@type\":\"ListItem\",\"position\":2,\"name\":\"Burkina-C\u00f4te d&#8217;Ivoire : Z\u00e9phirin Diabr\u00e9 chez Alassane Ouattara\"}]},{\"@type\":\"WebSite\",\"@id\":\"https:\/\/www.africa-press.net\/burkina-faso\/#website\",\"url\":\"https:\/\/www.africa-press.net\/burkina-faso\/\",\"name\":\"Burkina Faso\",\"description\":\"Just another Africa News Agency Sites site\",\"potentialAction\":[{\"@type\":\"SearchAction\",\"target\":{\"@type\":\"EntryPoint\",\"urlTemplate\":\"https:\/\/www.africa-press.net\/burkina-faso\/?s={search_term_string}\"},\"query-input\":{\"@type\":\"PropertyValueSpecification\",\"valueRequired\":true,\"valueName\":\"search_term_string\"}}],\"inLanguage\":\"fr-FR\"},{\"@type\":\"Person\",\"@id\":\"https:\/\/www.africa-press.net\/burkina-faso\/#\/schema\/person\/2b1cf3cd81a31e3cd26889ca66d677f1\",\"name\":\"cfeditorfr\"}]}<\/script>\n<!-- \/ Yoast SEO Premium plugin. -->","yoast_head_json":{"title":"Burkina-C\u00f4te d'Ivoire : Z\u00e9phirin Diabr\u00e9 chez Alassane Ouattara - Burkina Faso","description":"Le ministre de la Re\u0301conciliation nationale et de la coh\u00e9sion sociale, Ze\u0301phirin Diabre\u0301, a e\u0301te\u0301 rec\u0327u ce mercredi 5 ...","robots":{"index":"index","follow":"follow","max-snippet":"max-snippet:-1","max-image-preview":"max-image-preview:large","max-video-preview":"max-video-preview:-1"},"canonical":"https:\/\/www.africa-press.net\/burkina-faso\/politique\/burkina-cote-divoire-zephirin-diabre-chez-alassane-ouattara","og_locale":"fr_FR","og_type":"article","og_title":"Burkina-C\u00f4te d'Ivoire : Z\u00e9phirin Diabr\u00e9 chez Alassane Ouattara","og_description":"Le ministre de la Re\u0301conciliation nationale et de la coh\u00e9sion sociale, Ze\u0301phirin Diabre\u0301, a e\u0301te\u0301 rec\u0327u ce mercredi 5 ...","og_url":"https:\/\/www.africa-press.net\/burkina-faso\/politique\/burkina-cote-divoire-zephirin-diabre-chez-alassane-ouattara","og_site_name":"Burkina Faso","article_published_time":"2021-05-06T15:49:25+00:00","article_modified_time":"2021-05-07T14:57:37+00:00","og_image":[{"width":720,"height":355,"url":"https:\/\/static.africa-press.net\/burkina\/sites\/42\/2021\/05\/img-60940bfcb5399.jpg","type":"image\/jpeg"}],"author":"cfeditorfr","twitter_card":"summary_large_image","twitter_misc":{"\u00c9crit par":"cfeditorfr","Dur\u00e9e de lecture estim\u00e9e":"1 minute"},"schema":{"@context":"https:\/\/schema.org","@graph":[{"@type":"Article","@id":"https:\/\/www.africa-press.net\/burkina-faso\/politique\/burkina-cote-divoire-zephirin-diabre-chez-alassane-ouattara#article","isPartOf":{"@id":"https:\/\/www.africa-press.net\/burkina-faso\/politique\/burkina-cote-divoire-zephirin-diabre-chez-alassane-ouattara"},"author":{"name":"cfeditorfr","@id":"https:\/\/www.africa-press.net\/burkina-faso\/#\/schema\/person\/2b1cf3cd81a31e3cd26889ca66d677f1"},"headline":"Burkina-C\u00f4te d&rsquo;Ivoire : Z\u00e9phirin Diabr\u00e9 chez Alassane Ouattara","datePublished":"2021-05-06T15:49:25+00:00","dateModified":"2021-05-07T14:57:37+00:00","mainEntityOfPage":{"@id":"https:\/\/www.africa-press.net\/burkina-faso\/politique\/burkina-cote-divoire-zephirin-diabre-chez-alassane-ouattara"},"wordCount":93,"commentCount":0,"image":{"@id":"https:\/\/www.africa-press.net\/burkina-faso\/politique\/burkina-cote-divoire-zephirin-diabre-chez-alassane-ouattara#primaryimage"},"thumbnailUrl":"https:\/\/static.africa-press.net\/burkina\/sites\/42\/2021\/05\/img-60940bfcb5399.jpg","keywords":["Africa Press","Africa Press-Burkina Faso","Burkina Faso"],"articleSection":["homepage-french","Politique","Toutes les actualit\u00e9s"],"inLanguage":"fr-FR","potentialAction":[{"@type":"CommentAction","name":"Comment","target":["https:\/\/www.africa-press.net\/burkina-faso\/politique\/burkina-cote-divoire-zephirin-diabre-chez-alassane-ouattara#respond"]}]},{"@type":"WebPage","@id":"https:\/\/www.africa-press.net\/burkina-faso\/politique\/burkina-cote-divoire-zephirin-diabre-chez-alassane-ouattara","url":"https:\/\/www.africa-press.net\/burkina-faso\/politique\/burkina-cote-divoire-zephirin-diabre-chez-alassane-ouattara","name":"Burkina-C\u00f4te d'Ivoire : Z\u00e9phirin Diabr\u00e9 chez Alassane Ouattara - Burkina Faso","isPartOf":{"@id":"https:\/\/www.africa-press.net\/burkina-faso\/#website"},"primaryImageOfPage":{"@id":"https:\/\/www.africa-press.net\/burkina-faso\/politique\/burkina-cote-divoire-zephirin-diabre-chez-alassane-ouattara#primaryimage"},"image":{"@id":"https:\/\/www.africa-press.net\/burkina-faso\/politique\/burkina-cote-divoire-zephirin-diabre-chez-alassane-ouattara#primaryimage"},"thumbnailUrl":"https:\/\/static.africa-press.net\/burkina\/sites\/42\/2021\/05\/img-60940bfcb5399.jpg","datePublished":"2021-05-06T15:49:25+00:00","dateModified":"2021-05-07T14:57:37+00:00","author":{"@id":"https:\/\/www.africa-press.net\/burkina-faso\/#\/schema\/person\/2b1cf3cd81a31e3cd26889ca66d677f1"},"description":"Le ministre de la Re\u0301conciliation nationale et de la coh\u00e9sion sociale, Ze\u0301phirin Diabre\u0301, a e\u0301te\u0301 rec\u0327u ce mercredi 5 ...","breadcrumb":{"@id":"https:\/\/www.africa-press.net\/burkina-faso\/politique\/burkina-cote-divoire-zephirin-diabre-chez-alassane-ouattara#breadcrumb"},"inLanguage":"fr-FR","potentialAction":[{"@type":"ReadAction","target":["https:\/\/www.africa-press.net\/burkina-faso\/politique\/burkina-cote-divoire-zephirin-diabre-chez-alassane-ouattara"]}]},{"@type":"ImageObject","inLanguage":"fr-FR","@id":"https:\/\/www.africa-press.net\/burkina-faso\/politique\/burkina-cote-divoire-zephirin-diabre-chez-alassane-ouattara#primaryimage","url":"https:\/\/static.africa-press.net\/burkina\/sites\/42\/2021\/05\/img-60940bfcb5399.jpg","contentUrl":"https:\/\/static.africa-press.net\/burkina\/sites\/42\/2021\/05\/img-60940bfcb5399.jpg","width":720,"height":355,"caption":"Burkina-C\u00f4te d'Ivoire : Z\u00e9phirin Diabr\u00e9 chez Alassane Ouattara"},{"@type":"BreadcrumbList","@id":"https:\/\/www.africa-press.net\/burkina-faso\/politique\/burkina-cote-divoire-zephirin-diabre-chez-alassane-ouattara#breadcrumb","itemListElement":[{"@type":"ListItem","position":1,"name":"Accueil","item":"https:\/\/www.africa-press.net\/burkina-faso\/"},{"@type":"ListItem","position":2,"name":"Burkina-C\u00f4te d&#8217;Ivoire : Z\u00e9phirin Diabr\u00e9 chez Alassane Ouattara"}]},{"@type":"WebSite","@id":"https:\/\/www.africa-press.net\/burkina-faso\/#website","url":"https:\/\/www.africa-press.net\/burkina-faso\/","name":"Burkina Faso","description":"Just another Africa News Agency Sites site","potentialAction":[{"@type":"SearchAction","target":{"@type":"EntryPoint","urlTemplate":"https:\/\/www.africa-press.net\/burkina-faso\/?s={search_term_string}"},"query-input":{"@type":"PropertyValueSpecification","valueRequired":true,"valueName":"search_term_string"}}],"inLanguage":"fr-FR"},{"@type":"Person","@id":"https:\/\/www.africa-press.net\/burkina-faso\/#\/schema\/person\/2b1cf3cd81a31e3cd26889ca66d677f1","name":"cfeditorfr"}]}},"_links":{"self":[{"href":"https:\/\/www.africa-press.net\/burkina-faso\/wp-json\/wp\/v2\/posts\/11278","targetHints":{"allow":["GET"]}}],"collection":[{"href":"https:\/\/www.africa-press.net\/burkina-faso\/wp-json\/wp\/v2\/posts"}],"about":[{"href":"https:\/\/www.africa-press.net\/burkina-faso\/wp-json\/wp\/v2\/types\/post"}],"author":[{"embeddable":true,"href":"https:\/\/www.africa-press.net\/burkina-faso\/wp-json\/wp\/v2\/users\/82"}],"replies":[{"embeddable":true,"href":"https:\/\/www.africa-press.net\/burkina-faso\/wp-json\/wp\/v2\/comments?post=11278"}],"version-history":[{"count":0,"href":"https:\/\/www.africa-press.net\/burkina-faso\/wp-json\/wp\/v2\/posts\/11278\/revisions"}],"wp:featuredmedia":[{"embeddable":true,"href":"https:\/\/www.africa-press.net\/burkina-faso\/wp-json\/wp\/v2\/media\/11277"}],"wp:attachment":[{"href":"https:\/\/www.africa-press.net\/burkina-faso\/wp-json\/wp\/v2\/media?parent=11278"}],"wp:term":[{"taxonomy":"category","embeddable":true,"href":"https:\/\/www.africa-press.net\/burkina-faso\/wp-json\/wp\/v2\/categories?post=11278"},{"taxonomy":"post_tag","embeddable":true,"href":"https:\/\/www.africa-press.net\/burkina-faso\/wp-json\/wp\/v2\/tags?post=11278"}],"curies":[{"name":"wp","href":"https:\/\/api.w.org\/{rel}","templated":true}]}}