{"id":11281,"date":"2021-05-06T15:55:14","date_gmt":"2021-05-06T15:55:14","guid":{"rendered":"https:\/\/www.africa-press.net\/burkina-faso\/?p=11281"},"modified":"2021-05-07T14:57:47","modified_gmt":"2021-05-07T14:57:47","slug":"action-humanitaire-le-burkina-enregistre-environ-18-000-nouveaux-deplaces-internes-suite-aux-recentes-attaques-terroristes","status":"publish","type":"post","link":"https:\/\/www.africa-press.net\/burkina-faso\/toutes-les-actualites\/action-humanitaire-le-burkina-enregistre-environ-18-000-nouveaux-deplaces-internes-suite-aux-recentes-attaques-terroristes","title":{"rendered":"Action humanitaire : Le Burkina enregistre environ 18 000 nouveaux d\u00e9plac\u00e9s internes suite aux r\u00e9centes attaques terroristes"},"content":{"rendered":"<p><span style=\"color: #ff6600\"><strong><a href=\"https:\/\/www.africa-press.net\/\">Africa-Press<\/a> &#8211; <a href=\"https:\/\/www.africa-press.net\/burkina-faso\">Burkina Faso<\/a>. <\/strong><\/span><b>L\u2019hebdomadaire conseil des ministres s\u2019est tenu ce mercredi 5 mai 2021 sous la direction du pr\u00e9sident du Faso, Roch Kabor\u00e9. Au menu de cette s\u00e9ance, plusieurs rapports et d\u00e9crets ont \u00e9t\u00e9 adopt\u00e9s. Il ressort que le nombre de personnes d\u00e9plac\u00e9es internes conna\u00eet une hausse, ces derniers jours.<\/b><\/p>\n<p>La ministre en charge de l\u2019Action humanitaire, Laurence Ilboudo, a fait le point des d\u00e9plac\u00e9s internes. Les r\u00e9centes attaques terroristes ont occasionn\u00e9 des mouvements. Au Nord, ce sont 10 225 personnes qui ont fui leurs localit\u00e9s ; au Sahel, 3252 et \u00e0 l\u2019Est, 4447 personnes. \u00ab Le gouvernement a not\u00e9 avec satisfaction les mesures d\u2019urgence prises par ce d\u00e9partement qui a consist\u00e9 \u00e0 accueillir et loger ces personnes \u00bb, a pr\u00e9cis\u00e9 le ministre de la Communication, Ouss\u00e9ni Tamboura.<\/p>\n<p>En faisant le point de la r\u00e9union gouvernementale, le porte-parole du gouvernement a rappel\u00e9 le convoi de l\u2019aide alimentaire pour les d\u00e9plac\u00e9s internes. \u00ab Certaines localit\u00e9s n\u2019ont pas pu \u00eatre ravitaill\u00e9es en aliment pour raison de s\u00e9curit\u00e9. Il est donc envisag\u00e9 des acheminements par voie a\u00e9rienne \u00bb, a-t-il rassur\u00e9.<\/p>\n<p><b>Ouvertures de trois consulats \u00e0 l\u2019\u00e9tranger<\/b><\/p>\n<p>Au cours de cette s\u00e9ance, pour le minist\u00e8re en charge des Affaires \u00e9trang\u00e8res et de la Coop\u00e9ration, le conseil des ministres a adopt\u00e9 six d\u00e9crets dont trois portant ouverture de consulats honoraires. Le premier porte sur l\u2019ouverture d\u2019un consulat \u00e0 Bujumbura, au Burundi ; le deuxi\u00e8me \u00e0 Houston, aux Etats-Unis et le dernier \u00e0 New Jersey, aux Etats-Unis. Les trois autres d\u00e9crets portent sur les nominations des consuls \u00e0 ces postes.<\/p>\n<p>Un rapport sur le bilan 2020 de la mise en \u0153uvre du Programme des infrastructures socio\u00e9conomiques (PRISE) a \u00e9t\u00e9 examin\u00e9. Ce programme vise l\u2019acc\u00e9l\u00e9ration d\u2019une offre d\u2019\u00e9ducation, d\u2019eau et de sant\u00e9 rapide. Pour l\u2019\u00e9ducation, il ressort que 42 complexes scolaires ont \u00e9t\u00e9 construits en 2020 sur un objectif de 42 complexes au d\u00e9part. En ce qui concerne la sant\u00e9, 23 CSPS (Centre de sant\u00e9 et de promotion sociale) ont \u00e9t\u00e9 construits sur un objectif de 25. Sur 97 forages, 69 ont pu \u00eatre r\u00e9alis\u00e9s.<\/p>\n<p>La construction des b\u00e2timents administratifs et le r\u00e9seau routier en milieu rural font \u00e9galement partie de ce programme et des r\u00e9alisations ont \u00e9t\u00e9 faites. D\u2019une mani\u00e8re g\u00e9n\u00e9rale, le PRISE a connu un taux global d\u2019ex\u00e9cution de plus de 95% et de d\u00e9penses de 11 milliards FCFA, a ajout\u00e9 le porte-parole du gouvernement.<br \/>\nA l\u2019entame de ce conseil des ministres, le gouvernement a eu une pens\u00e9e de solidarit\u00e9 \u00e0 l\u2019endroit des familles des Burkinab\u00e8 tu\u00e9s par les r\u00e9centes attaques terroristes \u00e0 l\u2019Est et dans le Sahel, a indiqu\u00e9 le ministre Ouss\u00e9ni Tamboura.<\/p>\n<p><b>Cryspin Masneang Laoundiki<br \/>\n<\/b><\/p>\n","protected":false},"excerpt":{"rendered":"<p>Africa-Press &#8211; Burkina Faso. L\u2019hebdomadaire conseil des ministres s\u2019est tenu ce mercredi 5 mai 2021 sous la direction du pr\u00e9sident du Faso, Roch Kabor\u00e9. Au menu de cette s\u00e9ance, plusieurs rapports et d\u00e9crets ont \u00e9t\u00e9 adopt\u00e9s. Il ressort que le nombre de personnes d\u00e9plac\u00e9es internes conna\u00eet une hausse, ces derniers jours. La ministre en charge [&hellip;]<\/p>\n","protected":false},"author":82,"featured_media":11280,"comment_status":"open","ping_status":"closed","sticky":false,"template":"","format":"standard","meta":{"footnotes":""},"categories":[21,11,10],"tags":[111,725,29],"class_list":["post-11281","post","type-post","status-publish","format-standard","has-post-thumbnail","hentry","category-communaute","category-homepage-french","category-toutes-les-actualites","tag-africa-press","tag-africa-press-burkina-faso","tag-burkina-faso"],"yoast_head":"<!-- This site is optimized with the Yoast SEO Premium plugin v26.1 (Yoast SEO v27.0) - https:\/\/yoast.com\/product\/yoast-seo-premium-wordpress\/ -->\n<title>Action humanitaire : Le Burkina enregistre environ 18 000 nouveaux d\u00e9plac\u00e9s internes suite aux r\u00e9centes attaques terroristes - Burkina Faso<\/title>\n<meta name=\"description\" content=\"L\u2019hebdomadaire conseil des ministres s\u2019est tenu ce mercredi 5 mai 2021 sous la direction du pr\u00e9sident du Faso, Roch K ...\" \/>\n<meta name=\"robots\" content=\"index, follow, max-snippet:-1, max-image-preview:large, max-video-preview:-1\" \/>\n<link rel=\"canonical\" href=\"https:\/\/www.africa-press.net\/burkina-faso\/toutes-les-actualites\/action-humanitaire-le-burkina-enregistre-environ-18-000-nouveaux-deplaces-internes-suite-aux-recentes-attaques-terroristes\" \/>\n<meta property=\"og:locale\" content=\"fr_FR\" \/>\n<meta property=\"og:type\" content=\"article\" \/>\n<meta property=\"og:title\" content=\"Action humanitaire : Le Burkina enregistre environ 18 000 nouveaux d\u00e9plac\u00e9s internes suite aux r\u00e9centes attaques terroristes\" \/>\n<meta property=\"og:description\" content=\"L\u2019hebdomadaire conseil des ministres s\u2019est tenu ce mercredi 5 mai 2021 sous la direction du pr\u00e9sident du Faso, Roch K ...\" \/>\n<meta property=\"og:url\" content=\"https:\/\/www.africa-press.net\/burkina-faso\/toutes-les-actualites\/action-humanitaire-le-burkina-enregistre-environ-18-000-nouveaux-deplaces-internes-suite-aux-recentes-attaques-terroristes\" \/>\n<meta property=\"og:site_name\" content=\"Burkina Faso\" \/>\n<meta property=\"article:published_time\" content=\"2021-05-06T15:55:14+00:00\" \/>\n<meta property=\"article:modified_time\" content=\"2021-05-07T14:57:47+00:00\" \/>\n<meta property=\"og:image\" content=\"https:\/\/static.africa-press.net\/burkina\/sites\/42\/2021\/05\/img-60940c2b26214.jpg\" \/>\n\t<meta property=\"og:image:width\" content=\"720\" \/>\n\t<meta property=\"og:image:height\" content=\"453\" \/>\n\t<meta property=\"og:image:type\" content=\"image\/jpeg\" \/>\n<meta name=\"author\" content=\"cfeditorfr\" \/>\n<meta name=\"twitter:card\" content=\"summary_large_image\" \/>\n<meta name=\"twitter:label1\" content=\"\u00c9crit par\" \/>\n\t<meta name=\"twitter:data1\" content=\"cfeditorfr\" \/>\n\t<meta name=\"twitter:label2\" content=\"Dur\u00e9e de lecture estim\u00e9e\" \/>\n\t<meta name=\"twitter:data2\" content=\"2 minutes\" \/>\n<script type=\"application\/ld+json\" class=\"yoast-schema-graph\">{\"@context\":\"https:\/\/schema.org\",\"@graph\":[{\"@type\":\"Article\",\"@id\":\"https:\/\/www.africa-press.net\/burkina-faso\/toutes-les-actualites\/action-humanitaire-le-burkina-enregistre-environ-18-000-nouveaux-deplaces-internes-suite-aux-recentes-attaques-terroristes#article\",\"isPartOf\":{\"@id\":\"https:\/\/www.africa-press.net\/burkina-faso\/toutes-les-actualites\/action-humanitaire-le-burkina-enregistre-environ-18-000-nouveaux-deplaces-internes-suite-aux-recentes-attaques-terroristes\"},\"author\":{\"name\":\"cfeditorfr\",\"@id\":\"https:\/\/www.africa-press.net\/burkina-faso\/#\/schema\/person\/2b1cf3cd81a31e3cd26889ca66d677f1\"},\"headline\":\"Action humanitaire : Le Burkina enregistre environ 18 000 nouveaux d\u00e9plac\u00e9s internes suite aux r\u00e9centes attaques terroristes\",\"datePublished\":\"2021-05-06T15:55:14+00:00\",\"dateModified\":\"2021-05-07T14:57:47+00:00\",\"mainEntityOfPage\":{\"@id\":\"https:\/\/www.africa-press.net\/burkina-faso\/toutes-les-actualites\/action-humanitaire-le-burkina-enregistre-environ-18-000-nouveaux-deplaces-internes-suite-aux-recentes-attaques-terroristes\"},\"wordCount\":485,\"commentCount\":0,\"image\":{\"@id\":\"https:\/\/www.africa-press.net\/burkina-faso\/toutes-les-actualites\/action-humanitaire-le-burkina-enregistre-environ-18-000-nouveaux-deplaces-internes-suite-aux-recentes-attaques-terroristes#primaryimage\"},\"thumbnailUrl\":\"https:\/\/static.africa-press.net\/burkina\/sites\/42\/2021\/05\/img-60940c2b26214.jpg\",\"keywords\":[\"Africa Press\",\"Africa Press-Burkina Faso\",\"Burkina Faso\"],\"articleSection\":[\"Communaut\u00e9\",\"homepage-french\",\"Toutes les actualit\u00e9s\"],\"inLanguage\":\"fr-FR\",\"potentialAction\":[{\"@type\":\"CommentAction\",\"name\":\"Comment\",\"target\":[\"https:\/\/www.africa-press.net\/burkina-faso\/toutes-les-actualites\/action-humanitaire-le-burkina-enregistre-environ-18-000-nouveaux-deplaces-internes-suite-aux-recentes-attaques-terroristes#respond\"]}]},{\"@type\":\"WebPage\",\"@id\":\"https:\/\/www.africa-press.net\/burkina-faso\/toutes-les-actualites\/action-humanitaire-le-burkina-enregistre-environ-18-000-nouveaux-deplaces-internes-suite-aux-recentes-attaques-terroristes\",\"url\":\"https:\/\/www.africa-press.net\/burkina-faso\/toutes-les-actualites\/action-humanitaire-le-burkina-enregistre-environ-18-000-nouveaux-deplaces-internes-suite-aux-recentes-attaques-terroristes\",\"name\":\"Action humanitaire : Le Burkina enregistre environ 18 000 nouveaux d\u00e9plac\u00e9s internes suite aux r\u00e9centes attaques terroristes - Burkina Faso\",\"isPartOf\":{\"@id\":\"https:\/\/www.africa-press.net\/burkina-faso\/#website\"},\"primaryImageOfPage\":{\"@id\":\"https:\/\/www.africa-press.net\/burkina-faso\/toutes-les-actualites\/action-humanitaire-le-burkina-enregistre-environ-18-000-nouveaux-deplaces-internes-suite-aux-recentes-attaques-terroristes#primaryimage\"},\"image\":{\"@id\":\"https:\/\/www.africa-press.net\/burkina-faso\/toutes-les-actualites\/action-humanitaire-le-burkina-enregistre-environ-18-000-nouveaux-deplaces-internes-suite-aux-recentes-attaques-terroristes#primaryimage\"},\"thumbnailUrl\":\"https:\/\/static.africa-press.net\/burkina\/sites\/42\/2021\/05\/img-60940c2b26214.jpg\",\"datePublished\":\"2021-05-06T15:55:14+00:00\",\"dateModified\":\"2021-05-07T14:57:47+00:00\",\"author\":{\"@id\":\"https:\/\/www.africa-press.net\/burkina-faso\/#\/schema\/person\/2b1cf3cd81a31e3cd26889ca66d677f1\"},\"description\":\"L\u2019hebdomadaire conseil des ministres s\u2019est tenu ce mercredi 5 mai 2021 sous la direction du pr\u00e9sident du Faso, Roch K ...\",\"breadcrumb\":{\"@id\":\"https:\/\/www.africa-press.net\/burkina-faso\/toutes-les-actualites\/action-humanitaire-le-burkina-enregistre-environ-18-000-nouveaux-deplaces-internes-suite-aux-recentes-attaques-terroristes#breadcrumb\"},\"inLanguage\":\"fr-FR\",\"potentialAction\":[{\"@type\":\"ReadAction\",\"target\":[\"https:\/\/www.africa-press.net\/burkina-faso\/toutes-les-actualites\/action-humanitaire-le-burkina-enregistre-environ-18-000-nouveaux-deplaces-internes-suite-aux-recentes-attaques-terroristes\"]}]},{\"@type\":\"ImageObject\",\"inLanguage\":\"fr-FR\",\"@id\":\"https:\/\/www.africa-press.net\/burkina-faso\/toutes-les-actualites\/action-humanitaire-le-burkina-enregistre-environ-18-000-nouveaux-deplaces-internes-suite-aux-recentes-attaques-terroristes#primaryimage\",\"url\":\"https:\/\/static.africa-press.net\/burkina\/sites\/42\/2021\/05\/img-60940c2b26214.jpg\",\"contentUrl\":\"https:\/\/static.africa-press.net\/burkina\/sites\/42\/2021\/05\/img-60940c2b26214.jpg\",\"width\":720,\"height\":453,\"caption\":\"Action humanitaire : Le Burkina enregistre environ 18 000 nouveaux d\u00e9plac\u00e9s internes suite aux r\u00e9centes attaques terroristes\"},{\"@type\":\"BreadcrumbList\",\"@id\":\"https:\/\/www.africa-press.net\/burkina-faso\/toutes-les-actualites\/action-humanitaire-le-burkina-enregistre-environ-18-000-nouveaux-deplaces-internes-suite-aux-recentes-attaques-terroristes#breadcrumb\",\"itemListElement\":[{\"@type\":\"ListItem\",\"position\":1,\"name\":\"Accueil\",\"item\":\"https:\/\/www.africa-press.net\/burkina-faso\/\"},{\"@type\":\"ListItem\",\"position\":2,\"name\":\"Action humanitaire : Le Burkina enregistre environ 18 000 nouveaux d\u00e9plac\u00e9s internes suite aux r\u00e9centes attaques terroristes\"}]},{\"@type\":\"WebSite\",\"@id\":\"https:\/\/www.africa-press.net\/burkina-faso\/#website\",\"url\":\"https:\/\/www.africa-press.net\/burkina-faso\/\",\"name\":\"Burkina Faso\",\"description\":\"Just another Africa News Agency Sites site\",\"potentialAction\":[{\"@type\":\"SearchAction\",\"target\":{\"@type\":\"EntryPoint\",\"urlTemplate\":\"https:\/\/www.africa-press.net\/burkina-faso\/?s={search_term_string}\"},\"query-input\":{\"@type\":\"PropertyValueSpecification\",\"valueRequired\":true,\"valueName\":\"search_term_string\"}}],\"inLanguage\":\"fr-FR\"},{\"@type\":\"Person\",\"@id\":\"https:\/\/www.africa-press.net\/burkina-faso\/#\/schema\/person\/2b1cf3cd81a31e3cd26889ca66d677f1\",\"name\":\"cfeditorfr\"}]}<\/script>\n<!-- \/ Yoast SEO Premium plugin. -->","yoast_head_json":{"title":"Action humanitaire : Le Burkina enregistre environ 18 000 nouveaux d\u00e9plac\u00e9s internes suite aux r\u00e9centes attaques terroristes - Burkina Faso","description":"L\u2019hebdomadaire conseil des ministres s\u2019est tenu ce mercredi 5 mai 2021 sous la direction du pr\u00e9sident du Faso, Roch K ...","robots":{"index":"index","follow":"follow","max-snippet":"max-snippet:-1","max-image-preview":"max-image-preview:large","max-video-preview":"max-video-preview:-1"},"canonical":"https:\/\/www.africa-press.net\/burkina-faso\/toutes-les-actualites\/action-humanitaire-le-burkina-enregistre-environ-18-000-nouveaux-deplaces-internes-suite-aux-recentes-attaques-terroristes","og_locale":"fr_FR","og_type":"article","og_title":"Action humanitaire : Le Burkina enregistre environ 18 000 nouveaux d\u00e9plac\u00e9s internes suite aux r\u00e9centes attaques terroristes","og_description":"L\u2019hebdomadaire conseil des ministres s\u2019est tenu ce mercredi 5 mai 2021 sous la direction du pr\u00e9sident du Faso, Roch K ...","og_url":"https:\/\/www.africa-press.net\/burkina-faso\/toutes-les-actualites\/action-humanitaire-le-burkina-enregistre-environ-18-000-nouveaux-deplaces-internes-suite-aux-recentes-attaques-terroristes","og_site_name":"Burkina Faso","article_published_time":"2021-05-06T15:55:14+00:00","article_modified_time":"2021-05-07T14:57:47+00:00","og_image":[{"width":720,"height":453,"url":"https:\/\/static.africa-press.net\/burkina\/sites\/42\/2021\/05\/img-60940c2b26214.jpg","type":"image\/jpeg"}],"author":"cfeditorfr","twitter_card":"summary_large_image","twitter_misc":{"\u00c9crit par":"cfeditorfr","Dur\u00e9e de lecture estim\u00e9e":"2 minutes"},"schema":{"@context":"https:\/\/schema.org","@graph":[{"@type":"Article","@id":"https:\/\/www.africa-press.net\/burkina-faso\/toutes-les-actualites\/action-humanitaire-le-burkina-enregistre-environ-18-000-nouveaux-deplaces-internes-suite-aux-recentes-attaques-terroristes#article","isPartOf":{"@id":"https:\/\/www.africa-press.net\/burkina-faso\/toutes-les-actualites\/action-humanitaire-le-burkina-enregistre-environ-18-000-nouveaux-deplaces-internes-suite-aux-recentes-attaques-terroristes"},"author":{"name":"cfeditorfr","@id":"https:\/\/www.africa-press.net\/burkina-faso\/#\/schema\/person\/2b1cf3cd81a31e3cd26889ca66d677f1"},"headline":"Action humanitaire : Le Burkina enregistre environ 18 000 nouveaux d\u00e9plac\u00e9s internes suite aux r\u00e9centes attaques terroristes","datePublished":"2021-05-06T15:55:14+00:00","dateModified":"2021-05-07T14:57:47+00:00","mainEntityOfPage":{"@id":"https:\/\/www.africa-press.net\/burkina-faso\/toutes-les-actualites\/action-humanitaire-le-burkina-enregistre-environ-18-000-nouveaux-deplaces-internes-suite-aux-recentes-attaques-terroristes"},"wordCount":485,"commentCount":0,"image":{"@id":"https:\/\/www.africa-press.net\/burkina-faso\/toutes-les-actualites\/action-humanitaire-le-burkina-enregistre-environ-18-000-nouveaux-deplaces-internes-suite-aux-recentes-attaques-terroristes#primaryimage"},"thumbnailUrl":"https:\/\/static.africa-press.net\/burkina\/sites\/42\/2021\/05\/img-60940c2b26214.jpg","keywords":["Africa Press","Africa Press-Burkina Faso","Burkina Faso"],"articleSection":["Communaut\u00e9","homepage-french","Toutes les actualit\u00e9s"],"inLanguage":"fr-FR","potentialAction":[{"@type":"CommentAction","name":"Comment","target":["https:\/\/www.africa-press.net\/burkina-faso\/toutes-les-actualites\/action-humanitaire-le-burkina-enregistre-environ-18-000-nouveaux-deplaces-internes-suite-aux-recentes-attaques-terroristes#respond"]}]},{"@type":"WebPage","@id":"https:\/\/www.africa-press.net\/burkina-faso\/toutes-les-actualites\/action-humanitaire-le-burkina-enregistre-environ-18-000-nouveaux-deplaces-internes-suite-aux-recentes-attaques-terroristes","url":"https:\/\/www.africa-press.net\/burkina-faso\/toutes-les-actualites\/action-humanitaire-le-burkina-enregistre-environ-18-000-nouveaux-deplaces-internes-suite-aux-recentes-attaques-terroristes","name":"Action humanitaire : Le Burkina enregistre environ 18 000 nouveaux d\u00e9plac\u00e9s internes suite aux r\u00e9centes attaques terroristes - Burkina Faso","isPartOf":{"@id":"https:\/\/www.africa-press.net\/burkina-faso\/#website"},"primaryImageOfPage":{"@id":"https:\/\/www.africa-press.net\/burkina-faso\/toutes-les-actualites\/action-humanitaire-le-burkina-enregistre-environ-18-000-nouveaux-deplaces-internes-suite-aux-recentes-attaques-terroristes#primaryimage"},"image":{"@id":"https:\/\/www.africa-press.net\/burkina-faso\/toutes-les-actualites\/action-humanitaire-le-burkina-enregistre-environ-18-000-nouveaux-deplaces-internes-suite-aux-recentes-attaques-terroristes#primaryimage"},"thumbnailUrl":"https:\/\/static.africa-press.net\/burkina\/sites\/42\/2021\/05\/img-60940c2b26214.jpg","datePublished":"2021-05-06T15:55:14+00:00","dateModified":"2021-05-07T14:57:47+00:00","author":{"@id":"https:\/\/www.africa-press.net\/burkina-faso\/#\/schema\/person\/2b1cf3cd81a31e3cd26889ca66d677f1"},"description":"L\u2019hebdomadaire conseil des ministres s\u2019est tenu ce mercredi 5 mai 2021 sous la direction du pr\u00e9sident du Faso, Roch K ...","breadcrumb":{"@id":"https:\/\/www.africa-press.net\/burkina-faso\/toutes-les-actualites\/action-humanitaire-le-burkina-enregistre-environ-18-000-nouveaux-deplaces-internes-suite-aux-recentes-attaques-terroristes#breadcrumb"},"inLanguage":"fr-FR","potentialAction":[{"@type":"ReadAction","target":["https:\/\/www.africa-press.net\/burkina-faso\/toutes-les-actualites\/action-humanitaire-le-burkina-enregistre-environ-18-000-nouveaux-deplaces-internes-suite-aux-recentes-attaques-terroristes"]}]},{"@type":"ImageObject","inLanguage":"fr-FR","@id":"https:\/\/www.africa-press.net\/burkina-faso\/toutes-les-actualites\/action-humanitaire-le-burkina-enregistre-environ-18-000-nouveaux-deplaces-internes-suite-aux-recentes-attaques-terroristes#primaryimage","url":"https:\/\/static.africa-press.net\/burkina\/sites\/42\/2021\/05\/img-60940c2b26214.jpg","contentUrl":"https:\/\/static.africa-press.net\/burkina\/sites\/42\/2021\/05\/img-60940c2b26214.jpg","width":720,"height":453,"caption":"Action humanitaire : Le Burkina enregistre environ 18 000 nouveaux d\u00e9plac\u00e9s internes suite aux r\u00e9centes attaques terroristes"},{"@type":"BreadcrumbList","@id":"https:\/\/www.africa-press.net\/burkina-faso\/toutes-les-actualites\/action-humanitaire-le-burkina-enregistre-environ-18-000-nouveaux-deplaces-internes-suite-aux-recentes-attaques-terroristes#breadcrumb","itemListElement":[{"@type":"ListItem","position":1,"name":"Accueil","item":"https:\/\/www.africa-press.net\/burkina-faso\/"},{"@type":"ListItem","position":2,"name":"Action humanitaire : Le Burkina enregistre environ 18 000 nouveaux d\u00e9plac\u00e9s internes suite aux r\u00e9centes attaques terroristes"}]},{"@type":"WebSite","@id":"https:\/\/www.africa-press.net\/burkina-faso\/#website","url":"https:\/\/www.africa-press.net\/burkina-faso\/","name":"Burkina Faso","description":"Just another Africa News Agency Sites site","potentialAction":[{"@type":"SearchAction","target":{"@type":"EntryPoint","urlTemplate":"https:\/\/www.africa-press.net\/burkina-faso\/?s={search_term_string}"},"query-input":{"@type":"PropertyValueSpecification","valueRequired":true,"valueName":"search_term_string"}}],"inLanguage":"fr-FR"},{"@type":"Person","@id":"https:\/\/www.africa-press.net\/burkina-faso\/#\/schema\/person\/2b1cf3cd81a31e3cd26889ca66d677f1","name":"cfeditorfr"}]}},"_links":{"self":[{"href":"https:\/\/www.africa-press.net\/burkina-faso\/wp-json\/wp\/v2\/posts\/11281","targetHints":{"allow":["GET"]}}],"collection":[{"href":"https:\/\/www.africa-press.net\/burkina-faso\/wp-json\/wp\/v2\/posts"}],"about":[{"href":"https:\/\/www.africa-press.net\/burkina-faso\/wp-json\/wp\/v2\/types\/post"}],"author":[{"embeddable":true,"href":"https:\/\/www.africa-press.net\/burkina-faso\/wp-json\/wp\/v2\/users\/82"}],"replies":[{"embeddable":true,"href":"https:\/\/www.africa-press.net\/burkina-faso\/wp-json\/wp\/v2\/comments?post=11281"}],"version-history":[{"count":0,"href":"https:\/\/www.africa-press.net\/burkina-faso\/wp-json\/wp\/v2\/posts\/11281\/revisions"}],"wp:featuredmedia":[{"embeddable":true,"href":"https:\/\/www.africa-press.net\/burkina-faso\/wp-json\/wp\/v2\/media\/11280"}],"wp:attachment":[{"href":"https:\/\/www.africa-press.net\/burkina-faso\/wp-json\/wp\/v2\/media?parent=11281"}],"wp:term":[{"taxonomy":"category","embeddable":true,"href":"https:\/\/www.africa-press.net\/burkina-faso\/wp-json\/wp\/v2\/categories?post=11281"},{"taxonomy":"post_tag","embeddable":true,"href":"https:\/\/www.africa-press.net\/burkina-faso\/wp-json\/wp\/v2\/tags?post=11281"}],"curies":[{"name":"wp","href":"https:\/\/api.w.org\/{rel}","templated":true}]}}