{"id":11284,"date":"2021-05-06T16:07:04","date_gmt":"2021-05-06T16:07:04","guid":{"rendered":"https:\/\/www.africa-press.net\/burkina-faso\/?p=11284"},"modified":"2021-05-07T14:58:40","modified_gmt":"2021-05-07T14:58:40","slug":"burkina-faso-le-cilss-annonce-une-saison-pluvieuse-2021-humide","status":"publish","type":"post","link":"https:\/\/www.africa-press.net\/burkina-faso\/toutes-les-actualites\/burkina-faso-le-cilss-annonce-une-saison-pluvieuse-2021-humide","title":{"rendered":"Le CILSS annonce une saison pluvieuse 2021\u00a0humide"},"content":{"rendered":"<p><span style=\"color: #ff6600\"><strong><a href=\"https:\/\/www.africa-press.net\/\">Africa-Press<\/a> &#8211; <a href=\"https:\/\/www.africa-press.net\/burkina-faso\">Burkina Faso<\/a>. <\/strong><\/span>Le Comit\u00e9 permanent Inter-Etat de Lutte contre la S\u00e9cheresse dans le Sahel (CILSS) a annonc\u00e9 ce mercredi 5 mai 2021, \u00e0 Ouagadougou, qu\u2019il est attendu une saison de pluie de 2021 globalement humide. La rencontre a \u00e9t\u00e9 plac\u00e9e sous le th\u00e8me \u00absituation alimentaire et nutritionnelle 2020-2021 et les pr\u00e9visions saisonni\u00e8res agro-hydro-climatiques pour les pays de la zone sah\u00e9lienne pour la p\u00e9riode 2021-2022\u00bb.<\/p>\n<p>Dans le but de mieux pr\u00e9parer la campagne agricole 2020-2021 et d\u2019anticiper les risques d\u2019inondation r\u00e9currents dans la r\u00e9gion, les experts du Comit\u00e9 permanent Inter-Etat de Lutte contre la S\u00e9cheresse dans le Sahel (CILSS) ont pr\u00e9sent\u00e9 les tendances de la saison des pluies et les \u00e9coulements des principaux cours, ce mercredi 5 mai 2021.<\/p>\n<p>Les experts du CILSS ont laiss\u00e9 entendre, qu\u2019en mati\u00e8re de pr\u00e9visions saisonni\u00e8res agro-hydro-climatiques pour les zones sah\u00e9lienne et soudanaise, la saison pluvieuse de 2021 sera globalement humide. Quant aux dates de fin de saison, elles seront globalement tardives \u00e0 normales sur presque toutes les bandes sah\u00e9liennes et soudanaises.<\/p>\n<p>\u00ab On s\u2019attend \u00e0 une saison beaucoup plus tardive sur l\u2019ensemble de notre sous-r\u00e9gion \u00bb, a soutenu Dr Abdou Ali, chef du d\u00e9partement information et recherche au CRA\/CILSS.<\/p>\n<p>Cette pr\u00e9vision, pour le secr\u00e9taire ex\u00e9cutif, Dr Abdoulaye Mohamadou, permet au citoyen lambda de connaitre les zones qui risquent d\u2019\u00eatre affect\u00e9es par la famine afin d\u2019anticiper la solution.<\/p>\n<p>\u00ab \u00c7a donne de grandes tendances qui permettent aux Etats de prendre des d\u00e9cisions, d\u2019anticiper sur la situation de la campagne. Le producteur qui a ce service, qui sait que la campagne sera tardive, choisira les semences appropri\u00e9es parce qu\u2019il y a des semences qui conviennent pour une saison tardive et des semences qui conviennent pour une saison pr\u00e9coce, en fonction de leur cycle \u00bb, a-t-il d\u00e9clar\u00e9.<\/p>\n<p>Il est \u00e0 noter que la saison des pluies d\u00e9butera de fa\u00e7on pr\u00e9coce sur la bande sah\u00e9lienne allant du Centre-ouest du Mali au Tchad ainsi qu\u2019aux parties du Nord des pays du Golfe de Guin\u00e9e. Mais dans les zones couvrant l\u2019extr\u00eame Sud S\u00e9n\u00e9gal, la Guin\u00e9e-Bissau, la Guin\u00e9e, l\u2019Ouest du Mali, les dates de d\u00e9but de saison seront probablement normales ou tardives.<\/p>\n<p>Par ailleurs, sur le Burkina Faso, la partie Ouest du Niger, le Sud du Mali , les parties Nord du Benin, du Togo, du Ghana, de la C\u00f4te d\u2019Ivoire et de la Guin\u00e9e, des s\u00e9quences s\u00e8ches longues et courtes seront observ\u00e9es.<\/p>\n<p>Au regard de ces pr\u00e9visions, le CILSS et ses partenaires ont recommand\u00e9 une gestion anticipative des risques d\u2019inondation, de s\u00e9cheresse, d\u2019attaques phytosanitaires, de maladies hydriques. Ils ont recommand\u00e9 aussi une adaptation du calendrier cultural et pastoral en fonction des profils de saison. Alice Suglimani THIOMBIANO<\/p>\n","protected":false},"excerpt":{"rendered":"<p>Africa-Press &#8211; Burkina Faso. Le Comit\u00e9 permanent Inter-Etat de Lutte contre la S\u00e9cheresse dans le Sahel (CILSS) a annonc\u00e9 ce mercredi 5 mai 2021, \u00e0 Ouagadougou, qu\u2019il est attendu une saison de pluie de 2021 globalement humide. La rencontre a \u00e9t\u00e9 plac\u00e9e sous le th\u00e8me \u00absituation alimentaire et nutritionnelle 2020-2021 et les pr\u00e9visions saisonni\u00e8res agro-hydro-climatiques [&hellip;]<\/p>\n","protected":false},"author":82,"featured_media":11283,"comment_status":"open","ping_status":"closed","sticky":false,"template":"","format":"standard","meta":{"footnotes":""},"categories":[21,11,10],"tags":[111,725,29],"class_list":["post-11284","post","type-post","status-publish","format-standard","has-post-thumbnail","hentry","category-communaute","category-homepage-french","category-toutes-les-actualites","tag-africa-press","tag-africa-press-burkina-faso","tag-burkina-faso"],"yoast_head":"<!-- This site is optimized with the Yoast SEO Premium plugin v26.1 (Yoast SEO v27.0) - https:\/\/yoast.com\/product\/yoast-seo-premium-wordpress\/ -->\n<title>Le CILSS annonce une saison pluvieuse 2021\u00a0humide - Burkina Faso<\/title>\n<meta name=\"description\" content=\"Le Comit\u00e9 permanent Inter-Etat de Lutte contre la S\u00e9cheresse dans le Sahel (CILSS) a annonc\u00e9 ce mercredi 5 mai 2021, \u00e0 O ...\" \/>\n<meta name=\"robots\" content=\"index, follow, max-snippet:-1, max-image-preview:large, max-video-preview:-1\" \/>\n<link rel=\"canonical\" href=\"https:\/\/www.africa-press.net\/burkina-faso\/toutes-les-actualites\/burkina-faso-le-cilss-annonce-une-saison-pluvieuse-2021-humide\" \/>\n<meta property=\"og:locale\" content=\"fr_FR\" \/>\n<meta property=\"og:type\" content=\"article\" \/>\n<meta property=\"og:title\" content=\"Le CILSS annonce une saison pluvieuse 2021\u00a0humide\" \/>\n<meta property=\"og:description\" content=\"Le Comit\u00e9 permanent Inter-Etat de Lutte contre la S\u00e9cheresse dans le Sahel (CILSS) a annonc\u00e9 ce mercredi 5 mai 2021, \u00e0 O ...\" \/>\n<meta property=\"og:url\" content=\"https:\/\/www.africa-press.net\/burkina-faso\/toutes-les-actualites\/burkina-faso-le-cilss-annonce-une-saison-pluvieuse-2021-humide\" \/>\n<meta property=\"og:site_name\" content=\"Burkina Faso\" \/>\n<meta property=\"article:published_time\" content=\"2021-05-06T16:07:04+00:00\" \/>\n<meta property=\"article:modified_time\" content=\"2021-05-07T14:58:40+00:00\" \/>\n<meta property=\"og:image\" content=\"https:\/\/static.africa-press.net\/burkina\/sites\/42\/2021\/05\/img-60940c5cedf0e.jpg\" \/>\n\t<meta property=\"og:image:width\" content=\"960\" \/>\n\t<meta property=\"og:image:height\" content=\"540\" \/>\n\t<meta property=\"og:image:type\" content=\"image\/jpeg\" \/>\n<meta name=\"author\" content=\"cfeditorfr\" \/>\n<meta name=\"twitter:card\" content=\"summary_large_image\" \/>\n<meta name=\"twitter:label1\" content=\"\u00c9crit par\" \/>\n\t<meta name=\"twitter:data1\" content=\"cfeditorfr\" \/>\n\t<meta name=\"twitter:label2\" content=\"Dur\u00e9e de lecture estim\u00e9e\" \/>\n\t<meta name=\"twitter:data2\" content=\"2 minutes\" \/>\n<script type=\"application\/ld+json\" class=\"yoast-schema-graph\">{\"@context\":\"https:\/\/schema.org\",\"@graph\":[{\"@type\":\"Article\",\"@id\":\"https:\/\/www.africa-press.net\/burkina-faso\/toutes-les-actualites\/burkina-faso-le-cilss-annonce-une-saison-pluvieuse-2021-humide#article\",\"isPartOf\":{\"@id\":\"https:\/\/www.africa-press.net\/burkina-faso\/toutes-les-actualites\/burkina-faso-le-cilss-annonce-une-saison-pluvieuse-2021-humide\"},\"author\":{\"name\":\"cfeditorfr\",\"@id\":\"https:\/\/www.africa-press.net\/burkina-faso\/#\/schema\/person\/2b1cf3cd81a31e3cd26889ca66d677f1\"},\"headline\":\"Le CILSS annonce une saison pluvieuse 2021\u00a0humide\",\"datePublished\":\"2021-05-06T16:07:04+00:00\",\"dateModified\":\"2021-05-07T14:58:40+00:00\",\"mainEntityOfPage\":{\"@id\":\"https:\/\/www.africa-press.net\/burkina-faso\/toutes-les-actualites\/burkina-faso-le-cilss-annonce-une-saison-pluvieuse-2021-humide\"},\"wordCount\":492,\"commentCount\":0,\"image\":{\"@id\":\"https:\/\/www.africa-press.net\/burkina-faso\/toutes-les-actualites\/burkina-faso-le-cilss-annonce-une-saison-pluvieuse-2021-humide#primaryimage\"},\"thumbnailUrl\":\"https:\/\/static.africa-press.net\/burkina\/sites\/42\/2021\/05\/img-60940c5cedf0e.jpg\",\"keywords\":[\"Africa Press\",\"Africa Press-Burkina Faso\",\"Burkina Faso\"],\"articleSection\":[\"Communaut\u00e9\",\"homepage-french\",\"Toutes les actualit\u00e9s\"],\"inLanguage\":\"fr-FR\",\"potentialAction\":[{\"@type\":\"CommentAction\",\"name\":\"Comment\",\"target\":[\"https:\/\/www.africa-press.net\/burkina-faso\/toutes-les-actualites\/burkina-faso-le-cilss-annonce-une-saison-pluvieuse-2021-humide#respond\"]}]},{\"@type\":\"WebPage\",\"@id\":\"https:\/\/www.africa-press.net\/burkina-faso\/toutes-les-actualites\/burkina-faso-le-cilss-annonce-une-saison-pluvieuse-2021-humide\",\"url\":\"https:\/\/www.africa-press.net\/burkina-faso\/toutes-les-actualites\/burkina-faso-le-cilss-annonce-une-saison-pluvieuse-2021-humide\",\"name\":\"Le CILSS annonce une saison pluvieuse 2021\u00a0humide - Burkina Faso\",\"isPartOf\":{\"@id\":\"https:\/\/www.africa-press.net\/burkina-faso\/#website\"},\"primaryImageOfPage\":{\"@id\":\"https:\/\/www.africa-press.net\/burkina-faso\/toutes-les-actualites\/burkina-faso-le-cilss-annonce-une-saison-pluvieuse-2021-humide#primaryimage\"},\"image\":{\"@id\":\"https:\/\/www.africa-press.net\/burkina-faso\/toutes-les-actualites\/burkina-faso-le-cilss-annonce-une-saison-pluvieuse-2021-humide#primaryimage\"},\"thumbnailUrl\":\"https:\/\/static.africa-press.net\/burkina\/sites\/42\/2021\/05\/img-60940c5cedf0e.jpg\",\"datePublished\":\"2021-05-06T16:07:04+00:00\",\"dateModified\":\"2021-05-07T14:58:40+00:00\",\"author\":{\"@id\":\"https:\/\/www.africa-press.net\/burkina-faso\/#\/schema\/person\/2b1cf3cd81a31e3cd26889ca66d677f1\"},\"description\":\"Le Comit\u00e9 permanent Inter-Etat de Lutte contre la S\u00e9cheresse dans le Sahel (CILSS) a annonc\u00e9 ce mercredi 5 mai 2021, \u00e0 O ...\",\"breadcrumb\":{\"@id\":\"https:\/\/www.africa-press.net\/burkina-faso\/toutes-les-actualites\/burkina-faso-le-cilss-annonce-une-saison-pluvieuse-2021-humide#breadcrumb\"},\"inLanguage\":\"fr-FR\",\"potentialAction\":[{\"@type\":\"ReadAction\",\"target\":[\"https:\/\/www.africa-press.net\/burkina-faso\/toutes-les-actualites\/burkina-faso-le-cilss-annonce-une-saison-pluvieuse-2021-humide\"]}]},{\"@type\":\"ImageObject\",\"inLanguage\":\"fr-FR\",\"@id\":\"https:\/\/www.africa-press.net\/burkina-faso\/toutes-les-actualites\/burkina-faso-le-cilss-annonce-une-saison-pluvieuse-2021-humide#primaryimage\",\"url\":\"https:\/\/static.africa-press.net\/burkina\/sites\/42\/2021\/05\/img-60940c5cedf0e.jpg\",\"contentUrl\":\"https:\/\/static.africa-press.net\/burkina\/sites\/42\/2021\/05\/img-60940c5cedf0e.jpg\",\"width\":960,\"height\":540,\"caption\":\"Burkina Faso\u00a0: Le CILSS annonce une saison pluvieuse 2021\u00a0humide\"},{\"@type\":\"BreadcrumbList\",\"@id\":\"https:\/\/www.africa-press.net\/burkina-faso\/toutes-les-actualites\/burkina-faso-le-cilss-annonce-une-saison-pluvieuse-2021-humide#breadcrumb\",\"itemListElement\":[{\"@type\":\"ListItem\",\"position\":1,\"name\":\"Accueil\",\"item\":\"https:\/\/www.africa-press.net\/burkina-faso\/\"},{\"@type\":\"ListItem\",\"position\":2,\"name\":\"Le CILSS annonce une saison pluvieuse 2021\u00a0humide\"}]},{\"@type\":\"WebSite\",\"@id\":\"https:\/\/www.africa-press.net\/burkina-faso\/#website\",\"url\":\"https:\/\/www.africa-press.net\/burkina-faso\/\",\"name\":\"Burkina Faso\",\"description\":\"Just another Africa News Agency Sites site\",\"potentialAction\":[{\"@type\":\"SearchAction\",\"target\":{\"@type\":\"EntryPoint\",\"urlTemplate\":\"https:\/\/www.africa-press.net\/burkina-faso\/?s={search_term_string}\"},\"query-input\":{\"@type\":\"PropertyValueSpecification\",\"valueRequired\":true,\"valueName\":\"search_term_string\"}}],\"inLanguage\":\"fr-FR\"},{\"@type\":\"Person\",\"@id\":\"https:\/\/www.africa-press.net\/burkina-faso\/#\/schema\/person\/2b1cf3cd81a31e3cd26889ca66d677f1\",\"name\":\"cfeditorfr\"}]}<\/script>\n<!-- \/ Yoast SEO Premium plugin. -->","yoast_head_json":{"title":"Le CILSS annonce une saison pluvieuse 2021\u00a0humide - Burkina Faso","description":"Le Comit\u00e9 permanent Inter-Etat de Lutte contre la S\u00e9cheresse dans le Sahel (CILSS) a annonc\u00e9 ce mercredi 5 mai 2021, \u00e0 O ...","robots":{"index":"index","follow":"follow","max-snippet":"max-snippet:-1","max-image-preview":"max-image-preview:large","max-video-preview":"max-video-preview:-1"},"canonical":"https:\/\/www.africa-press.net\/burkina-faso\/toutes-les-actualites\/burkina-faso-le-cilss-annonce-une-saison-pluvieuse-2021-humide","og_locale":"fr_FR","og_type":"article","og_title":"Le CILSS annonce une saison pluvieuse 2021\u00a0humide","og_description":"Le Comit\u00e9 permanent Inter-Etat de Lutte contre la S\u00e9cheresse dans le Sahel (CILSS) a annonc\u00e9 ce mercredi 5 mai 2021, \u00e0 O ...","og_url":"https:\/\/www.africa-press.net\/burkina-faso\/toutes-les-actualites\/burkina-faso-le-cilss-annonce-une-saison-pluvieuse-2021-humide","og_site_name":"Burkina Faso","article_published_time":"2021-05-06T16:07:04+00:00","article_modified_time":"2021-05-07T14:58:40+00:00","og_image":[{"width":960,"height":540,"url":"https:\/\/static.africa-press.net\/burkina\/sites\/42\/2021\/05\/img-60940c5cedf0e.jpg","type":"image\/jpeg"}],"author":"cfeditorfr","twitter_card":"summary_large_image","twitter_misc":{"\u00c9crit par":"cfeditorfr","Dur\u00e9e de lecture estim\u00e9e":"2 minutes"},"schema":{"@context":"https:\/\/schema.org","@graph":[{"@type":"Article","@id":"https:\/\/www.africa-press.net\/burkina-faso\/toutes-les-actualites\/burkina-faso-le-cilss-annonce-une-saison-pluvieuse-2021-humide#article","isPartOf":{"@id":"https:\/\/www.africa-press.net\/burkina-faso\/toutes-les-actualites\/burkina-faso-le-cilss-annonce-une-saison-pluvieuse-2021-humide"},"author":{"name":"cfeditorfr","@id":"https:\/\/www.africa-press.net\/burkina-faso\/#\/schema\/person\/2b1cf3cd81a31e3cd26889ca66d677f1"},"headline":"Le CILSS annonce une saison pluvieuse 2021\u00a0humide","datePublished":"2021-05-06T16:07:04+00:00","dateModified":"2021-05-07T14:58:40+00:00","mainEntityOfPage":{"@id":"https:\/\/www.africa-press.net\/burkina-faso\/toutes-les-actualites\/burkina-faso-le-cilss-annonce-une-saison-pluvieuse-2021-humide"},"wordCount":492,"commentCount":0,"image":{"@id":"https:\/\/www.africa-press.net\/burkina-faso\/toutes-les-actualites\/burkina-faso-le-cilss-annonce-une-saison-pluvieuse-2021-humide#primaryimage"},"thumbnailUrl":"https:\/\/static.africa-press.net\/burkina\/sites\/42\/2021\/05\/img-60940c5cedf0e.jpg","keywords":["Africa Press","Africa Press-Burkina Faso","Burkina Faso"],"articleSection":["Communaut\u00e9","homepage-french","Toutes les actualit\u00e9s"],"inLanguage":"fr-FR","potentialAction":[{"@type":"CommentAction","name":"Comment","target":["https:\/\/www.africa-press.net\/burkina-faso\/toutes-les-actualites\/burkina-faso-le-cilss-annonce-une-saison-pluvieuse-2021-humide#respond"]}]},{"@type":"WebPage","@id":"https:\/\/www.africa-press.net\/burkina-faso\/toutes-les-actualites\/burkina-faso-le-cilss-annonce-une-saison-pluvieuse-2021-humide","url":"https:\/\/www.africa-press.net\/burkina-faso\/toutes-les-actualites\/burkina-faso-le-cilss-annonce-une-saison-pluvieuse-2021-humide","name":"Le CILSS annonce une saison pluvieuse 2021\u00a0humide - Burkina Faso","isPartOf":{"@id":"https:\/\/www.africa-press.net\/burkina-faso\/#website"},"primaryImageOfPage":{"@id":"https:\/\/www.africa-press.net\/burkina-faso\/toutes-les-actualites\/burkina-faso-le-cilss-annonce-une-saison-pluvieuse-2021-humide#primaryimage"},"image":{"@id":"https:\/\/www.africa-press.net\/burkina-faso\/toutes-les-actualites\/burkina-faso-le-cilss-annonce-une-saison-pluvieuse-2021-humide#primaryimage"},"thumbnailUrl":"https:\/\/static.africa-press.net\/burkina\/sites\/42\/2021\/05\/img-60940c5cedf0e.jpg","datePublished":"2021-05-06T16:07:04+00:00","dateModified":"2021-05-07T14:58:40+00:00","author":{"@id":"https:\/\/www.africa-press.net\/burkina-faso\/#\/schema\/person\/2b1cf3cd81a31e3cd26889ca66d677f1"},"description":"Le Comit\u00e9 permanent Inter-Etat de Lutte contre la S\u00e9cheresse dans le Sahel (CILSS) a annonc\u00e9 ce mercredi 5 mai 2021, \u00e0 O ...","breadcrumb":{"@id":"https:\/\/www.africa-press.net\/burkina-faso\/toutes-les-actualites\/burkina-faso-le-cilss-annonce-une-saison-pluvieuse-2021-humide#breadcrumb"},"inLanguage":"fr-FR","potentialAction":[{"@type":"ReadAction","target":["https:\/\/www.africa-press.net\/burkina-faso\/toutes-les-actualites\/burkina-faso-le-cilss-annonce-une-saison-pluvieuse-2021-humide"]}]},{"@type":"ImageObject","inLanguage":"fr-FR","@id":"https:\/\/www.africa-press.net\/burkina-faso\/toutes-les-actualites\/burkina-faso-le-cilss-annonce-une-saison-pluvieuse-2021-humide#primaryimage","url":"https:\/\/static.africa-press.net\/burkina\/sites\/42\/2021\/05\/img-60940c5cedf0e.jpg","contentUrl":"https:\/\/static.africa-press.net\/burkina\/sites\/42\/2021\/05\/img-60940c5cedf0e.jpg","width":960,"height":540,"caption":"Burkina Faso\u00a0: Le CILSS annonce une saison pluvieuse 2021\u00a0humide"},{"@type":"BreadcrumbList","@id":"https:\/\/www.africa-press.net\/burkina-faso\/toutes-les-actualites\/burkina-faso-le-cilss-annonce-une-saison-pluvieuse-2021-humide#breadcrumb","itemListElement":[{"@type":"ListItem","position":1,"name":"Accueil","item":"https:\/\/www.africa-press.net\/burkina-faso\/"},{"@type":"ListItem","position":2,"name":"Le CILSS annonce une saison pluvieuse 2021\u00a0humide"}]},{"@type":"WebSite","@id":"https:\/\/www.africa-press.net\/burkina-faso\/#website","url":"https:\/\/www.africa-press.net\/burkina-faso\/","name":"Burkina Faso","description":"Just another Africa News Agency Sites site","potentialAction":[{"@type":"SearchAction","target":{"@type":"EntryPoint","urlTemplate":"https:\/\/www.africa-press.net\/burkina-faso\/?s={search_term_string}"},"query-input":{"@type":"PropertyValueSpecification","valueRequired":true,"valueName":"search_term_string"}}],"inLanguage":"fr-FR"},{"@type":"Person","@id":"https:\/\/www.africa-press.net\/burkina-faso\/#\/schema\/person\/2b1cf3cd81a31e3cd26889ca66d677f1","name":"cfeditorfr"}]}},"_links":{"self":[{"href":"https:\/\/www.africa-press.net\/burkina-faso\/wp-json\/wp\/v2\/posts\/11284","targetHints":{"allow":["GET"]}}],"collection":[{"href":"https:\/\/www.africa-press.net\/burkina-faso\/wp-json\/wp\/v2\/posts"}],"about":[{"href":"https:\/\/www.africa-press.net\/burkina-faso\/wp-json\/wp\/v2\/types\/post"}],"author":[{"embeddable":true,"href":"https:\/\/www.africa-press.net\/burkina-faso\/wp-json\/wp\/v2\/users\/82"}],"replies":[{"embeddable":true,"href":"https:\/\/www.africa-press.net\/burkina-faso\/wp-json\/wp\/v2\/comments?post=11284"}],"version-history":[{"count":0,"href":"https:\/\/www.africa-press.net\/burkina-faso\/wp-json\/wp\/v2\/posts\/11284\/revisions"}],"wp:featuredmedia":[{"embeddable":true,"href":"https:\/\/www.africa-press.net\/burkina-faso\/wp-json\/wp\/v2\/media\/11283"}],"wp:attachment":[{"href":"https:\/\/www.africa-press.net\/burkina-faso\/wp-json\/wp\/v2\/media?parent=11284"}],"wp:term":[{"taxonomy":"category","embeddable":true,"href":"https:\/\/www.africa-press.net\/burkina-faso\/wp-json\/wp\/v2\/categories?post=11284"},{"taxonomy":"post_tag","embeddable":true,"href":"https:\/\/www.africa-press.net\/burkina-faso\/wp-json\/wp\/v2\/tags?post=11284"}],"curies":[{"name":"wp","href":"https:\/\/api.w.org\/{rel}","templated":true}]}}