{"id":11287,"date":"2021-05-06T16:12:53","date_gmt":"2021-05-06T16:12:53","guid":{"rendered":"https:\/\/www.africa-press.net\/burkina-faso\/?p=11287"},"modified":"2021-05-07T14:58:12","modified_gmt":"2021-05-07T14:58:12","slug":"deplaces-internes-au-burkina-faso-les-recentes-attaques-gonflent-les-chiffres","status":"publish","type":"post","link":"https:\/\/www.africa-press.net\/burkina-faso\/toutes-les-actualites\/deplaces-internes-au-burkina-faso-les-recentes-attaques-gonflent-les-chiffres","title":{"rendered":"D\u00e9plac\u00e9s internes au Burkina Faso\u00a0: Les r\u00e9centes attaques gonflent les chiffres"},"content":{"rendered":"<p><span style=\"color: #ff6600\"><strong><a href=\"https:\/\/www.africa-press.net\/\">Africa-Press<\/a> &#8211; <a href=\"https:\/\/www.africa-press.net\/burkina-faso\">Burkina Faso<\/a>. <\/strong><\/span>Le ministre en charge de la communication, Ouss\u00e9ni Tamboura a fait le compte rendu du conseil des ministres de ce mercredi 5 mai 2021. Les grands axes abord\u00e9s sont entre autres le rapport du Programme des infrastructures socio-\u00e9conomiques (PRISE) et la question des d\u00e9plac\u00e9s internes.<\/p>\n<p>Sur la situation des d\u00e9plac\u00e9s internes, Ouss\u00e9ni Tamboura a indiqu\u00e9 que la ministre en charge de l\u2019action humanitaire a fait le point. Avec les r\u00e9centes attaques, certaines localit\u00e9s ont connu des mouvements de populations. Ainsi, on a respectivement, 10 225, 3 252 et 447 pour le Nord, le Sahel et l\u2019Est. \u00abParmi ces personnes, il y a autant d\u2019hommes, de femmes que d\u2019enfants. Ce sont essentiellement des m\u00e9nages qui sont concern\u00e9s par ce d\u00e9placement \u00bb, a expliqu\u00e9 le ministre de la communication.<\/p>\n<p>Il a aussi soulign\u00e9 que des mesures d\u2019urgences ont \u00e9t\u00e9 prises et ont consist\u00e9 \u00e0 accueillir et loger les d\u00e9plac\u00e9s, et assurer les appuis alimentaires et mat\u00e9riels. \u00ab Il y a lieu de noter que certaines localit\u00e9s n\u2019ont pas pu \u00eatre ravitaill\u00e9es pour raison de s\u00e9curit\u00e9. Il est donc envisag\u00e9 des acheminements par voies a\u00e9riennes \u00bb, a lanc\u00e9 Ouss\u00e9ni Tamboura. Infrastructures<\/p>\n<p>Selon le rapport 2020 du Programme des infrastructures socio-\u00e9conomiques (PRISE), fait ressortir 42 complexes scolaires construits en 2020 sur un objectif de 42. En mati\u00e8re de sant\u00e9, le m\u00eame rapport indique la r\u00e9alisation de 23 Centres de Sant\u00e9 et de Promotion Sociale (CSPS). Cependant, les objectifs pour l\u2019ann\u00e9e 2020 \u00e9taient de 25. Du c\u00f4t\u00e9 de l\u2019acc\u00e8s \u00e0 l\u2019eau en milieu rural, le PRISE note la r\u00e9alisation de 6 forages sur un objectif de 97.<\/p>\n<p>Sur le d\u00e9veloppement routier, le ministre de la communication a indiqu\u00e9 que \u00ab le conseil a \u00e9t\u00e9 particuli\u00e8rement ravi de constater que le programme a pu r\u00e9aliser 17 radiers et 13 dalots \u00bb C\u2019est donc un taux d\u2019ex\u00e9cution de plus de 95% qui a \u00e9t\u00e9 donn\u00e9 au programme dans ledit rapport. Le co\u00fbt global de ces r\u00e9alisations s\u2019\u00e9l\u00e8ve \u00e0 environ 11 milliards de Francs CFA et s\u2019est ex\u00e9cut\u00e9 sur le budget national. Pour l\u2019ann\u00e9e 2021, l\u2019enveloppe du PRISE est d\u2019environ 6 milliards de F CFA.<\/p>\n<p>Pour le compte du minist\u00e8re en charge de l\u2019eau, Ouss\u00e9ni Tamboura a indiqu\u00e9 que le conseil des ministres a adopt\u00e9 un rapport relatif \u00e0 un appel d\u2019offres acc\u00e9l\u00e9r\u00e9. Ladite offre vise \u00e0 construire 48 000 latrines familiales dans les r\u00e9gions de la Boucle du Mouhoun, des Cascades, des Haut Bassins et du Sud-Ouest.<\/p>\n<p>Ces r\u00e9alisations entrent dans le cadre de la mise en \u0153uvre du programme d\u2019approvisionnement en eau et en assainissement et s\u2019\u00e9l\u00e8vent \u00e0 environ 9 milliards de F CFA. \u00ab Le conseil des ministres a autoris\u00e9 l\u2019attribution des march\u00e9s \u00e0 55 entreprises \u00bb, a soulign\u00e9 le ministre de la communication. Basile SAMA<\/p>\n","protected":false},"excerpt":{"rendered":"<p>Africa-Press &#8211; Burkina Faso. Le ministre en charge de la communication, Ouss\u00e9ni Tamboura a fait le compte rendu du conseil des ministres de ce mercredi 5 mai 2021. Les grands axes abord\u00e9s sont entre autres le rapport du Programme des infrastructures socio-\u00e9conomiques (PRISE) et la question des d\u00e9plac\u00e9s internes. Sur la situation des d\u00e9plac\u00e9s internes, [&hellip;]<\/p>\n","protected":false},"author":82,"featured_media":11286,"comment_status":"open","ping_status":"closed","sticky":false,"template":"","format":"standard","meta":{"footnotes":""},"categories":[21,11,10],"tags":[111,725,29],"class_list":["post-11287","post","type-post","status-publish","format-standard","has-post-thumbnail","hentry","category-communaute","category-homepage-french","category-toutes-les-actualites","tag-africa-press","tag-africa-press-burkina-faso","tag-burkina-faso"],"yoast_head":"<!-- This site is optimized with the Yoast SEO Premium plugin v26.1 (Yoast SEO v27.0) - https:\/\/yoast.com\/product\/yoast-seo-premium-wordpress\/ -->\n<title>D\u00e9plac\u00e9s internes au Burkina Faso\u00a0: Les r\u00e9centes attaques gonflent les chiffres - Burkina Faso<\/title>\n<meta name=\"description\" content=\"Le ministre en charge de la communication, Ouss\u00e9ni Tamboura a fait le compte rendu du conseil des ministres de ce mercre ...\" \/>\n<meta name=\"robots\" content=\"index, follow, max-snippet:-1, max-image-preview:large, max-video-preview:-1\" \/>\n<link rel=\"canonical\" href=\"https:\/\/www.africa-press.net\/burkina-faso\/toutes-les-actualites\/deplaces-internes-au-burkina-faso-les-recentes-attaques-gonflent-les-chiffres\" \/>\n<meta property=\"og:locale\" content=\"fr_FR\" \/>\n<meta property=\"og:type\" content=\"article\" \/>\n<meta property=\"og:title\" content=\"D\u00e9plac\u00e9s internes au Burkina Faso\u00a0: Les r\u00e9centes attaques gonflent les chiffres\" \/>\n<meta property=\"og:description\" content=\"Le ministre en charge de la communication, Ouss\u00e9ni Tamboura a fait le compte rendu du conseil des ministres de ce mercre ...\" \/>\n<meta property=\"og:url\" content=\"https:\/\/www.africa-press.net\/burkina-faso\/toutes-les-actualites\/deplaces-internes-au-burkina-faso-les-recentes-attaques-gonflent-les-chiffres\" \/>\n<meta property=\"og:site_name\" content=\"Burkina Faso\" \/>\n<meta property=\"article:published_time\" content=\"2021-05-06T16:12:53+00:00\" \/>\n<meta property=\"article:modified_time\" content=\"2021-05-07T14:58:12+00:00\" \/>\n<meta property=\"og:image\" content=\"https:\/\/static.africa-press.net\/burkina\/sites\/42\/2021\/05\/img-60940c8d8c266.jpg\" \/>\n\t<meta property=\"og:image:width\" content=\"750\" \/>\n\t<meta property=\"og:image:height\" content=\"363\" \/>\n\t<meta property=\"og:image:type\" content=\"image\/jpeg\" \/>\n<meta name=\"author\" content=\"cfeditorfr\" \/>\n<meta name=\"twitter:card\" content=\"summary_large_image\" \/>\n<meta name=\"twitter:label1\" content=\"\u00c9crit par\" \/>\n\t<meta name=\"twitter:data1\" content=\"cfeditorfr\" \/>\n\t<meta name=\"twitter:label2\" content=\"Dur\u00e9e de lecture estim\u00e9e\" \/>\n\t<meta name=\"twitter:data2\" content=\"2 minutes\" \/>\n<script type=\"application\/ld+json\" class=\"yoast-schema-graph\">{\"@context\":\"https:\/\/schema.org\",\"@graph\":[{\"@type\":\"Article\",\"@id\":\"https:\/\/www.africa-press.net\/burkina-faso\/toutes-les-actualites\/deplaces-internes-au-burkina-faso-les-recentes-attaques-gonflent-les-chiffres#article\",\"isPartOf\":{\"@id\":\"https:\/\/www.africa-press.net\/burkina-faso\/toutes-les-actualites\/deplaces-internes-au-burkina-faso-les-recentes-attaques-gonflent-les-chiffres\"},\"author\":{\"name\":\"cfeditorfr\",\"@id\":\"https:\/\/www.africa-press.net\/burkina-faso\/#\/schema\/person\/2b1cf3cd81a31e3cd26889ca66d677f1\"},\"headline\":\"D\u00e9plac\u00e9s internes au Burkina Faso\u00a0: Les r\u00e9centes attaques gonflent les chiffres\",\"datePublished\":\"2021-05-06T16:12:53+00:00\",\"dateModified\":\"2021-05-07T14:58:12+00:00\",\"mainEntityOfPage\":{\"@id\":\"https:\/\/www.africa-press.net\/burkina-faso\/toutes-les-actualites\/deplaces-internes-au-burkina-faso-les-recentes-attaques-gonflent-les-chiffres\"},\"wordCount\":496,\"commentCount\":0,\"image\":{\"@id\":\"https:\/\/www.africa-press.net\/burkina-faso\/toutes-les-actualites\/deplaces-internes-au-burkina-faso-les-recentes-attaques-gonflent-les-chiffres#primaryimage\"},\"thumbnailUrl\":\"https:\/\/static.africa-press.net\/burkina\/sites\/42\/2021\/05\/img-60940c8d8c266.jpg\",\"keywords\":[\"Africa Press\",\"Africa Press-Burkina Faso\",\"Burkina Faso\"],\"articleSection\":[\"Communaut\u00e9\",\"homepage-french\",\"Toutes les actualit\u00e9s\"],\"inLanguage\":\"fr-FR\",\"potentialAction\":[{\"@type\":\"CommentAction\",\"name\":\"Comment\",\"target\":[\"https:\/\/www.africa-press.net\/burkina-faso\/toutes-les-actualites\/deplaces-internes-au-burkina-faso-les-recentes-attaques-gonflent-les-chiffres#respond\"]}]},{\"@type\":\"WebPage\",\"@id\":\"https:\/\/www.africa-press.net\/burkina-faso\/toutes-les-actualites\/deplaces-internes-au-burkina-faso-les-recentes-attaques-gonflent-les-chiffres\",\"url\":\"https:\/\/www.africa-press.net\/burkina-faso\/toutes-les-actualites\/deplaces-internes-au-burkina-faso-les-recentes-attaques-gonflent-les-chiffres\",\"name\":\"D\u00e9plac\u00e9s internes au Burkina Faso\u00a0: Les r\u00e9centes attaques gonflent les chiffres - Burkina Faso\",\"isPartOf\":{\"@id\":\"https:\/\/www.africa-press.net\/burkina-faso\/#website\"},\"primaryImageOfPage\":{\"@id\":\"https:\/\/www.africa-press.net\/burkina-faso\/toutes-les-actualites\/deplaces-internes-au-burkina-faso-les-recentes-attaques-gonflent-les-chiffres#primaryimage\"},\"image\":{\"@id\":\"https:\/\/www.africa-press.net\/burkina-faso\/toutes-les-actualites\/deplaces-internes-au-burkina-faso-les-recentes-attaques-gonflent-les-chiffres#primaryimage\"},\"thumbnailUrl\":\"https:\/\/static.africa-press.net\/burkina\/sites\/42\/2021\/05\/img-60940c8d8c266.jpg\",\"datePublished\":\"2021-05-06T16:12:53+00:00\",\"dateModified\":\"2021-05-07T14:58:12+00:00\",\"author\":{\"@id\":\"https:\/\/www.africa-press.net\/burkina-faso\/#\/schema\/person\/2b1cf3cd81a31e3cd26889ca66d677f1\"},\"description\":\"Le ministre en charge de la communication, Ouss\u00e9ni Tamboura a fait le compte rendu du conseil des ministres de ce mercre ...\",\"breadcrumb\":{\"@id\":\"https:\/\/www.africa-press.net\/burkina-faso\/toutes-les-actualites\/deplaces-internes-au-burkina-faso-les-recentes-attaques-gonflent-les-chiffres#breadcrumb\"},\"inLanguage\":\"fr-FR\",\"potentialAction\":[{\"@type\":\"ReadAction\",\"target\":[\"https:\/\/www.africa-press.net\/burkina-faso\/toutes-les-actualites\/deplaces-internes-au-burkina-faso-les-recentes-attaques-gonflent-les-chiffres\"]}]},{\"@type\":\"ImageObject\",\"inLanguage\":\"fr-FR\",\"@id\":\"https:\/\/www.africa-press.net\/burkina-faso\/toutes-les-actualites\/deplaces-internes-au-burkina-faso-les-recentes-attaques-gonflent-les-chiffres#primaryimage\",\"url\":\"https:\/\/static.africa-press.net\/burkina\/sites\/42\/2021\/05\/img-60940c8d8c266.jpg\",\"contentUrl\":\"https:\/\/static.africa-press.net\/burkina\/sites\/42\/2021\/05\/img-60940c8d8c266.jpg\",\"width\":750,\"height\":363,\"caption\":\"D\u00e9plac\u00e9s internes au Burkina Faso\u00a0: Les r\u00e9centes attaques gonflent les chiffres\"},{\"@type\":\"BreadcrumbList\",\"@id\":\"https:\/\/www.africa-press.net\/burkina-faso\/toutes-les-actualites\/deplaces-internes-au-burkina-faso-les-recentes-attaques-gonflent-les-chiffres#breadcrumb\",\"itemListElement\":[{\"@type\":\"ListItem\",\"position\":1,\"name\":\"Accueil\",\"item\":\"https:\/\/www.africa-press.net\/burkina-faso\/\"},{\"@type\":\"ListItem\",\"position\":2,\"name\":\"D\u00e9plac\u00e9s internes au Burkina Faso\u00a0: Les r\u00e9centes attaques gonflent les chiffres\"}]},{\"@type\":\"WebSite\",\"@id\":\"https:\/\/www.africa-press.net\/burkina-faso\/#website\",\"url\":\"https:\/\/www.africa-press.net\/burkina-faso\/\",\"name\":\"Burkina Faso\",\"description\":\"Just another Africa News Agency Sites site\",\"potentialAction\":[{\"@type\":\"SearchAction\",\"target\":{\"@type\":\"EntryPoint\",\"urlTemplate\":\"https:\/\/www.africa-press.net\/burkina-faso\/?s={search_term_string}\"},\"query-input\":{\"@type\":\"PropertyValueSpecification\",\"valueRequired\":true,\"valueName\":\"search_term_string\"}}],\"inLanguage\":\"fr-FR\"},{\"@type\":\"Person\",\"@id\":\"https:\/\/www.africa-press.net\/burkina-faso\/#\/schema\/person\/2b1cf3cd81a31e3cd26889ca66d677f1\",\"name\":\"cfeditorfr\"}]}<\/script>\n<!-- \/ Yoast SEO Premium plugin. -->","yoast_head_json":{"title":"D\u00e9plac\u00e9s internes au Burkina Faso\u00a0: Les r\u00e9centes attaques gonflent les chiffres - Burkina Faso","description":"Le ministre en charge de la communication, Ouss\u00e9ni Tamboura a fait le compte rendu du conseil des ministres de ce mercre ...","robots":{"index":"index","follow":"follow","max-snippet":"max-snippet:-1","max-image-preview":"max-image-preview:large","max-video-preview":"max-video-preview:-1"},"canonical":"https:\/\/www.africa-press.net\/burkina-faso\/toutes-les-actualites\/deplaces-internes-au-burkina-faso-les-recentes-attaques-gonflent-les-chiffres","og_locale":"fr_FR","og_type":"article","og_title":"D\u00e9plac\u00e9s internes au Burkina Faso\u00a0: Les r\u00e9centes attaques gonflent les chiffres","og_description":"Le ministre en charge de la communication, Ouss\u00e9ni Tamboura a fait le compte rendu du conseil des ministres de ce mercre ...","og_url":"https:\/\/www.africa-press.net\/burkina-faso\/toutes-les-actualites\/deplaces-internes-au-burkina-faso-les-recentes-attaques-gonflent-les-chiffres","og_site_name":"Burkina Faso","article_published_time":"2021-05-06T16:12:53+00:00","article_modified_time":"2021-05-07T14:58:12+00:00","og_image":[{"width":750,"height":363,"url":"https:\/\/static.africa-press.net\/burkina\/sites\/42\/2021\/05\/img-60940c8d8c266.jpg","type":"image\/jpeg"}],"author":"cfeditorfr","twitter_card":"summary_large_image","twitter_misc":{"\u00c9crit par":"cfeditorfr","Dur\u00e9e de lecture estim\u00e9e":"2 minutes"},"schema":{"@context":"https:\/\/schema.org","@graph":[{"@type":"Article","@id":"https:\/\/www.africa-press.net\/burkina-faso\/toutes-les-actualites\/deplaces-internes-au-burkina-faso-les-recentes-attaques-gonflent-les-chiffres#article","isPartOf":{"@id":"https:\/\/www.africa-press.net\/burkina-faso\/toutes-les-actualites\/deplaces-internes-au-burkina-faso-les-recentes-attaques-gonflent-les-chiffres"},"author":{"name":"cfeditorfr","@id":"https:\/\/www.africa-press.net\/burkina-faso\/#\/schema\/person\/2b1cf3cd81a31e3cd26889ca66d677f1"},"headline":"D\u00e9plac\u00e9s internes au Burkina Faso\u00a0: Les r\u00e9centes attaques gonflent les chiffres","datePublished":"2021-05-06T16:12:53+00:00","dateModified":"2021-05-07T14:58:12+00:00","mainEntityOfPage":{"@id":"https:\/\/www.africa-press.net\/burkina-faso\/toutes-les-actualites\/deplaces-internes-au-burkina-faso-les-recentes-attaques-gonflent-les-chiffres"},"wordCount":496,"commentCount":0,"image":{"@id":"https:\/\/www.africa-press.net\/burkina-faso\/toutes-les-actualites\/deplaces-internes-au-burkina-faso-les-recentes-attaques-gonflent-les-chiffres#primaryimage"},"thumbnailUrl":"https:\/\/static.africa-press.net\/burkina\/sites\/42\/2021\/05\/img-60940c8d8c266.jpg","keywords":["Africa Press","Africa Press-Burkina Faso","Burkina Faso"],"articleSection":["Communaut\u00e9","homepage-french","Toutes les actualit\u00e9s"],"inLanguage":"fr-FR","potentialAction":[{"@type":"CommentAction","name":"Comment","target":["https:\/\/www.africa-press.net\/burkina-faso\/toutes-les-actualites\/deplaces-internes-au-burkina-faso-les-recentes-attaques-gonflent-les-chiffres#respond"]}]},{"@type":"WebPage","@id":"https:\/\/www.africa-press.net\/burkina-faso\/toutes-les-actualites\/deplaces-internes-au-burkina-faso-les-recentes-attaques-gonflent-les-chiffres","url":"https:\/\/www.africa-press.net\/burkina-faso\/toutes-les-actualites\/deplaces-internes-au-burkina-faso-les-recentes-attaques-gonflent-les-chiffres","name":"D\u00e9plac\u00e9s internes au Burkina Faso\u00a0: Les r\u00e9centes attaques gonflent les chiffres - Burkina Faso","isPartOf":{"@id":"https:\/\/www.africa-press.net\/burkina-faso\/#website"},"primaryImageOfPage":{"@id":"https:\/\/www.africa-press.net\/burkina-faso\/toutes-les-actualites\/deplaces-internes-au-burkina-faso-les-recentes-attaques-gonflent-les-chiffres#primaryimage"},"image":{"@id":"https:\/\/www.africa-press.net\/burkina-faso\/toutes-les-actualites\/deplaces-internes-au-burkina-faso-les-recentes-attaques-gonflent-les-chiffres#primaryimage"},"thumbnailUrl":"https:\/\/static.africa-press.net\/burkina\/sites\/42\/2021\/05\/img-60940c8d8c266.jpg","datePublished":"2021-05-06T16:12:53+00:00","dateModified":"2021-05-07T14:58:12+00:00","author":{"@id":"https:\/\/www.africa-press.net\/burkina-faso\/#\/schema\/person\/2b1cf3cd81a31e3cd26889ca66d677f1"},"description":"Le ministre en charge de la communication, Ouss\u00e9ni Tamboura a fait le compte rendu du conseil des ministres de ce mercre ...","breadcrumb":{"@id":"https:\/\/www.africa-press.net\/burkina-faso\/toutes-les-actualites\/deplaces-internes-au-burkina-faso-les-recentes-attaques-gonflent-les-chiffres#breadcrumb"},"inLanguage":"fr-FR","potentialAction":[{"@type":"ReadAction","target":["https:\/\/www.africa-press.net\/burkina-faso\/toutes-les-actualites\/deplaces-internes-au-burkina-faso-les-recentes-attaques-gonflent-les-chiffres"]}]},{"@type":"ImageObject","inLanguage":"fr-FR","@id":"https:\/\/www.africa-press.net\/burkina-faso\/toutes-les-actualites\/deplaces-internes-au-burkina-faso-les-recentes-attaques-gonflent-les-chiffres#primaryimage","url":"https:\/\/static.africa-press.net\/burkina\/sites\/42\/2021\/05\/img-60940c8d8c266.jpg","contentUrl":"https:\/\/static.africa-press.net\/burkina\/sites\/42\/2021\/05\/img-60940c8d8c266.jpg","width":750,"height":363,"caption":"D\u00e9plac\u00e9s internes au Burkina Faso\u00a0: Les r\u00e9centes attaques gonflent les chiffres"},{"@type":"BreadcrumbList","@id":"https:\/\/www.africa-press.net\/burkina-faso\/toutes-les-actualites\/deplaces-internes-au-burkina-faso-les-recentes-attaques-gonflent-les-chiffres#breadcrumb","itemListElement":[{"@type":"ListItem","position":1,"name":"Accueil","item":"https:\/\/www.africa-press.net\/burkina-faso\/"},{"@type":"ListItem","position":2,"name":"D\u00e9plac\u00e9s internes au Burkina Faso\u00a0: Les r\u00e9centes attaques gonflent les chiffres"}]},{"@type":"WebSite","@id":"https:\/\/www.africa-press.net\/burkina-faso\/#website","url":"https:\/\/www.africa-press.net\/burkina-faso\/","name":"Burkina Faso","description":"Just another Africa News Agency Sites site","potentialAction":[{"@type":"SearchAction","target":{"@type":"EntryPoint","urlTemplate":"https:\/\/www.africa-press.net\/burkina-faso\/?s={search_term_string}"},"query-input":{"@type":"PropertyValueSpecification","valueRequired":true,"valueName":"search_term_string"}}],"inLanguage":"fr-FR"},{"@type":"Person","@id":"https:\/\/www.africa-press.net\/burkina-faso\/#\/schema\/person\/2b1cf3cd81a31e3cd26889ca66d677f1","name":"cfeditorfr"}]}},"_links":{"self":[{"href":"https:\/\/www.africa-press.net\/burkina-faso\/wp-json\/wp\/v2\/posts\/11287","targetHints":{"allow":["GET"]}}],"collection":[{"href":"https:\/\/www.africa-press.net\/burkina-faso\/wp-json\/wp\/v2\/posts"}],"about":[{"href":"https:\/\/www.africa-press.net\/burkina-faso\/wp-json\/wp\/v2\/types\/post"}],"author":[{"embeddable":true,"href":"https:\/\/www.africa-press.net\/burkina-faso\/wp-json\/wp\/v2\/users\/82"}],"replies":[{"embeddable":true,"href":"https:\/\/www.africa-press.net\/burkina-faso\/wp-json\/wp\/v2\/comments?post=11287"}],"version-history":[{"count":0,"href":"https:\/\/www.africa-press.net\/burkina-faso\/wp-json\/wp\/v2\/posts\/11287\/revisions"}],"wp:featuredmedia":[{"embeddable":true,"href":"https:\/\/www.africa-press.net\/burkina-faso\/wp-json\/wp\/v2\/media\/11286"}],"wp:attachment":[{"href":"https:\/\/www.africa-press.net\/burkina-faso\/wp-json\/wp\/v2\/media?parent=11287"}],"wp:term":[{"taxonomy":"category","embeddable":true,"href":"https:\/\/www.africa-press.net\/burkina-faso\/wp-json\/wp\/v2\/categories?post=11287"},{"taxonomy":"post_tag","embeddable":true,"href":"https:\/\/www.africa-press.net\/burkina-faso\/wp-json\/wp\/v2\/tags?post=11287"}],"curies":[{"name":"wp","href":"https:\/\/api.w.org\/{rel}","templated":true}]}}