{"id":11290,"date":"2021-05-06T16:21:40","date_gmt":"2021-05-06T16:21:40","guid":{"rendered":"https:\/\/www.africa-press.net\/burkina-faso\/?p=11290"},"modified":"2021-05-07T14:58:24","modified_gmt":"2021-05-07T14:58:24","slug":"burkina-on-se-demande-si-on-a-un-etat-sil-y-en-a-un-cest-quil-y-a-plusieurs-etats-sinquiete-eddie-komboigo","status":"publish","type":"post","link":"https:\/\/www.africa-press.net\/burkina-faso\/politique\/burkina-on-se-demande-si-on-a-un-etat-sil-y-en-a-un-cest-quil-y-a-plusieurs-etats-sinquiete-eddie-komboigo","title":{"rendered":"\u00ab On se demande si on a un \u00c9tat. S\u2019il y en a un, c\u2019est qu\u2019il y a plusieurs \u00c9tats \u00bb, s\u2019inqui\u00e8te Eddie Kombo\u00efgo"},"content":{"rendered":"<p><span style=\"color: #ff6600\"><strong><a href=\"https:\/\/www.africa-press.net\/\">Africa-Press<\/a> &#8211; <a href=\"https:\/\/www.africa-press.net\/burkina-faso\">Burkina Faso<\/a>. <\/strong><\/span><b>Pour sa premi\u00e8re sortie m\u00e9diatique depuis son installation officielle en qualit\u00e9 de Chef de file de l\u2019opposition politique au Burkina Faso (CFOP-BF), Eddie Kombo\u00efgo n\u2019a pas masqu\u00e9 ses mots dans son diagnostic de la situation. Situation s\u00e9curitaire, front social, reformes au niveau de l\u2019\u00e9ducation et gouvernance \u00e9conomique ont \u00e9t\u00e9 les sujets abord\u00e9s au cours de cette premi\u00e8re conf\u00e9rence de presse, ce mardi 4 mai 2021 au si\u00e8ge de l\u2019institution sis au quartier zone du bois, Ouagadougou.<\/b><\/p>\n<p>C\u2019est donc une sortie sur fond de proc\u00e8s des cent premiers jours du pr\u00e9sident r\u00e9\u00e9lu qui s\u2019est donn\u00e9 \u00e0 vivre \u00e0 travers le regard sur la situation nationale. Et le verdict est sans appel pour un pr\u00e9sident du Faso, Roch Kabor\u00e9, qui se voit territorialement contraint par l\u2019effet des mouvements terroristes, alors qu\u2019il a jur\u00e9 sur la Constitution de \u00ab\u00a0pr\u00e9server l\u2019int\u00e9grit\u00e9\u00a0\u00bb du territoire national.<\/p>\n<p>Au plan politique donc, le Chef de file de l\u2019opposition politique au Burkina Faso (CFOP-BF) note que malgr\u00e9 la mise en place d\u2019un nouveau gouvernement, le 10 janvier 2021, le front s\u00e9curitaire ne cesse de s\u2019enliser, avec une absence de r\u00e9formes politiques substantielles. Eddie Kombo\u00efgo, principal intervenant \u00e0 la conf\u00e9rence de presse, d\u00e9plore les nombreux morts qui continuent d\u2019\u00eatre enregistr\u00e9s et l\u2019occupation du territoire national par des hommes arm\u00e9s non identifi\u00e9s \u00ab\u00a0qui imposent leur mode de vie et de gouvernance au m\u00e9pris d\u2019un Etat de droit\u00a0\u00bb. Prenant pour illustration ces vid\u00e9os qui circulent depuis quelques jours sur les r\u00e9seaux sociaux, montrant des pr\u00e9sum\u00e9s terroristes \u00e9changeant avec des populations, Eddie Kombo\u00efgo finit par se convaincre que cette guerre dite asym\u00e9trique est \u00ab devenue vulgaire \u00bb au Burkina.<\/p>\n<p>\u00ab L\u2019\u00c9tat ne communique m\u00eame plus l\u00e0-dessus. Je vous dis qu\u2019on n\u2019en parlait plus, pour donner l\u2019impression qu\u2019il y avait une certaine accalmie des attaques terroristes. Il n\u2019y a jamais eu d\u2019accalmie. (\u2026). On se demande si on a un \u00c9tat dans ce pays. S\u2019il y en a un, c\u2019est qu\u2019il y a plusieurs \u00c9tats ; puisque ces terroristes se donnent le droit d\u2019aller dans des localit\u00e9s et faire des assembl\u00e9es g\u00e9n\u00e9rales comme des partis politiques. Pis, ils imposent leur mode de gouvernance au Burkina \u00bb, soul\u00e8ve-t-il, en r\u00e9action aux questions de journalistes.<\/p>\n<p>Sur le plan de la gouvernance \u00e9conomique, Eddie Kombo\u00efgo et ses co-conf\u00e9renciers disent constater que le Plan national de d\u00e9veloppement \u00e9conomique et social (PNDES) est \u00e0 terme avec le premier mandat du pr\u00e9sident Kabor\u00e9 et que le nouveau r\u00e9f\u00e9rentiel de d\u00e9veloppement est toujours en cours d\u2019\u00e9laboration.\u00ab Pendant ce temps, le gouvernement navigue \u00e0 vue. Ce qui entra\u00eene une recrudescence de la mal-gouvernance, notamment le bradage des march\u00e9s et la mont\u00e9e de la corruption. D\u2019ailleurs, le diagnostic entrepris par le ministre de la sant\u00e9 le Pr Charlemagne Ou\u00e9draogo dans les \u00e9tablissements sanitaires du pays laisse entrevoir des CHUR (Centres hospitaliers universitaires r\u00e9gionaux, ndlr) sous \u00e9quip\u00e9s, des chantiers mal ex\u00e9cut\u00e9s ou des infrastructures inachev\u00e9es alors que les march\u00e9s aff\u00e9rents ont \u00e9t\u00e9 pass\u00e9s \u00e0 des co\u00fbts de milliards de FCFA \u00bb, brandit le CFOP-BF.<\/p>\n<p>Une \u00ab\u00a0d\u00e9gradation continue\u00a0\u00bb du climat des affaires, entra\u00eenant la fermeture des entreprises, des unit\u00e9s industrielles et, partant, l\u2019augmentation du nombre de ch\u00f4meurs. \u00ab L\u2019on est \u00e0 m\u00eame de se demander o\u00f9 sont pass\u00e9s les milliards F CFA d\u00e9bloqu\u00e9s pour soutenir les entreprises en difficult\u00e9s li\u00e9es \u00e0 la pand\u00e9mie du Covid-19 \u00bb, exhument les conf\u00e9renciers.<\/p>\n<p>L\u2019opposition dit constater que le front social \u00e9galement se radicalise de plus en plus. \u00ab Mal entreprises, les reformes dans le secteur de l\u2019\u00e9ducation menacent la bonne tenue de l\u2019ann\u00e9e scolaire. Depuis plus d\u2019une semaine, des milliers d\u2019\u00e9l\u00e8ves sont dans la rue sur le territoire national. Aucune issue pour sauver une fois de plus l\u2019\u00e9cole burkinab\u00e9 n\u2019est perceptible \u00e0 l\u2019horizon \u00bb, observe Eddie Kombo\u00efgo, ajoutant \u00e0 la liste, les \u00ab gr\u00e8ves justifi\u00e9es \u00bb des braves travailleurs.<\/p>\n<p>A l\u2019en croire, et comme pour pr\u00e9texter de cette situation nationale sus-d\u00e9crite, l\u2019opposition politique burkinab\u00e9, consciente de son r\u00f4le r\u00e9publicain, entend \u00ab\u00a0jouer pleinement\u00a0\u00bb sa partition pour aider \u00e0 juguler les probl\u00e8mes de gouvernances auxquels est confront\u00e9 le pays. \u00ab\u00a0C\u2019est dans cette dynamique qu\u2019une rencontre a r\u00e9uni le CFOP-BF et le ministre d\u2019Etat charg\u00e9 de la r\u00e9conciliation nationale et de la coh\u00e9sion sociale. A cette occasion, les partis membres du CFOP-BF ont r\u00e9affirm\u00e9 leur volont\u00e9 et leur disponibilit\u00e9 \u00e0 accompagner le gouvernement dans sa mission, pour peu que le processus soit inclusif et sinc\u00e8re \u00bb, informe Eddie Kombo\u00efgo.<\/p>\n<p>Face \u00e0 ce qu\u2019il qualifie de \u00ab probl\u00e8mes qui minent actuellement \u00bb le pays, au point de porter atteinte \u00e0 son int\u00e9grit\u00e9 territoriale, \u00e0 sa stabilit\u00e9 \u00e9conomique et \u00e0 la paix sociale, le CFOP-BF recommande le recouvrement du territoire national dans son int\u00e9gralit\u00e9 dans les plus brefs d\u00e9lais, le retour des populations d\u00e9plac\u00e9es dans leurs localit\u00e9s d\u2019origine, la r\u00e9affirmation de l\u2019Etat de droit et la r\u00e9instauration de l\u2019autorit\u00e9 de l\u2019Etat sur toute l\u2019\u00e9tendue du territoire. L\u2019institution pr\u00f4ne \u00e9galement la prise en charge des populations d\u00e9munies et les plus vuln\u00e9rables (prise en charge imm\u00e9diate et sans d\u00e9lais des veuves et orphelins des forces de d\u00e9fenses et de s\u00e9curit\u00e9s tomb\u00e9s pour la patrie, dans la d\u00e9fense de l\u2019int\u00e9grit\u00e9 territoriale) ; la baisse des prix des produits de grande consommation, de premi\u00e8re n\u00e9cessit\u00e9 et des hydrocarbures.<\/p>\n<p>L\u2019opposition recommande en outre la reprise du dialogue avec les partenaires sociaux auxquels elle dit r\u00e9affirmer son \u00ab\u00a0soutien ind\u00e9fectible et sans faille\u00a0\u00bb ; l\u2019application stricte des recommandations de l\u2019enqu\u00eate parlementaire sur le foncier ; la r\u00e9alisation effective des infrastructures et b\u00e2timents (dont la pose de la premi\u00e8re pierre a \u00e9t\u00e9 effectu\u00e9e \u00e0 des fins \u00e9lectoralistes et qui n\u2019ont jamais vu le jour) ; la r\u00e9ouverture sans d\u00e9lais des fronti\u00e8res terrestres.<\/p>\n<p><b>\u00a0<\/b><\/p>\n","protected":false},"excerpt":{"rendered":"<p>Africa-Press &#8211; Burkina Faso. Pour sa premi\u00e8re sortie m\u00e9diatique depuis son installation officielle en qualit\u00e9 de Chef de file de l\u2019opposition politique au Burkina Faso (CFOP-BF), Eddie Kombo\u00efgo n\u2019a pas masqu\u00e9 ses mots dans son diagnostic de la situation. Situation s\u00e9curitaire, front social, reformes au niveau de l\u2019\u00e9ducation et gouvernance \u00e9conomique ont \u00e9t\u00e9 les sujets [&hellip;]<\/p>\n","protected":false},"author":82,"featured_media":11289,"comment_status":"open","ping_status":"closed","sticky":false,"template":"","format":"standard","meta":{"footnotes":""},"categories":[11,2,10],"tags":[111,725,29],"class_list":["post-11290","post","type-post","status-publish","format-standard","has-post-thumbnail","hentry","category-homepage-french","category-politique","category-toutes-les-actualites","tag-africa-press","tag-africa-press-burkina-faso","tag-burkina-faso"],"yoast_head":"<!-- This site is optimized with the Yoast SEO Premium plugin v26.1 (Yoast SEO v27.0) - https:\/\/yoast.com\/product\/yoast-seo-premium-wordpress\/ -->\n<title>\u00ab On se demande si on a un \u00c9tat. S\u2019il y en a un, c\u2019est qu\u2019il y a plusieurs \u00c9tats \u00bb, s\u2019inqui\u00e8te Eddie Kombo\u00efgo - Burkina Faso<\/title>\n<meta name=\"description\" content=\"Pour sa premi\u00e8re sortie m\u00e9diatique depuis son installation officielle en qualit\u00e9 de Chef de file de l\u2019opposition poli ...\" \/>\n<meta name=\"robots\" content=\"index, follow, max-snippet:-1, max-image-preview:large, max-video-preview:-1\" \/>\n<link rel=\"canonical\" href=\"https:\/\/www.africa-press.net\/burkina-faso\/politique\/burkina-on-se-demande-si-on-a-un-etat-sil-y-en-a-un-cest-quil-y-a-plusieurs-etats-sinquiete-eddie-komboigo\" \/>\n<meta property=\"og:locale\" content=\"fr_FR\" \/>\n<meta property=\"og:type\" content=\"article\" \/>\n<meta property=\"og:title\" content=\"\u00ab On se demande si on a un \u00c9tat. S\u2019il y en a un, c\u2019est qu\u2019il y a plusieurs \u00c9tats \u00bb, s\u2019inqui\u00e8te Eddie Kombo\u00efgo\" \/>\n<meta property=\"og:description\" content=\"Pour sa premi\u00e8re sortie m\u00e9diatique depuis son installation officielle en qualit\u00e9 de Chef de file de l\u2019opposition poli ...\" \/>\n<meta property=\"og:url\" content=\"https:\/\/www.africa-press.net\/burkina-faso\/politique\/burkina-on-se-demande-si-on-a-un-etat-sil-y-en-a-un-cest-quil-y-a-plusieurs-etats-sinquiete-eddie-komboigo\" \/>\n<meta property=\"og:site_name\" content=\"Burkina Faso\" \/>\n<meta property=\"article:published_time\" content=\"2021-05-06T16:21:40+00:00\" \/>\n<meta property=\"article:modified_time\" content=\"2021-05-07T14:58:24+00:00\" \/>\n<meta property=\"og:image\" content=\"https:\/\/static.africa-press.net\/burkina\/sites\/42\/2021\/05\/img-60940cbf504d4.jpg\" \/>\n\t<meta property=\"og:image:width\" content=\"720\" \/>\n\t<meta property=\"og:image:height\" content=\"366\" \/>\n\t<meta property=\"og:image:type\" content=\"image\/jpeg\" \/>\n<meta name=\"author\" content=\"cfeditorfr\" \/>\n<meta name=\"twitter:card\" content=\"summary_large_image\" \/>\n<meta name=\"twitter:label1\" content=\"\u00c9crit par\" \/>\n\t<meta name=\"twitter:data1\" content=\"cfeditorfr\" \/>\n\t<meta name=\"twitter:label2\" content=\"Dur\u00e9e de lecture estim\u00e9e\" \/>\n\t<meta name=\"twitter:data2\" content=\"5 minutes\" \/>\n<script type=\"application\/ld+json\" class=\"yoast-schema-graph\">{\"@context\":\"https:\/\/schema.org\",\"@graph\":[{\"@type\":\"Article\",\"@id\":\"https:\/\/www.africa-press.net\/burkina-faso\/politique\/burkina-on-se-demande-si-on-a-un-etat-sil-y-en-a-un-cest-quil-y-a-plusieurs-etats-sinquiete-eddie-komboigo#article\",\"isPartOf\":{\"@id\":\"https:\/\/www.africa-press.net\/burkina-faso\/politique\/burkina-on-se-demande-si-on-a-un-etat-sil-y-en-a-un-cest-quil-y-a-plusieurs-etats-sinquiete-eddie-komboigo\"},\"author\":{\"name\":\"cfeditorfr\",\"@id\":\"https:\/\/www.africa-press.net\/burkina-faso\/#\/schema\/person\/2b1cf3cd81a31e3cd26889ca66d677f1\"},\"headline\":\"\u00ab On se demande si on a un \u00c9tat. S\u2019il y en a un, c\u2019est qu\u2019il y a plusieurs \u00c9tats \u00bb, s\u2019inqui\u00e8te Eddie Kombo\u00efgo\",\"datePublished\":\"2021-05-06T16:21:40+00:00\",\"dateModified\":\"2021-05-07T14:58:24+00:00\",\"mainEntityOfPage\":{\"@id\":\"https:\/\/www.africa-press.net\/burkina-faso\/politique\/burkina-on-se-demande-si-on-a-un-etat-sil-y-en-a-un-cest-quil-y-a-plusieurs-etats-sinquiete-eddie-komboigo\"},\"wordCount\":1083,\"commentCount\":0,\"image\":{\"@id\":\"https:\/\/www.africa-press.net\/burkina-faso\/politique\/burkina-on-se-demande-si-on-a-un-etat-sil-y-en-a-un-cest-quil-y-a-plusieurs-etats-sinquiete-eddie-komboigo#primaryimage\"},\"thumbnailUrl\":\"https:\/\/static.africa-press.net\/burkina\/sites\/42\/2021\/05\/img-60940cbf504d4.jpg\",\"keywords\":[\"Africa Press\",\"Africa Press-Burkina Faso\",\"Burkina Faso\"],\"articleSection\":[\"homepage-french\",\"Politique\",\"Toutes les actualit\u00e9s\"],\"inLanguage\":\"fr-FR\",\"potentialAction\":[{\"@type\":\"CommentAction\",\"name\":\"Comment\",\"target\":[\"https:\/\/www.africa-press.net\/burkina-faso\/politique\/burkina-on-se-demande-si-on-a-un-etat-sil-y-en-a-un-cest-quil-y-a-plusieurs-etats-sinquiete-eddie-komboigo#respond\"]}]},{\"@type\":\"WebPage\",\"@id\":\"https:\/\/www.africa-press.net\/burkina-faso\/politique\/burkina-on-se-demande-si-on-a-un-etat-sil-y-en-a-un-cest-quil-y-a-plusieurs-etats-sinquiete-eddie-komboigo\",\"url\":\"https:\/\/www.africa-press.net\/burkina-faso\/politique\/burkina-on-se-demande-si-on-a-un-etat-sil-y-en-a-un-cest-quil-y-a-plusieurs-etats-sinquiete-eddie-komboigo\",\"name\":\"\u00ab On se demande si on a un \u00c9tat. S\u2019il y en a un, c\u2019est qu\u2019il y a plusieurs \u00c9tats \u00bb, s\u2019inqui\u00e8te Eddie Kombo\u00efgo - Burkina Faso\",\"isPartOf\":{\"@id\":\"https:\/\/www.africa-press.net\/burkina-faso\/#website\"},\"primaryImageOfPage\":{\"@id\":\"https:\/\/www.africa-press.net\/burkina-faso\/politique\/burkina-on-se-demande-si-on-a-un-etat-sil-y-en-a-un-cest-quil-y-a-plusieurs-etats-sinquiete-eddie-komboigo#primaryimage\"},\"image\":{\"@id\":\"https:\/\/www.africa-press.net\/burkina-faso\/politique\/burkina-on-se-demande-si-on-a-un-etat-sil-y-en-a-un-cest-quil-y-a-plusieurs-etats-sinquiete-eddie-komboigo#primaryimage\"},\"thumbnailUrl\":\"https:\/\/static.africa-press.net\/burkina\/sites\/42\/2021\/05\/img-60940cbf504d4.jpg\",\"datePublished\":\"2021-05-06T16:21:40+00:00\",\"dateModified\":\"2021-05-07T14:58:24+00:00\",\"author\":{\"@id\":\"https:\/\/www.africa-press.net\/burkina-faso\/#\/schema\/person\/2b1cf3cd81a31e3cd26889ca66d677f1\"},\"description\":\"Pour sa premi\u00e8re sortie m\u00e9diatique depuis son installation officielle en qualit\u00e9 de Chef de file de l\u2019opposition poli ...\",\"breadcrumb\":{\"@id\":\"https:\/\/www.africa-press.net\/burkina-faso\/politique\/burkina-on-se-demande-si-on-a-un-etat-sil-y-en-a-un-cest-quil-y-a-plusieurs-etats-sinquiete-eddie-komboigo#breadcrumb\"},\"inLanguage\":\"fr-FR\",\"potentialAction\":[{\"@type\":\"ReadAction\",\"target\":[\"https:\/\/www.africa-press.net\/burkina-faso\/politique\/burkina-on-se-demande-si-on-a-un-etat-sil-y-en-a-un-cest-quil-y-a-plusieurs-etats-sinquiete-eddie-komboigo\"]}]},{\"@type\":\"ImageObject\",\"inLanguage\":\"fr-FR\",\"@id\":\"https:\/\/www.africa-press.net\/burkina-faso\/politique\/burkina-on-se-demande-si-on-a-un-etat-sil-y-en-a-un-cest-quil-y-a-plusieurs-etats-sinquiete-eddie-komboigo#primaryimage\",\"url\":\"https:\/\/static.africa-press.net\/burkina\/sites\/42\/2021\/05\/img-60940cbf504d4.jpg\",\"contentUrl\":\"https:\/\/static.africa-press.net\/burkina\/sites\/42\/2021\/05\/img-60940cbf504d4.jpg\",\"width\":720,\"height\":366,\"caption\":\"Burkina : \u00ab On se demande si on a un \u00c9tat. S\u2019il y en a un, c\u2019est qu\u2019il y a plusieurs \u00c9tats \u00bb, s\u2019inqui\u00e8te Eddie Kombo\u00efgo\"},{\"@type\":\"BreadcrumbList\",\"@id\":\"https:\/\/www.africa-press.net\/burkina-faso\/politique\/burkina-on-se-demande-si-on-a-un-etat-sil-y-en-a-un-cest-quil-y-a-plusieurs-etats-sinquiete-eddie-komboigo#breadcrumb\",\"itemListElement\":[{\"@type\":\"ListItem\",\"position\":1,\"name\":\"Accueil\",\"item\":\"https:\/\/www.africa-press.net\/burkina-faso\/\"},{\"@type\":\"ListItem\",\"position\":2,\"name\":\"\u00ab On se demande si on a un \u00c9tat. S\u2019il y en a un, c\u2019est qu\u2019il y a plusieurs \u00c9tats \u00bb, s\u2019inqui\u00e8te Eddie Kombo\u00efgo\"}]},{\"@type\":\"WebSite\",\"@id\":\"https:\/\/www.africa-press.net\/burkina-faso\/#website\",\"url\":\"https:\/\/www.africa-press.net\/burkina-faso\/\",\"name\":\"Burkina Faso\",\"description\":\"Just another Africa News Agency Sites site\",\"potentialAction\":[{\"@type\":\"SearchAction\",\"target\":{\"@type\":\"EntryPoint\",\"urlTemplate\":\"https:\/\/www.africa-press.net\/burkina-faso\/?s={search_term_string}\"},\"query-input\":{\"@type\":\"PropertyValueSpecification\",\"valueRequired\":true,\"valueName\":\"search_term_string\"}}],\"inLanguage\":\"fr-FR\"},{\"@type\":\"Person\",\"@id\":\"https:\/\/www.africa-press.net\/burkina-faso\/#\/schema\/person\/2b1cf3cd81a31e3cd26889ca66d677f1\",\"name\":\"cfeditorfr\"}]}<\/script>\n<!-- \/ Yoast SEO Premium plugin. -->","yoast_head_json":{"title":"\u00ab On se demande si on a un \u00c9tat. S\u2019il y en a un, c\u2019est qu\u2019il y a plusieurs \u00c9tats \u00bb, s\u2019inqui\u00e8te Eddie Kombo\u00efgo - Burkina Faso","description":"Pour sa premi\u00e8re sortie m\u00e9diatique depuis son installation officielle en qualit\u00e9 de Chef de file de l\u2019opposition poli ...","robots":{"index":"index","follow":"follow","max-snippet":"max-snippet:-1","max-image-preview":"max-image-preview:large","max-video-preview":"max-video-preview:-1"},"canonical":"https:\/\/www.africa-press.net\/burkina-faso\/politique\/burkina-on-se-demande-si-on-a-un-etat-sil-y-en-a-un-cest-quil-y-a-plusieurs-etats-sinquiete-eddie-komboigo","og_locale":"fr_FR","og_type":"article","og_title":"\u00ab On se demande si on a un \u00c9tat. S\u2019il y en a un, c\u2019est qu\u2019il y a plusieurs \u00c9tats \u00bb, s\u2019inqui\u00e8te Eddie Kombo\u00efgo","og_description":"Pour sa premi\u00e8re sortie m\u00e9diatique depuis son installation officielle en qualit\u00e9 de Chef de file de l\u2019opposition poli ...","og_url":"https:\/\/www.africa-press.net\/burkina-faso\/politique\/burkina-on-se-demande-si-on-a-un-etat-sil-y-en-a-un-cest-quil-y-a-plusieurs-etats-sinquiete-eddie-komboigo","og_site_name":"Burkina Faso","article_published_time":"2021-05-06T16:21:40+00:00","article_modified_time":"2021-05-07T14:58:24+00:00","og_image":[{"width":720,"height":366,"url":"https:\/\/static.africa-press.net\/burkina\/sites\/42\/2021\/05\/img-60940cbf504d4.jpg","type":"image\/jpeg"}],"author":"cfeditorfr","twitter_card":"summary_large_image","twitter_misc":{"\u00c9crit par":"cfeditorfr","Dur\u00e9e de lecture estim\u00e9e":"5 minutes"},"schema":{"@context":"https:\/\/schema.org","@graph":[{"@type":"Article","@id":"https:\/\/www.africa-press.net\/burkina-faso\/politique\/burkina-on-se-demande-si-on-a-un-etat-sil-y-en-a-un-cest-quil-y-a-plusieurs-etats-sinquiete-eddie-komboigo#article","isPartOf":{"@id":"https:\/\/www.africa-press.net\/burkina-faso\/politique\/burkina-on-se-demande-si-on-a-un-etat-sil-y-en-a-un-cest-quil-y-a-plusieurs-etats-sinquiete-eddie-komboigo"},"author":{"name":"cfeditorfr","@id":"https:\/\/www.africa-press.net\/burkina-faso\/#\/schema\/person\/2b1cf3cd81a31e3cd26889ca66d677f1"},"headline":"\u00ab On se demande si on a un \u00c9tat. S\u2019il y en a un, c\u2019est qu\u2019il y a plusieurs \u00c9tats \u00bb, s\u2019inqui\u00e8te Eddie Kombo\u00efgo","datePublished":"2021-05-06T16:21:40+00:00","dateModified":"2021-05-07T14:58:24+00:00","mainEntityOfPage":{"@id":"https:\/\/www.africa-press.net\/burkina-faso\/politique\/burkina-on-se-demande-si-on-a-un-etat-sil-y-en-a-un-cest-quil-y-a-plusieurs-etats-sinquiete-eddie-komboigo"},"wordCount":1083,"commentCount":0,"image":{"@id":"https:\/\/www.africa-press.net\/burkina-faso\/politique\/burkina-on-se-demande-si-on-a-un-etat-sil-y-en-a-un-cest-quil-y-a-plusieurs-etats-sinquiete-eddie-komboigo#primaryimage"},"thumbnailUrl":"https:\/\/static.africa-press.net\/burkina\/sites\/42\/2021\/05\/img-60940cbf504d4.jpg","keywords":["Africa Press","Africa Press-Burkina Faso","Burkina Faso"],"articleSection":["homepage-french","Politique","Toutes les actualit\u00e9s"],"inLanguage":"fr-FR","potentialAction":[{"@type":"CommentAction","name":"Comment","target":["https:\/\/www.africa-press.net\/burkina-faso\/politique\/burkina-on-se-demande-si-on-a-un-etat-sil-y-en-a-un-cest-quil-y-a-plusieurs-etats-sinquiete-eddie-komboigo#respond"]}]},{"@type":"WebPage","@id":"https:\/\/www.africa-press.net\/burkina-faso\/politique\/burkina-on-se-demande-si-on-a-un-etat-sil-y-en-a-un-cest-quil-y-a-plusieurs-etats-sinquiete-eddie-komboigo","url":"https:\/\/www.africa-press.net\/burkina-faso\/politique\/burkina-on-se-demande-si-on-a-un-etat-sil-y-en-a-un-cest-quil-y-a-plusieurs-etats-sinquiete-eddie-komboigo","name":"\u00ab On se demande si on a un \u00c9tat. S\u2019il y en a un, c\u2019est qu\u2019il y a plusieurs \u00c9tats \u00bb, s\u2019inqui\u00e8te Eddie Kombo\u00efgo - Burkina Faso","isPartOf":{"@id":"https:\/\/www.africa-press.net\/burkina-faso\/#website"},"primaryImageOfPage":{"@id":"https:\/\/www.africa-press.net\/burkina-faso\/politique\/burkina-on-se-demande-si-on-a-un-etat-sil-y-en-a-un-cest-quil-y-a-plusieurs-etats-sinquiete-eddie-komboigo#primaryimage"},"image":{"@id":"https:\/\/www.africa-press.net\/burkina-faso\/politique\/burkina-on-se-demande-si-on-a-un-etat-sil-y-en-a-un-cest-quil-y-a-plusieurs-etats-sinquiete-eddie-komboigo#primaryimage"},"thumbnailUrl":"https:\/\/static.africa-press.net\/burkina\/sites\/42\/2021\/05\/img-60940cbf504d4.jpg","datePublished":"2021-05-06T16:21:40+00:00","dateModified":"2021-05-07T14:58:24+00:00","author":{"@id":"https:\/\/www.africa-press.net\/burkina-faso\/#\/schema\/person\/2b1cf3cd81a31e3cd26889ca66d677f1"},"description":"Pour sa premi\u00e8re sortie m\u00e9diatique depuis son installation officielle en qualit\u00e9 de Chef de file de l\u2019opposition poli ...","breadcrumb":{"@id":"https:\/\/www.africa-press.net\/burkina-faso\/politique\/burkina-on-se-demande-si-on-a-un-etat-sil-y-en-a-un-cest-quil-y-a-plusieurs-etats-sinquiete-eddie-komboigo#breadcrumb"},"inLanguage":"fr-FR","potentialAction":[{"@type":"ReadAction","target":["https:\/\/www.africa-press.net\/burkina-faso\/politique\/burkina-on-se-demande-si-on-a-un-etat-sil-y-en-a-un-cest-quil-y-a-plusieurs-etats-sinquiete-eddie-komboigo"]}]},{"@type":"ImageObject","inLanguage":"fr-FR","@id":"https:\/\/www.africa-press.net\/burkina-faso\/politique\/burkina-on-se-demande-si-on-a-un-etat-sil-y-en-a-un-cest-quil-y-a-plusieurs-etats-sinquiete-eddie-komboigo#primaryimage","url":"https:\/\/static.africa-press.net\/burkina\/sites\/42\/2021\/05\/img-60940cbf504d4.jpg","contentUrl":"https:\/\/static.africa-press.net\/burkina\/sites\/42\/2021\/05\/img-60940cbf504d4.jpg","width":720,"height":366,"caption":"Burkina : \u00ab On se demande si on a un \u00c9tat. S\u2019il y en a un, c\u2019est qu\u2019il y a plusieurs \u00c9tats \u00bb, s\u2019inqui\u00e8te Eddie Kombo\u00efgo"},{"@type":"BreadcrumbList","@id":"https:\/\/www.africa-press.net\/burkina-faso\/politique\/burkina-on-se-demande-si-on-a-un-etat-sil-y-en-a-un-cest-quil-y-a-plusieurs-etats-sinquiete-eddie-komboigo#breadcrumb","itemListElement":[{"@type":"ListItem","position":1,"name":"Accueil","item":"https:\/\/www.africa-press.net\/burkina-faso\/"},{"@type":"ListItem","position":2,"name":"\u00ab On se demande si on a un \u00c9tat. S\u2019il y en a un, c\u2019est qu\u2019il y a plusieurs \u00c9tats \u00bb, s\u2019inqui\u00e8te Eddie Kombo\u00efgo"}]},{"@type":"WebSite","@id":"https:\/\/www.africa-press.net\/burkina-faso\/#website","url":"https:\/\/www.africa-press.net\/burkina-faso\/","name":"Burkina Faso","description":"Just another Africa News Agency Sites site","potentialAction":[{"@type":"SearchAction","target":{"@type":"EntryPoint","urlTemplate":"https:\/\/www.africa-press.net\/burkina-faso\/?s={search_term_string}"},"query-input":{"@type":"PropertyValueSpecification","valueRequired":true,"valueName":"search_term_string"}}],"inLanguage":"fr-FR"},{"@type":"Person","@id":"https:\/\/www.africa-press.net\/burkina-faso\/#\/schema\/person\/2b1cf3cd81a31e3cd26889ca66d677f1","name":"cfeditorfr"}]}},"_links":{"self":[{"href":"https:\/\/www.africa-press.net\/burkina-faso\/wp-json\/wp\/v2\/posts\/11290","targetHints":{"allow":["GET"]}}],"collection":[{"href":"https:\/\/www.africa-press.net\/burkina-faso\/wp-json\/wp\/v2\/posts"}],"about":[{"href":"https:\/\/www.africa-press.net\/burkina-faso\/wp-json\/wp\/v2\/types\/post"}],"author":[{"embeddable":true,"href":"https:\/\/www.africa-press.net\/burkina-faso\/wp-json\/wp\/v2\/users\/82"}],"replies":[{"embeddable":true,"href":"https:\/\/www.africa-press.net\/burkina-faso\/wp-json\/wp\/v2\/comments?post=11290"}],"version-history":[{"count":0,"href":"https:\/\/www.africa-press.net\/burkina-faso\/wp-json\/wp\/v2\/posts\/11290\/revisions"}],"wp:featuredmedia":[{"embeddable":true,"href":"https:\/\/www.africa-press.net\/burkina-faso\/wp-json\/wp\/v2\/media\/11289"}],"wp:attachment":[{"href":"https:\/\/www.africa-press.net\/burkina-faso\/wp-json\/wp\/v2\/media?parent=11290"}],"wp:term":[{"taxonomy":"category","embeddable":true,"href":"https:\/\/www.africa-press.net\/burkina-faso\/wp-json\/wp\/v2\/categories?post=11290"},{"taxonomy":"post_tag","embeddable":true,"href":"https:\/\/www.africa-press.net\/burkina-faso\/wp-json\/wp\/v2\/tags?post=11290"}],"curies":[{"name":"wp","href":"https:\/\/api.w.org\/{rel}","templated":true}]}}