{"id":11302,"date":"2021-05-06T16:51:34","date_gmt":"2021-05-06T16:51:34","guid":{"rendered":"https:\/\/www.africa-press.net\/burkina-faso\/?p=11302"},"modified":"2021-05-07T14:53:52","modified_gmt":"2021-05-07T14:53:52","slug":"culture-le-vernissage-conscience-pour-montrer-le-burkina-tel-quil-est","status":"publish","type":"post","link":"https:\/\/www.africa-press.net\/burkina-faso\/culture-et-art\/culture-le-vernissage-conscience-pour-montrer-le-burkina-tel-quil-est","title":{"rendered":"Culture : Le vernissage \u00ab conscience \u00bb pour montrer le Burkina tel qu\u2019il est"},"content":{"rendered":"<p><span style=\"color: #ff6600\"><strong><a href=\"https:\/\/www.africa-press.net\/\">Africa-Press<\/a> &#8211; <a href=\"https:\/\/www.africa-press.net\/burkina-faso\">Burkina Faso<\/a>. <\/strong><\/span><b>L\u2019artiste photographe Nyaba L\u00e9on Ou\u00e9draogo a proc\u00e9d\u00e9 le mercredi 5 mai 2021 \u00e0 Ouagadougou, \u00e0 l\u2019inauguration de son exposition de photographie d\u2019art sur l\u2019avenue Kwame Nkrumah. Le vernissage est intitul\u00e9 \u00ab conscience \u00bb. Il montre le Burkina tel qu\u2019il est. L\u2019activit\u00e9 est r\u00e9alis\u00e9e avec le concours d\u2019autres photographes. Elle b\u00e9n\u00e9ficie \u00e9galement du soutien de l\u2019Union europ\u00e9enne.<\/b><\/p>\n<p>Soutenir la visibilit\u00e9 des artistes photographes \u00e0 l\u2019\u00e9chelle nationale et internationale. C\u2019est l\u2019objectif poursuivi par l\u2019exposition d\u2019\u0153uvres photographiques sur l\u2019avenue Kwame Nkrumah de Ouagadougou. C\u2019est l\u2019id\u00e9e de l\u2019artiste Nyaba L\u00e9on Ou\u00e9draogo. Le lancement officiel du vernissage a eu lieu le jeudi 5 mai 2021. Selon son promoteur, le projet photographique veut montrer le Burkina Faso tel qu\u2019il est et tel qu\u2019il va, sans rien occulter de sa violence.<\/p>\n<p>Selon lui, il s\u2019agit des attaques terroristes, de la beaut\u00e9 des coutumes, de ses croyances, de son vivre-ensemble, de sa g\u00e9n\u00e9rosit\u00e9, de ses sensibilit\u00e9s religieuses et de son pragmatisme. Ainsi, il souhaite que la pr\u00e9sente exposition puisse participer \u00e0 donner une nouvelle impulsion \u00e0 la pratique d\u2019art photographique au Burkina Faso. Plusieurs autres artistes photographes prennent part au vernissage avec des prises de vue.<\/p>\n<p>L\u2019activit\u00e9 a \u00e9t\u00e9 rendue possible gr\u00e2ce au soutien remarquable de la d\u00e9l\u00e9gation de l\u2019Union europ\u00e9enne au Burkina. Pour le chef de la d\u00e9l\u00e9gation, l\u2019ambassadeur Wolfram Vetter, c\u2019est une activit\u00e9 qui rentre parfaitement dans le cadre de la c\u00e9l\u00e9bration de la journ\u00e9e de l\u2019Europe. Il a soulign\u00e9 qu\u2019en venant au pays des hommes int\u00e8gres, il y avait l\u2019image d\u2019un pays en crise et que les m\u00e9chants occupaient partout. En initiant cette activit\u00e9, Il est convaincu qu\u2019elle va contribuer \u00e0 revitaliser l\u2019avenue.<\/p>\n<p>L\u2019exposition des \u0153uvres sur l\u2019avenue Kwame Nkrumah r\u00e9jouit le maire de Ouagadougou, Armand Beouind\u00e9. Il a fait remarquer que ce lieu qui a \u00e9t\u00e9 victime d\u2019attaques terroristes en avait besoin pour revivre. Par-dessus tout, il estime que le Burkina a besoin de paix et d\u2019unit\u00e9 pour se construire. Au regard de l\u2019importance du vernissage, il a tenu \u00e0 dire merci \u00e0 l\u2019Union europ\u00e9enne et aux artistes pour avoir eu l\u2019id\u00e9e de le faire. D\u00e9but\u00e9 ce mercredi 5 mai 2021, le vernissage prendra fin le 22 mai prochain.<\/p>\n<p><b>\u00a0<\/b><\/p>\n","protected":false},"excerpt":{"rendered":"<p>Africa-Press &#8211; Burkina Faso. L\u2019artiste photographe Nyaba L\u00e9on Ou\u00e9draogo a proc\u00e9d\u00e9 le mercredi 5 mai 2021 \u00e0 Ouagadougou, \u00e0 l\u2019inauguration de son exposition de photographie d\u2019art sur l\u2019avenue Kwame Nkrumah. Le vernissage est intitul\u00e9 \u00ab conscience \u00bb. Il montre le Burkina tel qu\u2019il est. L\u2019activit\u00e9 est r\u00e9alis\u00e9e avec le concours d\u2019autres photographes. Elle b\u00e9n\u00e9ficie \u00e9galement [&hellip;]<\/p>\n","protected":false},"author":82,"featured_media":11301,"comment_status":"open","ping_status":"closed","sticky":false,"template":"","format":"standard","meta":{"footnotes":""},"categories":[5,11,10],"tags":[111,725,29],"class_list":["post-11302","post","type-post","status-publish","format-standard","has-post-thumbnail","hentry","category-culture-et-art","category-homepage-french","category-toutes-les-actualites","tag-africa-press","tag-africa-press-burkina-faso","tag-burkina-faso"],"yoast_head":"<!-- This site is optimized with the Yoast SEO Premium plugin v26.1 (Yoast SEO v27.0) - https:\/\/yoast.com\/product\/yoast-seo-premium-wordpress\/ -->\n<title>Culture : Le vernissage \u00ab conscience \u00bb pour montrer le Burkina tel qu\u2019il est - Burkina Faso<\/title>\n<meta name=\"description\" content=\"L\u2019artiste photographe Nyaba L\u00e9on Ou\u00e9draogo a proc\u00e9d\u00e9 le mercredi 5 mai 2021 \u00e0 Ouagadougou, \u00e0 l\u2019inauguration de son ex ...\" \/>\n<meta name=\"robots\" content=\"index, follow, max-snippet:-1, max-image-preview:large, max-video-preview:-1\" \/>\n<link rel=\"canonical\" href=\"https:\/\/www.africa-press.net\/burkina-faso\/culture-et-art\/culture-le-vernissage-conscience-pour-montrer-le-burkina-tel-quil-est\" \/>\n<meta property=\"og:locale\" content=\"fr_FR\" \/>\n<meta property=\"og:type\" content=\"article\" \/>\n<meta property=\"og:title\" content=\"Culture : Le vernissage \u00ab conscience \u00bb pour montrer le Burkina tel qu\u2019il est\" \/>\n<meta property=\"og:description\" content=\"L\u2019artiste photographe Nyaba L\u00e9on Ou\u00e9draogo a proc\u00e9d\u00e9 le mercredi 5 mai 2021 \u00e0 Ouagadougou, \u00e0 l\u2019inauguration de son ex ...\" \/>\n<meta property=\"og:url\" content=\"https:\/\/www.africa-press.net\/burkina-faso\/culture-et-art\/culture-le-vernissage-conscience-pour-montrer-le-burkina-tel-quil-est\" \/>\n<meta property=\"og:site_name\" content=\"Burkina Faso\" \/>\n<meta property=\"article:published_time\" content=\"2021-05-06T16:51:34+00:00\" \/>\n<meta property=\"article:modified_time\" content=\"2021-05-07T14:53:52+00:00\" \/>\n<meta property=\"og:image\" content=\"https:\/\/static.africa-press.net\/burkina\/sites\/42\/2021\/05\/img-60940da904d30.jpg\" \/>\n\t<meta property=\"og:image:width\" content=\"720\" \/>\n\t<meta property=\"og:image:height\" content=\"404\" \/>\n\t<meta property=\"og:image:type\" content=\"image\/jpeg\" \/>\n<meta name=\"author\" content=\"cfeditorfr\" \/>\n<meta name=\"twitter:card\" content=\"summary_large_image\" \/>\n<meta name=\"twitter:label1\" content=\"\u00c9crit par\" \/>\n\t<meta name=\"twitter:data1\" content=\"cfeditorfr\" \/>\n\t<meta name=\"twitter:label2\" content=\"Dur\u00e9e de lecture estim\u00e9e\" \/>\n\t<meta name=\"twitter:data2\" content=\"2 minutes\" \/>\n<script type=\"application\/ld+json\" class=\"yoast-schema-graph\">{\"@context\":\"https:\/\/schema.org\",\"@graph\":[{\"@type\":\"Article\",\"@id\":\"https:\/\/www.africa-press.net\/burkina-faso\/culture-et-art\/culture-le-vernissage-conscience-pour-montrer-le-burkina-tel-quil-est#article\",\"isPartOf\":{\"@id\":\"https:\/\/www.africa-press.net\/burkina-faso\/culture-et-art\/culture-le-vernissage-conscience-pour-montrer-le-burkina-tel-quil-est\"},\"author\":{\"name\":\"cfeditorfr\",\"@id\":\"https:\/\/www.africa-press.net\/burkina-faso\/#\/schema\/person\/2b1cf3cd81a31e3cd26889ca66d677f1\"},\"headline\":\"Culture : Le vernissage \u00ab conscience \u00bb pour montrer le Burkina tel qu\u2019il est\",\"datePublished\":\"2021-05-06T16:51:34+00:00\",\"dateModified\":\"2021-05-07T14:53:52+00:00\",\"mainEntityOfPage\":{\"@id\":\"https:\/\/www.africa-press.net\/burkina-faso\/culture-et-art\/culture-le-vernissage-conscience-pour-montrer-le-burkina-tel-quil-est\"},\"wordCount\":422,\"commentCount\":0,\"image\":{\"@id\":\"https:\/\/www.africa-press.net\/burkina-faso\/culture-et-art\/culture-le-vernissage-conscience-pour-montrer-le-burkina-tel-quil-est#primaryimage\"},\"thumbnailUrl\":\"https:\/\/static.africa-press.net\/burkina\/sites\/42\/2021\/05\/img-60940da904d30.jpg\",\"keywords\":[\"Africa Press\",\"Africa Press-Burkina Faso\",\"Burkina Faso\"],\"articleSection\":[\"Culture et Art\",\"homepage-french\",\"Toutes les actualit\u00e9s\"],\"inLanguage\":\"fr-FR\",\"potentialAction\":[{\"@type\":\"CommentAction\",\"name\":\"Comment\",\"target\":[\"https:\/\/www.africa-press.net\/burkina-faso\/culture-et-art\/culture-le-vernissage-conscience-pour-montrer-le-burkina-tel-quil-est#respond\"]}]},{\"@type\":\"WebPage\",\"@id\":\"https:\/\/www.africa-press.net\/burkina-faso\/culture-et-art\/culture-le-vernissage-conscience-pour-montrer-le-burkina-tel-quil-est\",\"url\":\"https:\/\/www.africa-press.net\/burkina-faso\/culture-et-art\/culture-le-vernissage-conscience-pour-montrer-le-burkina-tel-quil-est\",\"name\":\"Culture : Le vernissage \u00ab conscience \u00bb pour montrer le Burkina tel qu\u2019il est - Burkina Faso\",\"isPartOf\":{\"@id\":\"https:\/\/www.africa-press.net\/burkina-faso\/#website\"},\"primaryImageOfPage\":{\"@id\":\"https:\/\/www.africa-press.net\/burkina-faso\/culture-et-art\/culture-le-vernissage-conscience-pour-montrer-le-burkina-tel-quil-est#primaryimage\"},\"image\":{\"@id\":\"https:\/\/www.africa-press.net\/burkina-faso\/culture-et-art\/culture-le-vernissage-conscience-pour-montrer-le-burkina-tel-quil-est#primaryimage\"},\"thumbnailUrl\":\"https:\/\/static.africa-press.net\/burkina\/sites\/42\/2021\/05\/img-60940da904d30.jpg\",\"datePublished\":\"2021-05-06T16:51:34+00:00\",\"dateModified\":\"2021-05-07T14:53:52+00:00\",\"author\":{\"@id\":\"https:\/\/www.africa-press.net\/burkina-faso\/#\/schema\/person\/2b1cf3cd81a31e3cd26889ca66d677f1\"},\"description\":\"L\u2019artiste photographe Nyaba L\u00e9on Ou\u00e9draogo a proc\u00e9d\u00e9 le mercredi 5 mai 2021 \u00e0 Ouagadougou, \u00e0 l\u2019inauguration de son ex ...\",\"breadcrumb\":{\"@id\":\"https:\/\/www.africa-press.net\/burkina-faso\/culture-et-art\/culture-le-vernissage-conscience-pour-montrer-le-burkina-tel-quil-est#breadcrumb\"},\"inLanguage\":\"fr-FR\",\"potentialAction\":[{\"@type\":\"ReadAction\",\"target\":[\"https:\/\/www.africa-press.net\/burkina-faso\/culture-et-art\/culture-le-vernissage-conscience-pour-montrer-le-burkina-tel-quil-est\"]}]},{\"@type\":\"ImageObject\",\"inLanguage\":\"fr-FR\",\"@id\":\"https:\/\/www.africa-press.net\/burkina-faso\/culture-et-art\/culture-le-vernissage-conscience-pour-montrer-le-burkina-tel-quil-est#primaryimage\",\"url\":\"https:\/\/static.africa-press.net\/burkina\/sites\/42\/2021\/05\/img-60940da904d30.jpg\",\"contentUrl\":\"https:\/\/static.africa-press.net\/burkina\/sites\/42\/2021\/05\/img-60940da904d30.jpg\",\"width\":720,\"height\":404,\"caption\":\"Culture : Le vernissage \u00ab conscience \u00bb pour montrer le Burkina tel qu\u2019il est\"},{\"@type\":\"BreadcrumbList\",\"@id\":\"https:\/\/www.africa-press.net\/burkina-faso\/culture-et-art\/culture-le-vernissage-conscience-pour-montrer-le-burkina-tel-quil-est#breadcrumb\",\"itemListElement\":[{\"@type\":\"ListItem\",\"position\":1,\"name\":\"Accueil\",\"item\":\"https:\/\/www.africa-press.net\/burkina-faso\/\"},{\"@type\":\"ListItem\",\"position\":2,\"name\":\"Culture : Le vernissage \u00ab conscience \u00bb pour montrer le Burkina tel qu\u2019il est\"}]},{\"@type\":\"WebSite\",\"@id\":\"https:\/\/www.africa-press.net\/burkina-faso\/#website\",\"url\":\"https:\/\/www.africa-press.net\/burkina-faso\/\",\"name\":\"Burkina Faso\",\"description\":\"Just another Africa News Agency Sites site\",\"potentialAction\":[{\"@type\":\"SearchAction\",\"target\":{\"@type\":\"EntryPoint\",\"urlTemplate\":\"https:\/\/www.africa-press.net\/burkina-faso\/?s={search_term_string}\"},\"query-input\":{\"@type\":\"PropertyValueSpecification\",\"valueRequired\":true,\"valueName\":\"search_term_string\"}}],\"inLanguage\":\"fr-FR\"},{\"@type\":\"Person\",\"@id\":\"https:\/\/www.africa-press.net\/burkina-faso\/#\/schema\/person\/2b1cf3cd81a31e3cd26889ca66d677f1\",\"name\":\"cfeditorfr\"}]}<\/script>\n<!-- \/ Yoast SEO Premium plugin. -->","yoast_head_json":{"title":"Culture : Le vernissage \u00ab conscience \u00bb pour montrer le Burkina tel qu\u2019il est - Burkina Faso","description":"L\u2019artiste photographe Nyaba L\u00e9on Ou\u00e9draogo a proc\u00e9d\u00e9 le mercredi 5 mai 2021 \u00e0 Ouagadougou, \u00e0 l\u2019inauguration de son ex ...","robots":{"index":"index","follow":"follow","max-snippet":"max-snippet:-1","max-image-preview":"max-image-preview:large","max-video-preview":"max-video-preview:-1"},"canonical":"https:\/\/www.africa-press.net\/burkina-faso\/culture-et-art\/culture-le-vernissage-conscience-pour-montrer-le-burkina-tel-quil-est","og_locale":"fr_FR","og_type":"article","og_title":"Culture : Le vernissage \u00ab conscience \u00bb pour montrer le Burkina tel qu\u2019il est","og_description":"L\u2019artiste photographe Nyaba L\u00e9on Ou\u00e9draogo a proc\u00e9d\u00e9 le mercredi 5 mai 2021 \u00e0 Ouagadougou, \u00e0 l\u2019inauguration de son ex ...","og_url":"https:\/\/www.africa-press.net\/burkina-faso\/culture-et-art\/culture-le-vernissage-conscience-pour-montrer-le-burkina-tel-quil-est","og_site_name":"Burkina Faso","article_published_time":"2021-05-06T16:51:34+00:00","article_modified_time":"2021-05-07T14:53:52+00:00","og_image":[{"width":720,"height":404,"url":"https:\/\/static.africa-press.net\/burkina\/sites\/42\/2021\/05\/img-60940da904d30.jpg","type":"image\/jpeg"}],"author":"cfeditorfr","twitter_card":"summary_large_image","twitter_misc":{"\u00c9crit par":"cfeditorfr","Dur\u00e9e de lecture estim\u00e9e":"2 minutes"},"schema":{"@context":"https:\/\/schema.org","@graph":[{"@type":"Article","@id":"https:\/\/www.africa-press.net\/burkina-faso\/culture-et-art\/culture-le-vernissage-conscience-pour-montrer-le-burkina-tel-quil-est#article","isPartOf":{"@id":"https:\/\/www.africa-press.net\/burkina-faso\/culture-et-art\/culture-le-vernissage-conscience-pour-montrer-le-burkina-tel-quil-est"},"author":{"name":"cfeditorfr","@id":"https:\/\/www.africa-press.net\/burkina-faso\/#\/schema\/person\/2b1cf3cd81a31e3cd26889ca66d677f1"},"headline":"Culture : Le vernissage \u00ab conscience \u00bb pour montrer le Burkina tel qu\u2019il est","datePublished":"2021-05-06T16:51:34+00:00","dateModified":"2021-05-07T14:53:52+00:00","mainEntityOfPage":{"@id":"https:\/\/www.africa-press.net\/burkina-faso\/culture-et-art\/culture-le-vernissage-conscience-pour-montrer-le-burkina-tel-quil-est"},"wordCount":422,"commentCount":0,"image":{"@id":"https:\/\/www.africa-press.net\/burkina-faso\/culture-et-art\/culture-le-vernissage-conscience-pour-montrer-le-burkina-tel-quil-est#primaryimage"},"thumbnailUrl":"https:\/\/static.africa-press.net\/burkina\/sites\/42\/2021\/05\/img-60940da904d30.jpg","keywords":["Africa Press","Africa Press-Burkina Faso","Burkina Faso"],"articleSection":["Culture et Art","homepage-french","Toutes les actualit\u00e9s"],"inLanguage":"fr-FR","potentialAction":[{"@type":"CommentAction","name":"Comment","target":["https:\/\/www.africa-press.net\/burkina-faso\/culture-et-art\/culture-le-vernissage-conscience-pour-montrer-le-burkina-tel-quil-est#respond"]}]},{"@type":"WebPage","@id":"https:\/\/www.africa-press.net\/burkina-faso\/culture-et-art\/culture-le-vernissage-conscience-pour-montrer-le-burkina-tel-quil-est","url":"https:\/\/www.africa-press.net\/burkina-faso\/culture-et-art\/culture-le-vernissage-conscience-pour-montrer-le-burkina-tel-quil-est","name":"Culture : Le vernissage \u00ab conscience \u00bb pour montrer le Burkina tel qu\u2019il est - Burkina Faso","isPartOf":{"@id":"https:\/\/www.africa-press.net\/burkina-faso\/#website"},"primaryImageOfPage":{"@id":"https:\/\/www.africa-press.net\/burkina-faso\/culture-et-art\/culture-le-vernissage-conscience-pour-montrer-le-burkina-tel-quil-est#primaryimage"},"image":{"@id":"https:\/\/www.africa-press.net\/burkina-faso\/culture-et-art\/culture-le-vernissage-conscience-pour-montrer-le-burkina-tel-quil-est#primaryimage"},"thumbnailUrl":"https:\/\/static.africa-press.net\/burkina\/sites\/42\/2021\/05\/img-60940da904d30.jpg","datePublished":"2021-05-06T16:51:34+00:00","dateModified":"2021-05-07T14:53:52+00:00","author":{"@id":"https:\/\/www.africa-press.net\/burkina-faso\/#\/schema\/person\/2b1cf3cd81a31e3cd26889ca66d677f1"},"description":"L\u2019artiste photographe Nyaba L\u00e9on Ou\u00e9draogo a proc\u00e9d\u00e9 le mercredi 5 mai 2021 \u00e0 Ouagadougou, \u00e0 l\u2019inauguration de son ex ...","breadcrumb":{"@id":"https:\/\/www.africa-press.net\/burkina-faso\/culture-et-art\/culture-le-vernissage-conscience-pour-montrer-le-burkina-tel-quil-est#breadcrumb"},"inLanguage":"fr-FR","potentialAction":[{"@type":"ReadAction","target":["https:\/\/www.africa-press.net\/burkina-faso\/culture-et-art\/culture-le-vernissage-conscience-pour-montrer-le-burkina-tel-quil-est"]}]},{"@type":"ImageObject","inLanguage":"fr-FR","@id":"https:\/\/www.africa-press.net\/burkina-faso\/culture-et-art\/culture-le-vernissage-conscience-pour-montrer-le-burkina-tel-quil-est#primaryimage","url":"https:\/\/static.africa-press.net\/burkina\/sites\/42\/2021\/05\/img-60940da904d30.jpg","contentUrl":"https:\/\/static.africa-press.net\/burkina\/sites\/42\/2021\/05\/img-60940da904d30.jpg","width":720,"height":404,"caption":"Culture : Le vernissage \u00ab conscience \u00bb pour montrer le Burkina tel qu\u2019il est"},{"@type":"BreadcrumbList","@id":"https:\/\/www.africa-press.net\/burkina-faso\/culture-et-art\/culture-le-vernissage-conscience-pour-montrer-le-burkina-tel-quil-est#breadcrumb","itemListElement":[{"@type":"ListItem","position":1,"name":"Accueil","item":"https:\/\/www.africa-press.net\/burkina-faso\/"},{"@type":"ListItem","position":2,"name":"Culture : Le vernissage \u00ab conscience \u00bb pour montrer le Burkina tel qu\u2019il est"}]},{"@type":"WebSite","@id":"https:\/\/www.africa-press.net\/burkina-faso\/#website","url":"https:\/\/www.africa-press.net\/burkina-faso\/","name":"Burkina Faso","description":"Just another Africa News Agency Sites site","potentialAction":[{"@type":"SearchAction","target":{"@type":"EntryPoint","urlTemplate":"https:\/\/www.africa-press.net\/burkina-faso\/?s={search_term_string}"},"query-input":{"@type":"PropertyValueSpecification","valueRequired":true,"valueName":"search_term_string"}}],"inLanguage":"fr-FR"},{"@type":"Person","@id":"https:\/\/www.africa-press.net\/burkina-faso\/#\/schema\/person\/2b1cf3cd81a31e3cd26889ca66d677f1","name":"cfeditorfr"}]}},"_links":{"self":[{"href":"https:\/\/www.africa-press.net\/burkina-faso\/wp-json\/wp\/v2\/posts\/11302","targetHints":{"allow":["GET"]}}],"collection":[{"href":"https:\/\/www.africa-press.net\/burkina-faso\/wp-json\/wp\/v2\/posts"}],"about":[{"href":"https:\/\/www.africa-press.net\/burkina-faso\/wp-json\/wp\/v2\/types\/post"}],"author":[{"embeddable":true,"href":"https:\/\/www.africa-press.net\/burkina-faso\/wp-json\/wp\/v2\/users\/82"}],"replies":[{"embeddable":true,"href":"https:\/\/www.africa-press.net\/burkina-faso\/wp-json\/wp\/v2\/comments?post=11302"}],"version-history":[{"count":0,"href":"https:\/\/www.africa-press.net\/burkina-faso\/wp-json\/wp\/v2\/posts\/11302\/revisions"}],"wp:featuredmedia":[{"embeddable":true,"href":"https:\/\/www.africa-press.net\/burkina-faso\/wp-json\/wp\/v2\/media\/11301"}],"wp:attachment":[{"href":"https:\/\/www.africa-press.net\/burkina-faso\/wp-json\/wp\/v2\/media?parent=11302"}],"wp:term":[{"taxonomy":"category","embeddable":true,"href":"https:\/\/www.africa-press.net\/burkina-faso\/wp-json\/wp\/v2\/categories?post=11302"},{"taxonomy":"post_tag","embeddable":true,"href":"https:\/\/www.africa-press.net\/burkina-faso\/wp-json\/wp\/v2\/tags?post=11302"}],"curies":[{"name":"wp","href":"https:\/\/api.w.org\/{rel}","templated":true}]}}