{"id":11305,"date":"2021-05-06T16:58:11","date_gmt":"2021-05-06T16:58:11","guid":{"rendered":"https:\/\/www.africa-press.net\/burkina-faso\/?p=11305"},"modified":"2021-05-07T14:54:00","modified_gmt":"2021-05-07T14:54:00","slug":"eau-et-assainissement-au-burkina-faso-le-comite-du-bassin-du-liptako-en-session-extraordinaire-a-kaya","status":"publish","type":"post","link":"https:\/\/www.africa-press.net\/burkina-faso\/toutes-les-actualites\/eau-et-assainissement-au-burkina-faso-le-comite-du-bassin-du-liptako-en-session-extraordinaire-a-kaya","title":{"rendered":"Eau et assainissement au Burkina Faso : Le comit\u00e9 du bassin du Liptako en session extraordinaire \u00e0 Kaya"},"content":{"rendered":"<p><span style=\"color: #ff6600\"><strong><a href=\"https:\/\/www.africa-press.net\/\">Africa-Press<\/a> &#8211; <a href=\"https:\/\/www.africa-press.net\/burkina-faso\">Burkina Faso<\/a>. <\/strong><\/span>Les membres du comit\u00e9 de bassin de l\u2019agence de l\u2019eau du Liptako tiennent leur premi\u00e8re session extraordinaire de l\u2019ann\u00e9e du 6 au 7 mai 2021 \u00e0 Kaya, chef-lieu de la r\u00e9gion du Centre-Nord.<\/p>\n<p>Les acteurs de l\u2019eau de l\u2019espace du Liptako sont en session \u00e0 Kaya. Cet exercice sera consacr\u00e9 \u00e0 la validation du rapport de l\u2019\u00e9tat des lieux des ressources en eau, des ressources connexes et des usages dans leur espace.<\/p>\n<p>Selon ce qu\u2019a expliqu\u00e9 le pr\u00e9sident du comit\u00e9 du bassin de l\u2019agence de l\u2019eau du Liptako, Saidou Maiga, dix \u00e9tudes th\u00e9matiques ont \u00e9t\u00e9 r\u00e9alis\u00e9es pour parvenir \u00e0 l\u2019\u00e9tablissement du pr\u00e9sent rapport.<\/p>\n<p>\u201cLes rapports de ces \u00e9tudes th\u00e9matiques ont \u00e9t\u00e9 pr\u00e9-valid\u00e9s par les unit\u00e9s techniques des agences et valid\u00e9s par la commission sp\u00e9cialis\u00e9e du comit\u00e9 du bassin install\u00e9e en ao\u00fbt 2018 lors de sa session ordinaire dont le r\u00f4le est d\u2019assurer le processus d\u2019\u00e9laboration du sch\u00e9ma directeur d\u2019am\u00e9nagement et de gestion des eaux\u201d, a-t-il pr\u00e9cis\u00e9.<\/p>\n<p>Saidou Maiga a ainsi appel\u00e9 ses coll\u00e8gues \u00e0 s\u2019approprier la rencontre et \u00e0 faire un examen sans \u201ccomplaisance\u201d du document par des critiques et suggestions constructives visant \u00e0 examiner et enrichir \u201cle document d\u2019\u00e9tat des lieux des ressources en eau, des ressources connexes et des usages de l\u2019espace de comp\u00e9tence de l\u2019agence de l\u2019eau du Liptako\u201d.<\/p>\n<p>\u201cCompl\u00e9ter ou corriger les donn\u00e9es contenues dans le document, et indiquer les sources d\u2019autres donn\u00e9es n\u00e9cessaires \u00e0 l\u2019am\u00e9lioration de la qualit\u00e9 du document. Faire des recommandations si n\u00e9cessaires\u201c, a-t-il invit\u00e9.<\/p>\n<p>Le directeur g\u00e9n\u00e9ral de l\u2019agence de l\u2019eau du Liptako, Jean-Baptiste Zongo a rappel\u00e9 que ce rapport \u00e0 \u00e9t\u00e9 \u00e9labor\u00e9 dans le cadre de l\u2019\u00e9laboration du sch\u00e9ma directeur d\u2019am\u00e9nagement et de gestion des eaux dans le Liptako.<\/p>\n<p>\u201cC\u2019est toute une synth\u00e8se de documents de ce qui existe au jour actuel dans notre espace\u201c, a-t-il affirm\u00e9. \u00c0 l\u2019entendre, au nombre de th\u00e9matiques \u00e9tudi\u00e9es s\u2019ajoutent des documents de r\u00e9f\u00e9rence qu\u2019ils ont exploit\u00e9s pour enrichir ce rapport.<\/p>\n<p>\u201cDans ces dix \u00e9tudes th\u00e9matiques, il y a la socio-\u00e9conomie, l\u2019hydraulique agricole, l\u2019hydraulique pastoral. Car vous savez bien que notre espace est une zone de pastoralisme par excellence, il y a des ressources mini\u00e8res. Il y a tout un lot d\u2019\u00e9l\u00e9ments qu\u2019on a voulu faire ressortir\u201c, a-t-il indiqu\u00e9. C\u2019est sur un financement du royaume de Danemark et de la Su\u00e8de que cette \u00e9tude a \u00e9t\u00e9 r\u00e9alis\u00e9e. Willy SAGBE<\/p>\n","protected":false},"excerpt":{"rendered":"<p>Africa-Press &#8211; Burkina Faso. Les membres du comit\u00e9 de bassin de l\u2019agence de l\u2019eau du Liptako tiennent leur premi\u00e8re session extraordinaire de l\u2019ann\u00e9e du 6 au 7 mai 2021 \u00e0 Kaya, chef-lieu de la r\u00e9gion du Centre-Nord. Les acteurs de l\u2019eau de l\u2019espace du Liptako sont en session \u00e0 Kaya. Cet exercice sera consacr\u00e9 \u00e0 [&hellip;]<\/p>\n","protected":false},"author":82,"featured_media":11304,"comment_status":"open","ping_status":"closed","sticky":false,"template":"","format":"standard","meta":{"footnotes":""},"categories":[21,11,10],"tags":[111,725,29],"class_list":["post-11305","post","type-post","status-publish","format-standard","has-post-thumbnail","hentry","category-communaute","category-homepage-french","category-toutes-les-actualites","tag-africa-press","tag-africa-press-burkina-faso","tag-burkina-faso"],"yoast_head":"<!-- This site is optimized with the Yoast SEO Premium plugin v26.1 (Yoast SEO v27.0) - https:\/\/yoast.com\/product\/yoast-seo-premium-wordpress\/ -->\n<title>Eau et assainissement au Burkina Faso : Le comit\u00e9 du bassin du Liptako en session extraordinaire \u00e0 Kaya - Burkina Faso<\/title>\n<meta name=\"description\" content=\"Les membres du comit\u00e9 de bassin de l\u2019agence de l\u2019eau du Liptako tiennent leur premi\u00e8re session extraordinaire de l\u2019ann\u00e9e ...\" \/>\n<meta name=\"robots\" content=\"index, follow, max-snippet:-1, max-image-preview:large, max-video-preview:-1\" \/>\n<link rel=\"canonical\" href=\"https:\/\/www.africa-press.net\/burkina-faso\/toutes-les-actualites\/eau-et-assainissement-au-burkina-faso-le-comite-du-bassin-du-liptako-en-session-extraordinaire-a-kaya\" \/>\n<meta property=\"og:locale\" content=\"fr_FR\" \/>\n<meta property=\"og:type\" content=\"article\" \/>\n<meta property=\"og:title\" content=\"Eau et assainissement au Burkina Faso : Le comit\u00e9 du bassin du Liptako en session extraordinaire \u00e0 Kaya\" \/>\n<meta property=\"og:description\" content=\"Les membres du comit\u00e9 de bassin de l\u2019agence de l\u2019eau du Liptako tiennent leur premi\u00e8re session extraordinaire de l\u2019ann\u00e9e ...\" \/>\n<meta property=\"og:url\" content=\"https:\/\/www.africa-press.net\/burkina-faso\/toutes-les-actualites\/eau-et-assainissement-au-burkina-faso-le-comite-du-bassin-du-liptako-en-session-extraordinaire-a-kaya\" \/>\n<meta property=\"og:site_name\" content=\"Burkina Faso\" \/>\n<meta property=\"article:published_time\" content=\"2021-05-06T16:58:11+00:00\" \/>\n<meta property=\"article:modified_time\" content=\"2021-05-07T14:54:00+00:00\" \/>\n<meta property=\"og:image\" content=\"https:\/\/static.africa-press.net\/burkina\/sites\/42\/2021\/05\/img-60940dccd9759.jpg\" \/>\n\t<meta property=\"og:image:width\" content=\"1024\" \/>\n\t<meta property=\"og:image:height\" content=\"461\" \/>\n\t<meta property=\"og:image:type\" content=\"image\/jpeg\" \/>\n<meta name=\"author\" content=\"cfeditorfr\" \/>\n<meta name=\"twitter:card\" content=\"summary_large_image\" \/>\n<meta name=\"twitter:label1\" content=\"\u00c9crit par\" \/>\n\t<meta name=\"twitter:data1\" content=\"cfeditorfr\" \/>\n\t<meta name=\"twitter:label2\" content=\"Dur\u00e9e de lecture estim\u00e9e\" \/>\n\t<meta name=\"twitter:data2\" content=\"2 minutes\" \/>\n<script type=\"application\/ld+json\" class=\"yoast-schema-graph\">{\"@context\":\"https:\/\/schema.org\",\"@graph\":[{\"@type\":\"Article\",\"@id\":\"https:\/\/www.africa-press.net\/burkina-faso\/toutes-les-actualites\/eau-et-assainissement-au-burkina-faso-le-comite-du-bassin-du-liptako-en-session-extraordinaire-a-kaya#article\",\"isPartOf\":{\"@id\":\"https:\/\/www.africa-press.net\/burkina-faso\/toutes-les-actualites\/eau-et-assainissement-au-burkina-faso-le-comite-du-bassin-du-liptako-en-session-extraordinaire-a-kaya\"},\"author\":{\"name\":\"cfeditorfr\",\"@id\":\"https:\/\/www.africa-press.net\/burkina-faso\/#\/schema\/person\/2b1cf3cd81a31e3cd26889ca66d677f1\"},\"headline\":\"Eau et assainissement au Burkina Faso : Le comit\u00e9 du bassin du Liptako en session extraordinaire \u00e0 Kaya\",\"datePublished\":\"2021-05-06T16:58:11+00:00\",\"dateModified\":\"2021-05-07T14:54:00+00:00\",\"mainEntityOfPage\":{\"@id\":\"https:\/\/www.africa-press.net\/burkina-faso\/toutes-les-actualites\/eau-et-assainissement-au-burkina-faso-le-comite-du-bassin-du-liptako-en-session-extraordinaire-a-kaya\"},\"wordCount\":468,\"commentCount\":0,\"image\":{\"@id\":\"https:\/\/www.africa-press.net\/burkina-faso\/toutes-les-actualites\/eau-et-assainissement-au-burkina-faso-le-comite-du-bassin-du-liptako-en-session-extraordinaire-a-kaya#primaryimage\"},\"thumbnailUrl\":\"https:\/\/static.africa-press.net\/burkina\/sites\/42\/2021\/05\/img-60940dccd9759.jpg\",\"keywords\":[\"Africa Press\",\"Africa Press-Burkina Faso\",\"Burkina Faso\"],\"articleSection\":[\"Communaut\u00e9\",\"homepage-french\",\"Toutes les actualit\u00e9s\"],\"inLanguage\":\"fr-FR\",\"potentialAction\":[{\"@type\":\"CommentAction\",\"name\":\"Comment\",\"target\":[\"https:\/\/www.africa-press.net\/burkina-faso\/toutes-les-actualites\/eau-et-assainissement-au-burkina-faso-le-comite-du-bassin-du-liptako-en-session-extraordinaire-a-kaya#respond\"]}]},{\"@type\":\"WebPage\",\"@id\":\"https:\/\/www.africa-press.net\/burkina-faso\/toutes-les-actualites\/eau-et-assainissement-au-burkina-faso-le-comite-du-bassin-du-liptako-en-session-extraordinaire-a-kaya\",\"url\":\"https:\/\/www.africa-press.net\/burkina-faso\/toutes-les-actualites\/eau-et-assainissement-au-burkina-faso-le-comite-du-bassin-du-liptako-en-session-extraordinaire-a-kaya\",\"name\":\"Eau et assainissement au Burkina Faso : Le comit\u00e9 du bassin du Liptako en session extraordinaire \u00e0 Kaya - Burkina Faso\",\"isPartOf\":{\"@id\":\"https:\/\/www.africa-press.net\/burkina-faso\/#website\"},\"primaryImageOfPage\":{\"@id\":\"https:\/\/www.africa-press.net\/burkina-faso\/toutes-les-actualites\/eau-et-assainissement-au-burkina-faso-le-comite-du-bassin-du-liptako-en-session-extraordinaire-a-kaya#primaryimage\"},\"image\":{\"@id\":\"https:\/\/www.africa-press.net\/burkina-faso\/toutes-les-actualites\/eau-et-assainissement-au-burkina-faso-le-comite-du-bassin-du-liptako-en-session-extraordinaire-a-kaya#primaryimage\"},\"thumbnailUrl\":\"https:\/\/static.africa-press.net\/burkina\/sites\/42\/2021\/05\/img-60940dccd9759.jpg\",\"datePublished\":\"2021-05-06T16:58:11+00:00\",\"dateModified\":\"2021-05-07T14:54:00+00:00\",\"author\":{\"@id\":\"https:\/\/www.africa-press.net\/burkina-faso\/#\/schema\/person\/2b1cf3cd81a31e3cd26889ca66d677f1\"},\"description\":\"Les membres du comit\u00e9 de bassin de l\u2019agence de l\u2019eau du Liptako tiennent leur premi\u00e8re session extraordinaire de l\u2019ann\u00e9e ...\",\"breadcrumb\":{\"@id\":\"https:\/\/www.africa-press.net\/burkina-faso\/toutes-les-actualites\/eau-et-assainissement-au-burkina-faso-le-comite-du-bassin-du-liptako-en-session-extraordinaire-a-kaya#breadcrumb\"},\"inLanguage\":\"fr-FR\",\"potentialAction\":[{\"@type\":\"ReadAction\",\"target\":[\"https:\/\/www.africa-press.net\/burkina-faso\/toutes-les-actualites\/eau-et-assainissement-au-burkina-faso-le-comite-du-bassin-du-liptako-en-session-extraordinaire-a-kaya\"]}]},{\"@type\":\"ImageObject\",\"inLanguage\":\"fr-FR\",\"@id\":\"https:\/\/www.africa-press.net\/burkina-faso\/toutes-les-actualites\/eau-et-assainissement-au-burkina-faso-le-comite-du-bassin-du-liptako-en-session-extraordinaire-a-kaya#primaryimage\",\"url\":\"https:\/\/static.africa-press.net\/burkina\/sites\/42\/2021\/05\/img-60940dccd9759.jpg\",\"contentUrl\":\"https:\/\/static.africa-press.net\/burkina\/sites\/42\/2021\/05\/img-60940dccd9759.jpg\",\"width\":1024,\"height\":461,\"caption\":\"Eau et assainissement au Burkina Faso : Le comit\u00e9 du bassin du Liptako en session extraordinaire \u00e0 Kaya\"},{\"@type\":\"BreadcrumbList\",\"@id\":\"https:\/\/www.africa-press.net\/burkina-faso\/toutes-les-actualites\/eau-et-assainissement-au-burkina-faso-le-comite-du-bassin-du-liptako-en-session-extraordinaire-a-kaya#breadcrumb\",\"itemListElement\":[{\"@type\":\"ListItem\",\"position\":1,\"name\":\"Accueil\",\"item\":\"https:\/\/www.africa-press.net\/burkina-faso\/\"},{\"@type\":\"ListItem\",\"position\":2,\"name\":\"Eau et assainissement au Burkina Faso : Le comit\u00e9 du bassin du Liptako en session extraordinaire \u00e0 Kaya\"}]},{\"@type\":\"WebSite\",\"@id\":\"https:\/\/www.africa-press.net\/burkina-faso\/#website\",\"url\":\"https:\/\/www.africa-press.net\/burkina-faso\/\",\"name\":\"Burkina Faso\",\"description\":\"Just another Africa News Agency Sites site\",\"potentialAction\":[{\"@type\":\"SearchAction\",\"target\":{\"@type\":\"EntryPoint\",\"urlTemplate\":\"https:\/\/www.africa-press.net\/burkina-faso\/?s={search_term_string}\"},\"query-input\":{\"@type\":\"PropertyValueSpecification\",\"valueRequired\":true,\"valueName\":\"search_term_string\"}}],\"inLanguage\":\"fr-FR\"},{\"@type\":\"Person\",\"@id\":\"https:\/\/www.africa-press.net\/burkina-faso\/#\/schema\/person\/2b1cf3cd81a31e3cd26889ca66d677f1\",\"name\":\"cfeditorfr\"}]}<\/script>\n<!-- \/ Yoast SEO Premium plugin. -->","yoast_head_json":{"title":"Eau et assainissement au Burkina Faso : Le comit\u00e9 du bassin du Liptako en session extraordinaire \u00e0 Kaya - Burkina Faso","description":"Les membres du comit\u00e9 de bassin de l\u2019agence de l\u2019eau du Liptako tiennent leur premi\u00e8re session extraordinaire de l\u2019ann\u00e9e ...","robots":{"index":"index","follow":"follow","max-snippet":"max-snippet:-1","max-image-preview":"max-image-preview:large","max-video-preview":"max-video-preview:-1"},"canonical":"https:\/\/www.africa-press.net\/burkina-faso\/toutes-les-actualites\/eau-et-assainissement-au-burkina-faso-le-comite-du-bassin-du-liptako-en-session-extraordinaire-a-kaya","og_locale":"fr_FR","og_type":"article","og_title":"Eau et assainissement au Burkina Faso : Le comit\u00e9 du bassin du Liptako en session extraordinaire \u00e0 Kaya","og_description":"Les membres du comit\u00e9 de bassin de l\u2019agence de l\u2019eau du Liptako tiennent leur premi\u00e8re session extraordinaire de l\u2019ann\u00e9e ...","og_url":"https:\/\/www.africa-press.net\/burkina-faso\/toutes-les-actualites\/eau-et-assainissement-au-burkina-faso-le-comite-du-bassin-du-liptako-en-session-extraordinaire-a-kaya","og_site_name":"Burkina Faso","article_published_time":"2021-05-06T16:58:11+00:00","article_modified_time":"2021-05-07T14:54:00+00:00","og_image":[{"width":1024,"height":461,"url":"https:\/\/static.africa-press.net\/burkina\/sites\/42\/2021\/05\/img-60940dccd9759.jpg","type":"image\/jpeg"}],"author":"cfeditorfr","twitter_card":"summary_large_image","twitter_misc":{"\u00c9crit par":"cfeditorfr","Dur\u00e9e de lecture estim\u00e9e":"2 minutes"},"schema":{"@context":"https:\/\/schema.org","@graph":[{"@type":"Article","@id":"https:\/\/www.africa-press.net\/burkina-faso\/toutes-les-actualites\/eau-et-assainissement-au-burkina-faso-le-comite-du-bassin-du-liptako-en-session-extraordinaire-a-kaya#article","isPartOf":{"@id":"https:\/\/www.africa-press.net\/burkina-faso\/toutes-les-actualites\/eau-et-assainissement-au-burkina-faso-le-comite-du-bassin-du-liptako-en-session-extraordinaire-a-kaya"},"author":{"name":"cfeditorfr","@id":"https:\/\/www.africa-press.net\/burkina-faso\/#\/schema\/person\/2b1cf3cd81a31e3cd26889ca66d677f1"},"headline":"Eau et assainissement au Burkina Faso : Le comit\u00e9 du bassin du Liptako en session extraordinaire \u00e0 Kaya","datePublished":"2021-05-06T16:58:11+00:00","dateModified":"2021-05-07T14:54:00+00:00","mainEntityOfPage":{"@id":"https:\/\/www.africa-press.net\/burkina-faso\/toutes-les-actualites\/eau-et-assainissement-au-burkina-faso-le-comite-du-bassin-du-liptako-en-session-extraordinaire-a-kaya"},"wordCount":468,"commentCount":0,"image":{"@id":"https:\/\/www.africa-press.net\/burkina-faso\/toutes-les-actualites\/eau-et-assainissement-au-burkina-faso-le-comite-du-bassin-du-liptako-en-session-extraordinaire-a-kaya#primaryimage"},"thumbnailUrl":"https:\/\/static.africa-press.net\/burkina\/sites\/42\/2021\/05\/img-60940dccd9759.jpg","keywords":["Africa Press","Africa Press-Burkina Faso","Burkina Faso"],"articleSection":["Communaut\u00e9","homepage-french","Toutes les actualit\u00e9s"],"inLanguage":"fr-FR","potentialAction":[{"@type":"CommentAction","name":"Comment","target":["https:\/\/www.africa-press.net\/burkina-faso\/toutes-les-actualites\/eau-et-assainissement-au-burkina-faso-le-comite-du-bassin-du-liptako-en-session-extraordinaire-a-kaya#respond"]}]},{"@type":"WebPage","@id":"https:\/\/www.africa-press.net\/burkina-faso\/toutes-les-actualites\/eau-et-assainissement-au-burkina-faso-le-comite-du-bassin-du-liptako-en-session-extraordinaire-a-kaya","url":"https:\/\/www.africa-press.net\/burkina-faso\/toutes-les-actualites\/eau-et-assainissement-au-burkina-faso-le-comite-du-bassin-du-liptako-en-session-extraordinaire-a-kaya","name":"Eau et assainissement au Burkina Faso : Le comit\u00e9 du bassin du Liptako en session extraordinaire \u00e0 Kaya - Burkina Faso","isPartOf":{"@id":"https:\/\/www.africa-press.net\/burkina-faso\/#website"},"primaryImageOfPage":{"@id":"https:\/\/www.africa-press.net\/burkina-faso\/toutes-les-actualites\/eau-et-assainissement-au-burkina-faso-le-comite-du-bassin-du-liptako-en-session-extraordinaire-a-kaya#primaryimage"},"image":{"@id":"https:\/\/www.africa-press.net\/burkina-faso\/toutes-les-actualites\/eau-et-assainissement-au-burkina-faso-le-comite-du-bassin-du-liptako-en-session-extraordinaire-a-kaya#primaryimage"},"thumbnailUrl":"https:\/\/static.africa-press.net\/burkina\/sites\/42\/2021\/05\/img-60940dccd9759.jpg","datePublished":"2021-05-06T16:58:11+00:00","dateModified":"2021-05-07T14:54:00+00:00","author":{"@id":"https:\/\/www.africa-press.net\/burkina-faso\/#\/schema\/person\/2b1cf3cd81a31e3cd26889ca66d677f1"},"description":"Les membres du comit\u00e9 de bassin de l\u2019agence de l\u2019eau du Liptako tiennent leur premi\u00e8re session extraordinaire de l\u2019ann\u00e9e ...","breadcrumb":{"@id":"https:\/\/www.africa-press.net\/burkina-faso\/toutes-les-actualites\/eau-et-assainissement-au-burkina-faso-le-comite-du-bassin-du-liptako-en-session-extraordinaire-a-kaya#breadcrumb"},"inLanguage":"fr-FR","potentialAction":[{"@type":"ReadAction","target":["https:\/\/www.africa-press.net\/burkina-faso\/toutes-les-actualites\/eau-et-assainissement-au-burkina-faso-le-comite-du-bassin-du-liptako-en-session-extraordinaire-a-kaya"]}]},{"@type":"ImageObject","inLanguage":"fr-FR","@id":"https:\/\/www.africa-press.net\/burkina-faso\/toutes-les-actualites\/eau-et-assainissement-au-burkina-faso-le-comite-du-bassin-du-liptako-en-session-extraordinaire-a-kaya#primaryimage","url":"https:\/\/static.africa-press.net\/burkina\/sites\/42\/2021\/05\/img-60940dccd9759.jpg","contentUrl":"https:\/\/static.africa-press.net\/burkina\/sites\/42\/2021\/05\/img-60940dccd9759.jpg","width":1024,"height":461,"caption":"Eau et assainissement au Burkina Faso : Le comit\u00e9 du bassin du Liptako en session extraordinaire \u00e0 Kaya"},{"@type":"BreadcrumbList","@id":"https:\/\/www.africa-press.net\/burkina-faso\/toutes-les-actualites\/eau-et-assainissement-au-burkina-faso-le-comite-du-bassin-du-liptako-en-session-extraordinaire-a-kaya#breadcrumb","itemListElement":[{"@type":"ListItem","position":1,"name":"Accueil","item":"https:\/\/www.africa-press.net\/burkina-faso\/"},{"@type":"ListItem","position":2,"name":"Eau et assainissement au Burkina Faso : Le comit\u00e9 du bassin du Liptako en session extraordinaire \u00e0 Kaya"}]},{"@type":"WebSite","@id":"https:\/\/www.africa-press.net\/burkina-faso\/#website","url":"https:\/\/www.africa-press.net\/burkina-faso\/","name":"Burkina Faso","description":"Just another Africa News Agency Sites site","potentialAction":[{"@type":"SearchAction","target":{"@type":"EntryPoint","urlTemplate":"https:\/\/www.africa-press.net\/burkina-faso\/?s={search_term_string}"},"query-input":{"@type":"PropertyValueSpecification","valueRequired":true,"valueName":"search_term_string"}}],"inLanguage":"fr-FR"},{"@type":"Person","@id":"https:\/\/www.africa-press.net\/burkina-faso\/#\/schema\/person\/2b1cf3cd81a31e3cd26889ca66d677f1","name":"cfeditorfr"}]}},"_links":{"self":[{"href":"https:\/\/www.africa-press.net\/burkina-faso\/wp-json\/wp\/v2\/posts\/11305","targetHints":{"allow":["GET"]}}],"collection":[{"href":"https:\/\/www.africa-press.net\/burkina-faso\/wp-json\/wp\/v2\/posts"}],"about":[{"href":"https:\/\/www.africa-press.net\/burkina-faso\/wp-json\/wp\/v2\/types\/post"}],"author":[{"embeddable":true,"href":"https:\/\/www.africa-press.net\/burkina-faso\/wp-json\/wp\/v2\/users\/82"}],"replies":[{"embeddable":true,"href":"https:\/\/www.africa-press.net\/burkina-faso\/wp-json\/wp\/v2\/comments?post=11305"}],"version-history":[{"count":0,"href":"https:\/\/www.africa-press.net\/burkina-faso\/wp-json\/wp\/v2\/posts\/11305\/revisions"}],"wp:featuredmedia":[{"embeddable":true,"href":"https:\/\/www.africa-press.net\/burkina-faso\/wp-json\/wp\/v2\/media\/11304"}],"wp:attachment":[{"href":"https:\/\/www.africa-press.net\/burkina-faso\/wp-json\/wp\/v2\/media?parent=11305"}],"wp:term":[{"taxonomy":"category","embeddable":true,"href":"https:\/\/www.africa-press.net\/burkina-faso\/wp-json\/wp\/v2\/categories?post=11305"},{"taxonomy":"post_tag","embeddable":true,"href":"https:\/\/www.africa-press.net\/burkina-faso\/wp-json\/wp\/v2\/tags?post=11305"}],"curies":[{"name":"wp","href":"https:\/\/api.w.org\/{rel}","templated":true}]}}