{"id":11311,"date":"2021-05-06T17:17:25","date_gmt":"2021-05-06T17:17:25","guid":{"rendered":"https:\/\/www.africa-press.net\/burkina-faso\/?p=11311"},"modified":"2021-05-07T14:54:21","modified_gmt":"2021-05-07T14:54:21","slug":"projet-universite-thomas-sankara-les-personnes-affectees-passent-a-la-caisse","status":"publish","type":"post","link":"https:\/\/www.africa-press.net\/burkina-faso\/politique\/projet-universite-thomas-sankara-les-personnes-affectees-passent-a-la-caisse","title":{"rendered":"Projet universit\u00e9 Thomas-Sankara : Les personnes affect\u00e9es passent  \u00e0 la caisse"},"content":{"rendered":"<p><span style=\"color: #ff6600\"><strong><a href=\"https:\/\/www.africa-press.net\/\">Africa-Press<\/a> &#8211; <a href=\"https:\/\/www.africa-press.net\/burkina-faso\">Burkina Faso<\/a>. <\/strong><\/span><b>Les personnes affect\u00e9es par le projet de construction de l\u2019universit\u00e9 Thomas- Sankara dans la commune de Saaba sont pass\u00e9es \u00e0 la caisse, le mercredi 5 mai 2021, pour entrer en possession de leurs ch\u00e8ques.<\/b><\/p>\n<p>Apr\u00e8s plus de cinq ans de tractations, c\u2019est enfin le bout du tunnel pour les 396 propri\u00e9taires terriens, 365 acqu\u00e9reurs et 84 exploitants affect\u00e9s par le projet de construction de l\u2019Universit\u00e9 Thomas- Sankara (UTS).<br \/>\nEn effet, le mercredi 5 mai 2021, ils ont re\u00e7u chacun un ch\u00e8que en fonction du pr\u00e9judice caus\u00e9 et des investissements sur le terrain. D\u2019un co\u00fbt d\u2019environ 5 milliards F CFA, cette indemnisation qui a mis trop de temps pour se concr\u00e9tiser a pris en compte plusieurs aspects, selon le pr\u00e9sident de l\u2019universit\u00e9, Adjima Thiombiano. Il s\u2019est agi, selon lui, dans un premier temps, de recenser les personnes affect\u00e9es par le projet et ensuite recenser leurs biens.<\/p>\n<p>\u00ab Entre temps, nous nous sommes rendus compte qu\u2019effectivement, entre les d\u00e9clarations notamment en terme de superficie des champs et la r\u00e9alit\u00e9 sur le terrain, il y avait un surplus de plus de 250 ha. Donc, il fallait rentrer dans une phase de n\u00e9gociations avec ces populations pour stabiliser les superficies qui nous a pris une ann\u00e9e et demie et c\u2019est apr\u00e8s cela que nous sommes entr\u00e9s dans la phase d\u2019\u00e9valuation financi\u00e8re \u00bb, a expliqu\u00e9 le<\/p>\n<p>pr\u00e9sident Thiombiano. Ainsi, plusieurs mod\u00e8les d\u2019indemnisation ont \u00e9t\u00e9 propos\u00e9s aux populations des 12 villages affect\u00e9s par projet mais aussi, aux acqu\u00e9reurs et aux exploitants, a affirm\u00e9, M. Thiombiano. Il a reconnu d\u2019ailleurs que celles-ci ont consenti un gros sacrifice pour permettre la r\u00e9alisation du projet. \u00ab M\u00eame si nous payons 5 millions F CFA l\u2019hectare, cela ne sera jamais le co\u00fbt r\u00e9el de la superficie que chacun a consenti parce que cela ne prend pas en compte certains aspects importants comme la question culturelle \u00bb, a-t-il relev\u00e9.<\/p>\n<p>Le pr\u00e9sident de l\u2019UTS a salu\u00e9 l\u2019esprit d\u2019\u00e9coute et de compr\u00e9hension, dont a fait preuve la population, mais \u00e9galement des chefs des villages concern\u00e9s qui ont fait preuve de bienveillance \u00e0 leur \u00e9gard. D\u2019une superficie totale de 1890 ha, le domaine de l\u2019UTS a \u00e9t\u00e9 amput\u00e9 de 364 ha. Et \u00e0 entendre le Pr Thiombiano, il s\u2019agit pour le projet de d\u00e9gager des parcelles pour tous ceux qui ont \u00e9t\u00e9 affect\u00e9s par le projet. \u00ab Nous avons pu d\u00e9gager \u00e0 l\u2019int\u00e9rieur de l\u2019universit\u00e9 pr\u00e8s de 364 ha que nous avons parcell\u00e9s, bien s\u00fbr apr\u00e8s avoir obtenu l\u2019autorisation de lotir et attribu\u00e9 ces parcelles \u00e0 l\u2019ensemble des populations (propri\u00e9taires terriens, acqu\u00e9reurs et exploitants) affect\u00e9es \u00bb, a pr\u00e9cis\u00e9 le pr\u00e9sident Thiombiano.<\/p>\n<p>C\u2019est pourquoi, le chef de Kouanda, site de ladite universit\u00e9, n\u2019a pas cach\u00e9 sa satisfaction apr\u00e8s avoir re\u00e7u son ch\u00e8que. \u00ab Je suis fier, car aujourd\u2019hui, le gouvernement a honor\u00e9 son engagement. Cela fait des ann\u00e9es que nous avons entam\u00e9 les n\u00e9gociations et c\u2019est le bout du tunnel. Car, j\u2019ai encaiss\u00e9 mon ch\u00e8que, le Kamsonghin Dapoya Naaba \u00e9galement et tous ceux qui attendent vont aussi passer \u00e0 la caisse. C\u2019est bien pour l\u2019UTS et pour toute la population \u00bb, a laiss\u00e9 entendre le chef de Kouanda. Selon lui, le montant re\u00e7u correspond parfaitement \u00e0 leurs attentes.<\/p>\n<p>\u00ab le projet a pay\u00e9 les arbres, les terres, les champs, les b\u00e2timents, en somme, tout ce que tu as eu \u00e0 faire comme investissement le projet a pris cela en compte et nous ne pouvons que nous r\u00e9jouir \u00bb, a-t-il indiqu\u00e9.<br \/>\nRebaptis\u00e9 et inaugur\u00e9 le 15 octobre 2020, l\u2019universit\u00e9 Thomas-Sankara est situ\u00e9e dans la commune de Saaba, \u00e0 une vingtaine de kilom\u00e8tres de Ouagadougou. Elle a \u00e9t\u00e9 \u00e9rig\u00e9e en \u00c9tablissement public de l\u2019Etat \u00e0 caract\u00e8re scientifique, culturel et technique (EPESCT) par d\u00e9cret n\u00b02008-442\/PRES\/PM\/MESSRS\/MEF du 15 juillet 2008.<\/p>\n<p><b>\u00a0<\/b><\/p>\n","protected":false},"excerpt":{"rendered":"<p>Africa-Press &#8211; Burkina Faso. Les personnes affect\u00e9es par le projet de construction de l\u2019universit\u00e9 Thomas- Sankara dans la commune de Saaba sont pass\u00e9es \u00e0 la caisse, le mercredi 5 mai 2021, pour entrer en possession de leurs ch\u00e8ques. Apr\u00e8s plus de cinq ans de tractations, c\u2019est enfin le bout du tunnel pour les 396 propri\u00e9taires [&hellip;]<\/p>\n","protected":false},"author":82,"featured_media":11310,"comment_status":"open","ping_status":"closed","sticky":false,"template":"","format":"standard","meta":{"footnotes":""},"categories":[11,2,10],"tags":[111,725,29],"class_list":["post-11311","post","type-post","status-publish","format-standard","has-post-thumbnail","hentry","category-homepage-french","category-politique","category-toutes-les-actualites","tag-africa-press","tag-africa-press-burkina-faso","tag-burkina-faso"],"yoast_head":"<!-- This site is optimized with the Yoast SEO Premium plugin v26.1 (Yoast SEO v27.0) - https:\/\/yoast.com\/product\/yoast-seo-premium-wordpress\/ -->\n<title>Projet universit\u00e9 Thomas-Sankara : Les personnes affect\u00e9es passent \u00e0 la caisse - Burkina Faso<\/title>\n<meta name=\"description\" content=\"Les personnes affect\u00e9es par le projet de construction de l\u2019universit\u00e9 Thomas- Sankara dans la commune de Saaba sont p ...\" \/>\n<meta name=\"robots\" content=\"index, follow, max-snippet:-1, max-image-preview:large, max-video-preview:-1\" \/>\n<link rel=\"canonical\" href=\"https:\/\/www.africa-press.net\/burkina-faso\/politique\/projet-universite-thomas-sankara-les-personnes-affectees-passent-a-la-caisse\" \/>\n<meta property=\"og:locale\" content=\"fr_FR\" \/>\n<meta property=\"og:type\" content=\"article\" \/>\n<meta property=\"og:title\" content=\"Projet universit\u00e9 Thomas-Sankara : Les personnes affect\u00e9es passent \u00e0 la caisse\" \/>\n<meta property=\"og:description\" content=\"Les personnes affect\u00e9es par le projet de construction de l\u2019universit\u00e9 Thomas- Sankara dans la commune de Saaba sont p ...\" \/>\n<meta property=\"og:url\" content=\"https:\/\/www.africa-press.net\/burkina-faso\/politique\/projet-universite-thomas-sankara-les-personnes-affectees-passent-a-la-caisse\" \/>\n<meta property=\"og:site_name\" content=\"Burkina Faso\" \/>\n<meta property=\"article:published_time\" content=\"2021-05-06T17:17:25+00:00\" \/>\n<meta property=\"article:modified_time\" content=\"2021-05-07T14:54:21+00:00\" \/>\n<meta property=\"og:image\" content=\"https:\/\/static.africa-press.net\/burkina\/sites\/42\/2021\/05\/img-60940e1798ba7.jpg\" \/>\n\t<meta property=\"og:image:width\" content=\"780\" \/>\n\t<meta property=\"og:image:height\" content=\"520\" \/>\n\t<meta property=\"og:image:type\" content=\"image\/jpeg\" \/>\n<meta name=\"author\" content=\"cfeditorfr\" \/>\n<meta name=\"twitter:card\" content=\"summary_large_image\" \/>\n<meta name=\"twitter:label1\" content=\"\u00c9crit par\" \/>\n\t<meta name=\"twitter:data1\" content=\"cfeditorfr\" \/>\n\t<meta name=\"twitter:label2\" content=\"Dur\u00e9e de lecture estim\u00e9e\" \/>\n\t<meta name=\"twitter:data2\" content=\"3 minutes\" \/>\n<script type=\"application\/ld+json\" class=\"yoast-schema-graph\">{\"@context\":\"https:\/\/schema.org\",\"@graph\":[{\"@type\":\"Article\",\"@id\":\"https:\/\/www.africa-press.net\/burkina-faso\/politique\/projet-universite-thomas-sankara-les-personnes-affectees-passent-a-la-caisse#article\",\"isPartOf\":{\"@id\":\"https:\/\/www.africa-press.net\/burkina-faso\/politique\/projet-universite-thomas-sankara-les-personnes-affectees-passent-a-la-caisse\"},\"author\":{\"name\":\"cfeditorfr\",\"@id\":\"https:\/\/www.africa-press.net\/burkina-faso\/#\/schema\/person\/2b1cf3cd81a31e3cd26889ca66d677f1\"},\"headline\":\"Projet universit\u00e9 Thomas-Sankara : Les personnes affect\u00e9es passent \u00e0 la caisse\",\"datePublished\":\"2021-05-06T17:17:25+00:00\",\"dateModified\":\"2021-05-07T14:54:21+00:00\",\"mainEntityOfPage\":{\"@id\":\"https:\/\/www.africa-press.net\/burkina-faso\/politique\/projet-universite-thomas-sankara-les-personnes-affectees-passent-a-la-caisse\"},\"wordCount\":684,\"commentCount\":0,\"image\":{\"@id\":\"https:\/\/www.africa-press.net\/burkina-faso\/politique\/projet-universite-thomas-sankara-les-personnes-affectees-passent-a-la-caisse#primaryimage\"},\"thumbnailUrl\":\"https:\/\/static.africa-press.net\/burkina\/sites\/42\/2021\/05\/img-60940e1798ba7.jpg\",\"keywords\":[\"Africa Press\",\"Africa Press-Burkina Faso\",\"Burkina Faso\"],\"articleSection\":[\"homepage-french\",\"Politique\",\"Toutes les actualit\u00e9s\"],\"inLanguage\":\"fr-FR\",\"potentialAction\":[{\"@type\":\"CommentAction\",\"name\":\"Comment\",\"target\":[\"https:\/\/www.africa-press.net\/burkina-faso\/politique\/projet-universite-thomas-sankara-les-personnes-affectees-passent-a-la-caisse#respond\"]}]},{\"@type\":\"WebPage\",\"@id\":\"https:\/\/www.africa-press.net\/burkina-faso\/politique\/projet-universite-thomas-sankara-les-personnes-affectees-passent-a-la-caisse\",\"url\":\"https:\/\/www.africa-press.net\/burkina-faso\/politique\/projet-universite-thomas-sankara-les-personnes-affectees-passent-a-la-caisse\",\"name\":\"Projet universit\u00e9 Thomas-Sankara : Les personnes affect\u00e9es passent \u00e0 la caisse - Burkina Faso\",\"isPartOf\":{\"@id\":\"https:\/\/www.africa-press.net\/burkina-faso\/#website\"},\"primaryImageOfPage\":{\"@id\":\"https:\/\/www.africa-press.net\/burkina-faso\/politique\/projet-universite-thomas-sankara-les-personnes-affectees-passent-a-la-caisse#primaryimage\"},\"image\":{\"@id\":\"https:\/\/www.africa-press.net\/burkina-faso\/politique\/projet-universite-thomas-sankara-les-personnes-affectees-passent-a-la-caisse#primaryimage\"},\"thumbnailUrl\":\"https:\/\/static.africa-press.net\/burkina\/sites\/42\/2021\/05\/img-60940e1798ba7.jpg\",\"datePublished\":\"2021-05-06T17:17:25+00:00\",\"dateModified\":\"2021-05-07T14:54:21+00:00\",\"author\":{\"@id\":\"https:\/\/www.africa-press.net\/burkina-faso\/#\/schema\/person\/2b1cf3cd81a31e3cd26889ca66d677f1\"},\"description\":\"Les personnes affect\u00e9es par le projet de construction de l\u2019universit\u00e9 Thomas- Sankara dans la commune de Saaba sont p ...\",\"breadcrumb\":{\"@id\":\"https:\/\/www.africa-press.net\/burkina-faso\/politique\/projet-universite-thomas-sankara-les-personnes-affectees-passent-a-la-caisse#breadcrumb\"},\"inLanguage\":\"fr-FR\",\"potentialAction\":[{\"@type\":\"ReadAction\",\"target\":[\"https:\/\/www.africa-press.net\/burkina-faso\/politique\/projet-universite-thomas-sankara-les-personnes-affectees-passent-a-la-caisse\"]}]},{\"@type\":\"ImageObject\",\"inLanguage\":\"fr-FR\",\"@id\":\"https:\/\/www.africa-press.net\/burkina-faso\/politique\/projet-universite-thomas-sankara-les-personnes-affectees-passent-a-la-caisse#primaryimage\",\"url\":\"https:\/\/static.africa-press.net\/burkina\/sites\/42\/2021\/05\/img-60940e1798ba7.jpg\",\"contentUrl\":\"https:\/\/static.africa-press.net\/burkina\/sites\/42\/2021\/05\/img-60940e1798ba7.jpg\",\"width\":780,\"height\":520,\"caption\":\"Projet universit\u00e9 Thomas-Sankara : Les personnes affect\u00e9es passent \u00e0 la caisse\"},{\"@type\":\"BreadcrumbList\",\"@id\":\"https:\/\/www.africa-press.net\/burkina-faso\/politique\/projet-universite-thomas-sankara-les-personnes-affectees-passent-a-la-caisse#breadcrumb\",\"itemListElement\":[{\"@type\":\"ListItem\",\"position\":1,\"name\":\"Accueil\",\"item\":\"https:\/\/www.africa-press.net\/burkina-faso\/\"},{\"@type\":\"ListItem\",\"position\":2,\"name\":\"Projet universit\u00e9 Thomas-Sankara : Les personnes affect\u00e9es passent \u00e0 la caisse\"}]},{\"@type\":\"WebSite\",\"@id\":\"https:\/\/www.africa-press.net\/burkina-faso\/#website\",\"url\":\"https:\/\/www.africa-press.net\/burkina-faso\/\",\"name\":\"Burkina Faso\",\"description\":\"Just another Africa News Agency Sites site\",\"potentialAction\":[{\"@type\":\"SearchAction\",\"target\":{\"@type\":\"EntryPoint\",\"urlTemplate\":\"https:\/\/www.africa-press.net\/burkina-faso\/?s={search_term_string}\"},\"query-input\":{\"@type\":\"PropertyValueSpecification\",\"valueRequired\":true,\"valueName\":\"search_term_string\"}}],\"inLanguage\":\"fr-FR\"},{\"@type\":\"Person\",\"@id\":\"https:\/\/www.africa-press.net\/burkina-faso\/#\/schema\/person\/2b1cf3cd81a31e3cd26889ca66d677f1\",\"name\":\"cfeditorfr\"}]}<\/script>\n<!-- \/ Yoast SEO Premium plugin. -->","yoast_head_json":{"title":"Projet universit\u00e9 Thomas-Sankara : Les personnes affect\u00e9es passent \u00e0 la caisse - Burkina Faso","description":"Les personnes affect\u00e9es par le projet de construction de l\u2019universit\u00e9 Thomas- Sankara dans la commune de Saaba sont p ...","robots":{"index":"index","follow":"follow","max-snippet":"max-snippet:-1","max-image-preview":"max-image-preview:large","max-video-preview":"max-video-preview:-1"},"canonical":"https:\/\/www.africa-press.net\/burkina-faso\/politique\/projet-universite-thomas-sankara-les-personnes-affectees-passent-a-la-caisse","og_locale":"fr_FR","og_type":"article","og_title":"Projet universit\u00e9 Thomas-Sankara : Les personnes affect\u00e9es passent \u00e0 la caisse","og_description":"Les personnes affect\u00e9es par le projet de construction de l\u2019universit\u00e9 Thomas- Sankara dans la commune de Saaba sont p ...","og_url":"https:\/\/www.africa-press.net\/burkina-faso\/politique\/projet-universite-thomas-sankara-les-personnes-affectees-passent-a-la-caisse","og_site_name":"Burkina Faso","article_published_time":"2021-05-06T17:17:25+00:00","article_modified_time":"2021-05-07T14:54:21+00:00","og_image":[{"width":780,"height":520,"url":"https:\/\/static.africa-press.net\/burkina\/sites\/42\/2021\/05\/img-60940e1798ba7.jpg","type":"image\/jpeg"}],"author":"cfeditorfr","twitter_card":"summary_large_image","twitter_misc":{"\u00c9crit par":"cfeditorfr","Dur\u00e9e de lecture estim\u00e9e":"3 minutes"},"schema":{"@context":"https:\/\/schema.org","@graph":[{"@type":"Article","@id":"https:\/\/www.africa-press.net\/burkina-faso\/politique\/projet-universite-thomas-sankara-les-personnes-affectees-passent-a-la-caisse#article","isPartOf":{"@id":"https:\/\/www.africa-press.net\/burkina-faso\/politique\/projet-universite-thomas-sankara-les-personnes-affectees-passent-a-la-caisse"},"author":{"name":"cfeditorfr","@id":"https:\/\/www.africa-press.net\/burkina-faso\/#\/schema\/person\/2b1cf3cd81a31e3cd26889ca66d677f1"},"headline":"Projet universit\u00e9 Thomas-Sankara : Les personnes affect\u00e9es passent \u00e0 la caisse","datePublished":"2021-05-06T17:17:25+00:00","dateModified":"2021-05-07T14:54:21+00:00","mainEntityOfPage":{"@id":"https:\/\/www.africa-press.net\/burkina-faso\/politique\/projet-universite-thomas-sankara-les-personnes-affectees-passent-a-la-caisse"},"wordCount":684,"commentCount":0,"image":{"@id":"https:\/\/www.africa-press.net\/burkina-faso\/politique\/projet-universite-thomas-sankara-les-personnes-affectees-passent-a-la-caisse#primaryimage"},"thumbnailUrl":"https:\/\/static.africa-press.net\/burkina\/sites\/42\/2021\/05\/img-60940e1798ba7.jpg","keywords":["Africa Press","Africa Press-Burkina Faso","Burkina Faso"],"articleSection":["homepage-french","Politique","Toutes les actualit\u00e9s"],"inLanguage":"fr-FR","potentialAction":[{"@type":"CommentAction","name":"Comment","target":["https:\/\/www.africa-press.net\/burkina-faso\/politique\/projet-universite-thomas-sankara-les-personnes-affectees-passent-a-la-caisse#respond"]}]},{"@type":"WebPage","@id":"https:\/\/www.africa-press.net\/burkina-faso\/politique\/projet-universite-thomas-sankara-les-personnes-affectees-passent-a-la-caisse","url":"https:\/\/www.africa-press.net\/burkina-faso\/politique\/projet-universite-thomas-sankara-les-personnes-affectees-passent-a-la-caisse","name":"Projet universit\u00e9 Thomas-Sankara : Les personnes affect\u00e9es passent \u00e0 la caisse - Burkina Faso","isPartOf":{"@id":"https:\/\/www.africa-press.net\/burkina-faso\/#website"},"primaryImageOfPage":{"@id":"https:\/\/www.africa-press.net\/burkina-faso\/politique\/projet-universite-thomas-sankara-les-personnes-affectees-passent-a-la-caisse#primaryimage"},"image":{"@id":"https:\/\/www.africa-press.net\/burkina-faso\/politique\/projet-universite-thomas-sankara-les-personnes-affectees-passent-a-la-caisse#primaryimage"},"thumbnailUrl":"https:\/\/static.africa-press.net\/burkina\/sites\/42\/2021\/05\/img-60940e1798ba7.jpg","datePublished":"2021-05-06T17:17:25+00:00","dateModified":"2021-05-07T14:54:21+00:00","author":{"@id":"https:\/\/www.africa-press.net\/burkina-faso\/#\/schema\/person\/2b1cf3cd81a31e3cd26889ca66d677f1"},"description":"Les personnes affect\u00e9es par le projet de construction de l\u2019universit\u00e9 Thomas- Sankara dans la commune de Saaba sont p ...","breadcrumb":{"@id":"https:\/\/www.africa-press.net\/burkina-faso\/politique\/projet-universite-thomas-sankara-les-personnes-affectees-passent-a-la-caisse#breadcrumb"},"inLanguage":"fr-FR","potentialAction":[{"@type":"ReadAction","target":["https:\/\/www.africa-press.net\/burkina-faso\/politique\/projet-universite-thomas-sankara-les-personnes-affectees-passent-a-la-caisse"]}]},{"@type":"ImageObject","inLanguage":"fr-FR","@id":"https:\/\/www.africa-press.net\/burkina-faso\/politique\/projet-universite-thomas-sankara-les-personnes-affectees-passent-a-la-caisse#primaryimage","url":"https:\/\/static.africa-press.net\/burkina\/sites\/42\/2021\/05\/img-60940e1798ba7.jpg","contentUrl":"https:\/\/static.africa-press.net\/burkina\/sites\/42\/2021\/05\/img-60940e1798ba7.jpg","width":780,"height":520,"caption":"Projet universit\u00e9 Thomas-Sankara : Les personnes affect\u00e9es passent \u00e0 la caisse"},{"@type":"BreadcrumbList","@id":"https:\/\/www.africa-press.net\/burkina-faso\/politique\/projet-universite-thomas-sankara-les-personnes-affectees-passent-a-la-caisse#breadcrumb","itemListElement":[{"@type":"ListItem","position":1,"name":"Accueil","item":"https:\/\/www.africa-press.net\/burkina-faso\/"},{"@type":"ListItem","position":2,"name":"Projet universit\u00e9 Thomas-Sankara : Les personnes affect\u00e9es passent \u00e0 la caisse"}]},{"@type":"WebSite","@id":"https:\/\/www.africa-press.net\/burkina-faso\/#website","url":"https:\/\/www.africa-press.net\/burkina-faso\/","name":"Burkina Faso","description":"Just another Africa News Agency Sites site","potentialAction":[{"@type":"SearchAction","target":{"@type":"EntryPoint","urlTemplate":"https:\/\/www.africa-press.net\/burkina-faso\/?s={search_term_string}"},"query-input":{"@type":"PropertyValueSpecification","valueRequired":true,"valueName":"search_term_string"}}],"inLanguage":"fr-FR"},{"@type":"Person","@id":"https:\/\/www.africa-press.net\/burkina-faso\/#\/schema\/person\/2b1cf3cd81a31e3cd26889ca66d677f1","name":"cfeditorfr"}]}},"_links":{"self":[{"href":"https:\/\/www.africa-press.net\/burkina-faso\/wp-json\/wp\/v2\/posts\/11311","targetHints":{"allow":["GET"]}}],"collection":[{"href":"https:\/\/www.africa-press.net\/burkina-faso\/wp-json\/wp\/v2\/posts"}],"about":[{"href":"https:\/\/www.africa-press.net\/burkina-faso\/wp-json\/wp\/v2\/types\/post"}],"author":[{"embeddable":true,"href":"https:\/\/www.africa-press.net\/burkina-faso\/wp-json\/wp\/v2\/users\/82"}],"replies":[{"embeddable":true,"href":"https:\/\/www.africa-press.net\/burkina-faso\/wp-json\/wp\/v2\/comments?post=11311"}],"version-history":[{"count":0,"href":"https:\/\/www.africa-press.net\/burkina-faso\/wp-json\/wp\/v2\/posts\/11311\/revisions"}],"wp:featuredmedia":[{"embeddable":true,"href":"https:\/\/www.africa-press.net\/burkina-faso\/wp-json\/wp\/v2\/media\/11310"}],"wp:attachment":[{"href":"https:\/\/www.africa-press.net\/burkina-faso\/wp-json\/wp\/v2\/media?parent=11311"}],"wp:term":[{"taxonomy":"category","embeddable":true,"href":"https:\/\/www.africa-press.net\/burkina-faso\/wp-json\/wp\/v2\/categories?post=11311"},{"taxonomy":"post_tag","embeddable":true,"href":"https:\/\/www.africa-press.net\/burkina-faso\/wp-json\/wp\/v2\/tags?post=11311"}],"curies":[{"name":"wp","href":"https:\/\/api.w.org\/{rel}","templated":true}]}}