{"id":11332,"date":"2021-05-06T18:13:08","date_gmt":"2021-05-06T18:13:08","guid":{"rendered":"https:\/\/www.africa-press.net\/burkina-faso\/?p=11332"},"modified":"2021-05-07T14:55:37","modified_gmt":"2021-05-07T14:55:37","slug":"crise-scolaire-le-mpp-condamne-les-attaques-dirigees-contre-certains-etablissements","status":"publish","type":"post","link":"https:\/\/www.africa-press.net\/burkina-faso\/politique\/crise-scolaire-le-mpp-condamne-les-attaques-dirigees-contre-certains-etablissements","title":{"rendered":"Crise scolaire : Le MPP condamne les attaques dirig\u00e9es contre certains \u00e9tablissements"},"content":{"rendered":"<p><span style=\"color: #ff6600\"><strong><a href=\"https:\/\/www.africa-press.net\/\">Africa-Press<\/a> &#8211; <a href=\"https:\/\/www.africa-press.net\/burkina-faso\">Burkina Faso<\/a>. <\/strong><\/span><b>La semaine derni\u00e8re, une manifestation des associations scolaires exigeant l\u2019abandon des reformes des examens scolaires, a tourn\u00e9 en \u00e9chauffour\u00e9es, \u00e0 divers endroits du pays. Ce mouvement d\u2019humeur a \u00e9t\u00e9 la cause du d\u00e9c\u00e8s accidentel de l\u2019\u00e9l\u00e8ve C\u00e9cile KINDA, ci-devant pensionnaire du Coll\u00e8ge Sainte Bernadette de Kongoussi.<\/b><\/p>\n<p>Le Mouvement du Peuple pour le Progr\u00e8s (MPP) d\u00e9plore cette situation tragique et exprime sa compassion \u00e0 la famille de la disparue. C\u2019est regrettable, et le MPP estime qu\u2019on aurait pu \u00e9viter le drame si certains acteurs n\u2019avaient pas cherch\u00e9 \u00e0 d\u00e9voyer les revendications des associations scolaires en sc\u00e8nes de violences contre les symboles de l\u2019Etat. En tout \u00e9tat de cause, pour le MPP, le MENA\/PLN a la l\u00e9gitimit\u00e9 d\u2019entreprendre des r\u00e9formes en vue d\u2019am\u00e9liorer la qualit\u00e9 des enseignements et ne saurait ob\u00e9ir au diktat des apprenants. Chaque composante doit jouer son r\u00f4le qui est le sien.<\/p>\n<p>Pour le MPP, la gr\u00e8ve initi\u00e9e par les associations est un bras de fer absurde qui ne fait pas avancer la cause de l\u2019\u00e9ducation au moment o\u00f9 le MENA\/PLN s\u2019attelle \u00e0 pr\u00e9parer les assises de l\u2019\u00e9ducation afin de donner un nouveau punch \u00e0 notre syst\u00e8me \u00e9ducatif en l\u00e9thargie.<\/p>\n<p>Le MPP apporte son soutien total au ministre Stanislas OUARO dont la d\u00e9termination \u00e0 prendre \u00e0 bras-le-corps les difficult\u00e9s qui plombent le syst\u00e8me \u00e9ducatif burkinab\u00e8 ne peut pas \u00eatre prise en d\u00e9faut. Le MPP f\u00e9licite le Pr\u00e9sident du Faso, Son Excellence Monsieur Roch Marc Christian KABORE et le gouvernement pour leurs efforts constants dans l\u2019am\u00e9lioration des conditions mat\u00e9rielles et sociales du monde de l\u2019\u00e9ducation. Il traduit \u00e9galement sa gratitude aux collaborateurs du MENA\/PLN, au corps enseignant et aux partenaires sociaux dont l\u2019implication a permis la mise en \u0153uvre des derni\u00e8res r\u00e9formes des examens scolaires.<\/p>\n<p>Le MPP estime que les Burkinab\u00e8 doivent jouer la carte de l\u2019apaisement, de la solidarit\u00e9 et de la concertation pour l\u2019\u00e9panouissement de l\u2019enfant et de l\u2019\u00e9cole burkinab\u00e8 d\u2019abord avant tout autre consid\u00e9ration.<\/p>\n<p>Le MPP rappelle en outre, \u00e0 toutes fins utiles que le droit de manifester est libre au Burkina Faso. Pour autant, la libert\u00e9 de ne pas manifester est \u00e9galement reconnue par les m\u00eames dispositions constitutionnelles qui r\u00e9gissent la vie dans notre pays et l\u2019on ne devrait pas tordre le bras \u00e0 tous ceux et celles qui veulent aussi exercer autrement leur droit en toute libert\u00e9.<\/p>\n<p>En sus, le MPP condamne avec une extr\u00eame vigueur les attaques dirig\u00e9es contre certains \u00e9tablissements et surtout celle contre une ambulance qui transportait en urgence \u00e0 Ouagadougou un patient vers un centre hospitalier de la place. C\u2019est inadmissible et inacceptable.<\/p>\n<p>Pour le MPP, il est imp\u00e9rieux que le peuple burkinab\u00e8 se concentre sur l\u2019essentiel que sont les d\u00e9fis des examens de fin d\u2019ann\u00e9e 2021 et la tenue des assises nationales conform\u00e9ment au R\u00e9f\u00e9rentiel National de D\u00e9veloppement (RND) en son volet consacr\u00e9 \u00e0 l\u2019\u00e9ducation. DEMOCRATIE &#8211; EGALITE &#8211; PROGRES<\/p>\n<p><b>\u00a0<\/b><\/p>\n","protected":false},"excerpt":{"rendered":"<p>Africa-Press &#8211; Burkina Faso. La semaine derni\u00e8re, une manifestation des associations scolaires exigeant l\u2019abandon des reformes des examens scolaires, a tourn\u00e9 en \u00e9chauffour\u00e9es, \u00e0 divers endroits du pays. Ce mouvement d\u2019humeur a \u00e9t\u00e9 la cause du d\u00e9c\u00e8s accidentel de l\u2019\u00e9l\u00e8ve C\u00e9cile KINDA, ci-devant pensionnaire du Coll\u00e8ge Sainte Bernadette de Kongoussi. Le Mouvement du Peuple pour [&hellip;]<\/p>\n","protected":false},"author":82,"featured_media":11331,"comment_status":"open","ping_status":"closed","sticky":false,"template":"","format":"standard","meta":{"footnotes":""},"categories":[11,2,10],"tags":[111,725,29],"class_list":["post-11332","post","type-post","status-publish","format-standard","has-post-thumbnail","hentry","category-homepage-french","category-politique","category-toutes-les-actualites","tag-africa-press","tag-africa-press-burkina-faso","tag-burkina-faso"],"yoast_head":"<!-- This site is optimized with the Yoast SEO Premium plugin v26.1 (Yoast SEO v27.0) - https:\/\/yoast.com\/product\/yoast-seo-premium-wordpress\/ -->\n<title>Crise scolaire : Le MPP condamne les attaques dirig\u00e9es contre certains \u00e9tablissements - Burkina Faso<\/title>\n<meta name=\"description\" content=\"La semaine derni\u00e8re, une manifestation des associations scolaires exigeant l\u2019abandon des reformes des examens scolair ...\" \/>\n<meta name=\"robots\" content=\"index, follow, max-snippet:-1, max-image-preview:large, max-video-preview:-1\" \/>\n<link rel=\"canonical\" href=\"https:\/\/www.africa-press.net\/burkina-faso\/politique\/crise-scolaire-le-mpp-condamne-les-attaques-dirigees-contre-certains-etablissements\" \/>\n<meta property=\"og:locale\" content=\"fr_FR\" \/>\n<meta property=\"og:type\" content=\"article\" \/>\n<meta property=\"og:title\" content=\"Crise scolaire : Le MPP condamne les attaques dirig\u00e9es contre certains \u00e9tablissements\" \/>\n<meta property=\"og:description\" content=\"La semaine derni\u00e8re, une manifestation des associations scolaires exigeant l\u2019abandon des reformes des examens scolair ...\" \/>\n<meta property=\"og:url\" content=\"https:\/\/www.africa-press.net\/burkina-faso\/politique\/crise-scolaire-le-mpp-condamne-les-attaques-dirigees-contre-certains-etablissements\" \/>\n<meta property=\"og:site_name\" content=\"Burkina Faso\" \/>\n<meta property=\"article:published_time\" content=\"2021-05-06T18:13:08+00:00\" \/>\n<meta property=\"article:modified_time\" content=\"2021-05-07T14:55:37+00:00\" \/>\n<meta property=\"og:image\" content=\"https:\/\/static.africa-press.net\/burkina\/sites\/42\/2021\/05\/img-60940fa7ec7ef.jpg\" \/>\n\t<meta property=\"og:image:width\" content=\"720\" \/>\n\t<meta property=\"og:image:height\" content=\"444\" \/>\n\t<meta property=\"og:image:type\" content=\"image\/jpeg\" \/>\n<meta name=\"author\" content=\"cfeditorfr\" \/>\n<meta name=\"twitter:card\" content=\"summary_large_image\" \/>\n<meta name=\"twitter:label1\" content=\"\u00c9crit par\" \/>\n\t<meta name=\"twitter:data1\" content=\"cfeditorfr\" \/>\n\t<meta name=\"twitter:label2\" content=\"Dur\u00e9e de lecture estim\u00e9e\" \/>\n\t<meta name=\"twitter:data2\" content=\"3 minutes\" \/>\n<script type=\"application\/ld+json\" class=\"yoast-schema-graph\">{\"@context\":\"https:\/\/schema.org\",\"@graph\":[{\"@type\":\"Article\",\"@id\":\"https:\/\/www.africa-press.net\/burkina-faso\/politique\/crise-scolaire-le-mpp-condamne-les-attaques-dirigees-contre-certains-etablissements#article\",\"isPartOf\":{\"@id\":\"https:\/\/www.africa-press.net\/burkina-faso\/politique\/crise-scolaire-le-mpp-condamne-les-attaques-dirigees-contre-certains-etablissements\"},\"author\":{\"name\":\"cfeditorfr\",\"@id\":\"https:\/\/www.africa-press.net\/burkina-faso\/#\/schema\/person\/2b1cf3cd81a31e3cd26889ca66d677f1\"},\"headline\":\"Crise scolaire : Le MPP condamne les attaques dirig\u00e9es contre certains \u00e9tablissements\",\"datePublished\":\"2021-05-06T18:13:08+00:00\",\"dateModified\":\"2021-05-07T14:55:37+00:00\",\"mainEntityOfPage\":{\"@id\":\"https:\/\/www.africa-press.net\/burkina-faso\/politique\/crise-scolaire-le-mpp-condamne-les-attaques-dirigees-contre-certains-etablissements\"},\"wordCount\":545,\"commentCount\":0,\"image\":{\"@id\":\"https:\/\/www.africa-press.net\/burkina-faso\/politique\/crise-scolaire-le-mpp-condamne-les-attaques-dirigees-contre-certains-etablissements#primaryimage\"},\"thumbnailUrl\":\"https:\/\/static.africa-press.net\/burkina\/sites\/42\/2021\/05\/img-60940fa7ec7ef.jpg\",\"keywords\":[\"Africa Press\",\"Africa Press-Burkina Faso\",\"Burkina Faso\"],\"articleSection\":[\"homepage-french\",\"Politique\",\"Toutes les actualit\u00e9s\"],\"inLanguage\":\"fr-FR\",\"potentialAction\":[{\"@type\":\"CommentAction\",\"name\":\"Comment\",\"target\":[\"https:\/\/www.africa-press.net\/burkina-faso\/politique\/crise-scolaire-le-mpp-condamne-les-attaques-dirigees-contre-certains-etablissements#respond\"]}]},{\"@type\":\"WebPage\",\"@id\":\"https:\/\/www.africa-press.net\/burkina-faso\/politique\/crise-scolaire-le-mpp-condamne-les-attaques-dirigees-contre-certains-etablissements\",\"url\":\"https:\/\/www.africa-press.net\/burkina-faso\/politique\/crise-scolaire-le-mpp-condamne-les-attaques-dirigees-contre-certains-etablissements\",\"name\":\"Crise scolaire : Le MPP condamne les attaques dirig\u00e9es contre certains \u00e9tablissements - Burkina Faso\",\"isPartOf\":{\"@id\":\"https:\/\/www.africa-press.net\/burkina-faso\/#website\"},\"primaryImageOfPage\":{\"@id\":\"https:\/\/www.africa-press.net\/burkina-faso\/politique\/crise-scolaire-le-mpp-condamne-les-attaques-dirigees-contre-certains-etablissements#primaryimage\"},\"image\":{\"@id\":\"https:\/\/www.africa-press.net\/burkina-faso\/politique\/crise-scolaire-le-mpp-condamne-les-attaques-dirigees-contre-certains-etablissements#primaryimage\"},\"thumbnailUrl\":\"https:\/\/static.africa-press.net\/burkina\/sites\/42\/2021\/05\/img-60940fa7ec7ef.jpg\",\"datePublished\":\"2021-05-06T18:13:08+00:00\",\"dateModified\":\"2021-05-07T14:55:37+00:00\",\"author\":{\"@id\":\"https:\/\/www.africa-press.net\/burkina-faso\/#\/schema\/person\/2b1cf3cd81a31e3cd26889ca66d677f1\"},\"description\":\"La semaine derni\u00e8re, une manifestation des associations scolaires exigeant l\u2019abandon des reformes des examens scolair ...\",\"breadcrumb\":{\"@id\":\"https:\/\/www.africa-press.net\/burkina-faso\/politique\/crise-scolaire-le-mpp-condamne-les-attaques-dirigees-contre-certains-etablissements#breadcrumb\"},\"inLanguage\":\"fr-FR\",\"potentialAction\":[{\"@type\":\"ReadAction\",\"target\":[\"https:\/\/www.africa-press.net\/burkina-faso\/politique\/crise-scolaire-le-mpp-condamne-les-attaques-dirigees-contre-certains-etablissements\"]}]},{\"@type\":\"ImageObject\",\"inLanguage\":\"fr-FR\",\"@id\":\"https:\/\/www.africa-press.net\/burkina-faso\/politique\/crise-scolaire-le-mpp-condamne-les-attaques-dirigees-contre-certains-etablissements#primaryimage\",\"url\":\"https:\/\/static.africa-press.net\/burkina\/sites\/42\/2021\/05\/img-60940fa7ec7ef.jpg\",\"contentUrl\":\"https:\/\/static.africa-press.net\/burkina\/sites\/42\/2021\/05\/img-60940fa7ec7ef.jpg\",\"width\":720,\"height\":444,\"caption\":\"Crise scolaire : Le MPP condamne les attaques dirig\u00e9es contre certains \u00e9tablissements\"},{\"@type\":\"BreadcrumbList\",\"@id\":\"https:\/\/www.africa-press.net\/burkina-faso\/politique\/crise-scolaire-le-mpp-condamne-les-attaques-dirigees-contre-certains-etablissements#breadcrumb\",\"itemListElement\":[{\"@type\":\"ListItem\",\"position\":1,\"name\":\"Accueil\",\"item\":\"https:\/\/www.africa-press.net\/burkina-faso\/\"},{\"@type\":\"ListItem\",\"position\":2,\"name\":\"Crise scolaire : Le MPP condamne les attaques dirig\u00e9es contre certains \u00e9tablissements\"}]},{\"@type\":\"WebSite\",\"@id\":\"https:\/\/www.africa-press.net\/burkina-faso\/#website\",\"url\":\"https:\/\/www.africa-press.net\/burkina-faso\/\",\"name\":\"Burkina Faso\",\"description\":\"Just another Africa News Agency Sites site\",\"potentialAction\":[{\"@type\":\"SearchAction\",\"target\":{\"@type\":\"EntryPoint\",\"urlTemplate\":\"https:\/\/www.africa-press.net\/burkina-faso\/?s={search_term_string}\"},\"query-input\":{\"@type\":\"PropertyValueSpecification\",\"valueRequired\":true,\"valueName\":\"search_term_string\"}}],\"inLanguage\":\"fr-FR\"},{\"@type\":\"Person\",\"@id\":\"https:\/\/www.africa-press.net\/burkina-faso\/#\/schema\/person\/2b1cf3cd81a31e3cd26889ca66d677f1\",\"name\":\"cfeditorfr\"}]}<\/script>\n<!-- \/ Yoast SEO Premium plugin. -->","yoast_head_json":{"title":"Crise scolaire : Le MPP condamne les attaques dirig\u00e9es contre certains \u00e9tablissements - Burkina Faso","description":"La semaine derni\u00e8re, une manifestation des associations scolaires exigeant l\u2019abandon des reformes des examens scolair ...","robots":{"index":"index","follow":"follow","max-snippet":"max-snippet:-1","max-image-preview":"max-image-preview:large","max-video-preview":"max-video-preview:-1"},"canonical":"https:\/\/www.africa-press.net\/burkina-faso\/politique\/crise-scolaire-le-mpp-condamne-les-attaques-dirigees-contre-certains-etablissements","og_locale":"fr_FR","og_type":"article","og_title":"Crise scolaire : Le MPP condamne les attaques dirig\u00e9es contre certains \u00e9tablissements","og_description":"La semaine derni\u00e8re, une manifestation des associations scolaires exigeant l\u2019abandon des reformes des examens scolair ...","og_url":"https:\/\/www.africa-press.net\/burkina-faso\/politique\/crise-scolaire-le-mpp-condamne-les-attaques-dirigees-contre-certains-etablissements","og_site_name":"Burkina Faso","article_published_time":"2021-05-06T18:13:08+00:00","article_modified_time":"2021-05-07T14:55:37+00:00","og_image":[{"width":720,"height":444,"url":"https:\/\/static.africa-press.net\/burkina\/sites\/42\/2021\/05\/img-60940fa7ec7ef.jpg","type":"image\/jpeg"}],"author":"cfeditorfr","twitter_card":"summary_large_image","twitter_misc":{"\u00c9crit par":"cfeditorfr","Dur\u00e9e de lecture estim\u00e9e":"3 minutes"},"schema":{"@context":"https:\/\/schema.org","@graph":[{"@type":"Article","@id":"https:\/\/www.africa-press.net\/burkina-faso\/politique\/crise-scolaire-le-mpp-condamne-les-attaques-dirigees-contre-certains-etablissements#article","isPartOf":{"@id":"https:\/\/www.africa-press.net\/burkina-faso\/politique\/crise-scolaire-le-mpp-condamne-les-attaques-dirigees-contre-certains-etablissements"},"author":{"name":"cfeditorfr","@id":"https:\/\/www.africa-press.net\/burkina-faso\/#\/schema\/person\/2b1cf3cd81a31e3cd26889ca66d677f1"},"headline":"Crise scolaire : Le MPP condamne les attaques dirig\u00e9es contre certains \u00e9tablissements","datePublished":"2021-05-06T18:13:08+00:00","dateModified":"2021-05-07T14:55:37+00:00","mainEntityOfPage":{"@id":"https:\/\/www.africa-press.net\/burkina-faso\/politique\/crise-scolaire-le-mpp-condamne-les-attaques-dirigees-contre-certains-etablissements"},"wordCount":545,"commentCount":0,"image":{"@id":"https:\/\/www.africa-press.net\/burkina-faso\/politique\/crise-scolaire-le-mpp-condamne-les-attaques-dirigees-contre-certains-etablissements#primaryimage"},"thumbnailUrl":"https:\/\/static.africa-press.net\/burkina\/sites\/42\/2021\/05\/img-60940fa7ec7ef.jpg","keywords":["Africa Press","Africa Press-Burkina Faso","Burkina Faso"],"articleSection":["homepage-french","Politique","Toutes les actualit\u00e9s"],"inLanguage":"fr-FR","potentialAction":[{"@type":"CommentAction","name":"Comment","target":["https:\/\/www.africa-press.net\/burkina-faso\/politique\/crise-scolaire-le-mpp-condamne-les-attaques-dirigees-contre-certains-etablissements#respond"]}]},{"@type":"WebPage","@id":"https:\/\/www.africa-press.net\/burkina-faso\/politique\/crise-scolaire-le-mpp-condamne-les-attaques-dirigees-contre-certains-etablissements","url":"https:\/\/www.africa-press.net\/burkina-faso\/politique\/crise-scolaire-le-mpp-condamne-les-attaques-dirigees-contre-certains-etablissements","name":"Crise scolaire : Le MPP condamne les attaques dirig\u00e9es contre certains \u00e9tablissements - Burkina Faso","isPartOf":{"@id":"https:\/\/www.africa-press.net\/burkina-faso\/#website"},"primaryImageOfPage":{"@id":"https:\/\/www.africa-press.net\/burkina-faso\/politique\/crise-scolaire-le-mpp-condamne-les-attaques-dirigees-contre-certains-etablissements#primaryimage"},"image":{"@id":"https:\/\/www.africa-press.net\/burkina-faso\/politique\/crise-scolaire-le-mpp-condamne-les-attaques-dirigees-contre-certains-etablissements#primaryimage"},"thumbnailUrl":"https:\/\/static.africa-press.net\/burkina\/sites\/42\/2021\/05\/img-60940fa7ec7ef.jpg","datePublished":"2021-05-06T18:13:08+00:00","dateModified":"2021-05-07T14:55:37+00:00","author":{"@id":"https:\/\/www.africa-press.net\/burkina-faso\/#\/schema\/person\/2b1cf3cd81a31e3cd26889ca66d677f1"},"description":"La semaine derni\u00e8re, une manifestation des associations scolaires exigeant l\u2019abandon des reformes des examens scolair ...","breadcrumb":{"@id":"https:\/\/www.africa-press.net\/burkina-faso\/politique\/crise-scolaire-le-mpp-condamne-les-attaques-dirigees-contre-certains-etablissements#breadcrumb"},"inLanguage":"fr-FR","potentialAction":[{"@type":"ReadAction","target":["https:\/\/www.africa-press.net\/burkina-faso\/politique\/crise-scolaire-le-mpp-condamne-les-attaques-dirigees-contre-certains-etablissements"]}]},{"@type":"ImageObject","inLanguage":"fr-FR","@id":"https:\/\/www.africa-press.net\/burkina-faso\/politique\/crise-scolaire-le-mpp-condamne-les-attaques-dirigees-contre-certains-etablissements#primaryimage","url":"https:\/\/static.africa-press.net\/burkina\/sites\/42\/2021\/05\/img-60940fa7ec7ef.jpg","contentUrl":"https:\/\/static.africa-press.net\/burkina\/sites\/42\/2021\/05\/img-60940fa7ec7ef.jpg","width":720,"height":444,"caption":"Crise scolaire : Le MPP condamne les attaques dirig\u00e9es contre certains \u00e9tablissements"},{"@type":"BreadcrumbList","@id":"https:\/\/www.africa-press.net\/burkina-faso\/politique\/crise-scolaire-le-mpp-condamne-les-attaques-dirigees-contre-certains-etablissements#breadcrumb","itemListElement":[{"@type":"ListItem","position":1,"name":"Accueil","item":"https:\/\/www.africa-press.net\/burkina-faso\/"},{"@type":"ListItem","position":2,"name":"Crise scolaire : Le MPP condamne les attaques dirig\u00e9es contre certains \u00e9tablissements"}]},{"@type":"WebSite","@id":"https:\/\/www.africa-press.net\/burkina-faso\/#website","url":"https:\/\/www.africa-press.net\/burkina-faso\/","name":"Burkina Faso","description":"Just another Africa News Agency Sites site","potentialAction":[{"@type":"SearchAction","target":{"@type":"EntryPoint","urlTemplate":"https:\/\/www.africa-press.net\/burkina-faso\/?s={search_term_string}"},"query-input":{"@type":"PropertyValueSpecification","valueRequired":true,"valueName":"search_term_string"}}],"inLanguage":"fr-FR"},{"@type":"Person","@id":"https:\/\/www.africa-press.net\/burkina-faso\/#\/schema\/person\/2b1cf3cd81a31e3cd26889ca66d677f1","name":"cfeditorfr"}]}},"_links":{"self":[{"href":"https:\/\/www.africa-press.net\/burkina-faso\/wp-json\/wp\/v2\/posts\/11332","targetHints":{"allow":["GET"]}}],"collection":[{"href":"https:\/\/www.africa-press.net\/burkina-faso\/wp-json\/wp\/v2\/posts"}],"about":[{"href":"https:\/\/www.africa-press.net\/burkina-faso\/wp-json\/wp\/v2\/types\/post"}],"author":[{"embeddable":true,"href":"https:\/\/www.africa-press.net\/burkina-faso\/wp-json\/wp\/v2\/users\/82"}],"replies":[{"embeddable":true,"href":"https:\/\/www.africa-press.net\/burkina-faso\/wp-json\/wp\/v2\/comments?post=11332"}],"version-history":[{"count":0,"href":"https:\/\/www.africa-press.net\/burkina-faso\/wp-json\/wp\/v2\/posts\/11332\/revisions"}],"wp:featuredmedia":[{"embeddable":true,"href":"https:\/\/www.africa-press.net\/burkina-faso\/wp-json\/wp\/v2\/media\/11331"}],"wp:attachment":[{"href":"https:\/\/www.africa-press.net\/burkina-faso\/wp-json\/wp\/v2\/media?parent=11332"}],"wp:term":[{"taxonomy":"category","embeddable":true,"href":"https:\/\/www.africa-press.net\/burkina-faso\/wp-json\/wp\/v2\/categories?post=11332"},{"taxonomy":"post_tag","embeddable":true,"href":"https:\/\/www.africa-press.net\/burkina-faso\/wp-json\/wp\/v2\/tags?post=11332"}],"curies":[{"name":"wp","href":"https:\/\/api.w.org\/{rel}","templated":true}]}}