{"id":11335,"date":"2021-05-06T18:19:18","date_gmt":"2021-05-06T18:19:18","guid":{"rendered":"https:\/\/www.africa-press.net\/burkina-faso\/?p=11335"},"modified":"2021-05-07T14:55:46","modified_gmt":"2021-05-07T14:55:46","slug":"crise-securitaire-le-gouvernement-est-il-en-train-de-perdre-lest-interroge-eddie-komboigo-chef-de-file-de-lopposition","status":"publish","type":"post","link":"https:\/\/www.africa-press.net\/burkina-faso\/politique\/crise-securitaire-le-gouvernement-est-il-en-train-de-perdre-lest-interroge-eddie-komboigo-chef-de-file-de-lopposition","title":{"rendered":"Crise s\u00e9curitaire : Le gouvernement est-il en train de perdre l\u2019Est ? interroge Eddie Kombo\u00efgo, chef de file de l\u2019opposition"},"content":{"rendered":"<p><span style=\"color: #ff6600\"><strong><a href=\"https:\/\/www.africa-press.net\/\">Africa-Press<\/a> &#8211; <a href=\"https:\/\/www.africa-press.net\/burkina-faso\">Burkina Faso<\/a>. <\/strong><\/span><b>\u00ab Le Burkina est-il en train de perdre l\u2019Est ? O\u00f9 sont pass\u00e9s les milliards de FCFA d\u00e9bloqu\u00e9s pour soutenir les entreprises en difficult\u00e9 face \u00e0 la crise sanitaire du Covid-19 ? \u00bb Autant de sujets sur lesquels s\u2019est pench\u00e9 Eddie Kombo\u00efgo, avec la casquette de chef de file de l\u2019opposition (CFOP), le mardi 4 mai 2021 au si\u00e8ge de l\u2019institution. C\u2019\u00e9tait son premier exercice depuis sa prise de fonction officielle. Le CFOP appr\u00e9cie mal les cents premiers jours du deuxi\u00e8me mandat du pr\u00e9sident du Faso, Roch Kabor\u00e9.<\/b><\/p>\n<p>\u00ab Le gouvernement doit se r\u00e9veiller \u00bb, s\u2019indigne Eddie Kombo\u00efgo face \u00e0 la recrudescence des attaques meurtri\u00e8res au Burkina Faso. Une r\u00e9action du chef de file de l\u2019opposition qui intervient suite \u00e0 de r\u00e9cents actes terroristes perp\u00e9tr\u00e9s contre les populations. Une dizaine de personnes ont \u00e9t\u00e9 tu\u00e9es le lundi 3 mai 2021 dans le village de Kodyel, situ\u00e9 dans la commune de Foutouri, dans la r\u00e9gion de l\u2019Est. Cette attaque survient moins d\u2019une semaine apr\u00e8s l\u2019assassinat de deux Espagnols et d\u2019un Irlandais par des hommes arm\u00e9s non identifi\u00e9s (HANI) qui r\u00e9alisaient un documentaire sur le braconnage pr\u00e8s de Pama.<\/p>\n<p>A cela s\u2019ajoutent des vid\u00e9os virales sur les r\u00e9seaux sociaux, pr\u00e9sentant des hommes arm\u00e9s en conversation avec les populations de certaines localit\u00e9s, qui ont d\u00e9fray\u00e9 la chronique ces temps-ci. \u00ab Nous avons vu les vid\u00e9os qui circulent au niveau du Loroum, dans le Yatenga, le Sahel, dans la r\u00e9gion de l\u2019Est et c\u2019est choquant. Aujourd\u2019hui, cette guerre dite asym\u00e9trique est devenue vulgaire et l\u2019Etat ne communique plus sur ces sujets. On n\u2019en parlait pas, donnant l\u2019impression qu\u2019il y avait une accalmie, alors qu\u2019il n\u2019y en a jamais eu \u00bb, a d\u00e9clar\u00e9 Eddie Kombo\u00efgo, par ailleurs pr\u00e9sident du parti de l\u2019opposition, le Congr\u00e8s pour la d\u00e9mocratie et le progr\u00e8s (CDP).<\/p>\n<p><b>\u00ab Le gouvernement navigue \u00e0 vue \u00bb<\/b><\/p>\n<p>Cette intervention du successeur de Z\u00e9phirin Diabr\u00e9, sur la situation de la nation \u00e9tait attendue apr\u00e8s qu\u2019il ait \u00e9t\u00e9 install\u00e9 dans ses nouvelles fonctions le 5 mars 2021. Et c\u2019est enfin le mardi 4 mai 2021 qu\u2019il brise le silence et se prononce sur la gouvernance du pouvoir MPP. En ce sens, le CFOP critique durement le gouvernement pour son \u00ab laxisme \u00bb face aux deux principaux maux qui minent la soci\u00e9t\u00e9 burkinab\u00e8 \u00e0 savoir le terrorisme et le Covid-19. Comme solutions pour la lutte antiterroriste, Eddie Kombo\u00efgo invite les autorit\u00e9s \u00e0 mettre en place une politique de d\u00e9fense s\u00e9rieuse. \u00ab Il faut non seulement bander les muscles mais aussi privil\u00e9gier le dialogue intelligent par la diplomatie \u00bb, affirme-t-il. Avant d\u2019ajouter que l\u2019inefficacit\u00e9 de la strat\u00e9gie s\u00e9curitaire actuelle p\u00e8che au point d\u2019\u00eatre \u00e0 l\u2019origine de nombreuses tueries dans les diff\u00e9rentes r\u00e9gions et l\u2019accroissement du nombre de d\u00e9plac\u00e9s internes estim\u00e9 \u00e0 plus de 1 200 000.<\/p>\n<p><b>Lire aussi : Recrudescence des attaques \u00e0 l\u2019Est : \u00ab Il pourrait y avoir un lien avec la mort d\u2019Idriss D\u00e9by \u00bb, selon Mahamoudou Savadogo, expert des questions d\u2019extr\u00e9misme violent<\/b><\/p>\n<p>Le chef de file de l\u2019opposition fait aussi cas de la crise sanitaire qui paralyse l\u2019\u00e9conomie mondiale en l\u2019occurrence celle du Burkina Faso. \u00ab Le gouvernement navigue \u00e0 vue \u00bb, dit-il. Pour Eddie Kombo\u00efgo, \u00ab le diagnostic r\u00e9alis\u00e9 par le ministre de la Sant\u00e9, Pr Charlemagne Ou\u00e9draogo, dans les diff\u00e9rents \u00e9tablissements sanitaires, a r\u00e9v\u00e9l\u00e9 des CHUR sous-\u00e9quip\u00e9s, des chantiers mal ex\u00e9cut\u00e9s ou des infrastructures inachev\u00e9es alors que les march\u00e9s ont \u00e9t\u00e9 pass\u00e9s \u00e0 des co\u00fbts de milliards de FCFA \u00bb [\u2026] \u00ab O\u00f9 sont donc pass\u00e9s les milliards de FCFA d\u00e9bloqu\u00e9s pour soutenir les entreprises en difficult\u00e9s face \u00e0 la crise sanitaire du Covid-19 ? \u00bb, interroge le nouveau locataire du CFOP. Une question qui pousse Eddie Kombo\u00efgo a encourag\u00e9 le Pr Charlemagne Ou\u00e9draogo \u00e0 mener des enqu\u00eates afin d\u2019\u00e9lucider ces zones d\u2019ombres.<\/p>\n<p>Concernant la fermeture des fronti\u00e8res li\u00e9e \u00e0 la pand\u00e9mie, il indique que comparaison n\u2019est pas raison du fait que l\u2019UEMOA ne devrait pas fermer ses fronti\u00e8res comme l\u2019Europe, alors qu\u2019elle a enregistr\u00e9 moins de cas de d\u00e9c\u00e8s tout comme de cas positif au Covid-19. Par cons\u00e9quent, le CFOP recommande la r\u00e9ouverture des fronti\u00e8res qui n\u2019a que trop dur\u00e9 et d\u00e9t\u00e9rior\u00e9 le climat des affaires, en t\u00e9moigne la fermeture d\u2019entreprises, d\u2019unit\u00e9s industrielles et la croissance du taux de ch\u00f4mage.<\/p>\n<p>En outre, le CFOP craint une ann\u00e9e scolaire perdue \u00e0 travers les r\u00e9formes sur l\u2019\u00e9ducation qui la menacent et le front social qui se radicalise de plus en plus en pr\u00e9cisant \u00ab qu\u2019aucune issue pour sauver une fois de plus l\u2019\u00e9cole burkinab\u00e8, n\u2019est perceptible \u00e0 l\u2019horizon. \u00bb<\/p>\n<p><b>Si la r\u00e9conciliation nationale \u00e9choue\u2026<\/b><\/p>\n<p>Quant \u00e0 la r\u00e9conciliation nationale, le CFOP, affirme ne pas voir de strat\u00e9gie claire se d\u00e9gager mais souhaite malgr\u00e9 tout qu\u2019elle soit une r\u00e9ussite. \u00ab Si nous \u00e9chouons, cela veut dire que nous sommes partis pour ne plus avoir un tremplin de d\u00e9veloppement \u00bb, mart\u00e8le-t-il en soulignant qu\u2019il soutient l\u2019initiative.<\/p>\n<p>Par ailleurs, le CFOP pense que le gouvernement devrait s\u2019adapter au contexte d\u2019urgence, la question s\u00e9curitaire \u00e9tant une affaire de vie ou de mort et celle d\u2019une existence ou d\u2019une disparition de la carte du monde dans ses fronti\u00e8res territoriales.<\/p>\n<p><b>Hamed NANEMA<br \/>\n<\/b><\/p>\n","protected":false},"excerpt":{"rendered":"<p>Africa-Press &#8211; Burkina Faso. \u00ab Le Burkina est-il en train de perdre l\u2019Est ? O\u00f9 sont pass\u00e9s les milliards de FCFA d\u00e9bloqu\u00e9s pour soutenir les entreprises en difficult\u00e9 face \u00e0 la crise sanitaire du Covid-19 ? \u00bb Autant de sujets sur lesquels s\u2019est pench\u00e9 Eddie Kombo\u00efgo, avec la casquette de chef de file de l\u2019opposition [&hellip;]<\/p>\n","protected":false},"author":82,"featured_media":11334,"comment_status":"open","ping_status":"closed","sticky":false,"template":"","format":"standard","meta":{"footnotes":""},"categories":[11,2,20,10],"tags":[111,725,29],"class_list":["post-11335","post","type-post","status-publish","format-standard","has-post-thumbnail","hentry","category-homepage-french","category-politique","category-top-nouvelles","category-toutes-les-actualites","tag-africa-press","tag-africa-press-burkina-faso","tag-burkina-faso"],"yoast_head":"<!-- This site is optimized with the Yoast SEO Premium plugin v26.1 (Yoast SEO v27.0) - https:\/\/yoast.com\/product\/yoast-seo-premium-wordpress\/ -->\n<title>Crise s\u00e9curitaire : Le gouvernement est-il en train de perdre l\u2019Est ? interroge Eddie Kombo\u00efgo, chef de file de l\u2019opposition - Burkina Faso<\/title>\n<meta name=\"description\" content=\"\u00ab Le Burkina est-il en train de perdre l\u2019Est ? O\u00f9 sont pass\u00e9s les milliards de FCFA d\u00e9bloqu\u00e9s pour soutenir les entre ...\" \/>\n<meta name=\"robots\" content=\"index, follow, max-snippet:-1, max-image-preview:large, max-video-preview:-1\" \/>\n<link rel=\"canonical\" href=\"https:\/\/www.africa-press.net\/burkina-faso\/politique\/crise-securitaire-le-gouvernement-est-il-en-train-de-perdre-lest-interroge-eddie-komboigo-chef-de-file-de-lopposition\" \/>\n<meta property=\"og:locale\" content=\"fr_FR\" \/>\n<meta property=\"og:type\" content=\"article\" \/>\n<meta property=\"og:title\" content=\"Crise s\u00e9curitaire : Le gouvernement est-il en train de perdre l\u2019Est ? interroge Eddie Kombo\u00efgo, chef de file de l\u2019opposition\" \/>\n<meta property=\"og:description\" content=\"\u00ab Le Burkina est-il en train de perdre l\u2019Est ? O\u00f9 sont pass\u00e9s les milliards de FCFA d\u00e9bloqu\u00e9s pour soutenir les entre ...\" \/>\n<meta property=\"og:url\" content=\"https:\/\/www.africa-press.net\/burkina-faso\/politique\/crise-securitaire-le-gouvernement-est-il-en-train-de-perdre-lest-interroge-eddie-komboigo-chef-de-file-de-lopposition\" \/>\n<meta property=\"og:site_name\" content=\"Burkina Faso\" \/>\n<meta property=\"article:published_time\" content=\"2021-05-06T18:19:18+00:00\" \/>\n<meta property=\"article:modified_time\" content=\"2021-05-07T14:55:46+00:00\" \/>\n<meta property=\"og:image\" content=\"https:\/\/static.africa-press.net\/burkina\/sites\/42\/2021\/05\/img-60940ff0223c5.jpg\" \/>\n\t<meta property=\"og:image:width\" content=\"720\" \/>\n\t<meta property=\"og:image:height\" content=\"428\" \/>\n\t<meta property=\"og:image:type\" content=\"image\/jpeg\" \/>\n<meta name=\"author\" content=\"cfeditorfr\" \/>\n<meta name=\"twitter:card\" content=\"summary_large_image\" \/>\n<meta name=\"twitter:label1\" content=\"\u00c9crit par\" \/>\n\t<meta name=\"twitter:data1\" content=\"cfeditorfr\" \/>\n\t<meta name=\"twitter:label2\" content=\"Dur\u00e9e de lecture estim\u00e9e\" \/>\n\t<meta name=\"twitter:data2\" content=\"5 minutes\" \/>\n<script type=\"application\/ld+json\" class=\"yoast-schema-graph\">{\"@context\":\"https:\/\/schema.org\",\"@graph\":[{\"@type\":\"Article\",\"@id\":\"https:\/\/www.africa-press.net\/burkina-faso\/politique\/crise-securitaire-le-gouvernement-est-il-en-train-de-perdre-lest-interroge-eddie-komboigo-chef-de-file-de-lopposition#article\",\"isPartOf\":{\"@id\":\"https:\/\/www.africa-press.net\/burkina-faso\/politique\/crise-securitaire-le-gouvernement-est-il-en-train-de-perdre-lest-interroge-eddie-komboigo-chef-de-file-de-lopposition\"},\"author\":{\"name\":\"cfeditorfr\",\"@id\":\"https:\/\/www.africa-press.net\/burkina-faso\/#\/schema\/person\/2b1cf3cd81a31e3cd26889ca66d677f1\"},\"headline\":\"Crise s\u00e9curitaire : Le gouvernement est-il en train de perdre l\u2019Est ? interroge Eddie Kombo\u00efgo, chef de file de l\u2019opposition\",\"datePublished\":\"2021-05-06T18:19:18+00:00\",\"dateModified\":\"2021-05-07T14:55:46+00:00\",\"mainEntityOfPage\":{\"@id\":\"https:\/\/www.africa-press.net\/burkina-faso\/politique\/crise-securitaire-le-gouvernement-est-il-en-train-de-perdre-lest-interroge-eddie-komboigo-chef-de-file-de-lopposition\"},\"wordCount\":969,\"commentCount\":0,\"image\":{\"@id\":\"https:\/\/www.africa-press.net\/burkina-faso\/politique\/crise-securitaire-le-gouvernement-est-il-en-train-de-perdre-lest-interroge-eddie-komboigo-chef-de-file-de-lopposition#primaryimage\"},\"thumbnailUrl\":\"https:\/\/static.africa-press.net\/burkina\/sites\/42\/2021\/05\/img-60940ff0223c5.jpg\",\"keywords\":[\"Africa Press\",\"Africa Press-Burkina Faso\",\"Burkina Faso\"],\"articleSection\":[\"homepage-french\",\"Politique\",\"Top Nouvelles\",\"Toutes les actualit\u00e9s\"],\"inLanguage\":\"fr-FR\",\"potentialAction\":[{\"@type\":\"CommentAction\",\"name\":\"Comment\",\"target\":[\"https:\/\/www.africa-press.net\/burkina-faso\/politique\/crise-securitaire-le-gouvernement-est-il-en-train-de-perdre-lest-interroge-eddie-komboigo-chef-de-file-de-lopposition#respond\"]}]},{\"@type\":\"WebPage\",\"@id\":\"https:\/\/www.africa-press.net\/burkina-faso\/politique\/crise-securitaire-le-gouvernement-est-il-en-train-de-perdre-lest-interroge-eddie-komboigo-chef-de-file-de-lopposition\",\"url\":\"https:\/\/www.africa-press.net\/burkina-faso\/politique\/crise-securitaire-le-gouvernement-est-il-en-train-de-perdre-lest-interroge-eddie-komboigo-chef-de-file-de-lopposition\",\"name\":\"Crise s\u00e9curitaire : Le gouvernement est-il en train de perdre l\u2019Est ? interroge Eddie Kombo\u00efgo, chef de file de l\u2019opposition - Burkina Faso\",\"isPartOf\":{\"@id\":\"https:\/\/www.africa-press.net\/burkina-faso\/#website\"},\"primaryImageOfPage\":{\"@id\":\"https:\/\/www.africa-press.net\/burkina-faso\/politique\/crise-securitaire-le-gouvernement-est-il-en-train-de-perdre-lest-interroge-eddie-komboigo-chef-de-file-de-lopposition#primaryimage\"},\"image\":{\"@id\":\"https:\/\/www.africa-press.net\/burkina-faso\/politique\/crise-securitaire-le-gouvernement-est-il-en-train-de-perdre-lest-interroge-eddie-komboigo-chef-de-file-de-lopposition#primaryimage\"},\"thumbnailUrl\":\"https:\/\/static.africa-press.net\/burkina\/sites\/42\/2021\/05\/img-60940ff0223c5.jpg\",\"datePublished\":\"2021-05-06T18:19:18+00:00\",\"dateModified\":\"2021-05-07T14:55:46+00:00\",\"author\":{\"@id\":\"https:\/\/www.africa-press.net\/burkina-faso\/#\/schema\/person\/2b1cf3cd81a31e3cd26889ca66d677f1\"},\"description\":\"\u00ab Le Burkina est-il en train de perdre l\u2019Est ? O\u00f9 sont pass\u00e9s les milliards de FCFA d\u00e9bloqu\u00e9s pour soutenir les entre ...\",\"breadcrumb\":{\"@id\":\"https:\/\/www.africa-press.net\/burkina-faso\/politique\/crise-securitaire-le-gouvernement-est-il-en-train-de-perdre-lest-interroge-eddie-komboigo-chef-de-file-de-lopposition#breadcrumb\"},\"inLanguage\":\"fr-FR\",\"potentialAction\":[{\"@type\":\"ReadAction\",\"target\":[\"https:\/\/www.africa-press.net\/burkina-faso\/politique\/crise-securitaire-le-gouvernement-est-il-en-train-de-perdre-lest-interroge-eddie-komboigo-chef-de-file-de-lopposition\"]}]},{\"@type\":\"ImageObject\",\"inLanguage\":\"fr-FR\",\"@id\":\"https:\/\/www.africa-press.net\/burkina-faso\/politique\/crise-securitaire-le-gouvernement-est-il-en-train-de-perdre-lest-interroge-eddie-komboigo-chef-de-file-de-lopposition#primaryimage\",\"url\":\"https:\/\/static.africa-press.net\/burkina\/sites\/42\/2021\/05\/img-60940ff0223c5.jpg\",\"contentUrl\":\"https:\/\/static.africa-press.net\/burkina\/sites\/42\/2021\/05\/img-60940ff0223c5.jpg\",\"width\":720,\"height\":428,\"caption\":\"Crise s\u00e9curitaire : Le gouvernement est-il en train de perdre l\u2019Est ? interroge Eddie Kombo\u00efgo, chef de file de l\u2019opposition\"},{\"@type\":\"BreadcrumbList\",\"@id\":\"https:\/\/www.africa-press.net\/burkina-faso\/politique\/crise-securitaire-le-gouvernement-est-il-en-train-de-perdre-lest-interroge-eddie-komboigo-chef-de-file-de-lopposition#breadcrumb\",\"itemListElement\":[{\"@type\":\"ListItem\",\"position\":1,\"name\":\"Accueil\",\"item\":\"https:\/\/www.africa-press.net\/burkina-faso\/\"},{\"@type\":\"ListItem\",\"position\":2,\"name\":\"Crise s\u00e9curitaire : Le gouvernement est-il en train de perdre l\u2019Est ? interroge Eddie Kombo\u00efgo, chef de file de l\u2019opposition\"}]},{\"@type\":\"WebSite\",\"@id\":\"https:\/\/www.africa-press.net\/burkina-faso\/#website\",\"url\":\"https:\/\/www.africa-press.net\/burkina-faso\/\",\"name\":\"Burkina Faso\",\"description\":\"Just another Africa News Agency Sites site\",\"potentialAction\":[{\"@type\":\"SearchAction\",\"target\":{\"@type\":\"EntryPoint\",\"urlTemplate\":\"https:\/\/www.africa-press.net\/burkina-faso\/?s={search_term_string}\"},\"query-input\":{\"@type\":\"PropertyValueSpecification\",\"valueRequired\":true,\"valueName\":\"search_term_string\"}}],\"inLanguage\":\"fr-FR\"},{\"@type\":\"Person\",\"@id\":\"https:\/\/www.africa-press.net\/burkina-faso\/#\/schema\/person\/2b1cf3cd81a31e3cd26889ca66d677f1\",\"name\":\"cfeditorfr\"}]}<\/script>\n<!-- \/ Yoast SEO Premium plugin. -->","yoast_head_json":{"title":"Crise s\u00e9curitaire : Le gouvernement est-il en train de perdre l\u2019Est ? interroge Eddie Kombo\u00efgo, chef de file de l\u2019opposition - Burkina Faso","description":"\u00ab Le Burkina est-il en train de perdre l\u2019Est ? O\u00f9 sont pass\u00e9s les milliards de FCFA d\u00e9bloqu\u00e9s pour soutenir les entre ...","robots":{"index":"index","follow":"follow","max-snippet":"max-snippet:-1","max-image-preview":"max-image-preview:large","max-video-preview":"max-video-preview:-1"},"canonical":"https:\/\/www.africa-press.net\/burkina-faso\/politique\/crise-securitaire-le-gouvernement-est-il-en-train-de-perdre-lest-interroge-eddie-komboigo-chef-de-file-de-lopposition","og_locale":"fr_FR","og_type":"article","og_title":"Crise s\u00e9curitaire : Le gouvernement est-il en train de perdre l\u2019Est ? interroge Eddie Kombo\u00efgo, chef de file de l\u2019opposition","og_description":"\u00ab Le Burkina est-il en train de perdre l\u2019Est ? O\u00f9 sont pass\u00e9s les milliards de FCFA d\u00e9bloqu\u00e9s pour soutenir les entre ...","og_url":"https:\/\/www.africa-press.net\/burkina-faso\/politique\/crise-securitaire-le-gouvernement-est-il-en-train-de-perdre-lest-interroge-eddie-komboigo-chef-de-file-de-lopposition","og_site_name":"Burkina Faso","article_published_time":"2021-05-06T18:19:18+00:00","article_modified_time":"2021-05-07T14:55:46+00:00","og_image":[{"width":720,"height":428,"url":"https:\/\/static.africa-press.net\/burkina\/sites\/42\/2021\/05\/img-60940ff0223c5.jpg","type":"image\/jpeg"}],"author":"cfeditorfr","twitter_card":"summary_large_image","twitter_misc":{"\u00c9crit par":"cfeditorfr","Dur\u00e9e de lecture estim\u00e9e":"5 minutes"},"schema":{"@context":"https:\/\/schema.org","@graph":[{"@type":"Article","@id":"https:\/\/www.africa-press.net\/burkina-faso\/politique\/crise-securitaire-le-gouvernement-est-il-en-train-de-perdre-lest-interroge-eddie-komboigo-chef-de-file-de-lopposition#article","isPartOf":{"@id":"https:\/\/www.africa-press.net\/burkina-faso\/politique\/crise-securitaire-le-gouvernement-est-il-en-train-de-perdre-lest-interroge-eddie-komboigo-chef-de-file-de-lopposition"},"author":{"name":"cfeditorfr","@id":"https:\/\/www.africa-press.net\/burkina-faso\/#\/schema\/person\/2b1cf3cd81a31e3cd26889ca66d677f1"},"headline":"Crise s\u00e9curitaire : Le gouvernement est-il en train de perdre l\u2019Est ? interroge Eddie Kombo\u00efgo, chef de file de l\u2019opposition","datePublished":"2021-05-06T18:19:18+00:00","dateModified":"2021-05-07T14:55:46+00:00","mainEntityOfPage":{"@id":"https:\/\/www.africa-press.net\/burkina-faso\/politique\/crise-securitaire-le-gouvernement-est-il-en-train-de-perdre-lest-interroge-eddie-komboigo-chef-de-file-de-lopposition"},"wordCount":969,"commentCount":0,"image":{"@id":"https:\/\/www.africa-press.net\/burkina-faso\/politique\/crise-securitaire-le-gouvernement-est-il-en-train-de-perdre-lest-interroge-eddie-komboigo-chef-de-file-de-lopposition#primaryimage"},"thumbnailUrl":"https:\/\/static.africa-press.net\/burkina\/sites\/42\/2021\/05\/img-60940ff0223c5.jpg","keywords":["Africa Press","Africa Press-Burkina Faso","Burkina Faso"],"articleSection":["homepage-french","Politique","Top Nouvelles","Toutes les actualit\u00e9s"],"inLanguage":"fr-FR","potentialAction":[{"@type":"CommentAction","name":"Comment","target":["https:\/\/www.africa-press.net\/burkina-faso\/politique\/crise-securitaire-le-gouvernement-est-il-en-train-de-perdre-lest-interroge-eddie-komboigo-chef-de-file-de-lopposition#respond"]}]},{"@type":"WebPage","@id":"https:\/\/www.africa-press.net\/burkina-faso\/politique\/crise-securitaire-le-gouvernement-est-il-en-train-de-perdre-lest-interroge-eddie-komboigo-chef-de-file-de-lopposition","url":"https:\/\/www.africa-press.net\/burkina-faso\/politique\/crise-securitaire-le-gouvernement-est-il-en-train-de-perdre-lest-interroge-eddie-komboigo-chef-de-file-de-lopposition","name":"Crise s\u00e9curitaire : Le gouvernement est-il en train de perdre l\u2019Est ? interroge Eddie Kombo\u00efgo, chef de file de l\u2019opposition - Burkina Faso","isPartOf":{"@id":"https:\/\/www.africa-press.net\/burkina-faso\/#website"},"primaryImageOfPage":{"@id":"https:\/\/www.africa-press.net\/burkina-faso\/politique\/crise-securitaire-le-gouvernement-est-il-en-train-de-perdre-lest-interroge-eddie-komboigo-chef-de-file-de-lopposition#primaryimage"},"image":{"@id":"https:\/\/www.africa-press.net\/burkina-faso\/politique\/crise-securitaire-le-gouvernement-est-il-en-train-de-perdre-lest-interroge-eddie-komboigo-chef-de-file-de-lopposition#primaryimage"},"thumbnailUrl":"https:\/\/static.africa-press.net\/burkina\/sites\/42\/2021\/05\/img-60940ff0223c5.jpg","datePublished":"2021-05-06T18:19:18+00:00","dateModified":"2021-05-07T14:55:46+00:00","author":{"@id":"https:\/\/www.africa-press.net\/burkina-faso\/#\/schema\/person\/2b1cf3cd81a31e3cd26889ca66d677f1"},"description":"\u00ab Le Burkina est-il en train de perdre l\u2019Est ? O\u00f9 sont pass\u00e9s les milliards de FCFA d\u00e9bloqu\u00e9s pour soutenir les entre ...","breadcrumb":{"@id":"https:\/\/www.africa-press.net\/burkina-faso\/politique\/crise-securitaire-le-gouvernement-est-il-en-train-de-perdre-lest-interroge-eddie-komboigo-chef-de-file-de-lopposition#breadcrumb"},"inLanguage":"fr-FR","potentialAction":[{"@type":"ReadAction","target":["https:\/\/www.africa-press.net\/burkina-faso\/politique\/crise-securitaire-le-gouvernement-est-il-en-train-de-perdre-lest-interroge-eddie-komboigo-chef-de-file-de-lopposition"]}]},{"@type":"ImageObject","inLanguage":"fr-FR","@id":"https:\/\/www.africa-press.net\/burkina-faso\/politique\/crise-securitaire-le-gouvernement-est-il-en-train-de-perdre-lest-interroge-eddie-komboigo-chef-de-file-de-lopposition#primaryimage","url":"https:\/\/static.africa-press.net\/burkina\/sites\/42\/2021\/05\/img-60940ff0223c5.jpg","contentUrl":"https:\/\/static.africa-press.net\/burkina\/sites\/42\/2021\/05\/img-60940ff0223c5.jpg","width":720,"height":428,"caption":"Crise s\u00e9curitaire : Le gouvernement est-il en train de perdre l\u2019Est ? interroge Eddie Kombo\u00efgo, chef de file de l\u2019opposition"},{"@type":"BreadcrumbList","@id":"https:\/\/www.africa-press.net\/burkina-faso\/politique\/crise-securitaire-le-gouvernement-est-il-en-train-de-perdre-lest-interroge-eddie-komboigo-chef-de-file-de-lopposition#breadcrumb","itemListElement":[{"@type":"ListItem","position":1,"name":"Accueil","item":"https:\/\/www.africa-press.net\/burkina-faso\/"},{"@type":"ListItem","position":2,"name":"Crise s\u00e9curitaire : Le gouvernement est-il en train de perdre l\u2019Est ? interroge Eddie Kombo\u00efgo, chef de file de l\u2019opposition"}]},{"@type":"WebSite","@id":"https:\/\/www.africa-press.net\/burkina-faso\/#website","url":"https:\/\/www.africa-press.net\/burkina-faso\/","name":"Burkina Faso","description":"Just another Africa News Agency Sites site","potentialAction":[{"@type":"SearchAction","target":{"@type":"EntryPoint","urlTemplate":"https:\/\/www.africa-press.net\/burkina-faso\/?s={search_term_string}"},"query-input":{"@type":"PropertyValueSpecification","valueRequired":true,"valueName":"search_term_string"}}],"inLanguage":"fr-FR"},{"@type":"Person","@id":"https:\/\/www.africa-press.net\/burkina-faso\/#\/schema\/person\/2b1cf3cd81a31e3cd26889ca66d677f1","name":"cfeditorfr"}]}},"_links":{"self":[{"href":"https:\/\/www.africa-press.net\/burkina-faso\/wp-json\/wp\/v2\/posts\/11335","targetHints":{"allow":["GET"]}}],"collection":[{"href":"https:\/\/www.africa-press.net\/burkina-faso\/wp-json\/wp\/v2\/posts"}],"about":[{"href":"https:\/\/www.africa-press.net\/burkina-faso\/wp-json\/wp\/v2\/types\/post"}],"author":[{"embeddable":true,"href":"https:\/\/www.africa-press.net\/burkina-faso\/wp-json\/wp\/v2\/users\/82"}],"replies":[{"embeddable":true,"href":"https:\/\/www.africa-press.net\/burkina-faso\/wp-json\/wp\/v2\/comments?post=11335"}],"version-history":[{"count":0,"href":"https:\/\/www.africa-press.net\/burkina-faso\/wp-json\/wp\/v2\/posts\/11335\/revisions"}],"wp:featuredmedia":[{"embeddable":true,"href":"https:\/\/www.africa-press.net\/burkina-faso\/wp-json\/wp\/v2\/media\/11334"}],"wp:attachment":[{"href":"https:\/\/www.africa-press.net\/burkina-faso\/wp-json\/wp\/v2\/media?parent=11335"}],"wp:term":[{"taxonomy":"category","embeddable":true,"href":"https:\/\/www.africa-press.net\/burkina-faso\/wp-json\/wp\/v2\/categories?post=11335"},{"taxonomy":"post_tag","embeddable":true,"href":"https:\/\/www.africa-press.net\/burkina-faso\/wp-json\/wp\/v2\/tags?post=11335"}],"curies":[{"name":"wp","href":"https:\/\/api.w.org\/{rel}","templated":true}]}}