{"id":113398,"date":"2025-07-04T17:27:08","date_gmt":"2025-07-04T17:27:08","guid":{"rendered":"https:\/\/www.africa-press.net\/burkina-faso\/politique\/17-regions-et-47-provinces-creees"},"modified":"2025-07-04T17:50:02","modified_gmt":"2025-07-04T17:50:02","slug":"17-regions-et-47-provinces-creees","status":"publish","type":"post","link":"https:\/\/www.africa-press.net\/burkina-faso\/politique\/17-regions-et-47-provinces-creees","title":{"rendered":"17 Re\u0301gions et 47 Provinces Cre\u0301e\u0301es"},"content":{"rendered":"<p><span style=\"color: #ff6600\"><strong>Africa-Press &#8211; Burkina Faso. <\/strong><\/span><b>Re\u0301uni en conseil des ministres ce mercredi 2 juillet 2025, le gouvernement burkinabe\u0300 a proce\u0301de\u0301 a\u0300 un rede\u0301coupage du territoire national. De\u0301sormais le pays dispose de 17 re\u0301gions et de 47 provinces. Il y a eu la cre\u0301ation de quatre nouvelles re\u0301gions et de deux nouvelles provinces.<\/b><\/p>\n<p>\u00ab Prenant en compte cette dimension se\u0301curitaire, les anciennes re\u0301gions de la Boucle du Mouhoun, de l\u2019Est et du Sahel, qui repre\u0301sentent a\u0300 elles seules 43 % du territoire national, ont e\u0301te\u0301 re\u0301organise\u0301es. Et de cette re\u0301organisation, il y a 4 nouvelles re\u0301gions qui ont e\u0301te\u0301 cre\u0301e\u0301es ainsi que de nouvelles provinces \u00bb, a re\u0301sume\u0301 le ministre d\u2019E\u0301tat, charge\u0301 de l\u2019Administration territoriale, Emile Zerbo, en sortant de la re\u0301union hebdomadaire du gouvernement.<\/p>\n<p>Il a explique\u0301 que ce nouveau dispositif organisationnel de\u0301coule de la vision du pre\u0301sident du Faso, le capitaine Ibrahim Traore\u0301, et privile\u0301gie le crite\u0300re de de\u0301fense strate\u0301gique. Ainsi, le pays compte de\u0301sormais deux nouvelles provinces, a\u0300 savoir la province du Dyamongou avec Kantchari comme chef-lieu, et la province Karo-Peli avec pour chef-lieu Arbinda. Les quatre nouvelles re\u0301gions sont: le Soum avec pour chef-lieu Djibo, la Sirba dont le chef-lieu est Bogande\u0301, la Tapoa avec comme chef-lieu Diapaga et le Sourou qui a pour chef-lieu Tougan. Ainsi, le Burkina Faso compte 47 provinces et 17 re\u0301gions.<\/p>\n<p>Toutes les circonscriptions administratives ont de\u0301sormais un nom endoge\u0300ne. Le conseil a en effet adopte\u0301 un de\u0301cret portant sur le changement de toponymes des re\u0301gions en langue nationale pour promouvoir nos valeurs endoge\u0300nes. De\u0301sormais les 17 re\u0301gions portent les toponymes suivants: Bankui (De\u0301dougou), Djo\u0302ro\u0302 (Gaoua), Goulmou (Fada N\u2019Gourma), Guiriko (Bobo-Dioulasso), Kadiogo (Ouagadougou), Kuilse\u0301 (Kaya), Liptako (Dori), Nando (Koudougou), Nakambe\u0301 (Tenkodogo), Nazinon (Manga), Oubri (Ziniare\u0301), Sirba (Bogande\u0301), Soum (Djibo), Tannounyan (Banfora), Tapoa (Diapaga), Sourou (Tougan) et Yaadga (Ouahigouya).<\/p>\n<p>De me\u0302me, les provinces du Sanmatenga et de l\u2019Oubritenga deviennent respectivement le Sandbondtenga et le Bassitenga. La province du Soum prend le nom de Djelgodji et la Kossi s\u2019appellera de\u0301sormais Kossin. Une pe\u0301riode transitoire de six mois a e\u0301te\u0301 de\u0301cre\u0301te\u0301e pour la mise en \u0153uvre de cette re\u0301organisation administrative du territoire.<\/p>\n<p><iframe loading=\"lazy\" title=\"Nouveau d\u00e9coupage administratif : Le Burkina compte d\u00e9sormais 17 r\u00e9gions et 47 provinces\" width=\"696\" height=\"392\" src=\"https:\/\/www.youtube.com\/embed\/3KfoMlbpWts?feature=oembed\" frameborder=\"0\" allow=\"accelerometer; autoplay; clipboard-write; encrypted-media; gyroscope; picture-in-picture; web-share\" referrerpolicy=\"strict-origin-when-cross-origin\" allowfullscreen><\/iframe><\/p>\n<p><strong>Pour plus d&rsquo;informations et d&rsquo;analyses sur la <span style=\"color: #ff6600\">Burkina Faso<\/span>, suivez <span style=\"color: #ff6600\">Africa-Press<\/span><\/strong><\/p>\n","protected":false},"excerpt":{"rendered":"<p>Africa-Press &#8211; Burkina Faso. Re\u0301uni en conseil des ministres ce mercredi 2 juillet 2025, le gouvernement burkinabe\u0300 a proce\u0301de\u0301 a\u0300 un rede\u0301coupage du territoire national. De\u0301sormais le pays dispose de 17 re\u0301gions et de 47 provinces. Il y a eu la cre\u0301ation de quatre nouvelles re\u0301gions et de deux nouvelles provinces. \u00ab Prenant en compte [&hellip;]<\/p>\n","protected":false},"author":82,"featured_media":113397,"comment_status":"open","ping_status":"closed","sticky":false,"template":"","format":"standard","meta":{"footnotes":""},"categories":[2,10,9],"tags":[29],"class_list":["post-113398","post","type-post","status-publish","format-standard","has-post-thumbnail","hentry","category-politique","category-toutes-les-actualites","category-video","tag-burkina-faso"],"yoast_head":"<!-- This site is optimized with the Yoast SEO Premium plugin v26.1 (Yoast SEO v27.0) - https:\/\/yoast.com\/product\/yoast-seo-premium-wordpress\/ -->\n<title>17 Re\u0301gions et 47 Provinces Cre\u0301e\u0301es - Burkina Faso<\/title>\n<meta name=\"description\" content=\"Re\u0301uni en conseil des ministres ce mercredi 2 juillet 2025, le gouvernement burkinabe\u0300 a proce\u0301de\u0301 a\u0300 un rede\u0301coupage ...\" \/>\n<meta name=\"robots\" content=\"index, follow, max-snippet:-1, max-image-preview:large, max-video-preview:-1\" \/>\n<link rel=\"canonical\" href=\"https:\/\/www.africa-press.net\/burkina-faso\/politique\/17-regions-et-47-provinces-creees\" \/>\n<meta property=\"og:locale\" content=\"fr_FR\" \/>\n<meta property=\"og:type\" content=\"article\" \/>\n<meta property=\"og:title\" content=\"17 Re\u0301gions et 47 Provinces Cre\u0301e\u0301es\" \/>\n<meta property=\"og:description\" content=\"Re\u0301uni en conseil des ministres ce mercredi 2 juillet 2025, le gouvernement burkinabe\u0300 a proce\u0301de\u0301 a\u0300 un rede\u0301coupage ...\" \/>\n<meta property=\"og:url\" content=\"https:\/\/www.africa-press.net\/burkina-faso\/politique\/17-regions-et-47-provinces-creees\" \/>\n<meta property=\"og:site_name\" content=\"Burkina Faso\" \/>\n<meta property=\"article:published_time\" content=\"2025-07-04T17:27:08+00:00\" \/>\n<meta property=\"article:modified_time\" content=\"2025-07-04T17:50:02+00:00\" \/>\n<meta property=\"og:image\" content=\"https:\/\/static.africa-press.net\/burkina\/sites\/42\/2025\/07\/sm_1751638771.846348.jpg\" \/>\n\t<meta property=\"og:image:width\" content=\"720\" \/>\n\t<meta property=\"og:image:height\" content=\"387\" \/>\n\t<meta property=\"og:image:type\" content=\"image\/jpeg\" \/>\n<meta name=\"author\" content=\"cfeditorfr\" \/>\n<meta name=\"twitter:card\" content=\"summary_large_image\" \/>\n<meta name=\"twitter:label1\" content=\"\u00c9crit par\" \/>\n\t<meta name=\"twitter:data1\" content=\"cfeditorfr\" \/>\n\t<meta name=\"twitter:label2\" content=\"Dur\u00e9e de lecture estim\u00e9e\" \/>\n\t<meta name=\"twitter:data2\" content=\"2 minutes\" \/>\n<script type=\"application\/ld+json\" class=\"yoast-schema-graph\">{\"@context\":\"https:\/\/schema.org\",\"@graph\":[{\"@type\":\"Article\",\"@id\":\"https:\/\/www.africa-press.net\/burkina-faso\/politique\/17-regions-et-47-provinces-creees#article\",\"isPartOf\":{\"@id\":\"https:\/\/www.africa-press.net\/burkina-faso\/politique\/17-regions-et-47-provinces-creees\"},\"author\":{\"name\":\"cfeditorfr\",\"@id\":\"https:\/\/www.africa-press.net\/burkina-faso\/#\/schema\/person\/2b1cf3cd81a31e3cd26889ca66d677f1\"},\"headline\":\"17 Re\u0301gions et 47 Provinces Cre\u0301e\u0301es\",\"datePublished\":\"2025-07-04T17:27:08+00:00\",\"dateModified\":\"2025-07-04T17:50:02+00:00\",\"mainEntityOfPage\":{\"@id\":\"https:\/\/www.africa-press.net\/burkina-faso\/politique\/17-regions-et-47-provinces-creees\"},\"wordCount\":414,\"commentCount\":0,\"image\":{\"@id\":\"https:\/\/www.africa-press.net\/burkina-faso\/politique\/17-regions-et-47-provinces-creees#primaryimage\"},\"thumbnailUrl\":\"https:\/\/static.africa-press.net\/burkina\/sites\/42\/2025\/07\/sm_1751638771.846348.jpg\",\"keywords\":[\"Burkina Faso\"],\"articleSection\":[\"Politique\",\"Toutes les actualit\u00e9s\",\"vid\u00e9o\"],\"inLanguage\":\"fr-FR\",\"potentialAction\":[{\"@type\":\"CommentAction\",\"name\":\"Comment\",\"target\":[\"https:\/\/www.africa-press.net\/burkina-faso\/politique\/17-regions-et-47-provinces-creees#respond\"]}]},{\"@type\":\"WebPage\",\"@id\":\"https:\/\/www.africa-press.net\/burkina-faso\/politique\/17-regions-et-47-provinces-creees\",\"url\":\"https:\/\/www.africa-press.net\/burkina-faso\/politique\/17-regions-et-47-provinces-creees\",\"name\":\"17 Re\u0301gions et 47 Provinces Cre\u0301e\u0301es - Burkina Faso\",\"isPartOf\":{\"@id\":\"https:\/\/www.africa-press.net\/burkina-faso\/#website\"},\"primaryImageOfPage\":{\"@id\":\"https:\/\/www.africa-press.net\/burkina-faso\/politique\/17-regions-et-47-provinces-creees#primaryimage\"},\"image\":{\"@id\":\"https:\/\/www.africa-press.net\/burkina-faso\/politique\/17-regions-et-47-provinces-creees#primaryimage\"},\"thumbnailUrl\":\"https:\/\/static.africa-press.net\/burkina\/sites\/42\/2025\/07\/sm_1751638771.846348.jpg\",\"datePublished\":\"2025-07-04T17:27:08+00:00\",\"dateModified\":\"2025-07-04T17:50:02+00:00\",\"author\":{\"@id\":\"https:\/\/www.africa-press.net\/burkina-faso\/#\/schema\/person\/2b1cf3cd81a31e3cd26889ca66d677f1\"},\"description\":\"Re\u0301uni en conseil des ministres ce mercredi 2 juillet 2025, le gouvernement burkinabe\u0300 a proce\u0301de\u0301 a\u0300 un rede\u0301coupage ...\",\"breadcrumb\":{\"@id\":\"https:\/\/www.africa-press.net\/burkina-faso\/politique\/17-regions-et-47-provinces-creees#breadcrumb\"},\"inLanguage\":\"fr-FR\",\"potentialAction\":[{\"@type\":\"ReadAction\",\"target\":[\"https:\/\/www.africa-press.net\/burkina-faso\/politique\/17-regions-et-47-provinces-creees\"]}]},{\"@type\":\"ImageObject\",\"inLanguage\":\"fr-FR\",\"@id\":\"https:\/\/www.africa-press.net\/burkina-faso\/politique\/17-regions-et-47-provinces-creees#primaryimage\",\"url\":\"https:\/\/static.africa-press.net\/burkina\/sites\/42\/2025\/07\/sm_1751638771.846348.jpg\",\"contentUrl\":\"https:\/\/static.africa-press.net\/burkina\/sites\/42\/2025\/07\/sm_1751638771.846348.jpg\",\"width\":720,\"height\":387,\"caption\":\"17 Re\u0301gions et 47 Provinces Cre\u0301e\u0301es\"},{\"@type\":\"BreadcrumbList\",\"@id\":\"https:\/\/www.africa-press.net\/burkina-faso\/politique\/17-regions-et-47-provinces-creees#breadcrumb\",\"itemListElement\":[{\"@type\":\"ListItem\",\"position\":1,\"name\":\"Accueil\",\"item\":\"https:\/\/www.africa-press.net\/burkina-faso\/\"},{\"@type\":\"ListItem\",\"position\":2,\"name\":\"17 Re\u0301gions et 47 Provinces Cre\u0301e\u0301es\"}]},{\"@type\":\"WebSite\",\"@id\":\"https:\/\/www.africa-press.net\/burkina-faso\/#website\",\"url\":\"https:\/\/www.africa-press.net\/burkina-faso\/\",\"name\":\"Burkina Faso\",\"description\":\"Just another Africa News Agency Sites site\",\"potentialAction\":[{\"@type\":\"SearchAction\",\"target\":{\"@type\":\"EntryPoint\",\"urlTemplate\":\"https:\/\/www.africa-press.net\/burkina-faso\/?s={search_term_string}\"},\"query-input\":{\"@type\":\"PropertyValueSpecification\",\"valueRequired\":true,\"valueName\":\"search_term_string\"}}],\"inLanguage\":\"fr-FR\"},{\"@type\":\"Person\",\"@id\":\"https:\/\/www.africa-press.net\/burkina-faso\/#\/schema\/person\/2b1cf3cd81a31e3cd26889ca66d677f1\",\"name\":\"cfeditorfr\"}]}<\/script>\n<!-- \/ Yoast SEO Premium plugin. -->","yoast_head_json":{"title":"17 Re\u0301gions et 47 Provinces Cre\u0301e\u0301es - Burkina Faso","description":"Re\u0301uni en conseil des ministres ce mercredi 2 juillet 2025, le gouvernement burkinabe\u0300 a proce\u0301de\u0301 a\u0300 un rede\u0301coupage ...","robots":{"index":"index","follow":"follow","max-snippet":"max-snippet:-1","max-image-preview":"max-image-preview:large","max-video-preview":"max-video-preview:-1"},"canonical":"https:\/\/www.africa-press.net\/burkina-faso\/politique\/17-regions-et-47-provinces-creees","og_locale":"fr_FR","og_type":"article","og_title":"17 Re\u0301gions et 47 Provinces Cre\u0301e\u0301es","og_description":"Re\u0301uni en conseil des ministres ce mercredi 2 juillet 2025, le gouvernement burkinabe\u0300 a proce\u0301de\u0301 a\u0300 un rede\u0301coupage ...","og_url":"https:\/\/www.africa-press.net\/burkina-faso\/politique\/17-regions-et-47-provinces-creees","og_site_name":"Burkina Faso","article_published_time":"2025-07-04T17:27:08+00:00","article_modified_time":"2025-07-04T17:50:02+00:00","og_image":[{"width":720,"height":387,"url":"https:\/\/static.africa-press.net\/burkina\/sites\/42\/2025\/07\/sm_1751638771.846348.jpg","type":"image\/jpeg"}],"author":"cfeditorfr","twitter_card":"summary_large_image","twitter_misc":{"\u00c9crit par":"cfeditorfr","Dur\u00e9e de lecture estim\u00e9e":"2 minutes"},"schema":{"@context":"https:\/\/schema.org","@graph":[{"@type":"Article","@id":"https:\/\/www.africa-press.net\/burkina-faso\/politique\/17-regions-et-47-provinces-creees#article","isPartOf":{"@id":"https:\/\/www.africa-press.net\/burkina-faso\/politique\/17-regions-et-47-provinces-creees"},"author":{"name":"cfeditorfr","@id":"https:\/\/www.africa-press.net\/burkina-faso\/#\/schema\/person\/2b1cf3cd81a31e3cd26889ca66d677f1"},"headline":"17 Re\u0301gions et 47 Provinces Cre\u0301e\u0301es","datePublished":"2025-07-04T17:27:08+00:00","dateModified":"2025-07-04T17:50:02+00:00","mainEntityOfPage":{"@id":"https:\/\/www.africa-press.net\/burkina-faso\/politique\/17-regions-et-47-provinces-creees"},"wordCount":414,"commentCount":0,"image":{"@id":"https:\/\/www.africa-press.net\/burkina-faso\/politique\/17-regions-et-47-provinces-creees#primaryimage"},"thumbnailUrl":"https:\/\/static.africa-press.net\/burkina\/sites\/42\/2025\/07\/sm_1751638771.846348.jpg","keywords":["Burkina Faso"],"articleSection":["Politique","Toutes les actualit\u00e9s","vid\u00e9o"],"inLanguage":"fr-FR","potentialAction":[{"@type":"CommentAction","name":"Comment","target":["https:\/\/www.africa-press.net\/burkina-faso\/politique\/17-regions-et-47-provinces-creees#respond"]}]},{"@type":"WebPage","@id":"https:\/\/www.africa-press.net\/burkina-faso\/politique\/17-regions-et-47-provinces-creees","url":"https:\/\/www.africa-press.net\/burkina-faso\/politique\/17-regions-et-47-provinces-creees","name":"17 Re\u0301gions et 47 Provinces Cre\u0301e\u0301es - Burkina Faso","isPartOf":{"@id":"https:\/\/www.africa-press.net\/burkina-faso\/#website"},"primaryImageOfPage":{"@id":"https:\/\/www.africa-press.net\/burkina-faso\/politique\/17-regions-et-47-provinces-creees#primaryimage"},"image":{"@id":"https:\/\/www.africa-press.net\/burkina-faso\/politique\/17-regions-et-47-provinces-creees#primaryimage"},"thumbnailUrl":"https:\/\/static.africa-press.net\/burkina\/sites\/42\/2025\/07\/sm_1751638771.846348.jpg","datePublished":"2025-07-04T17:27:08+00:00","dateModified":"2025-07-04T17:50:02+00:00","author":{"@id":"https:\/\/www.africa-press.net\/burkina-faso\/#\/schema\/person\/2b1cf3cd81a31e3cd26889ca66d677f1"},"description":"Re\u0301uni en conseil des ministres ce mercredi 2 juillet 2025, le gouvernement burkinabe\u0300 a proce\u0301de\u0301 a\u0300 un rede\u0301coupage ...","breadcrumb":{"@id":"https:\/\/www.africa-press.net\/burkina-faso\/politique\/17-regions-et-47-provinces-creees#breadcrumb"},"inLanguage":"fr-FR","potentialAction":[{"@type":"ReadAction","target":["https:\/\/www.africa-press.net\/burkina-faso\/politique\/17-regions-et-47-provinces-creees"]}]},{"@type":"ImageObject","inLanguage":"fr-FR","@id":"https:\/\/www.africa-press.net\/burkina-faso\/politique\/17-regions-et-47-provinces-creees#primaryimage","url":"https:\/\/static.africa-press.net\/burkina\/sites\/42\/2025\/07\/sm_1751638771.846348.jpg","contentUrl":"https:\/\/static.africa-press.net\/burkina\/sites\/42\/2025\/07\/sm_1751638771.846348.jpg","width":720,"height":387,"caption":"17 Re\u0301gions et 47 Provinces Cre\u0301e\u0301es"},{"@type":"BreadcrumbList","@id":"https:\/\/www.africa-press.net\/burkina-faso\/politique\/17-regions-et-47-provinces-creees#breadcrumb","itemListElement":[{"@type":"ListItem","position":1,"name":"Accueil","item":"https:\/\/www.africa-press.net\/burkina-faso\/"},{"@type":"ListItem","position":2,"name":"17 Re\u0301gions et 47 Provinces Cre\u0301e\u0301es"}]},{"@type":"WebSite","@id":"https:\/\/www.africa-press.net\/burkina-faso\/#website","url":"https:\/\/www.africa-press.net\/burkina-faso\/","name":"Burkina Faso","description":"Just another Africa News Agency Sites site","potentialAction":[{"@type":"SearchAction","target":{"@type":"EntryPoint","urlTemplate":"https:\/\/www.africa-press.net\/burkina-faso\/?s={search_term_string}"},"query-input":{"@type":"PropertyValueSpecification","valueRequired":true,"valueName":"search_term_string"}}],"inLanguage":"fr-FR"},{"@type":"Person","@id":"https:\/\/www.africa-press.net\/burkina-faso\/#\/schema\/person\/2b1cf3cd81a31e3cd26889ca66d677f1","name":"cfeditorfr"}]}},"_links":{"self":[{"href":"https:\/\/www.africa-press.net\/burkina-faso\/wp-json\/wp\/v2\/posts\/113398","targetHints":{"allow":["GET"]}}],"collection":[{"href":"https:\/\/www.africa-press.net\/burkina-faso\/wp-json\/wp\/v2\/posts"}],"about":[{"href":"https:\/\/www.africa-press.net\/burkina-faso\/wp-json\/wp\/v2\/types\/post"}],"author":[{"embeddable":true,"href":"https:\/\/www.africa-press.net\/burkina-faso\/wp-json\/wp\/v2\/users\/82"}],"replies":[{"embeddable":true,"href":"https:\/\/www.africa-press.net\/burkina-faso\/wp-json\/wp\/v2\/comments?post=113398"}],"version-history":[{"count":0,"href":"https:\/\/www.africa-press.net\/burkina-faso\/wp-json\/wp\/v2\/posts\/113398\/revisions"}],"wp:featuredmedia":[{"embeddable":true,"href":"https:\/\/www.africa-press.net\/burkina-faso\/wp-json\/wp\/v2\/media\/113397"}],"wp:attachment":[{"href":"https:\/\/www.africa-press.net\/burkina-faso\/wp-json\/wp\/v2\/media?parent=113398"}],"wp:term":[{"taxonomy":"category","embeddable":true,"href":"https:\/\/www.africa-press.net\/burkina-faso\/wp-json\/wp\/v2\/categories?post=113398"},{"taxonomy":"post_tag","embeddable":true,"href":"https:\/\/www.africa-press.net\/burkina-faso\/wp-json\/wp\/v2\/tags?post=113398"}],"curies":[{"name":"wp","href":"https:\/\/api.w.org\/{rel}","templated":true}]}}