{"id":11344,"date":"2021-05-06T18:44:43","date_gmt":"2021-05-06T18:44:43","guid":{"rendered":"https:\/\/www.africa-press.net\/burkina-faso\/?p=11344"},"modified":"2021-05-07T14:56:17","modified_gmt":"2021-05-07T14:56:17","slug":"site-de-luniversite-thomas-sankara-les-populations-impactees-par-les-travaux-de-construction-ont-ete-indemnisees","status":"publish","type":"post","link":"https:\/\/www.africa-press.net\/burkina-faso\/toutes-les-actualites\/site-de-luniversite-thomas-sankara-les-populations-impactees-par-les-travaux-de-construction-ont-ete-indemnisees","title":{"rendered":"Site de l\u2019Universit\u00e9 Thomas Sankara : Les populations impact\u00e9es par les travaux de construction ont \u00e9t\u00e9 indemnis\u00e9es"},"content":{"rendered":"<p><span style=\"color: #ff6600\"><strong><a href=\"https:\/\/www.africa-press.net\/\">Africa-Press<\/a> &#8211; <a href=\"https:\/\/www.africa-press.net\/burkina-faso\">Burkina Faso<\/a>. <\/strong><\/span><b>Les populations touch\u00e9es par la construction de l\u2019Universit\u00e9 Thomas Sankara ont re\u00e7u, ce mercredi 5 mai 2021, leurs ch\u00e8ques en guise d\u2019indemnisation, au cours d\u2019une c\u00e9r\u00e9monie symbolique. Ils sont 396 propri\u00e9taires terriens, 365 acqu\u00e9reurs et 84 exploitants \u00e0 passer \u00e0 la caisse. Ils ont re\u00e7u des sommes allant de 26 000 \u00e0 180 millions de francs CFA.<\/b><\/p>\n<p>Le processus d\u2019indemnisation des populations touch\u00e9es par la construction de l\u2019Universit\u00e9 Thomas Sankara (UTS) a dur\u00e9 plus de cinq ans. C\u2019\u00e9tait le bout du tunnel ce mercredi 5 mai 2021 pour les principaux concern\u00e9s. Ils ont re\u00e7u chacun un ch\u00e8que d\u2019indemnisation au cours d\u2019une c\u00e9r\u00e9monie symbolique. Tout cela a \u00e9t\u00e9 rendu possible gr\u00e2ce \u00e0 la grande dose de compr\u00e9hension de leur part.<\/p>\n<p>Le K\u00f4anda Naaba Boulgou 2, chef coutumier du village de K\u00f4anda, village h\u00f4te du site de l\u2019universit\u00e9, repr\u00e9sentant les populations affect\u00e9es, s\u2019est dit fier de recevoir son ch\u00e8que ce jour. D\u2019apr\u00e8s lui, c\u2019est l\u2019aboutissement d\u2019un long processus qui a dur\u00e9 des ann\u00e9es. \u00ab Ils ont tout pay\u00e9 : les arbres, les b\u00e2timents, les champs, la terre, m\u00eame les pompes \u00e9lectriques que nous avions install\u00e9es \u00bb, a-t-il d\u00e9taill\u00e9.<\/p>\n<p>C\u2019est le m\u00eame sentiment de satisfaction qui anime le pr\u00e9sident de l\u2019UTS, Pr Adjima Thiombiano. \u00ab C\u2019est un sentiment de fiert\u00e9 et de satisfaction qui m\u2019anime ce matin d\u2019avoir pu respecter nos engagements vis-\u00e0-vis des populations touch\u00e9es par la construction de l\u2019universit\u00e9 \u00bb, s\u2019est-il r\u00e9joui. Pour lui, ces populations ont tout donn\u00e9 pour l\u2019aboutissement de ce projet. Le Pr Thiombiano a pr\u00e9cis\u00e9 que les personnes impact\u00e9es sont rang\u00e9es en trois cat\u00e9gories : 396 propri\u00e9taires terriens, 365 acqu\u00e9reurs et 84 exploitants. \u00ab A l\u2019heure actuelle, hormis les r\u00e9clamations que nous attendons, nous sommes \u00e0 plus de 4 milliards de francs CFA \u00bb, a-t-il fait savoir.<\/p>\n<p>En plus de ces indemnisations financi\u00e8res, le pr\u00e9sident de l\u2019UTS a relev\u00e9 que sur la superficie de l\u2019universit\u00e9, pr\u00e8s de 364 hectares ont \u00e9t\u00e9 d\u00e9gag\u00e9s et parcell\u00e9s, apr\u00e8s avoir bien s\u00fbr re\u00e7u l\u2019autorisation de lotir. \u00ab Nous les avons ensuite distribu\u00e9s aux populations touch\u00e9es. Toutes les trois cat\u00e9gories en ont re\u00e7u \u00bb, a-t-il d\u00e9clar\u00e9, tout en faisant remarquer qu\u2019ils ont tout fait pour maintenir le tissu social intact au cours de cette op\u00e9ration.<\/p>\n<p>Le processus a pris du temps. Le pr\u00e9sident de l\u2019UTS le reconna\u00eet. Il a donc donn\u00e9 les raisons qui expliquent ce temps mis. Pr Adjima Thiombiano a soutenu qu\u2019il a fallu recenser les populations affect\u00e9es, ainsi que leurs biens. Entre temps, ils se sont rendu compte qu\u2019entre les d\u00e9clarations en termes de superficies des champs et la r\u00e9alit\u00e9, il y avait un grand d\u00e9calage. \u00ab Il a donc fallu entrer en n\u00e9gociation avec les concern\u00e9s pour stabiliser les superficies. Cela nous a pris pr\u00e8s de deux ans \u00bb, a-t-il expliqu\u00e9.<\/p>\n<p><b>Obissa Juste MIEN<br \/>\n<\/b><\/p>\n","protected":false},"excerpt":{"rendered":"<p>Africa-Press &#8211; Burkina Faso. Les populations touch\u00e9es par la construction de l\u2019Universit\u00e9 Thomas Sankara ont re\u00e7u, ce mercredi 5 mai 2021, leurs ch\u00e8ques en guise d\u2019indemnisation, au cours d\u2019une c\u00e9r\u00e9monie symbolique. Ils sont 396 propri\u00e9taires terriens, 365 acqu\u00e9reurs et 84 exploitants \u00e0 passer \u00e0 la caisse. Ils ont re\u00e7u des sommes allant de 26 000 [&hellip;]<\/p>\n","protected":false},"author":82,"featured_media":11343,"comment_status":"open","ping_status":"closed","sticky":false,"template":"","format":"standard","meta":{"footnotes":""},"categories":[21,11,10],"tags":[111,725,29],"class_list":["post-11344","post","type-post","status-publish","format-standard","has-post-thumbnail","hentry","category-communaute","category-homepage-french","category-toutes-les-actualites","tag-africa-press","tag-africa-press-burkina-faso","tag-burkina-faso"],"yoast_head":"<!-- This site is optimized with the Yoast SEO Premium plugin v26.1 (Yoast SEO v27.0) - https:\/\/yoast.com\/product\/yoast-seo-premium-wordpress\/ -->\n<title>Site de l\u2019Universit\u00e9 Thomas Sankara : Les populations impact\u00e9es par les travaux de construction ont \u00e9t\u00e9 indemnis\u00e9es - Burkina Faso<\/title>\n<meta name=\"description\" content=\"Les populations touch\u00e9es par la construction de l\u2019Universit\u00e9 Thomas Sankara ont re\u00e7u, ce mercredi 5 mai 2021, leurs c ...\" \/>\n<meta name=\"robots\" content=\"index, follow, max-snippet:-1, max-image-preview:large, max-video-preview:-1\" \/>\n<link rel=\"canonical\" href=\"https:\/\/www.africa-press.net\/burkina-faso\/toutes-les-actualites\/site-de-luniversite-thomas-sankara-les-populations-impactees-par-les-travaux-de-construction-ont-ete-indemnisees\" \/>\n<meta property=\"og:locale\" content=\"fr_FR\" \/>\n<meta property=\"og:type\" content=\"article\" \/>\n<meta property=\"og:title\" content=\"Site de l\u2019Universit\u00e9 Thomas Sankara : Les populations impact\u00e9es par les travaux de construction ont \u00e9t\u00e9 indemnis\u00e9es\" \/>\n<meta property=\"og:description\" content=\"Les populations touch\u00e9es par la construction de l\u2019Universit\u00e9 Thomas Sankara ont re\u00e7u, ce mercredi 5 mai 2021, leurs c ...\" \/>\n<meta property=\"og:url\" content=\"https:\/\/www.africa-press.net\/burkina-faso\/toutes-les-actualites\/site-de-luniversite-thomas-sankara-les-populations-impactees-par-les-travaux-de-construction-ont-ete-indemnisees\" \/>\n<meta property=\"og:site_name\" content=\"Burkina Faso\" \/>\n<meta property=\"article:published_time\" content=\"2021-05-06T18:44:43+00:00\" \/>\n<meta property=\"article:modified_time\" content=\"2021-05-07T14:56:17+00:00\" \/>\n<meta property=\"og:image\" content=\"https:\/\/static.africa-press.net\/burkina\/sites\/42\/2021\/05\/img-609410f0ae87c.jpg\" \/>\n\t<meta property=\"og:image:width\" content=\"720\" \/>\n\t<meta property=\"og:image:height\" content=\"371\" \/>\n\t<meta property=\"og:image:type\" content=\"image\/jpeg\" \/>\n<meta name=\"author\" content=\"cfeditorfr\" \/>\n<meta name=\"twitter:card\" content=\"summary_large_image\" \/>\n<meta name=\"twitter:label1\" content=\"\u00c9crit par\" \/>\n\t<meta name=\"twitter:data1\" content=\"cfeditorfr\" \/>\n\t<meta name=\"twitter:label2\" content=\"Dur\u00e9e de lecture estim\u00e9e\" \/>\n\t<meta name=\"twitter:data2\" content=\"3 minutes\" \/>\n<script type=\"application\/ld+json\" class=\"yoast-schema-graph\">{\"@context\":\"https:\/\/schema.org\",\"@graph\":[{\"@type\":\"Article\",\"@id\":\"https:\/\/www.africa-press.net\/burkina-faso\/toutes-les-actualites\/site-de-luniversite-thomas-sankara-les-populations-impactees-par-les-travaux-de-construction-ont-ete-indemnisees#article\",\"isPartOf\":{\"@id\":\"https:\/\/www.africa-press.net\/burkina-faso\/toutes-les-actualites\/site-de-luniversite-thomas-sankara-les-populations-impactees-par-les-travaux-de-construction-ont-ete-indemnisees\"},\"author\":{\"name\":\"cfeditorfr\",\"@id\":\"https:\/\/www.africa-press.net\/burkina-faso\/#\/schema\/person\/2b1cf3cd81a31e3cd26889ca66d677f1\"},\"headline\":\"Site de l\u2019Universit\u00e9 Thomas Sankara : Les populations impact\u00e9es par les travaux de construction ont \u00e9t\u00e9 indemnis\u00e9es\",\"datePublished\":\"2021-05-06T18:44:43+00:00\",\"dateModified\":\"2021-05-07T14:56:17+00:00\",\"mainEntityOfPage\":{\"@id\":\"https:\/\/www.africa-press.net\/burkina-faso\/toutes-les-actualites\/site-de-luniversite-thomas-sankara-les-populations-impactees-par-les-travaux-de-construction-ont-ete-indemnisees\"},\"wordCount\":540,\"commentCount\":0,\"image\":{\"@id\":\"https:\/\/www.africa-press.net\/burkina-faso\/toutes-les-actualites\/site-de-luniversite-thomas-sankara-les-populations-impactees-par-les-travaux-de-construction-ont-ete-indemnisees#primaryimage\"},\"thumbnailUrl\":\"https:\/\/static.africa-press.net\/burkina\/sites\/42\/2021\/05\/img-609410f0ae87c.jpg\",\"keywords\":[\"Africa Press\",\"Africa Press-Burkina Faso\",\"Burkina Faso\"],\"articleSection\":[\"Communaut\u00e9\",\"homepage-french\",\"Toutes les actualit\u00e9s\"],\"inLanguage\":\"fr-FR\",\"potentialAction\":[{\"@type\":\"CommentAction\",\"name\":\"Comment\",\"target\":[\"https:\/\/www.africa-press.net\/burkina-faso\/toutes-les-actualites\/site-de-luniversite-thomas-sankara-les-populations-impactees-par-les-travaux-de-construction-ont-ete-indemnisees#respond\"]}]},{\"@type\":\"WebPage\",\"@id\":\"https:\/\/www.africa-press.net\/burkina-faso\/toutes-les-actualites\/site-de-luniversite-thomas-sankara-les-populations-impactees-par-les-travaux-de-construction-ont-ete-indemnisees\",\"url\":\"https:\/\/www.africa-press.net\/burkina-faso\/toutes-les-actualites\/site-de-luniversite-thomas-sankara-les-populations-impactees-par-les-travaux-de-construction-ont-ete-indemnisees\",\"name\":\"Site de l\u2019Universit\u00e9 Thomas Sankara : Les populations impact\u00e9es par les travaux de construction ont \u00e9t\u00e9 indemnis\u00e9es - Burkina Faso\",\"isPartOf\":{\"@id\":\"https:\/\/www.africa-press.net\/burkina-faso\/#website\"},\"primaryImageOfPage\":{\"@id\":\"https:\/\/www.africa-press.net\/burkina-faso\/toutes-les-actualites\/site-de-luniversite-thomas-sankara-les-populations-impactees-par-les-travaux-de-construction-ont-ete-indemnisees#primaryimage\"},\"image\":{\"@id\":\"https:\/\/www.africa-press.net\/burkina-faso\/toutes-les-actualites\/site-de-luniversite-thomas-sankara-les-populations-impactees-par-les-travaux-de-construction-ont-ete-indemnisees#primaryimage\"},\"thumbnailUrl\":\"https:\/\/static.africa-press.net\/burkina\/sites\/42\/2021\/05\/img-609410f0ae87c.jpg\",\"datePublished\":\"2021-05-06T18:44:43+00:00\",\"dateModified\":\"2021-05-07T14:56:17+00:00\",\"author\":{\"@id\":\"https:\/\/www.africa-press.net\/burkina-faso\/#\/schema\/person\/2b1cf3cd81a31e3cd26889ca66d677f1\"},\"description\":\"Les populations touch\u00e9es par la construction de l\u2019Universit\u00e9 Thomas Sankara ont re\u00e7u, ce mercredi 5 mai 2021, leurs c ...\",\"breadcrumb\":{\"@id\":\"https:\/\/www.africa-press.net\/burkina-faso\/toutes-les-actualites\/site-de-luniversite-thomas-sankara-les-populations-impactees-par-les-travaux-de-construction-ont-ete-indemnisees#breadcrumb\"},\"inLanguage\":\"fr-FR\",\"potentialAction\":[{\"@type\":\"ReadAction\",\"target\":[\"https:\/\/www.africa-press.net\/burkina-faso\/toutes-les-actualites\/site-de-luniversite-thomas-sankara-les-populations-impactees-par-les-travaux-de-construction-ont-ete-indemnisees\"]}]},{\"@type\":\"ImageObject\",\"inLanguage\":\"fr-FR\",\"@id\":\"https:\/\/www.africa-press.net\/burkina-faso\/toutes-les-actualites\/site-de-luniversite-thomas-sankara-les-populations-impactees-par-les-travaux-de-construction-ont-ete-indemnisees#primaryimage\",\"url\":\"https:\/\/static.africa-press.net\/burkina\/sites\/42\/2021\/05\/img-609410f0ae87c.jpg\",\"contentUrl\":\"https:\/\/static.africa-press.net\/burkina\/sites\/42\/2021\/05\/img-609410f0ae87c.jpg\",\"width\":720,\"height\":371,\"caption\":\"Site de l\u2019Universit\u00e9 Thomas Sankara : Les populations impact\u00e9es par les travaux de construction ont \u00e9t\u00e9 indemnis\u00e9es\"},{\"@type\":\"BreadcrumbList\",\"@id\":\"https:\/\/www.africa-press.net\/burkina-faso\/toutes-les-actualites\/site-de-luniversite-thomas-sankara-les-populations-impactees-par-les-travaux-de-construction-ont-ete-indemnisees#breadcrumb\",\"itemListElement\":[{\"@type\":\"ListItem\",\"position\":1,\"name\":\"Accueil\",\"item\":\"https:\/\/www.africa-press.net\/burkina-faso\/\"},{\"@type\":\"ListItem\",\"position\":2,\"name\":\"Site de l\u2019Universit\u00e9 Thomas Sankara : Les populations impact\u00e9es par les travaux de construction ont \u00e9t\u00e9 indemnis\u00e9es\"}]},{\"@type\":\"WebSite\",\"@id\":\"https:\/\/www.africa-press.net\/burkina-faso\/#website\",\"url\":\"https:\/\/www.africa-press.net\/burkina-faso\/\",\"name\":\"Burkina Faso\",\"description\":\"Just another Africa News Agency Sites site\",\"potentialAction\":[{\"@type\":\"SearchAction\",\"target\":{\"@type\":\"EntryPoint\",\"urlTemplate\":\"https:\/\/www.africa-press.net\/burkina-faso\/?s={search_term_string}\"},\"query-input\":{\"@type\":\"PropertyValueSpecification\",\"valueRequired\":true,\"valueName\":\"search_term_string\"}}],\"inLanguage\":\"fr-FR\"},{\"@type\":\"Person\",\"@id\":\"https:\/\/www.africa-press.net\/burkina-faso\/#\/schema\/person\/2b1cf3cd81a31e3cd26889ca66d677f1\",\"name\":\"cfeditorfr\"}]}<\/script>\n<!-- \/ Yoast SEO Premium plugin. -->","yoast_head_json":{"title":"Site de l\u2019Universit\u00e9 Thomas Sankara : Les populations impact\u00e9es par les travaux de construction ont \u00e9t\u00e9 indemnis\u00e9es - Burkina Faso","description":"Les populations touch\u00e9es par la construction de l\u2019Universit\u00e9 Thomas Sankara ont re\u00e7u, ce mercredi 5 mai 2021, leurs c ...","robots":{"index":"index","follow":"follow","max-snippet":"max-snippet:-1","max-image-preview":"max-image-preview:large","max-video-preview":"max-video-preview:-1"},"canonical":"https:\/\/www.africa-press.net\/burkina-faso\/toutes-les-actualites\/site-de-luniversite-thomas-sankara-les-populations-impactees-par-les-travaux-de-construction-ont-ete-indemnisees","og_locale":"fr_FR","og_type":"article","og_title":"Site de l\u2019Universit\u00e9 Thomas Sankara : Les populations impact\u00e9es par les travaux de construction ont \u00e9t\u00e9 indemnis\u00e9es","og_description":"Les populations touch\u00e9es par la construction de l\u2019Universit\u00e9 Thomas Sankara ont re\u00e7u, ce mercredi 5 mai 2021, leurs c ...","og_url":"https:\/\/www.africa-press.net\/burkina-faso\/toutes-les-actualites\/site-de-luniversite-thomas-sankara-les-populations-impactees-par-les-travaux-de-construction-ont-ete-indemnisees","og_site_name":"Burkina Faso","article_published_time":"2021-05-06T18:44:43+00:00","article_modified_time":"2021-05-07T14:56:17+00:00","og_image":[{"width":720,"height":371,"url":"https:\/\/static.africa-press.net\/burkina\/sites\/42\/2021\/05\/img-609410f0ae87c.jpg","type":"image\/jpeg"}],"author":"cfeditorfr","twitter_card":"summary_large_image","twitter_misc":{"\u00c9crit par":"cfeditorfr","Dur\u00e9e de lecture estim\u00e9e":"3 minutes"},"schema":{"@context":"https:\/\/schema.org","@graph":[{"@type":"Article","@id":"https:\/\/www.africa-press.net\/burkina-faso\/toutes-les-actualites\/site-de-luniversite-thomas-sankara-les-populations-impactees-par-les-travaux-de-construction-ont-ete-indemnisees#article","isPartOf":{"@id":"https:\/\/www.africa-press.net\/burkina-faso\/toutes-les-actualites\/site-de-luniversite-thomas-sankara-les-populations-impactees-par-les-travaux-de-construction-ont-ete-indemnisees"},"author":{"name":"cfeditorfr","@id":"https:\/\/www.africa-press.net\/burkina-faso\/#\/schema\/person\/2b1cf3cd81a31e3cd26889ca66d677f1"},"headline":"Site de l\u2019Universit\u00e9 Thomas Sankara : Les populations impact\u00e9es par les travaux de construction ont \u00e9t\u00e9 indemnis\u00e9es","datePublished":"2021-05-06T18:44:43+00:00","dateModified":"2021-05-07T14:56:17+00:00","mainEntityOfPage":{"@id":"https:\/\/www.africa-press.net\/burkina-faso\/toutes-les-actualites\/site-de-luniversite-thomas-sankara-les-populations-impactees-par-les-travaux-de-construction-ont-ete-indemnisees"},"wordCount":540,"commentCount":0,"image":{"@id":"https:\/\/www.africa-press.net\/burkina-faso\/toutes-les-actualites\/site-de-luniversite-thomas-sankara-les-populations-impactees-par-les-travaux-de-construction-ont-ete-indemnisees#primaryimage"},"thumbnailUrl":"https:\/\/static.africa-press.net\/burkina\/sites\/42\/2021\/05\/img-609410f0ae87c.jpg","keywords":["Africa Press","Africa Press-Burkina Faso","Burkina Faso"],"articleSection":["Communaut\u00e9","homepage-french","Toutes les actualit\u00e9s"],"inLanguage":"fr-FR","potentialAction":[{"@type":"CommentAction","name":"Comment","target":["https:\/\/www.africa-press.net\/burkina-faso\/toutes-les-actualites\/site-de-luniversite-thomas-sankara-les-populations-impactees-par-les-travaux-de-construction-ont-ete-indemnisees#respond"]}]},{"@type":"WebPage","@id":"https:\/\/www.africa-press.net\/burkina-faso\/toutes-les-actualites\/site-de-luniversite-thomas-sankara-les-populations-impactees-par-les-travaux-de-construction-ont-ete-indemnisees","url":"https:\/\/www.africa-press.net\/burkina-faso\/toutes-les-actualites\/site-de-luniversite-thomas-sankara-les-populations-impactees-par-les-travaux-de-construction-ont-ete-indemnisees","name":"Site de l\u2019Universit\u00e9 Thomas Sankara : Les populations impact\u00e9es par les travaux de construction ont \u00e9t\u00e9 indemnis\u00e9es - Burkina Faso","isPartOf":{"@id":"https:\/\/www.africa-press.net\/burkina-faso\/#website"},"primaryImageOfPage":{"@id":"https:\/\/www.africa-press.net\/burkina-faso\/toutes-les-actualites\/site-de-luniversite-thomas-sankara-les-populations-impactees-par-les-travaux-de-construction-ont-ete-indemnisees#primaryimage"},"image":{"@id":"https:\/\/www.africa-press.net\/burkina-faso\/toutes-les-actualites\/site-de-luniversite-thomas-sankara-les-populations-impactees-par-les-travaux-de-construction-ont-ete-indemnisees#primaryimage"},"thumbnailUrl":"https:\/\/static.africa-press.net\/burkina\/sites\/42\/2021\/05\/img-609410f0ae87c.jpg","datePublished":"2021-05-06T18:44:43+00:00","dateModified":"2021-05-07T14:56:17+00:00","author":{"@id":"https:\/\/www.africa-press.net\/burkina-faso\/#\/schema\/person\/2b1cf3cd81a31e3cd26889ca66d677f1"},"description":"Les populations touch\u00e9es par la construction de l\u2019Universit\u00e9 Thomas Sankara ont re\u00e7u, ce mercredi 5 mai 2021, leurs c ...","breadcrumb":{"@id":"https:\/\/www.africa-press.net\/burkina-faso\/toutes-les-actualites\/site-de-luniversite-thomas-sankara-les-populations-impactees-par-les-travaux-de-construction-ont-ete-indemnisees#breadcrumb"},"inLanguage":"fr-FR","potentialAction":[{"@type":"ReadAction","target":["https:\/\/www.africa-press.net\/burkina-faso\/toutes-les-actualites\/site-de-luniversite-thomas-sankara-les-populations-impactees-par-les-travaux-de-construction-ont-ete-indemnisees"]}]},{"@type":"ImageObject","inLanguage":"fr-FR","@id":"https:\/\/www.africa-press.net\/burkina-faso\/toutes-les-actualites\/site-de-luniversite-thomas-sankara-les-populations-impactees-par-les-travaux-de-construction-ont-ete-indemnisees#primaryimage","url":"https:\/\/static.africa-press.net\/burkina\/sites\/42\/2021\/05\/img-609410f0ae87c.jpg","contentUrl":"https:\/\/static.africa-press.net\/burkina\/sites\/42\/2021\/05\/img-609410f0ae87c.jpg","width":720,"height":371,"caption":"Site de l\u2019Universit\u00e9 Thomas Sankara : Les populations impact\u00e9es par les travaux de construction ont \u00e9t\u00e9 indemnis\u00e9es"},{"@type":"BreadcrumbList","@id":"https:\/\/www.africa-press.net\/burkina-faso\/toutes-les-actualites\/site-de-luniversite-thomas-sankara-les-populations-impactees-par-les-travaux-de-construction-ont-ete-indemnisees#breadcrumb","itemListElement":[{"@type":"ListItem","position":1,"name":"Accueil","item":"https:\/\/www.africa-press.net\/burkina-faso\/"},{"@type":"ListItem","position":2,"name":"Site de l\u2019Universit\u00e9 Thomas Sankara : Les populations impact\u00e9es par les travaux de construction ont \u00e9t\u00e9 indemnis\u00e9es"}]},{"@type":"WebSite","@id":"https:\/\/www.africa-press.net\/burkina-faso\/#website","url":"https:\/\/www.africa-press.net\/burkina-faso\/","name":"Burkina Faso","description":"Just another Africa News Agency Sites site","potentialAction":[{"@type":"SearchAction","target":{"@type":"EntryPoint","urlTemplate":"https:\/\/www.africa-press.net\/burkina-faso\/?s={search_term_string}"},"query-input":{"@type":"PropertyValueSpecification","valueRequired":true,"valueName":"search_term_string"}}],"inLanguage":"fr-FR"},{"@type":"Person","@id":"https:\/\/www.africa-press.net\/burkina-faso\/#\/schema\/person\/2b1cf3cd81a31e3cd26889ca66d677f1","name":"cfeditorfr"}]}},"_links":{"self":[{"href":"https:\/\/www.africa-press.net\/burkina-faso\/wp-json\/wp\/v2\/posts\/11344","targetHints":{"allow":["GET"]}}],"collection":[{"href":"https:\/\/www.africa-press.net\/burkina-faso\/wp-json\/wp\/v2\/posts"}],"about":[{"href":"https:\/\/www.africa-press.net\/burkina-faso\/wp-json\/wp\/v2\/types\/post"}],"author":[{"embeddable":true,"href":"https:\/\/www.africa-press.net\/burkina-faso\/wp-json\/wp\/v2\/users\/82"}],"replies":[{"embeddable":true,"href":"https:\/\/www.africa-press.net\/burkina-faso\/wp-json\/wp\/v2\/comments?post=11344"}],"version-history":[{"count":0,"href":"https:\/\/www.africa-press.net\/burkina-faso\/wp-json\/wp\/v2\/posts\/11344\/revisions"}],"wp:featuredmedia":[{"embeddable":true,"href":"https:\/\/www.africa-press.net\/burkina-faso\/wp-json\/wp\/v2\/media\/11343"}],"wp:attachment":[{"href":"https:\/\/www.africa-press.net\/burkina-faso\/wp-json\/wp\/v2\/media?parent=11344"}],"wp:term":[{"taxonomy":"category","embeddable":true,"href":"https:\/\/www.africa-press.net\/burkina-faso\/wp-json\/wp\/v2\/categories?post=11344"},{"taxonomy":"post_tag","embeddable":true,"href":"https:\/\/www.africa-press.net\/burkina-faso\/wp-json\/wp\/v2\/tags?post=11344"}],"curies":[{"name":"wp","href":"https:\/\/api.w.org\/{rel}","templated":true}]}}