{"id":11347,"date":"2021-05-06T18:52:27","date_gmt":"2021-05-06T18:52:27","guid":{"rendered":"https:\/\/www.africa-press.net\/burkina-faso\/?p=11347"},"modified":"2021-05-07T14:56:24","modified_gmt":"2021-05-07T14:56:24","slug":"attaque-contre-le-village-de-kodyel-lunion-europeenne-condamne-fermement-ces-actes-barbares","status":"publish","type":"post","link":"https:\/\/www.africa-press.net\/burkina-faso\/politique\/attaque-contre-le-village-de-kodyel-lunion-europeenne-condamne-fermement-ces-actes-barbares","title":{"rendered":"Attaque contre le village de Kodyel : L\u2019Union europ\u00e9enne condamne fermement ces actes barbares"},"content":{"rendered":"<p><span style=\"color: #ff6600\"><strong><a href=\"https:\/\/www.africa-press.net\/\">Africa-Press<\/a> &#8211; <a href=\"https:\/\/www.africa-press.net\/burkina-faso\">Burkina Faso<\/a>. <\/strong><\/span><b>Ceci est une d\u00e9claration locale de l\u2019Union europ\u00e9enne au sujet de l\u2019attaque dans le village de Kodyel, commune de Foutouri, le lundi 3 mai.<\/b><\/p>\n<p>Ouagadougou, le 5 mai 2021 La D\u00e9l\u00e9gation de l\u2019Union europ\u00e9enne et les Chefs de Mission diplomatique des Etats membres de l\u2019UE au Burkina Faso publient la d\u00e9claration suivante :<\/p>\n<p>Au petit matin du lundi 3 mai, un groupe nourri d\u2019hommes arm\u00e9s a fait irruption dans le village de Kodyel, commune de Foutouri, r\u00e9gion de l\u2019Est, en tuant plusieurs dizaines de civils.<\/p>\n<p>La D\u00e9l\u00e9gation de l\u2019Union europ\u00e9enne et les Chefs de Mission des Etats membres de l\u2019Union europ\u00e9enne r\u00e9sidents au Burkina Faso expriment leurs plus sinc\u00e8res condol\u00e9ances et leur solidarit\u00e9 aux familles des victimes et \u00e0 l\u2019ensemble de la population burkinab\u00e8.<\/p>\n<p>Ils condamnent fermement ces actes barbares, qui redeviennent r\u00e9currents dans le pays et n\u2019\u00e9pargnent ni les populations civiles ni les Forces de d\u00e9fense et de s\u00e9curit\u00e9.<\/p>\n<p>L\u2019Union europ\u00e9enne et les Etats membres r\u00e9it\u00e8rent leur plein engagement aupr\u00e8s des autorit\u00e9s et du peuple burkinab\u00e8 pour accompagner une r\u00e9ponse int\u00e9gr\u00e9e face aux d\u00e9fis actuels du pays, notamment en termes de s\u00e9curit\u00e9, stabilit\u00e9, coh\u00e9sion sociale et d\u00e9veloppement \u00e9conomique et social.<\/p>\n","protected":false},"excerpt":{"rendered":"<p>Africa-Press &#8211; Burkina Faso. Ceci est une d\u00e9claration locale de l\u2019Union europ\u00e9enne au sujet de l\u2019attaque dans le village de Kodyel, commune de Foutouri, le lundi 3 mai. Ouagadougou, le 5 mai 2021 La D\u00e9l\u00e9gation de l\u2019Union europ\u00e9enne et les Chefs de Mission diplomatique des Etats membres de l\u2019UE au Burkina Faso publient la d\u00e9claration [&hellip;]<\/p>\n","protected":false},"author":82,"featured_media":11346,"comment_status":"open","ping_status":"closed","sticky":false,"template":"","format":"standard","meta":{"footnotes":""},"categories":[11,2,20,10],"tags":[111,725,29],"class_list":["post-11347","post","type-post","status-publish","format-standard","has-post-thumbnail","hentry","category-homepage-french","category-politique","category-top-nouvelles","category-toutes-les-actualites","tag-africa-press","tag-africa-press-burkina-faso","tag-burkina-faso"],"yoast_head":"<!-- This site is optimized with the Yoast SEO Premium plugin v26.1 (Yoast SEO v27.0) - https:\/\/yoast.com\/product\/yoast-seo-premium-wordpress\/ -->\n<title>Attaque contre le village de Kodyel : L\u2019Union europ\u00e9enne condamne fermement ces actes barbares - Burkina Faso<\/title>\n<meta name=\"description\" content=\"Ceci est une d\u00e9claration locale de l\u2019Union europ\u00e9enne au sujet de l\u2019attaque dans le village de Kodyel, commune de Fou ...\" \/>\n<meta name=\"robots\" content=\"index, follow, max-snippet:-1, max-image-preview:large, max-video-preview:-1\" \/>\n<link rel=\"canonical\" href=\"https:\/\/www.africa-press.net\/burkina-faso\/politique\/attaque-contre-le-village-de-kodyel-lunion-europeenne-condamne-fermement-ces-actes-barbares\" \/>\n<meta property=\"og:locale\" content=\"fr_FR\" \/>\n<meta property=\"og:type\" content=\"article\" \/>\n<meta property=\"og:title\" content=\"Attaque contre le village de Kodyel : L\u2019Union europ\u00e9enne condamne fermement ces actes barbares\" \/>\n<meta property=\"og:description\" content=\"Ceci est une d\u00e9claration locale de l\u2019Union europ\u00e9enne au sujet de l\u2019attaque dans le village de Kodyel, commune de Fou ...\" \/>\n<meta property=\"og:url\" content=\"https:\/\/www.africa-press.net\/burkina-faso\/politique\/attaque-contre-le-village-de-kodyel-lunion-europeenne-condamne-fermement-ces-actes-barbares\" \/>\n<meta property=\"og:site_name\" content=\"Burkina Faso\" \/>\n<meta property=\"article:published_time\" content=\"2021-05-06T18:52:27+00:00\" \/>\n<meta property=\"article:modified_time\" content=\"2021-05-07T14:56:24+00:00\" \/>\n<meta property=\"og:image\" content=\"https:\/\/static.africa-press.net\/burkina\/sites\/42\/2021\/05\/img-6094115ea6e97.jpg\" \/>\n\t<meta property=\"og:image:width\" content=\"720\" \/>\n\t<meta property=\"og:image:height\" content=\"404\" \/>\n\t<meta property=\"og:image:type\" content=\"image\/jpeg\" \/>\n<meta name=\"author\" content=\"cfeditorfr\" \/>\n<meta name=\"twitter:card\" content=\"summary_large_image\" \/>\n<meta name=\"twitter:label1\" content=\"\u00c9crit par\" \/>\n\t<meta name=\"twitter:data1\" content=\"cfeditorfr\" \/>\n\t<meta name=\"twitter:label2\" content=\"Dur\u00e9e de lecture estim\u00e9e\" \/>\n\t<meta name=\"twitter:data2\" content=\"1 minute\" \/>\n<script type=\"application\/ld+json\" class=\"yoast-schema-graph\">{\"@context\":\"https:\/\/schema.org\",\"@graph\":[{\"@type\":\"Article\",\"@id\":\"https:\/\/www.africa-press.net\/burkina-faso\/politique\/attaque-contre-le-village-de-kodyel-lunion-europeenne-condamne-fermement-ces-actes-barbares#article\",\"isPartOf\":{\"@id\":\"https:\/\/www.africa-press.net\/burkina-faso\/politique\/attaque-contre-le-village-de-kodyel-lunion-europeenne-condamne-fermement-ces-actes-barbares\"},\"author\":{\"name\":\"cfeditorfr\",\"@id\":\"https:\/\/www.africa-press.net\/burkina-faso\/#\/schema\/person\/2b1cf3cd81a31e3cd26889ca66d677f1\"},\"headline\":\"Attaque contre le village de Kodyel : L\u2019Union europ\u00e9enne condamne fermement ces actes barbares\",\"datePublished\":\"2021-05-06T18:52:27+00:00\",\"dateModified\":\"2021-05-07T14:56:24+00:00\",\"mainEntityOfPage\":{\"@id\":\"https:\/\/www.africa-press.net\/burkina-faso\/politique\/attaque-contre-le-village-de-kodyel-lunion-europeenne-condamne-fermement-ces-actes-barbares\"},\"wordCount\":245,\"commentCount\":0,\"image\":{\"@id\":\"https:\/\/www.africa-press.net\/burkina-faso\/politique\/attaque-contre-le-village-de-kodyel-lunion-europeenne-condamne-fermement-ces-actes-barbares#primaryimage\"},\"thumbnailUrl\":\"https:\/\/static.africa-press.net\/burkina\/sites\/42\/2021\/05\/img-6094115ea6e97.jpg\",\"keywords\":[\"Africa Press\",\"Africa Press-Burkina Faso\",\"Burkina Faso\"],\"articleSection\":[\"homepage-french\",\"Politique\",\"Top Nouvelles\",\"Toutes les actualit\u00e9s\"],\"inLanguage\":\"fr-FR\",\"potentialAction\":[{\"@type\":\"CommentAction\",\"name\":\"Comment\",\"target\":[\"https:\/\/www.africa-press.net\/burkina-faso\/politique\/attaque-contre-le-village-de-kodyel-lunion-europeenne-condamne-fermement-ces-actes-barbares#respond\"]}]},{\"@type\":\"WebPage\",\"@id\":\"https:\/\/www.africa-press.net\/burkina-faso\/politique\/attaque-contre-le-village-de-kodyel-lunion-europeenne-condamne-fermement-ces-actes-barbares\",\"url\":\"https:\/\/www.africa-press.net\/burkina-faso\/politique\/attaque-contre-le-village-de-kodyel-lunion-europeenne-condamne-fermement-ces-actes-barbares\",\"name\":\"Attaque contre le village de Kodyel : L\u2019Union europ\u00e9enne condamne fermement ces actes barbares - Burkina Faso\",\"isPartOf\":{\"@id\":\"https:\/\/www.africa-press.net\/burkina-faso\/#website\"},\"primaryImageOfPage\":{\"@id\":\"https:\/\/www.africa-press.net\/burkina-faso\/politique\/attaque-contre-le-village-de-kodyel-lunion-europeenne-condamne-fermement-ces-actes-barbares#primaryimage\"},\"image\":{\"@id\":\"https:\/\/www.africa-press.net\/burkina-faso\/politique\/attaque-contre-le-village-de-kodyel-lunion-europeenne-condamne-fermement-ces-actes-barbares#primaryimage\"},\"thumbnailUrl\":\"https:\/\/static.africa-press.net\/burkina\/sites\/42\/2021\/05\/img-6094115ea6e97.jpg\",\"datePublished\":\"2021-05-06T18:52:27+00:00\",\"dateModified\":\"2021-05-07T14:56:24+00:00\",\"author\":{\"@id\":\"https:\/\/www.africa-press.net\/burkina-faso\/#\/schema\/person\/2b1cf3cd81a31e3cd26889ca66d677f1\"},\"description\":\"Ceci est une d\u00e9claration locale de l\u2019Union europ\u00e9enne au sujet de l\u2019attaque dans le village de Kodyel, commune de Fou ...\",\"breadcrumb\":{\"@id\":\"https:\/\/www.africa-press.net\/burkina-faso\/politique\/attaque-contre-le-village-de-kodyel-lunion-europeenne-condamne-fermement-ces-actes-barbares#breadcrumb\"},\"inLanguage\":\"fr-FR\",\"potentialAction\":[{\"@type\":\"ReadAction\",\"target\":[\"https:\/\/www.africa-press.net\/burkina-faso\/politique\/attaque-contre-le-village-de-kodyel-lunion-europeenne-condamne-fermement-ces-actes-barbares\"]}]},{\"@type\":\"ImageObject\",\"inLanguage\":\"fr-FR\",\"@id\":\"https:\/\/www.africa-press.net\/burkina-faso\/politique\/attaque-contre-le-village-de-kodyel-lunion-europeenne-condamne-fermement-ces-actes-barbares#primaryimage\",\"url\":\"https:\/\/static.africa-press.net\/burkina\/sites\/42\/2021\/05\/img-6094115ea6e97.jpg\",\"contentUrl\":\"https:\/\/static.africa-press.net\/burkina\/sites\/42\/2021\/05\/img-6094115ea6e97.jpg\",\"width\":720,\"height\":404,\"caption\":\"Attaque contre le village de Kodyel : L\u2019Union europ\u00e9enne condamne fermement ces actes barbares\"},{\"@type\":\"BreadcrumbList\",\"@id\":\"https:\/\/www.africa-press.net\/burkina-faso\/politique\/attaque-contre-le-village-de-kodyel-lunion-europeenne-condamne-fermement-ces-actes-barbares#breadcrumb\",\"itemListElement\":[{\"@type\":\"ListItem\",\"position\":1,\"name\":\"Accueil\",\"item\":\"https:\/\/www.africa-press.net\/burkina-faso\/\"},{\"@type\":\"ListItem\",\"position\":2,\"name\":\"Attaque contre le village de Kodyel : L\u2019Union europ\u00e9enne condamne fermement ces actes barbares\"}]},{\"@type\":\"WebSite\",\"@id\":\"https:\/\/www.africa-press.net\/burkina-faso\/#website\",\"url\":\"https:\/\/www.africa-press.net\/burkina-faso\/\",\"name\":\"Burkina Faso\",\"description\":\"Just another Africa News Agency Sites site\",\"potentialAction\":[{\"@type\":\"SearchAction\",\"target\":{\"@type\":\"EntryPoint\",\"urlTemplate\":\"https:\/\/www.africa-press.net\/burkina-faso\/?s={search_term_string}\"},\"query-input\":{\"@type\":\"PropertyValueSpecification\",\"valueRequired\":true,\"valueName\":\"search_term_string\"}}],\"inLanguage\":\"fr-FR\"},{\"@type\":\"Person\",\"@id\":\"https:\/\/www.africa-press.net\/burkina-faso\/#\/schema\/person\/2b1cf3cd81a31e3cd26889ca66d677f1\",\"name\":\"cfeditorfr\"}]}<\/script>\n<!-- \/ Yoast SEO Premium plugin. -->","yoast_head_json":{"title":"Attaque contre le village de Kodyel : L\u2019Union europ\u00e9enne condamne fermement ces actes barbares - Burkina Faso","description":"Ceci est une d\u00e9claration locale de l\u2019Union europ\u00e9enne au sujet de l\u2019attaque dans le village de Kodyel, commune de Fou ...","robots":{"index":"index","follow":"follow","max-snippet":"max-snippet:-1","max-image-preview":"max-image-preview:large","max-video-preview":"max-video-preview:-1"},"canonical":"https:\/\/www.africa-press.net\/burkina-faso\/politique\/attaque-contre-le-village-de-kodyel-lunion-europeenne-condamne-fermement-ces-actes-barbares","og_locale":"fr_FR","og_type":"article","og_title":"Attaque contre le village de Kodyel : L\u2019Union europ\u00e9enne condamne fermement ces actes barbares","og_description":"Ceci est une d\u00e9claration locale de l\u2019Union europ\u00e9enne au sujet de l\u2019attaque dans le village de Kodyel, commune de Fou ...","og_url":"https:\/\/www.africa-press.net\/burkina-faso\/politique\/attaque-contre-le-village-de-kodyel-lunion-europeenne-condamne-fermement-ces-actes-barbares","og_site_name":"Burkina Faso","article_published_time":"2021-05-06T18:52:27+00:00","article_modified_time":"2021-05-07T14:56:24+00:00","og_image":[{"width":720,"height":404,"url":"https:\/\/static.africa-press.net\/burkina\/sites\/42\/2021\/05\/img-6094115ea6e97.jpg","type":"image\/jpeg"}],"author":"cfeditorfr","twitter_card":"summary_large_image","twitter_misc":{"\u00c9crit par":"cfeditorfr","Dur\u00e9e de lecture estim\u00e9e":"1 minute"},"schema":{"@context":"https:\/\/schema.org","@graph":[{"@type":"Article","@id":"https:\/\/www.africa-press.net\/burkina-faso\/politique\/attaque-contre-le-village-de-kodyel-lunion-europeenne-condamne-fermement-ces-actes-barbares#article","isPartOf":{"@id":"https:\/\/www.africa-press.net\/burkina-faso\/politique\/attaque-contre-le-village-de-kodyel-lunion-europeenne-condamne-fermement-ces-actes-barbares"},"author":{"name":"cfeditorfr","@id":"https:\/\/www.africa-press.net\/burkina-faso\/#\/schema\/person\/2b1cf3cd81a31e3cd26889ca66d677f1"},"headline":"Attaque contre le village de Kodyel : L\u2019Union europ\u00e9enne condamne fermement ces actes barbares","datePublished":"2021-05-06T18:52:27+00:00","dateModified":"2021-05-07T14:56:24+00:00","mainEntityOfPage":{"@id":"https:\/\/www.africa-press.net\/burkina-faso\/politique\/attaque-contre-le-village-de-kodyel-lunion-europeenne-condamne-fermement-ces-actes-barbares"},"wordCount":245,"commentCount":0,"image":{"@id":"https:\/\/www.africa-press.net\/burkina-faso\/politique\/attaque-contre-le-village-de-kodyel-lunion-europeenne-condamne-fermement-ces-actes-barbares#primaryimage"},"thumbnailUrl":"https:\/\/static.africa-press.net\/burkina\/sites\/42\/2021\/05\/img-6094115ea6e97.jpg","keywords":["Africa Press","Africa Press-Burkina Faso","Burkina Faso"],"articleSection":["homepage-french","Politique","Top Nouvelles","Toutes les actualit\u00e9s"],"inLanguage":"fr-FR","potentialAction":[{"@type":"CommentAction","name":"Comment","target":["https:\/\/www.africa-press.net\/burkina-faso\/politique\/attaque-contre-le-village-de-kodyel-lunion-europeenne-condamne-fermement-ces-actes-barbares#respond"]}]},{"@type":"WebPage","@id":"https:\/\/www.africa-press.net\/burkina-faso\/politique\/attaque-contre-le-village-de-kodyel-lunion-europeenne-condamne-fermement-ces-actes-barbares","url":"https:\/\/www.africa-press.net\/burkina-faso\/politique\/attaque-contre-le-village-de-kodyel-lunion-europeenne-condamne-fermement-ces-actes-barbares","name":"Attaque contre le village de Kodyel : L\u2019Union europ\u00e9enne condamne fermement ces actes barbares - Burkina Faso","isPartOf":{"@id":"https:\/\/www.africa-press.net\/burkina-faso\/#website"},"primaryImageOfPage":{"@id":"https:\/\/www.africa-press.net\/burkina-faso\/politique\/attaque-contre-le-village-de-kodyel-lunion-europeenne-condamne-fermement-ces-actes-barbares#primaryimage"},"image":{"@id":"https:\/\/www.africa-press.net\/burkina-faso\/politique\/attaque-contre-le-village-de-kodyel-lunion-europeenne-condamne-fermement-ces-actes-barbares#primaryimage"},"thumbnailUrl":"https:\/\/static.africa-press.net\/burkina\/sites\/42\/2021\/05\/img-6094115ea6e97.jpg","datePublished":"2021-05-06T18:52:27+00:00","dateModified":"2021-05-07T14:56:24+00:00","author":{"@id":"https:\/\/www.africa-press.net\/burkina-faso\/#\/schema\/person\/2b1cf3cd81a31e3cd26889ca66d677f1"},"description":"Ceci est une d\u00e9claration locale de l\u2019Union europ\u00e9enne au sujet de l\u2019attaque dans le village de Kodyel, commune de Fou ...","breadcrumb":{"@id":"https:\/\/www.africa-press.net\/burkina-faso\/politique\/attaque-contre-le-village-de-kodyel-lunion-europeenne-condamne-fermement-ces-actes-barbares#breadcrumb"},"inLanguage":"fr-FR","potentialAction":[{"@type":"ReadAction","target":["https:\/\/www.africa-press.net\/burkina-faso\/politique\/attaque-contre-le-village-de-kodyel-lunion-europeenne-condamne-fermement-ces-actes-barbares"]}]},{"@type":"ImageObject","inLanguage":"fr-FR","@id":"https:\/\/www.africa-press.net\/burkina-faso\/politique\/attaque-contre-le-village-de-kodyel-lunion-europeenne-condamne-fermement-ces-actes-barbares#primaryimage","url":"https:\/\/static.africa-press.net\/burkina\/sites\/42\/2021\/05\/img-6094115ea6e97.jpg","contentUrl":"https:\/\/static.africa-press.net\/burkina\/sites\/42\/2021\/05\/img-6094115ea6e97.jpg","width":720,"height":404,"caption":"Attaque contre le village de Kodyel : L\u2019Union europ\u00e9enne condamne fermement ces actes barbares"},{"@type":"BreadcrumbList","@id":"https:\/\/www.africa-press.net\/burkina-faso\/politique\/attaque-contre-le-village-de-kodyel-lunion-europeenne-condamne-fermement-ces-actes-barbares#breadcrumb","itemListElement":[{"@type":"ListItem","position":1,"name":"Accueil","item":"https:\/\/www.africa-press.net\/burkina-faso\/"},{"@type":"ListItem","position":2,"name":"Attaque contre le village de Kodyel : L\u2019Union europ\u00e9enne condamne fermement ces actes barbares"}]},{"@type":"WebSite","@id":"https:\/\/www.africa-press.net\/burkina-faso\/#website","url":"https:\/\/www.africa-press.net\/burkina-faso\/","name":"Burkina Faso","description":"Just another Africa News Agency Sites site","potentialAction":[{"@type":"SearchAction","target":{"@type":"EntryPoint","urlTemplate":"https:\/\/www.africa-press.net\/burkina-faso\/?s={search_term_string}"},"query-input":{"@type":"PropertyValueSpecification","valueRequired":true,"valueName":"search_term_string"}}],"inLanguage":"fr-FR"},{"@type":"Person","@id":"https:\/\/www.africa-press.net\/burkina-faso\/#\/schema\/person\/2b1cf3cd81a31e3cd26889ca66d677f1","name":"cfeditorfr"}]}},"_links":{"self":[{"href":"https:\/\/www.africa-press.net\/burkina-faso\/wp-json\/wp\/v2\/posts\/11347","targetHints":{"allow":["GET"]}}],"collection":[{"href":"https:\/\/www.africa-press.net\/burkina-faso\/wp-json\/wp\/v2\/posts"}],"about":[{"href":"https:\/\/www.africa-press.net\/burkina-faso\/wp-json\/wp\/v2\/types\/post"}],"author":[{"embeddable":true,"href":"https:\/\/www.africa-press.net\/burkina-faso\/wp-json\/wp\/v2\/users\/82"}],"replies":[{"embeddable":true,"href":"https:\/\/www.africa-press.net\/burkina-faso\/wp-json\/wp\/v2\/comments?post=11347"}],"version-history":[{"count":0,"href":"https:\/\/www.africa-press.net\/burkina-faso\/wp-json\/wp\/v2\/posts\/11347\/revisions"}],"wp:featuredmedia":[{"embeddable":true,"href":"https:\/\/www.africa-press.net\/burkina-faso\/wp-json\/wp\/v2\/media\/11346"}],"wp:attachment":[{"href":"https:\/\/www.africa-press.net\/burkina-faso\/wp-json\/wp\/v2\/media?parent=11347"}],"wp:term":[{"taxonomy":"category","embeddable":true,"href":"https:\/\/www.africa-press.net\/burkina-faso\/wp-json\/wp\/v2\/categories?post=11347"},{"taxonomy":"post_tag","embeddable":true,"href":"https:\/\/www.africa-press.net\/burkina-faso\/wp-json\/wp\/v2\/tags?post=11347"}],"curies":[{"name":"wp","href":"https:\/\/api.w.org\/{rel}","templated":true}]}}