{"id":11356,"date":"2021-05-06T19:22:15","date_gmt":"2021-05-06T19:22:15","guid":{"rendered":"https:\/\/www.africa-press.net\/burkina-faso\/?p=11356"},"modified":"2021-05-07T14:42:52","modified_gmt":"2021-05-07T14:42:52","slug":"delegation-des-taches-une-strategie-nationale-de-passage-a-lechelle-pour-rapprocher-les-services-de-planification-familiale-des-populations","status":"publish","type":"post","link":"https:\/\/www.africa-press.net\/burkina-faso\/toutes-les-actualites\/delegation-des-taches-une-strategie-nationale-de-passage-a-lechelle-pour-rapprocher-les-services-de-planification-familiale-des-populations","title":{"rendered":"D\u00e9l\u00e9gation des t\u00e2ches\u00a0: une strat\u00e9gie nationale de passage \u00e0 l\u2019\u00e9chelle pour rapprocher les services de planification familiale\u00a0des populations"},"content":{"rendered":"<p><span style=\"color: #ff6600\"><strong><a href=\"https:\/\/www.africa-press.net\/\">Africa-Press<\/a> &#8211; <a href=\"https:\/\/www.africa-press.net\/burkina-faso\">Burkina Faso<\/a>. <\/strong><\/span>La planification familiale est reconnue comme une strat\u00e9gie phare pour l\u2019atteinte de la plupart des objectifs de d\u00e9veloppement durable. C\u2019est ainsi que le Burkina Faso a adopt\u00e9 en 2017 le Plan national d\u2019acc\u00e9l\u00e9ration de la planification familiale (PNAPF) 2017-2020. L\u2019une des strat\u00e9gies de ce plan est la d\u00e9l\u00e9gation des t\u00e2ches de l\u2019offre des services de la planification familiale.<\/p>\n<p>La d\u00e9l\u00e9gation des t\u00e2ches consiste d\u2019une part \u00e0 autoriser les agents de premi\u00e8re ligne \u00e0 offrir les m\u00e9thodes contraceptives de longue dur\u00e9e d\u00b4action (implants et dispositifs intra-ut\u00e9rins) dans les centres de sant\u00e9 publics et, d\u00b4autre part, \u00e0 autoriser les Agents de sant\u00e9 des services \u00e0 base communautaire (ASBC) \u00e0 offrir la pilule, les condoms et les contraceptifs injectables (DMPA-SC : Sayana Press). Apr\u00e8s une phase pilote r\u00e9ussie dans les districts sanitaires de Dand\u00e9 (Hauts-Bassins) et Tougan (Boucle du Mouhoun), le plan de passage \u00e0 l\u2019\u00e9chelle de la d\u00e9l\u00e9gation des t\u00e2ches est \u00e9tendu \u00e0 tous les districts sanitaires.<\/p>\n<p>L\u2019Union europ\u00e9enne, \u00e0 travers le Programme Population, accompagne le minist\u00e8re de la Sant\u00e9 dans la mise en \u0153uvre effective de la d\u00e9l\u00e9gation des t\u00e2ches dans les r\u00e9gions du Centre-Est, de l\u2019Est, de la Boucle du Mouhoun et du Centre-Ouest. Le Programme Population travaille avec les agents de sant\u00e9 et avec les acteurs communautaires pour guider la d\u00e9cision des femmes et des couples dans le choix de la taille de la famille ou du moment pour concevoir un enfant, dans une d\u00e9marche de concertation et d\u2019\u00e9coute permanente. C\u2019est ainsi que dans la mise en \u0153uvre du projet \u00ab Promotion de la sant\u00e9 de la reproduction et de l\u2019\u00e9tat civil : Ensemble pour une meilleure sant\u00e9 des familles, jeunes et adolescents au Centre-Est et \u00e0 l\u2019Est du Burkina Faso (PROSARE) \u00bb sur la p\u00e9riode 2019-2022, le consortium Plan International\/Jhpiego\/ABBEF m\u00e8ne des activit\u00e9s de planification familiale.<\/p>\n<p>Dans les r\u00e9gions du Centre-Est et de l\u2019Est, zone d\u2019intervention du projet, des sessions de formation sur site ont \u00e9t\u00e9 organis\u00e9es pour la cr\u00e9ation de la demande et de l\u2019offre de services de planification familiale dans 160 formations sanitaires au profit de 1 003 prestataires de sant\u00e9 (m\u00e9decins, sages-femmes\/ma\u00efeuticiens, infirmiers (\u00e8res), accoucheuses, agents itin\u00e9rants de sant\u00e9). Pour ce qui est du volet acteurs communautaires, ce sont 320 Agents de sant\u00e9 \u00e0 base communautaire (ASBC) issus des 160 villages pilotes qui ont re\u00e7u une formation sur la distribution \u00e0 base communautaire des produits contraceptifs et l\u2019injection de DMPA-SC (Sayana Press). Ces derniers sont issus de la communaut\u00e9, connaissent bien les r\u00e9alit\u00e9s du terrain, les d\u00e9fis et sont une solution aux probl\u00e8mes d\u2019\u00e9loignement des centres de sant\u00e9.<\/p>\n<p>Pauline Kabor\u00e9, ASBC du village de Komb\u00e9ol\u00e9, dans la commune de Andemtenga, r\u00e9gion du Centre-Est, t\u00e9moigne : \u00ab Dans le village, mon travail consiste \u00e0 sensibiliser et \u00e0 aider les villageois \u00e0 faire des choix \u00e9clair\u00e9s sur les m\u00e9thodes contraceptives. Nous avons re\u00e7u notre formation d\u2019agent de sant\u00e9 \u00e0 base communautaire au Centre de sant\u00e9 et de promotion sociale de Andemtenga. Nous sommes deux \u00e0 avoir \u00e9t\u00e9 choisis par la communaut\u00e9 pour assurer cette t\u00e2che. J\u2019organise des causeries \u00e9ducatives de groupe et des visites \u00e0 domicile dans les familles sur la planification familiale \u00bb.<\/p>\n<p>Gr\u00e2ce au travail de Pauline Kabor\u00e9, les femmes du village de Komb\u00e9ol\u00e9 ont facilement acc\u00e8s aux m\u00e9thodes de contraception. Aussi, l\u2019ASBC est disponible et accessible pour r\u00e9pondre \u00e0 leurs pr\u00e9occupations. Ce qui est confirm\u00e9 par Claire Sandwidi, habitante du village et utilisatrice de m\u00e9thode de planification familiale : \u00ab C\u2019est lors d\u2019une causerie \u00e9ducative avec les autres femmes sur la planification familiale, que j\u2019ai \u00e9t\u00e9 orient\u00e9e vers l\u2019ASBC Pauline pour obtenir toutes les informations sur la planification familiale. Depuis que j\u2019ai adopt\u00e9 la m\u00e9thode contraceptive, je suis beaucoup plus disponible pour mes diff\u00e9rentes activit\u00e9s. Les enfants sont en bonne sant\u00e9. Ce qui nous permet d\u2019\u00e9conomiser pour d\u2019autres besoins. La planification familiale nous permet \u00e0 mon mari et moi d\u2019attendre le bon moment pour avoir nos enfants. Je suis en bonne sant\u00e9, mon mari aussi, ainsi que mes enfants ; toute la famille est \u00e9panouie. Gr\u00e2ce \u00e0 la d\u00e9l\u00e9gation des t\u00e2ches, les femmes n\u2019ont plus besoin de parcourir des kilom\u00e8tres pour se rendre au centre de sant\u00e9 et pouvoir b\u00e9n\u00e9ficier des services de planification familiale \u00bb.<\/p>\n<p>Dans le cadre du Programme Population, entre f\u00e9vrier 2020 \u00e0 janvier 2021, 568 ASBC ont \u00e9t\u00e9 form\u00e9s sur la d\u00e9l\u00e9gation des t\u00e2ches. Leurs conseils ont permis \u00e0 5 587 femmes d\u2019adopter leur premi\u00e8re m\u00e9thode de planification familiale. Ils ont aussi sensibilis\u00e9 plus de 96 680 personnes (hommes, femmes et adolescents) \u00e0 la planification familiale. Ce sont \u00e9galement plus de 19 000 visites \u00e0 domicile, entretiens counseling, d\u00e9bats de sensibilisation qui ont \u00e9t\u00e9 conduits par les ASBC.<\/p>\n<p>La planification familiale est un moyen essentiel pour maintenir la sant\u00e9 et le bien-\u00eatre des femmes et de leurs familles. Elle contribue \u00e0 r\u00e9duire de 30% le ratio de mortalit\u00e9 maternelle et de 20% le taux de mortalit\u00e9 infantile. Chaque femme doit donc y avoir librement acc\u00e8s. C\u2019est pourquoi la planification familiale est gratuite sur toute l\u2019\u00e9tendue du territoire burkinab\u00e8 depuis le 1er juillet 2020.<\/p>\n<p>Pour en assurer la promotion, le gouvernement burkinab\u00e8 organise chaque ann\u00e9e, depuis 2012, la Semaine nationale de la planification familiale (SNPF). Pour cette ann\u00e9e 2021, la semaine se tient du 3 au 9 mai sur toute l\u2019\u00e9tendue du territoire national.<\/p>\n","protected":false},"excerpt":{"rendered":"<p>Africa-Press &#8211; Burkina Faso. La planification familiale est reconnue comme une strat\u00e9gie phare pour l\u2019atteinte de la plupart des objectifs de d\u00e9veloppement durable. C\u2019est ainsi que le Burkina Faso a adopt\u00e9 en 2017 le Plan national d\u2019acc\u00e9l\u00e9ration de la planification familiale (PNAPF) 2017-2020. L\u2019une des strat\u00e9gies de ce plan est la d\u00e9l\u00e9gation des t\u00e2ches de [&hellip;]<\/p>\n","protected":false},"author":82,"featured_media":11355,"comment_status":"open","ping_status":"closed","sticky":false,"template":"","format":"standard","meta":{"footnotes":""},"categories":[21,11,10],"tags":[111,725,29],"class_list":["post-11356","post","type-post","status-publish","format-standard","has-post-thumbnail","hentry","category-communaute","category-homepage-french","category-toutes-les-actualites","tag-africa-press","tag-africa-press-burkina-faso","tag-burkina-faso"],"yoast_head":"<!-- This site is optimized with the Yoast SEO Premium plugin v26.1 (Yoast SEO v27.0) - https:\/\/yoast.com\/product\/yoast-seo-premium-wordpress\/ -->\n<title>D\u00e9l\u00e9gation des t\u00e2ches\u00a0: une strat\u00e9gie nationale de passage \u00e0 l\u2019\u00e9chelle pour rapprocher les services de planification familiale\u00a0des populations - Burkina Faso<\/title>\n<meta name=\"description\" content=\"D\u00e9l\u00e9gation des t\u00e2ches\u00a0\" \/>\n<meta name=\"robots\" content=\"index, follow, max-snippet:-1, max-image-preview:large, max-video-preview:-1\" \/>\n<link rel=\"canonical\" href=\"https:\/\/www.africa-press.net\/burkina-faso\/toutes-les-actualites\/delegation-des-taches-une-strategie-nationale-de-passage-a-lechelle-pour-rapprocher-les-services-de-planification-familiale-des-populations\" \/>\n<meta property=\"og:locale\" content=\"fr_FR\" \/>\n<meta property=\"og:type\" content=\"article\" \/>\n<meta property=\"og:title\" content=\"D\u00e9l\u00e9gation des t\u00e2ches\u00a0: une strat\u00e9gie nationale de passage \u00e0 l\u2019\u00e9chelle pour rapprocher les services de planification familiale\u00a0des populations\" \/>\n<meta property=\"og:description\" content=\"D\u00e9l\u00e9gation des t\u00e2ches\u00a0\" \/>\n<meta property=\"og:url\" content=\"https:\/\/www.africa-press.net\/burkina-faso\/toutes-les-actualites\/delegation-des-taches-une-strategie-nationale-de-passage-a-lechelle-pour-rapprocher-les-services-de-planification-familiale-des-populations\" \/>\n<meta property=\"og:site_name\" content=\"Burkina Faso\" \/>\n<meta property=\"article:published_time\" content=\"2021-05-06T19:22:15+00:00\" \/>\n<meta property=\"article:modified_time\" content=\"2021-05-07T14:42:52+00:00\" \/>\n<meta property=\"og:image\" content=\"https:\/\/static.africa-press.net\/burkina\/sites\/42\/2021\/05\/img-609412bae11fa.jpg\" \/>\n\t<meta property=\"og:image:width\" content=\"720\" \/>\n\t<meta property=\"og:image:height\" content=\"404\" \/>\n\t<meta property=\"og:image:type\" content=\"image\/jpeg\" \/>\n<meta name=\"author\" content=\"cfeditorfr\" \/>\n<meta name=\"twitter:card\" content=\"summary_large_image\" \/>\n<meta name=\"twitter:label1\" content=\"\u00c9crit par\" \/>\n\t<meta name=\"twitter:data1\" content=\"cfeditorfr\" \/>\n\t<meta name=\"twitter:label2\" content=\"Dur\u00e9e de lecture estim\u00e9e\" \/>\n\t<meta name=\"twitter:data2\" content=\"5 minutes\" \/>\n<script type=\"application\/ld+json\" class=\"yoast-schema-graph\">{\"@context\":\"https:\/\/schema.org\",\"@graph\":[{\"@type\":\"Article\",\"@id\":\"https:\/\/www.africa-press.net\/burkina-faso\/toutes-les-actualites\/delegation-des-taches-une-strategie-nationale-de-passage-a-lechelle-pour-rapprocher-les-services-de-planification-familiale-des-populations#article\",\"isPartOf\":{\"@id\":\"https:\/\/www.africa-press.net\/burkina-faso\/toutes-les-actualites\/delegation-des-taches-une-strategie-nationale-de-passage-a-lechelle-pour-rapprocher-les-services-de-planification-familiale-des-populations\"},\"author\":{\"name\":\"cfeditorfr\",\"@id\":\"https:\/\/www.africa-press.net\/burkina-faso\/#\/schema\/person\/2b1cf3cd81a31e3cd26889ca66d677f1\"},\"headline\":\"D\u00e9l\u00e9gation des t\u00e2ches\u00a0: une strat\u00e9gie nationale de passage \u00e0 l\u2019\u00e9chelle pour rapprocher les services de planification familiale\u00a0des populations\",\"datePublished\":\"2021-05-06T19:22:15+00:00\",\"dateModified\":\"2021-05-07T14:42:52+00:00\",\"mainEntityOfPage\":{\"@id\":\"https:\/\/www.africa-press.net\/burkina-faso\/toutes-les-actualites\/delegation-des-taches-une-strategie-nationale-de-passage-a-lechelle-pour-rapprocher-les-services-de-planification-familiale-des-populations\"},\"wordCount\":961,\"commentCount\":0,\"image\":{\"@id\":\"https:\/\/www.africa-press.net\/burkina-faso\/toutes-les-actualites\/delegation-des-taches-une-strategie-nationale-de-passage-a-lechelle-pour-rapprocher-les-services-de-planification-familiale-des-populations#primaryimage\"},\"thumbnailUrl\":\"https:\/\/static.africa-press.net\/burkina\/sites\/42\/2021\/05\/img-609412bae11fa.jpg\",\"keywords\":[\"Africa Press\",\"Africa Press-Burkina Faso\",\"Burkina Faso\"],\"articleSection\":[\"Communaut\u00e9\",\"homepage-french\",\"Toutes les actualit\u00e9s\"],\"inLanguage\":\"fr-FR\",\"potentialAction\":[{\"@type\":\"CommentAction\",\"name\":\"Comment\",\"target\":[\"https:\/\/www.africa-press.net\/burkina-faso\/toutes-les-actualites\/delegation-des-taches-une-strategie-nationale-de-passage-a-lechelle-pour-rapprocher-les-services-de-planification-familiale-des-populations#respond\"]}]},{\"@type\":\"WebPage\",\"@id\":\"https:\/\/www.africa-press.net\/burkina-faso\/toutes-les-actualites\/delegation-des-taches-une-strategie-nationale-de-passage-a-lechelle-pour-rapprocher-les-services-de-planification-familiale-des-populations\",\"url\":\"https:\/\/www.africa-press.net\/burkina-faso\/toutes-les-actualites\/delegation-des-taches-une-strategie-nationale-de-passage-a-lechelle-pour-rapprocher-les-services-de-planification-familiale-des-populations\",\"name\":\"D\u00e9l\u00e9gation des t\u00e2ches\u00a0: une strat\u00e9gie nationale de passage \u00e0 l\u2019\u00e9chelle pour rapprocher les services de planification familiale\u00a0des populations - Burkina Faso\",\"isPartOf\":{\"@id\":\"https:\/\/www.africa-press.net\/burkina-faso\/#website\"},\"primaryImageOfPage\":{\"@id\":\"https:\/\/www.africa-press.net\/burkina-faso\/toutes-les-actualites\/delegation-des-taches-une-strategie-nationale-de-passage-a-lechelle-pour-rapprocher-les-services-de-planification-familiale-des-populations#primaryimage\"},\"image\":{\"@id\":\"https:\/\/www.africa-press.net\/burkina-faso\/toutes-les-actualites\/delegation-des-taches-une-strategie-nationale-de-passage-a-lechelle-pour-rapprocher-les-services-de-planification-familiale-des-populations#primaryimage\"},\"thumbnailUrl\":\"https:\/\/static.africa-press.net\/burkina\/sites\/42\/2021\/05\/img-609412bae11fa.jpg\",\"datePublished\":\"2021-05-06T19:22:15+00:00\",\"dateModified\":\"2021-05-07T14:42:52+00:00\",\"author\":{\"@id\":\"https:\/\/www.africa-press.net\/burkina-faso\/#\/schema\/person\/2b1cf3cd81a31e3cd26889ca66d677f1\"},\"description\":\"D\u00e9l\u00e9gation des t\u00e2ches\u00a0\",\"breadcrumb\":{\"@id\":\"https:\/\/www.africa-press.net\/burkina-faso\/toutes-les-actualites\/delegation-des-taches-une-strategie-nationale-de-passage-a-lechelle-pour-rapprocher-les-services-de-planification-familiale-des-populations#breadcrumb\"},\"inLanguage\":\"fr-FR\",\"potentialAction\":[{\"@type\":\"ReadAction\",\"target\":[\"https:\/\/www.africa-press.net\/burkina-faso\/toutes-les-actualites\/delegation-des-taches-une-strategie-nationale-de-passage-a-lechelle-pour-rapprocher-les-services-de-planification-familiale-des-populations\"]}]},{\"@type\":\"ImageObject\",\"inLanguage\":\"fr-FR\",\"@id\":\"https:\/\/www.africa-press.net\/burkina-faso\/toutes-les-actualites\/delegation-des-taches-une-strategie-nationale-de-passage-a-lechelle-pour-rapprocher-les-services-de-planification-familiale-des-populations#primaryimage\",\"url\":\"https:\/\/static.africa-press.net\/burkina\/sites\/42\/2021\/05\/img-609412bae11fa.jpg\",\"contentUrl\":\"https:\/\/static.africa-press.net\/burkina\/sites\/42\/2021\/05\/img-609412bae11fa.jpg\",\"width\":720,\"height\":404,\"caption\":\"D\u00e9l\u00e9gation des t\u00e2ches\u00a0: une strat\u00e9gie nationale de passage \u00e0 l\u2019\u00e9chelle pour rapprocher les services de planification familiale\u00a0des populations\"},{\"@type\":\"BreadcrumbList\",\"@id\":\"https:\/\/www.africa-press.net\/burkina-faso\/toutes-les-actualites\/delegation-des-taches-une-strategie-nationale-de-passage-a-lechelle-pour-rapprocher-les-services-de-planification-familiale-des-populations#breadcrumb\",\"itemListElement\":[{\"@type\":\"ListItem\",\"position\":1,\"name\":\"Accueil\",\"item\":\"https:\/\/www.africa-press.net\/burkina-faso\/\"},{\"@type\":\"ListItem\",\"position\":2,\"name\":\"D\u00e9l\u00e9gation des t\u00e2ches\u00a0: une strat\u00e9gie nationale de passage \u00e0 l\u2019\u00e9chelle pour rapprocher les services de planification familiale\u00a0des populations\"}]},{\"@type\":\"WebSite\",\"@id\":\"https:\/\/www.africa-press.net\/burkina-faso\/#website\",\"url\":\"https:\/\/www.africa-press.net\/burkina-faso\/\",\"name\":\"Burkina Faso\",\"description\":\"Just another Africa News Agency Sites site\",\"potentialAction\":[{\"@type\":\"SearchAction\",\"target\":{\"@type\":\"EntryPoint\",\"urlTemplate\":\"https:\/\/www.africa-press.net\/burkina-faso\/?s={search_term_string}\"},\"query-input\":{\"@type\":\"PropertyValueSpecification\",\"valueRequired\":true,\"valueName\":\"search_term_string\"}}],\"inLanguage\":\"fr-FR\"},{\"@type\":\"Person\",\"@id\":\"https:\/\/www.africa-press.net\/burkina-faso\/#\/schema\/person\/2b1cf3cd81a31e3cd26889ca66d677f1\",\"name\":\"cfeditorfr\"}]}<\/script>\n<!-- \/ Yoast SEO Premium plugin. -->","yoast_head_json":{"title":"D\u00e9l\u00e9gation des t\u00e2ches\u00a0: une strat\u00e9gie nationale de passage \u00e0 l\u2019\u00e9chelle pour rapprocher les services de planification familiale\u00a0des populations - Burkina Faso","description":"D\u00e9l\u00e9gation des t\u00e2ches\u00a0","robots":{"index":"index","follow":"follow","max-snippet":"max-snippet:-1","max-image-preview":"max-image-preview:large","max-video-preview":"max-video-preview:-1"},"canonical":"https:\/\/www.africa-press.net\/burkina-faso\/toutes-les-actualites\/delegation-des-taches-une-strategie-nationale-de-passage-a-lechelle-pour-rapprocher-les-services-de-planification-familiale-des-populations","og_locale":"fr_FR","og_type":"article","og_title":"D\u00e9l\u00e9gation des t\u00e2ches\u00a0: une strat\u00e9gie nationale de passage \u00e0 l\u2019\u00e9chelle pour rapprocher les services de planification familiale\u00a0des populations","og_description":"D\u00e9l\u00e9gation des t\u00e2ches\u00a0","og_url":"https:\/\/www.africa-press.net\/burkina-faso\/toutes-les-actualites\/delegation-des-taches-une-strategie-nationale-de-passage-a-lechelle-pour-rapprocher-les-services-de-planification-familiale-des-populations","og_site_name":"Burkina Faso","article_published_time":"2021-05-06T19:22:15+00:00","article_modified_time":"2021-05-07T14:42:52+00:00","og_image":[{"width":720,"height":404,"url":"https:\/\/static.africa-press.net\/burkina\/sites\/42\/2021\/05\/img-609412bae11fa.jpg","type":"image\/jpeg"}],"author":"cfeditorfr","twitter_card":"summary_large_image","twitter_misc":{"\u00c9crit par":"cfeditorfr","Dur\u00e9e de lecture estim\u00e9e":"5 minutes"},"schema":{"@context":"https:\/\/schema.org","@graph":[{"@type":"Article","@id":"https:\/\/www.africa-press.net\/burkina-faso\/toutes-les-actualites\/delegation-des-taches-une-strategie-nationale-de-passage-a-lechelle-pour-rapprocher-les-services-de-planification-familiale-des-populations#article","isPartOf":{"@id":"https:\/\/www.africa-press.net\/burkina-faso\/toutes-les-actualites\/delegation-des-taches-une-strategie-nationale-de-passage-a-lechelle-pour-rapprocher-les-services-de-planification-familiale-des-populations"},"author":{"name":"cfeditorfr","@id":"https:\/\/www.africa-press.net\/burkina-faso\/#\/schema\/person\/2b1cf3cd81a31e3cd26889ca66d677f1"},"headline":"D\u00e9l\u00e9gation des t\u00e2ches\u00a0: une strat\u00e9gie nationale de passage \u00e0 l\u2019\u00e9chelle pour rapprocher les services de planification familiale\u00a0des populations","datePublished":"2021-05-06T19:22:15+00:00","dateModified":"2021-05-07T14:42:52+00:00","mainEntityOfPage":{"@id":"https:\/\/www.africa-press.net\/burkina-faso\/toutes-les-actualites\/delegation-des-taches-une-strategie-nationale-de-passage-a-lechelle-pour-rapprocher-les-services-de-planification-familiale-des-populations"},"wordCount":961,"commentCount":0,"image":{"@id":"https:\/\/www.africa-press.net\/burkina-faso\/toutes-les-actualites\/delegation-des-taches-une-strategie-nationale-de-passage-a-lechelle-pour-rapprocher-les-services-de-planification-familiale-des-populations#primaryimage"},"thumbnailUrl":"https:\/\/static.africa-press.net\/burkina\/sites\/42\/2021\/05\/img-609412bae11fa.jpg","keywords":["Africa Press","Africa Press-Burkina Faso","Burkina Faso"],"articleSection":["Communaut\u00e9","homepage-french","Toutes les actualit\u00e9s"],"inLanguage":"fr-FR","potentialAction":[{"@type":"CommentAction","name":"Comment","target":["https:\/\/www.africa-press.net\/burkina-faso\/toutes-les-actualites\/delegation-des-taches-une-strategie-nationale-de-passage-a-lechelle-pour-rapprocher-les-services-de-planification-familiale-des-populations#respond"]}]},{"@type":"WebPage","@id":"https:\/\/www.africa-press.net\/burkina-faso\/toutes-les-actualites\/delegation-des-taches-une-strategie-nationale-de-passage-a-lechelle-pour-rapprocher-les-services-de-planification-familiale-des-populations","url":"https:\/\/www.africa-press.net\/burkina-faso\/toutes-les-actualites\/delegation-des-taches-une-strategie-nationale-de-passage-a-lechelle-pour-rapprocher-les-services-de-planification-familiale-des-populations","name":"D\u00e9l\u00e9gation des t\u00e2ches\u00a0: une strat\u00e9gie nationale de passage \u00e0 l\u2019\u00e9chelle pour rapprocher les services de planification familiale\u00a0des populations - Burkina Faso","isPartOf":{"@id":"https:\/\/www.africa-press.net\/burkina-faso\/#website"},"primaryImageOfPage":{"@id":"https:\/\/www.africa-press.net\/burkina-faso\/toutes-les-actualites\/delegation-des-taches-une-strategie-nationale-de-passage-a-lechelle-pour-rapprocher-les-services-de-planification-familiale-des-populations#primaryimage"},"image":{"@id":"https:\/\/www.africa-press.net\/burkina-faso\/toutes-les-actualites\/delegation-des-taches-une-strategie-nationale-de-passage-a-lechelle-pour-rapprocher-les-services-de-planification-familiale-des-populations#primaryimage"},"thumbnailUrl":"https:\/\/static.africa-press.net\/burkina\/sites\/42\/2021\/05\/img-609412bae11fa.jpg","datePublished":"2021-05-06T19:22:15+00:00","dateModified":"2021-05-07T14:42:52+00:00","author":{"@id":"https:\/\/www.africa-press.net\/burkina-faso\/#\/schema\/person\/2b1cf3cd81a31e3cd26889ca66d677f1"},"description":"D\u00e9l\u00e9gation des t\u00e2ches\u00a0","breadcrumb":{"@id":"https:\/\/www.africa-press.net\/burkina-faso\/toutes-les-actualites\/delegation-des-taches-une-strategie-nationale-de-passage-a-lechelle-pour-rapprocher-les-services-de-planification-familiale-des-populations#breadcrumb"},"inLanguage":"fr-FR","potentialAction":[{"@type":"ReadAction","target":["https:\/\/www.africa-press.net\/burkina-faso\/toutes-les-actualites\/delegation-des-taches-une-strategie-nationale-de-passage-a-lechelle-pour-rapprocher-les-services-de-planification-familiale-des-populations"]}]},{"@type":"ImageObject","inLanguage":"fr-FR","@id":"https:\/\/www.africa-press.net\/burkina-faso\/toutes-les-actualites\/delegation-des-taches-une-strategie-nationale-de-passage-a-lechelle-pour-rapprocher-les-services-de-planification-familiale-des-populations#primaryimage","url":"https:\/\/static.africa-press.net\/burkina\/sites\/42\/2021\/05\/img-609412bae11fa.jpg","contentUrl":"https:\/\/static.africa-press.net\/burkina\/sites\/42\/2021\/05\/img-609412bae11fa.jpg","width":720,"height":404,"caption":"D\u00e9l\u00e9gation des t\u00e2ches\u00a0: une strat\u00e9gie nationale de passage \u00e0 l\u2019\u00e9chelle pour rapprocher les services de planification familiale\u00a0des populations"},{"@type":"BreadcrumbList","@id":"https:\/\/www.africa-press.net\/burkina-faso\/toutes-les-actualites\/delegation-des-taches-une-strategie-nationale-de-passage-a-lechelle-pour-rapprocher-les-services-de-planification-familiale-des-populations#breadcrumb","itemListElement":[{"@type":"ListItem","position":1,"name":"Accueil","item":"https:\/\/www.africa-press.net\/burkina-faso\/"},{"@type":"ListItem","position":2,"name":"D\u00e9l\u00e9gation des t\u00e2ches\u00a0: une strat\u00e9gie nationale de passage \u00e0 l\u2019\u00e9chelle pour rapprocher les services de planification familiale\u00a0des populations"}]},{"@type":"WebSite","@id":"https:\/\/www.africa-press.net\/burkina-faso\/#website","url":"https:\/\/www.africa-press.net\/burkina-faso\/","name":"Burkina Faso","description":"Just another Africa News Agency Sites site","potentialAction":[{"@type":"SearchAction","target":{"@type":"EntryPoint","urlTemplate":"https:\/\/www.africa-press.net\/burkina-faso\/?s={search_term_string}"},"query-input":{"@type":"PropertyValueSpecification","valueRequired":true,"valueName":"search_term_string"}}],"inLanguage":"fr-FR"},{"@type":"Person","@id":"https:\/\/www.africa-press.net\/burkina-faso\/#\/schema\/person\/2b1cf3cd81a31e3cd26889ca66d677f1","name":"cfeditorfr"}]}},"_links":{"self":[{"href":"https:\/\/www.africa-press.net\/burkina-faso\/wp-json\/wp\/v2\/posts\/11356","targetHints":{"allow":["GET"]}}],"collection":[{"href":"https:\/\/www.africa-press.net\/burkina-faso\/wp-json\/wp\/v2\/posts"}],"about":[{"href":"https:\/\/www.africa-press.net\/burkina-faso\/wp-json\/wp\/v2\/types\/post"}],"author":[{"embeddable":true,"href":"https:\/\/www.africa-press.net\/burkina-faso\/wp-json\/wp\/v2\/users\/82"}],"replies":[{"embeddable":true,"href":"https:\/\/www.africa-press.net\/burkina-faso\/wp-json\/wp\/v2\/comments?post=11356"}],"version-history":[{"count":0,"href":"https:\/\/www.africa-press.net\/burkina-faso\/wp-json\/wp\/v2\/posts\/11356\/revisions"}],"wp:featuredmedia":[{"embeddable":true,"href":"https:\/\/www.africa-press.net\/burkina-faso\/wp-json\/wp\/v2\/media\/11355"}],"wp:attachment":[{"href":"https:\/\/www.africa-press.net\/burkina-faso\/wp-json\/wp\/v2\/media?parent=11356"}],"wp:term":[{"taxonomy":"category","embeddable":true,"href":"https:\/\/www.africa-press.net\/burkina-faso\/wp-json\/wp\/v2\/categories?post=11356"},{"taxonomy":"post_tag","embeddable":true,"href":"https:\/\/www.africa-press.net\/burkina-faso\/wp-json\/wp\/v2\/tags?post=11356"}],"curies":[{"name":"wp","href":"https:\/\/api.w.org\/{rel}","templated":true}]}}