{"id":11359,"date":"2021-05-07T11:24:27","date_gmt":"2021-05-07T11:24:27","guid":{"rendered":"https:\/\/www.africa-press.net\/burkina-faso\/politique\/burkina-faso-le-monde-du-livre-fait-sa-revolution"},"modified":"2021-05-07T14:49:11","modified_gmt":"2021-05-07T14:49:11","slug":"burkina-faso-le-monde-du-livre-fait-sa-revolution","status":"publish","type":"post","link":"https:\/\/www.africa-press.net\/burkina-faso\/culture-et-art\/burkina-faso-le-monde-du-livre-fait-sa-revolution","title":{"rendered":"le monde du livre fait sa r\u00e9volution"},"content":{"rendered":"<p><span style=\"color: #ff6600\"><strong><a href=\"https:\/\/www.africa-press.net\/\">Africa-Press<\/a> &#8211; <a href=\"https:\/\/www.africa-press.net\/burkina-faso\">Burkina Faso<\/a>. <\/strong><\/span>Bien qu\u2019une majeure partie de la population burkinab\u00e8 soit analphab\u00e8te et que la minorit\u00e9 sachant lire pratique des langues diff\u00e9rentes, les acteurs du livre donnent un nouveau souffle \u00e0 l\u2019univers de l\u2019\u00e9crit.<\/p>\n<p>Quel chemin la litt\u00e9rature peut-elle se frayer dans un pays o\u00f9 le taux d\u2019alphab\u00e9tisation (pourcentage de personnes de 15 ans et plus sachant lire et \u00e9crire) n\u2019est que de 36 % ? Quels bouquets de mots peuvent engendrer des contr\u00e9es travers\u00e9es par une soixantaine de langues ? Quel espace de plume conqu\u00e9rir, quand les priorit\u00e9s vitales sont multiples et les contenus audiovisuels d\u00e9mocratis\u00e9s ? La contrainte \u00e9tant un ferment des disciplines artistiques les plus arides, la Haute-Volta n\u2019a pas manqu\u00e9 de grands \u00e9crivains.<\/p>\n<p><b>Lune et soleil<\/b><\/p>\n<p>Au firmament des lettres, comme lune et soleil, luisent notamment deux auteurs qui furent tout autant \u00e9crivains qu\u2019acteurs de la grande Histoire. En 1962, Cr\u00e9puscule des temps anciens \u00e9pinglait au plastron de l\u2019ancien \u00e9lu du Parlement fran\u00e7ais Nazi Boni la r\u00e9putation de premier \u00e9crivain de Haute-Volta. Dix ans plus tard, Histoire de l\u2019Afrique noire conf\u00e9rait au socialiste Joseph Ki-Zerbo une envergure continentale.<\/p>\n<p>En 2021, les universit\u00e9s Jospeh-Ki-Zerbo de Ouagadougou et Nazi-Boni de Bobo-Dioulasso ne font qu\u2019une ombre bienveillante aux auteurs du Burkina Faso.<\/p>\n<p>La liste des femmes et hommes de plume est longue : l\u2019avocat Fr\u00e9d\u00e9ric Titinga Pac\u00e9r\u00e9, le romancier Ansomwin Ignace Hien, le po\u00e8te Jacques Prosper Bazi\u00e9, le dramaturge Jean-Pierre Guingan\u00e9, la militante Monique Ilboudo, la multi-prim\u00e9e Sophie Heidi Kam ou encore Bernadette Sanou Dao, premi\u00e8re ministre de la Culture du Faso.<\/p>\n<p>Le Faso contemporain enfante des \u0153uvres inscrites dans toutes les disciplines que peut abriter le livre. Athanase Kabr\u00e9 publie des textes pour th\u00e9\u00e2tre de marionnettes dans Triade I. T\u00e9guewind\u00e9 Sawadogo, Bernard Zongo et Mahamadi Kabor\u00e9 s\u2019essaient \u00e0 l\u2019essai \u00e0 travers Penser et agir pour l\u2019Afrique. Gr\u00e9gory Dabilougou, alias El Marto, illustre Made in Germany : un massacre au Congo. Et, l\u2019union faisant la force, des collectifs d\u2019auteurs portent des projets comme Regards crois\u00e9s sur le coronavirus ou Ouaga \u00c9moi, somptueux livre de table basse.<\/p>\n<p>Bien s\u00fbr, les bougons \u2013 m\u00eame les moins nationalistes \u2013 remarqueront que Monique Ilboudo est \u00e9dit\u00e9e au Congo, El Marto en Allemagne ou le collectif de \u00ab corona-auteurs \u00bb au B\u00e9nin. M\u00eame Ouaga \u00c9moi, pourtant consacr\u00e9 \u00e0 Ouagadougou, est publi\u00e9 par la maison d\u2019\u00e9dition s\u00e9n\u00e9galaise Vives voix.<\/p>\n<p><b>Face \u00e0 la concurrence des \u00ab librairies par terre \u00bb<\/b><\/p>\n<p>Ces derni\u00e8res d\u00e9cennies, les \u00e9diteurs du Faso se sont heurt\u00e9s \u00e0 des gageures pr\u00e9visibles : en amont, l\u2019importance des co\u00fbts d\u2019impression dans un pays enclav\u00e9 o\u00f9 le papier est cher et, en aval, la distribution concurrenc\u00e9e par des \u00ab librairies par terre \u00bb volontaires mais qui sont source d\u2019acculturation. En effet, comment vendre en librairie climatis\u00e9e une bande dessin\u00e9e burkinab\u00e8 neuve au co\u00fbt de revient de 6 000 F CFA (environ 9,15 euros), quand des exemplaires amortis d\u2019un Blek le Roc occidental inondent le parvis de ladite librairie ?<\/p>\n<p>Un livre incarc\u00e9r\u00e9 dans un tiroir est un cri \u00e9touff\u00e9 Un livre incarc\u00e9r\u00e9 dans un tiroir \u00e9tant un cri \u00e9touff\u00e9, des acteurs install\u00e9s ou \u00e9mergents tentent de braver la temp\u00eate \u00e9conomique sah\u00e9lienne, au moment o\u00f9 l\u2019impression num\u00e9rique permet d\u2019envisager des co\u00fbts unitaires raisonnables.<\/p>\n<p>C\u00f4t\u00e9 \u00e9dition, l\u2019ancien directeur de l\u2019antenne africaine du groupe Bayard, le Burkinab\u00e8 Lionel Bilgo, promet de r\u00e9volutionner le secteur avec sa jeune soci\u00e9t\u00e9 Teminiyis M\u00e9dia. Comme les auteurs, certains \u00e9diteurs font le pari du collectif et du transfrontalier, ainsi les \u00e9ditions Sankofa, qui appartiennent \u00e0 l\u2019Alliance internationale des \u00e9diteurs ind\u00e9pendants.<\/p>\n<p>C\u00f4t\u00e9 diffusion, l\u2019ancienne et chr\u00e9tienne librairie Jeunesse d\u2019Afrique cohabite avec les librairies \u00ab Diacfa \u00bb, Livres et loisirs, Mercury, mais aussi quelques biblioth\u00e8ques communautaires comme l\u2019espace de lecture Gabriel-Nacoulma de Cissin (quartier de Ouaga). Pour transformer l\u2019essai, les entrepreneurs culturels attendent davantage des autorit\u00e9s. \u00ab Avec un soutien moral, on n\u2019ach\u00e8te pas un livre \u00bb, ironise le promoteur de la biblioth\u00e8que de Cissin\u2026<\/p>\n<p>Le gouvernement affirme d\u00e9ployer les outils dont il dispose pour \u00e9viter notamment l\u2019\u00e9dition sauvage. Avec les maigres ressources de son d\u00e9partement de la Culture, il d\u00e9cerne tant qu\u2019il peut les Grand Prix nationaux des arts et des lettres (GPNAL) et promeut \u2013 hors pand\u00e9mie \u2013 la Foire du livre de Ouagadougou (Filo). En novembre 2019, les d\u00e9put\u00e9s adoptaient une loi portant orientation de la fili\u00e8re du livre et de la lecture publique. Le Bureau burkinab\u00e8 du droit d\u2019auteur (BBDA), lui, forme les \u00e9crivains et exhorte tous les acteurs de la cha\u00eene \u00e0 miser sur la synergie d\u2019action.<\/p>\n<p>\u00ab Collectif \u00bb : le mot qui finira d\u2019inscrire le secteur du livre dans la modernit\u00e9<\/p>\n<p>\u00ab Collectif \u00bb : le mot prononc\u00e9 par des familles d\u2019auteurs, des pools d\u2019\u00e9diteurs ou des responsables politiques sera peut-\u00eatre la clef corporatiste qui finira d\u2019inscrire le secteur du livre dans la modernit\u00e9. Apr\u00e8s des regroupements comme l\u2019Union des gens de lettres (Ugel) ou la Mutuelle pour l\u2019union et la solidarit\u00e9 des \u00e9crivains (Muse), la Soci\u00e9t\u00e9 des auteurs, gens de l\u2019\u00e9crit et du savoir (Sages) et l\u2019Association des \u00e9diteurs du Burkina Faso (Assedif) tentent de peser sur les d\u00e9bats litt\u00e9raires.<\/p>\n<p>Si un \u00e9crivain est souvent, par nature, un \u00eatre \u00e0 la qu\u00eate solitaire, le profil militant des auteurs du Faso promet un poids croissant aux groupes de pression\u2026<\/p>\n","protected":false},"excerpt":{"rendered":"<p>Africa-Press &#8211; Burkina Faso. Bien qu\u2019une majeure partie de la population burkinab\u00e8 soit analphab\u00e8te et que la minorit\u00e9 sachant lire pratique des langues diff\u00e9rentes, les acteurs du livre donnent un nouveau souffle \u00e0 l\u2019univers de l\u2019\u00e9crit. Quel chemin la litt\u00e9rature peut-elle se frayer dans un pays o\u00f9 le taux d\u2019alphab\u00e9tisation (pourcentage de personnes de 15 [&hellip;]<\/p>\n","protected":false},"author":82,"featured_media":11358,"comment_status":"open","ping_status":"closed","sticky":false,"template":"","format":"standard","meta":{"footnotes":""},"categories":[5,11,20,10],"tags":[111,725,29],"class_list":["post-11359","post","type-post","status-publish","format-standard","has-post-thumbnail","hentry","category-culture-et-art","category-homepage-french","category-top-nouvelles","category-toutes-les-actualites","tag-africa-press","tag-africa-press-burkina-faso","tag-burkina-faso"],"yoast_head":"<!-- This site is optimized with the Yoast SEO Premium plugin v26.1 (Yoast SEO v27.0) - https:\/\/yoast.com\/product\/yoast-seo-premium-wordpress\/ -->\n<title>le monde du livre fait sa r\u00e9volution - Burkina Faso<\/title>\n<meta name=\"description\" content=\"Bien qu\u2019une majeure partie de la population burkinab\u00e8 soit analphab\u00e8te et que la minorit\u00e9 sachant lire pratique des lang ...\" \/>\n<meta name=\"robots\" content=\"index, follow, max-snippet:-1, max-image-preview:large, max-video-preview:-1\" \/>\n<link rel=\"canonical\" href=\"https:\/\/www.africa-press.net\/burkina-faso\/culture-et-art\/burkina-faso-le-monde-du-livre-fait-sa-revolution\" \/>\n<meta property=\"og:locale\" content=\"fr_FR\" \/>\n<meta property=\"og:type\" content=\"article\" \/>\n<meta property=\"og:title\" content=\"le monde du livre fait sa r\u00e9volution\" \/>\n<meta property=\"og:description\" content=\"Bien qu\u2019une majeure partie de la population burkinab\u00e8 soit analphab\u00e8te et que la minorit\u00e9 sachant lire pratique des lang ...\" \/>\n<meta property=\"og:url\" content=\"https:\/\/www.africa-press.net\/burkina-faso\/culture-et-art\/burkina-faso-le-monde-du-livre-fait-sa-revolution\" \/>\n<meta property=\"og:site_name\" content=\"Burkina Faso\" \/>\n<meta property=\"article:published_time\" content=\"2021-05-07T11:24:27+00:00\" \/>\n<meta property=\"article:modified_time\" content=\"2021-05-07T14:49:11+00:00\" \/>\n<meta property=\"og:image\" content=\"https:\/\/static.africa-press.net\/burkina\/sites\/42\/2021\/05\/img-60952320cbf4b.jpg\" \/>\n\t<meta property=\"og:image:width\" content=\"720\" \/>\n\t<meta property=\"og:image:height\" content=\"360\" \/>\n\t<meta property=\"og:image:type\" content=\"image\/jpeg\" \/>\n<meta name=\"author\" content=\"cfeditorfr\" \/>\n<meta name=\"twitter:card\" content=\"summary_large_image\" \/>\n<meta name=\"twitter:label1\" content=\"\u00c9crit par\" \/>\n\t<meta name=\"twitter:data1\" content=\"cfeditorfr\" \/>\n\t<meta name=\"twitter:label2\" content=\"Dur\u00e9e de lecture estim\u00e9e\" \/>\n\t<meta name=\"twitter:data2\" content=\"5 minutes\" \/>\n<script type=\"application\/ld+json\" class=\"yoast-schema-graph\">{\"@context\":\"https:\/\/schema.org\",\"@graph\":[{\"@type\":\"Article\",\"@id\":\"https:\/\/www.africa-press.net\/burkina-faso\/culture-et-art\/burkina-faso-le-monde-du-livre-fait-sa-revolution#article\",\"isPartOf\":{\"@id\":\"https:\/\/www.africa-press.net\/burkina-faso\/culture-et-art\/burkina-faso-le-monde-du-livre-fait-sa-revolution\"},\"author\":{\"name\":\"cfeditorfr\",\"@id\":\"https:\/\/www.africa-press.net\/burkina-faso\/#\/schema\/person\/2b1cf3cd81a31e3cd26889ca66d677f1\"},\"headline\":\"le monde du livre fait sa r\u00e9volution\",\"datePublished\":\"2021-05-07T11:24:27+00:00\",\"dateModified\":\"2021-05-07T14:49:11+00:00\",\"mainEntityOfPage\":{\"@id\":\"https:\/\/www.africa-press.net\/burkina-faso\/culture-et-art\/burkina-faso-le-monde-du-livre-fait-sa-revolution\"},\"wordCount\":941,\"commentCount\":0,\"image\":{\"@id\":\"https:\/\/www.africa-press.net\/burkina-faso\/culture-et-art\/burkina-faso-le-monde-du-livre-fait-sa-revolution#primaryimage\"},\"thumbnailUrl\":\"https:\/\/static.africa-press.net\/burkina\/sites\/42\/2021\/05\/img-60952320cbf4b.jpg\",\"keywords\":[\"Africa Press\",\"Africa Press-Burkina Faso\",\"Burkina Faso\"],\"articleSection\":[\"Culture et Art\",\"homepage-french\",\"Top Nouvelles\",\"Toutes les actualit\u00e9s\"],\"inLanguage\":\"fr-FR\",\"potentialAction\":[{\"@type\":\"CommentAction\",\"name\":\"Comment\",\"target\":[\"https:\/\/www.africa-press.net\/burkina-faso\/culture-et-art\/burkina-faso-le-monde-du-livre-fait-sa-revolution#respond\"]}]},{\"@type\":\"WebPage\",\"@id\":\"https:\/\/www.africa-press.net\/burkina-faso\/culture-et-art\/burkina-faso-le-monde-du-livre-fait-sa-revolution\",\"url\":\"https:\/\/www.africa-press.net\/burkina-faso\/culture-et-art\/burkina-faso-le-monde-du-livre-fait-sa-revolution\",\"name\":\"le monde du livre fait sa r\u00e9volution - Burkina Faso\",\"isPartOf\":{\"@id\":\"https:\/\/www.africa-press.net\/burkina-faso\/#website\"},\"primaryImageOfPage\":{\"@id\":\"https:\/\/www.africa-press.net\/burkina-faso\/culture-et-art\/burkina-faso-le-monde-du-livre-fait-sa-revolution#primaryimage\"},\"image\":{\"@id\":\"https:\/\/www.africa-press.net\/burkina-faso\/culture-et-art\/burkina-faso-le-monde-du-livre-fait-sa-revolution#primaryimage\"},\"thumbnailUrl\":\"https:\/\/static.africa-press.net\/burkina\/sites\/42\/2021\/05\/img-60952320cbf4b.jpg\",\"datePublished\":\"2021-05-07T11:24:27+00:00\",\"dateModified\":\"2021-05-07T14:49:11+00:00\",\"author\":{\"@id\":\"https:\/\/www.africa-press.net\/burkina-faso\/#\/schema\/person\/2b1cf3cd81a31e3cd26889ca66d677f1\"},\"description\":\"Bien qu\u2019une majeure partie de la population burkinab\u00e8 soit analphab\u00e8te et que la minorit\u00e9 sachant lire pratique des lang ...\",\"breadcrumb\":{\"@id\":\"https:\/\/www.africa-press.net\/burkina-faso\/culture-et-art\/burkina-faso-le-monde-du-livre-fait-sa-revolution#breadcrumb\"},\"inLanguage\":\"fr-FR\",\"potentialAction\":[{\"@type\":\"ReadAction\",\"target\":[\"https:\/\/www.africa-press.net\/burkina-faso\/culture-et-art\/burkina-faso-le-monde-du-livre-fait-sa-revolution\"]}]},{\"@type\":\"ImageObject\",\"inLanguage\":\"fr-FR\",\"@id\":\"https:\/\/www.africa-press.net\/burkina-faso\/culture-et-art\/burkina-faso-le-monde-du-livre-fait-sa-revolution#primaryimage\",\"url\":\"https:\/\/static.africa-press.net\/burkina\/sites\/42\/2021\/05\/img-60952320cbf4b.jpg\",\"contentUrl\":\"https:\/\/static.africa-press.net\/burkina\/sites\/42\/2021\/05\/img-60952320cbf4b.jpg\",\"width\":720,\"height\":360,\"caption\":\"Burkina Faso : le monde du livre fait sa r\u00e9volution\"},{\"@type\":\"BreadcrumbList\",\"@id\":\"https:\/\/www.africa-press.net\/burkina-faso\/culture-et-art\/burkina-faso-le-monde-du-livre-fait-sa-revolution#breadcrumb\",\"itemListElement\":[{\"@type\":\"ListItem\",\"position\":1,\"name\":\"Accueil\",\"item\":\"https:\/\/www.africa-press.net\/burkina-faso\/\"},{\"@type\":\"ListItem\",\"position\":2,\"name\":\"le monde du livre fait sa r\u00e9volution\"}]},{\"@type\":\"WebSite\",\"@id\":\"https:\/\/www.africa-press.net\/burkina-faso\/#website\",\"url\":\"https:\/\/www.africa-press.net\/burkina-faso\/\",\"name\":\"Burkina Faso\",\"description\":\"Just another Africa News Agency Sites site\",\"potentialAction\":[{\"@type\":\"SearchAction\",\"target\":{\"@type\":\"EntryPoint\",\"urlTemplate\":\"https:\/\/www.africa-press.net\/burkina-faso\/?s={search_term_string}\"},\"query-input\":{\"@type\":\"PropertyValueSpecification\",\"valueRequired\":true,\"valueName\":\"search_term_string\"}}],\"inLanguage\":\"fr-FR\"},{\"@type\":\"Person\",\"@id\":\"https:\/\/www.africa-press.net\/burkina-faso\/#\/schema\/person\/2b1cf3cd81a31e3cd26889ca66d677f1\",\"name\":\"cfeditorfr\"}]}<\/script>\n<!-- \/ Yoast SEO Premium plugin. -->","yoast_head_json":{"title":"le monde du livre fait sa r\u00e9volution - Burkina Faso","description":"Bien qu\u2019une majeure partie de la population burkinab\u00e8 soit analphab\u00e8te et que la minorit\u00e9 sachant lire pratique des lang ...","robots":{"index":"index","follow":"follow","max-snippet":"max-snippet:-1","max-image-preview":"max-image-preview:large","max-video-preview":"max-video-preview:-1"},"canonical":"https:\/\/www.africa-press.net\/burkina-faso\/culture-et-art\/burkina-faso-le-monde-du-livre-fait-sa-revolution","og_locale":"fr_FR","og_type":"article","og_title":"le monde du livre fait sa r\u00e9volution","og_description":"Bien qu\u2019une majeure partie de la population burkinab\u00e8 soit analphab\u00e8te et que la minorit\u00e9 sachant lire pratique des lang ...","og_url":"https:\/\/www.africa-press.net\/burkina-faso\/culture-et-art\/burkina-faso-le-monde-du-livre-fait-sa-revolution","og_site_name":"Burkina Faso","article_published_time":"2021-05-07T11:24:27+00:00","article_modified_time":"2021-05-07T14:49:11+00:00","og_image":[{"width":720,"height":360,"url":"https:\/\/static.africa-press.net\/burkina\/sites\/42\/2021\/05\/img-60952320cbf4b.jpg","type":"image\/jpeg"}],"author":"cfeditorfr","twitter_card":"summary_large_image","twitter_misc":{"\u00c9crit par":"cfeditorfr","Dur\u00e9e de lecture estim\u00e9e":"5 minutes"},"schema":{"@context":"https:\/\/schema.org","@graph":[{"@type":"Article","@id":"https:\/\/www.africa-press.net\/burkina-faso\/culture-et-art\/burkina-faso-le-monde-du-livre-fait-sa-revolution#article","isPartOf":{"@id":"https:\/\/www.africa-press.net\/burkina-faso\/culture-et-art\/burkina-faso-le-monde-du-livre-fait-sa-revolution"},"author":{"name":"cfeditorfr","@id":"https:\/\/www.africa-press.net\/burkina-faso\/#\/schema\/person\/2b1cf3cd81a31e3cd26889ca66d677f1"},"headline":"le monde du livre fait sa r\u00e9volution","datePublished":"2021-05-07T11:24:27+00:00","dateModified":"2021-05-07T14:49:11+00:00","mainEntityOfPage":{"@id":"https:\/\/www.africa-press.net\/burkina-faso\/culture-et-art\/burkina-faso-le-monde-du-livre-fait-sa-revolution"},"wordCount":941,"commentCount":0,"image":{"@id":"https:\/\/www.africa-press.net\/burkina-faso\/culture-et-art\/burkina-faso-le-monde-du-livre-fait-sa-revolution#primaryimage"},"thumbnailUrl":"https:\/\/static.africa-press.net\/burkina\/sites\/42\/2021\/05\/img-60952320cbf4b.jpg","keywords":["Africa Press","Africa Press-Burkina Faso","Burkina Faso"],"articleSection":["Culture et Art","homepage-french","Top Nouvelles","Toutes les actualit\u00e9s"],"inLanguage":"fr-FR","potentialAction":[{"@type":"CommentAction","name":"Comment","target":["https:\/\/www.africa-press.net\/burkina-faso\/culture-et-art\/burkina-faso-le-monde-du-livre-fait-sa-revolution#respond"]}]},{"@type":"WebPage","@id":"https:\/\/www.africa-press.net\/burkina-faso\/culture-et-art\/burkina-faso-le-monde-du-livre-fait-sa-revolution","url":"https:\/\/www.africa-press.net\/burkina-faso\/culture-et-art\/burkina-faso-le-monde-du-livre-fait-sa-revolution","name":"le monde du livre fait sa r\u00e9volution - Burkina Faso","isPartOf":{"@id":"https:\/\/www.africa-press.net\/burkina-faso\/#website"},"primaryImageOfPage":{"@id":"https:\/\/www.africa-press.net\/burkina-faso\/culture-et-art\/burkina-faso-le-monde-du-livre-fait-sa-revolution#primaryimage"},"image":{"@id":"https:\/\/www.africa-press.net\/burkina-faso\/culture-et-art\/burkina-faso-le-monde-du-livre-fait-sa-revolution#primaryimage"},"thumbnailUrl":"https:\/\/static.africa-press.net\/burkina\/sites\/42\/2021\/05\/img-60952320cbf4b.jpg","datePublished":"2021-05-07T11:24:27+00:00","dateModified":"2021-05-07T14:49:11+00:00","author":{"@id":"https:\/\/www.africa-press.net\/burkina-faso\/#\/schema\/person\/2b1cf3cd81a31e3cd26889ca66d677f1"},"description":"Bien qu\u2019une majeure partie de la population burkinab\u00e8 soit analphab\u00e8te et que la minorit\u00e9 sachant lire pratique des lang ...","breadcrumb":{"@id":"https:\/\/www.africa-press.net\/burkina-faso\/culture-et-art\/burkina-faso-le-monde-du-livre-fait-sa-revolution#breadcrumb"},"inLanguage":"fr-FR","potentialAction":[{"@type":"ReadAction","target":["https:\/\/www.africa-press.net\/burkina-faso\/culture-et-art\/burkina-faso-le-monde-du-livre-fait-sa-revolution"]}]},{"@type":"ImageObject","inLanguage":"fr-FR","@id":"https:\/\/www.africa-press.net\/burkina-faso\/culture-et-art\/burkina-faso-le-monde-du-livre-fait-sa-revolution#primaryimage","url":"https:\/\/static.africa-press.net\/burkina\/sites\/42\/2021\/05\/img-60952320cbf4b.jpg","contentUrl":"https:\/\/static.africa-press.net\/burkina\/sites\/42\/2021\/05\/img-60952320cbf4b.jpg","width":720,"height":360,"caption":"Burkina Faso : le monde du livre fait sa r\u00e9volution"},{"@type":"BreadcrumbList","@id":"https:\/\/www.africa-press.net\/burkina-faso\/culture-et-art\/burkina-faso-le-monde-du-livre-fait-sa-revolution#breadcrumb","itemListElement":[{"@type":"ListItem","position":1,"name":"Accueil","item":"https:\/\/www.africa-press.net\/burkina-faso\/"},{"@type":"ListItem","position":2,"name":"le monde du livre fait sa r\u00e9volution"}]},{"@type":"WebSite","@id":"https:\/\/www.africa-press.net\/burkina-faso\/#website","url":"https:\/\/www.africa-press.net\/burkina-faso\/","name":"Burkina Faso","description":"Just another Africa News Agency Sites site","potentialAction":[{"@type":"SearchAction","target":{"@type":"EntryPoint","urlTemplate":"https:\/\/www.africa-press.net\/burkina-faso\/?s={search_term_string}"},"query-input":{"@type":"PropertyValueSpecification","valueRequired":true,"valueName":"search_term_string"}}],"inLanguage":"fr-FR"},{"@type":"Person","@id":"https:\/\/www.africa-press.net\/burkina-faso\/#\/schema\/person\/2b1cf3cd81a31e3cd26889ca66d677f1","name":"cfeditorfr"}]}},"_links":{"self":[{"href":"https:\/\/www.africa-press.net\/burkina-faso\/wp-json\/wp\/v2\/posts\/11359","targetHints":{"allow":["GET"]}}],"collection":[{"href":"https:\/\/www.africa-press.net\/burkina-faso\/wp-json\/wp\/v2\/posts"}],"about":[{"href":"https:\/\/www.africa-press.net\/burkina-faso\/wp-json\/wp\/v2\/types\/post"}],"author":[{"embeddable":true,"href":"https:\/\/www.africa-press.net\/burkina-faso\/wp-json\/wp\/v2\/users\/82"}],"replies":[{"embeddable":true,"href":"https:\/\/www.africa-press.net\/burkina-faso\/wp-json\/wp\/v2\/comments?post=11359"}],"version-history":[{"count":0,"href":"https:\/\/www.africa-press.net\/burkina-faso\/wp-json\/wp\/v2\/posts\/11359\/revisions"}],"wp:featuredmedia":[{"embeddable":true,"href":"https:\/\/www.africa-press.net\/burkina-faso\/wp-json\/wp\/v2\/media\/11358"}],"wp:attachment":[{"href":"https:\/\/www.africa-press.net\/burkina-faso\/wp-json\/wp\/v2\/media?parent=11359"}],"wp:term":[{"taxonomy":"category","embeddable":true,"href":"https:\/\/www.africa-press.net\/burkina-faso\/wp-json\/wp\/v2\/categories?post=11359"},{"taxonomy":"post_tag","embeddable":true,"href":"https:\/\/www.africa-press.net\/burkina-faso\/wp-json\/wp\/v2\/tags?post=11359"}],"curies":[{"name":"wp","href":"https:\/\/api.w.org\/{rel}","templated":true}]}}