{"id":11365,"date":"2021-05-07T13:13:52","date_gmt":"2021-05-07T13:13:52","guid":{"rendered":"https:\/\/www.africa-press.net\/burkina-faso\/?p=11365"},"modified":"2021-05-07T14:49:33","modified_gmt":"2021-05-07T14:49:33","slug":"les-passeurs-de-mots-du-burkina-faso","status":"publish","type":"post","link":"https:\/\/www.africa-press.net\/burkina-faso\/culture-et-art\/les-passeurs-de-mots-du-burkina-faso","title":{"rendered":"Les passeurs de mots du Burkina Faso"},"content":{"rendered":"<p><span style=\"color: #ff6600\"><strong><a href=\"https:\/\/www.africa-press.net\/\">Africa-Press<\/a> &#8211; <a href=\"https:\/\/www.africa-press.net\/burkina-faso\">Burkina Faso<\/a>. <\/strong><\/span>Dans un Faso o\u00f9 les livres co\u00fbtent cher, o\u00f9 plus de la moiti\u00e9 des adultes ne savent pas lire et o\u00f9, comme partout, l\u2019audiovisuel domine, les acteurs du monde du livre fourmillent d\u2019id\u00e9es pour atteindre les lecteurs. Portraits.<\/p>\n<p><b>Monique Ilboudo, romanci\u00e8re de l\u2019action<\/b><\/p>\n<p>Si la litt\u00e9rature est l\u2019antichambre du r\u00eave, le parcours de Monique Ilboudo est ancr\u00e9 dans le r\u00e9el. Publi\u00e9e depuis pr\u00e8s de trente ans, la premi\u00e8re romanci\u00e8re burkinab\u00e8 ne s\u2019est jamais enferm\u00e9e dans une tour d\u2019ivoire litt\u00e9raire.<\/p>\n<p>Dans les ann\u00e9es 1990, la militante des droits humains a fond\u00e9 Qui-vive, l\u2019observatoire de la condition de la femme burkinab\u00e8. Elle a aussi cr\u00e9\u00e9 la chronique \u00ab F\u00e9minin pluriel \u00bb du quotidien L\u2019Observateur Paalga et fut une membre fondatrice du Conseil sup\u00e9rieur de l\u2019information (qui a permis \u00e0 la r\u00e9gulation de prendre le pas sur la judiciarisation dans la presse), avant de diriger le secr\u00e9tariat d\u2019\u00c9tat (2000), puis le premier minist\u00e8re de la Promotion des droits humains du Faso (2002-2008). Friande de cultures du monde, elle est ensuite nomm\u00e9e ambassadrice du Burkina pour les pays nordiques et baltes.<\/p>\n<p>Monique Ilboudo n\u2019h\u00e9site jamais \u00e0 nourrir sa plume de plaies \u00e0 exorciser Monique Ilboudo n\u2019h\u00e9site jamais \u00e0 nourrir sa plume de plaies \u00e0 exorciser. En 1998, quatre ans apr\u00e8s le g\u00e9nocide des Tutsi, elle participe, \u00e0 Kigali, avec une dizaine d\u2019autres \u00e9crivains africains, \u00e0 la r\u00e9sidence d\u2019\u00e9criture \u00ab Rwanda, \u00e9crire par devoir de m\u00e9moire \u00bb \u2013 o\u00f9 elle donnera naissance \u00e0 son roman Murekatete (publi\u00e9 en 2000 aux \u00e9ditions du Figuier).<\/p>\n<p>Aujourd\u2019hui, dans un Sahel perclus de menaces jihadistes, elle vient de publier le roman Carrefour des veuves (\u00e9ditions des Lettres mouchet\u00e9es), o\u00f9 elle relate l\u2019engagement de son personnage, Tilaine, envers ses s\u0153urs victimes du terrorisme.<\/p>\n<p><b>Jean-Claude Naba, \u00e9diteur militant<\/b><\/p>\n<p>Jean-Claude Naba, \u00e0 Ouagadougou, le 3 mars 2021. \u00a9 Olympia de Maismont pour JA Fondateur, en 1995, des \u00e9ditions Sankofa, Jean-Claude Naba est \u00e0 la fois enracin\u00e9 dans sa culture locale et ouvert au monde. Professeur de langue germanique \u00e0 l\u2019Universit\u00e9 de Ouagadougou, le sexag\u00e9naire n\u2019en d\u00e9fend pas moins la revalorisation des langues africaines, particuli\u00e8rement marginalis\u00e9es dans le monde de l\u2019\u00e9crit.<\/p>\n<p>Engag\u00e9, Jean-Claude Naba a notamment co\u00e9dit\u00e9, sous l\u2019\u00e8re Compaor\u00e9, l\u2019ouvrage \u00c0 quand l\u2019Afrique ?, de l\u2019opposant Joseph Ki-Zerbo. Et publi\u00e9 Halidou Ouedraogo, une vie de lutte, sur l\u2019avocat que l\u2019on nommait alors \u00ab pr\u00e9sident du pays r\u00e9el \u00bb. Soucieux de la litt\u00e9rature populaire, il tente de promouvoir une \u00e9dition de qualit\u00e9 \u00e0 des co\u00fbts compatibles avec le pouvoir d\u2019achat sah\u00e9lien<\/p>\n<p>Soucieux de la litt\u00e9rature populaire, il tente de promouvoir une \u00e9dition de qualit\u00e9 \u00e0 des co\u00fbts compatibles avec le pouvoir d\u2019achat sah\u00e9lien. Acteur de la bibliodiversit\u00e9, attentif \u00e0 une jeunesse gav\u00e9e de contenus eurocentr\u00e9s, il a consacr\u00e9 aux plus jeunes le second ventricule de son c\u0153ur \u00e9ditorial : les \u00e9ditions Gurli.<\/p>\n<p>Symbolique animali\u00e8re et importance des mots : dans la cosmogonie du peuple akan, Sankofa est un oiseau qui incarne la qu\u00eate de connaissance et l\u2019examen critique du pass\u00e9, tandis que Gurli signifie \u00ab h\u00e9risson \u00bb en gulmancema. Un animal qu\u2019il serait impossible de garder prisonnier.<\/p>\n<p><b>Simon Nacoulma, sous la lat\u00e9rite\u2026 les livres<\/b><\/p>\n<p>Simon Nacoulma, directeur de l\u2019ONG Nazemse, dans la biblioth\u00e8que de Ouagadougou, Burkina Faso. \u00a9 Godong \/ Alamy Stock Photo\/ABACA Dans un Faso qui se heurte au manque de disponibilit\u00e9 des livres, un \u00ab tricycle \u00bb \u00e0 \u00e9tag\u00e8res d\u00e9ambule. Le projet Biblio-moto s\u2019inscrit dans le programme \u00ab Lire pour r\u00e9ussir \u00bb de l\u2019association Initiative communautaire changer la vie (ICCV)-Nazems\u00e9, n\u00e9e en 2002. Programm\u00e9 sur un calendrier allant de 2015 \u00e0 2021, le projet de biblioth\u00e8que ambulante est notamment soutenu par l\u2019Association s\u0153ur Emmanuelle (Asmae) et l\u2019Agence fran\u00e7aise de d\u00e9veloppement (AFD).<\/p>\n<p>La biblioth\u00e8que ambulante part \u00e0 l\u2019assaut des d\u00e9serts culturels enclav\u00e9s Conscient du caract\u00e8re on\u00e9reux des livres et du penchant \u00e9litiste des biblioth\u00e8ques conventionnelles, le coordonnateur Simon Nacoulma, enseignant et linguiste, entend \u00ab cr\u00e9er un environnement propice \u00e0 un apprentissage de qualit\u00e9 en langage et en lecture \u00bb. La biblioth\u00e8que ambulante part \u00e0 l\u2019assaut des d\u00e9serts culturels enclav\u00e9s dans la lat\u00e9rite des milieux peu favoris\u00e9s, tandis qu\u2019au si\u00e8ge du quartier de Cissin, \u00e0 Ouagadougou, la biblioth\u00e8que Gabriel-Nacoulma accueille des milliers d\u2019abonn\u00e9s.<\/p>\n<p>Biblio-moto associe \u00e0 ses randonn\u00e9es des animations musicales et des lectures orales. Quant \u00e0 ICCV-Nazems\u00e9, elle combine ses efforts \u00e9ducatifs avec d\u2019autres actions compl\u00e9mentaires dans le secteur de la s\u00e9curit\u00e9 alimentaire, de l\u2019accompagnement socio\u00e9conomique des femmes et de la sant\u00e9.<\/p>\n","protected":false},"excerpt":{"rendered":"<p>Africa-Press &#8211; Burkina Faso. Dans un Faso o\u00f9 les livres co\u00fbtent cher, o\u00f9 plus de la moiti\u00e9 des adultes ne savent pas lire et o\u00f9, comme partout, l\u2019audiovisuel domine, les acteurs du monde du livre fourmillent d\u2019id\u00e9es pour atteindre les lecteurs. Portraits. Monique Ilboudo, romanci\u00e8re de l\u2019action Si la litt\u00e9rature est l\u2019antichambre du r\u00eave, le [&hellip;]<\/p>\n","protected":false},"author":82,"featured_media":11364,"comment_status":"open","ping_status":"closed","sticky":false,"template":"","format":"standard","meta":{"footnotes":""},"categories":[5,11,20,10],"tags":[111,725,29],"class_list":["post-11365","post","type-post","status-publish","format-standard","has-post-thumbnail","hentry","category-culture-et-art","category-homepage-french","category-top-nouvelles","category-toutes-les-actualites","tag-africa-press","tag-africa-press-burkina-faso","tag-burkina-faso"],"yoast_head":"<!-- This site is optimized with the Yoast SEO Premium plugin v26.1 (Yoast SEO v27.0) - https:\/\/yoast.com\/product\/yoast-seo-premium-wordpress\/ -->\n<title>Les passeurs de mots du Burkina Faso - Burkina Faso<\/title>\n<meta name=\"description\" content=\"Dans un Faso o\u00f9 les livres co\u00fbtent cher, o\u00f9 plus de la moiti\u00e9 des adultes ne savent pas lire et o\u00f9, comme partout, l\u2019aud ...\" \/>\n<meta name=\"robots\" content=\"index, follow, max-snippet:-1, max-image-preview:large, max-video-preview:-1\" \/>\n<link rel=\"canonical\" href=\"https:\/\/www.africa-press.net\/burkina-faso\/culture-et-art\/les-passeurs-de-mots-du-burkina-faso\" \/>\n<meta property=\"og:locale\" content=\"fr_FR\" \/>\n<meta property=\"og:type\" content=\"article\" \/>\n<meta property=\"og:title\" content=\"Les passeurs de mots du Burkina Faso\" \/>\n<meta property=\"og:description\" content=\"Dans un Faso o\u00f9 les livres co\u00fbtent cher, o\u00f9 plus de la moiti\u00e9 des adultes ne savent pas lire et o\u00f9, comme partout, l\u2019aud ...\" \/>\n<meta property=\"og:url\" content=\"https:\/\/www.africa-press.net\/burkina-faso\/culture-et-art\/les-passeurs-de-mots-du-burkina-faso\" \/>\n<meta property=\"og:site_name\" content=\"Burkina Faso\" \/>\n<meta property=\"article:published_time\" content=\"2021-05-07T13:13:52+00:00\" \/>\n<meta property=\"article:modified_time\" content=\"2021-05-07T14:49:33+00:00\" \/>\n<meta property=\"og:image\" content=\"https:\/\/static.africa-press.net\/burkina\/sites\/42\/2021\/05\/img-60953bd607c28.jpg\" \/>\n\t<meta property=\"og:image:width\" content=\"720\" \/>\n\t<meta property=\"og:image:height\" content=\"360\" \/>\n\t<meta property=\"og:image:type\" content=\"image\/jpeg\" \/>\n<meta name=\"author\" content=\"cfeditorfr\" \/>\n<meta name=\"twitter:card\" content=\"summary_large_image\" \/>\n<meta name=\"twitter:label1\" content=\"\u00c9crit par\" \/>\n\t<meta name=\"twitter:data1\" content=\"cfeditorfr\" \/>\n\t<meta name=\"twitter:label2\" content=\"Dur\u00e9e de lecture estim\u00e9e\" \/>\n\t<meta name=\"twitter:data2\" content=\"4 minutes\" \/>\n<script type=\"application\/ld+json\" class=\"yoast-schema-graph\">{\"@context\":\"https:\/\/schema.org\",\"@graph\":[{\"@type\":\"Article\",\"@id\":\"https:\/\/www.africa-press.net\/burkina-faso\/culture-et-art\/les-passeurs-de-mots-du-burkina-faso#article\",\"isPartOf\":{\"@id\":\"https:\/\/www.africa-press.net\/burkina-faso\/culture-et-art\/les-passeurs-de-mots-du-burkina-faso\"},\"author\":{\"name\":\"cfeditorfr\",\"@id\":\"https:\/\/www.africa-press.net\/burkina-faso\/#\/schema\/person\/2b1cf3cd81a31e3cd26889ca66d677f1\"},\"headline\":\"Les passeurs de mots du Burkina Faso\",\"datePublished\":\"2021-05-07T13:13:52+00:00\",\"dateModified\":\"2021-05-07T14:49:33+00:00\",\"mainEntityOfPage\":{\"@id\":\"https:\/\/www.africa-press.net\/burkina-faso\/culture-et-art\/les-passeurs-de-mots-du-burkina-faso\"},\"wordCount\":794,\"commentCount\":0,\"image\":{\"@id\":\"https:\/\/www.africa-press.net\/burkina-faso\/culture-et-art\/les-passeurs-de-mots-du-burkina-faso#primaryimage\"},\"thumbnailUrl\":\"https:\/\/static.africa-press.net\/burkina\/sites\/42\/2021\/05\/img-60953bd607c28.jpg\",\"keywords\":[\"Africa Press\",\"Africa Press-Burkina Faso\",\"Burkina Faso\"],\"articleSection\":[\"Culture et Art\",\"homepage-french\",\"Top Nouvelles\",\"Toutes les actualit\u00e9s\"],\"inLanguage\":\"fr-FR\",\"potentialAction\":[{\"@type\":\"CommentAction\",\"name\":\"Comment\",\"target\":[\"https:\/\/www.africa-press.net\/burkina-faso\/culture-et-art\/les-passeurs-de-mots-du-burkina-faso#respond\"]}]},{\"@type\":\"WebPage\",\"@id\":\"https:\/\/www.africa-press.net\/burkina-faso\/culture-et-art\/les-passeurs-de-mots-du-burkina-faso\",\"url\":\"https:\/\/www.africa-press.net\/burkina-faso\/culture-et-art\/les-passeurs-de-mots-du-burkina-faso\",\"name\":\"Les passeurs de mots du Burkina Faso - Burkina Faso\",\"isPartOf\":{\"@id\":\"https:\/\/www.africa-press.net\/burkina-faso\/#website\"},\"primaryImageOfPage\":{\"@id\":\"https:\/\/www.africa-press.net\/burkina-faso\/culture-et-art\/les-passeurs-de-mots-du-burkina-faso#primaryimage\"},\"image\":{\"@id\":\"https:\/\/www.africa-press.net\/burkina-faso\/culture-et-art\/les-passeurs-de-mots-du-burkina-faso#primaryimage\"},\"thumbnailUrl\":\"https:\/\/static.africa-press.net\/burkina\/sites\/42\/2021\/05\/img-60953bd607c28.jpg\",\"datePublished\":\"2021-05-07T13:13:52+00:00\",\"dateModified\":\"2021-05-07T14:49:33+00:00\",\"author\":{\"@id\":\"https:\/\/www.africa-press.net\/burkina-faso\/#\/schema\/person\/2b1cf3cd81a31e3cd26889ca66d677f1\"},\"description\":\"Dans un Faso o\u00f9 les livres co\u00fbtent cher, o\u00f9 plus de la moiti\u00e9 des adultes ne savent pas lire et o\u00f9, comme partout, l\u2019aud ...\",\"breadcrumb\":{\"@id\":\"https:\/\/www.africa-press.net\/burkina-faso\/culture-et-art\/les-passeurs-de-mots-du-burkina-faso#breadcrumb\"},\"inLanguage\":\"fr-FR\",\"potentialAction\":[{\"@type\":\"ReadAction\",\"target\":[\"https:\/\/www.africa-press.net\/burkina-faso\/culture-et-art\/les-passeurs-de-mots-du-burkina-faso\"]}]},{\"@type\":\"ImageObject\",\"inLanguage\":\"fr-FR\",\"@id\":\"https:\/\/www.africa-press.net\/burkina-faso\/culture-et-art\/les-passeurs-de-mots-du-burkina-faso#primaryimage\",\"url\":\"https:\/\/static.africa-press.net\/burkina\/sites\/42\/2021\/05\/img-60953bd607c28.jpg\",\"contentUrl\":\"https:\/\/static.africa-press.net\/burkina\/sites\/42\/2021\/05\/img-60953bd607c28.jpg\",\"width\":720,\"height\":360,\"caption\":\"Les passeurs de mots du Burkina Faso\"},{\"@type\":\"BreadcrumbList\",\"@id\":\"https:\/\/www.africa-press.net\/burkina-faso\/culture-et-art\/les-passeurs-de-mots-du-burkina-faso#breadcrumb\",\"itemListElement\":[{\"@type\":\"ListItem\",\"position\":1,\"name\":\"Accueil\",\"item\":\"https:\/\/www.africa-press.net\/burkina-faso\/\"},{\"@type\":\"ListItem\",\"position\":2,\"name\":\"Les passeurs de mots du Burkina Faso\"}]},{\"@type\":\"WebSite\",\"@id\":\"https:\/\/www.africa-press.net\/burkina-faso\/#website\",\"url\":\"https:\/\/www.africa-press.net\/burkina-faso\/\",\"name\":\"Burkina Faso\",\"description\":\"Just another Africa News Agency Sites site\",\"potentialAction\":[{\"@type\":\"SearchAction\",\"target\":{\"@type\":\"EntryPoint\",\"urlTemplate\":\"https:\/\/www.africa-press.net\/burkina-faso\/?s={search_term_string}\"},\"query-input\":{\"@type\":\"PropertyValueSpecification\",\"valueRequired\":true,\"valueName\":\"search_term_string\"}}],\"inLanguage\":\"fr-FR\"},{\"@type\":\"Person\",\"@id\":\"https:\/\/www.africa-press.net\/burkina-faso\/#\/schema\/person\/2b1cf3cd81a31e3cd26889ca66d677f1\",\"name\":\"cfeditorfr\"}]}<\/script>\n<!-- \/ Yoast SEO Premium plugin. -->","yoast_head_json":{"title":"Les passeurs de mots du Burkina Faso - Burkina Faso","description":"Dans un Faso o\u00f9 les livres co\u00fbtent cher, o\u00f9 plus de la moiti\u00e9 des adultes ne savent pas lire et o\u00f9, comme partout, l\u2019aud ...","robots":{"index":"index","follow":"follow","max-snippet":"max-snippet:-1","max-image-preview":"max-image-preview:large","max-video-preview":"max-video-preview:-1"},"canonical":"https:\/\/www.africa-press.net\/burkina-faso\/culture-et-art\/les-passeurs-de-mots-du-burkina-faso","og_locale":"fr_FR","og_type":"article","og_title":"Les passeurs de mots du Burkina Faso","og_description":"Dans un Faso o\u00f9 les livres co\u00fbtent cher, o\u00f9 plus de la moiti\u00e9 des adultes ne savent pas lire et o\u00f9, comme partout, l\u2019aud ...","og_url":"https:\/\/www.africa-press.net\/burkina-faso\/culture-et-art\/les-passeurs-de-mots-du-burkina-faso","og_site_name":"Burkina Faso","article_published_time":"2021-05-07T13:13:52+00:00","article_modified_time":"2021-05-07T14:49:33+00:00","og_image":[{"width":720,"height":360,"url":"https:\/\/static.africa-press.net\/burkina\/sites\/42\/2021\/05\/img-60953bd607c28.jpg","type":"image\/jpeg"}],"author":"cfeditorfr","twitter_card":"summary_large_image","twitter_misc":{"\u00c9crit par":"cfeditorfr","Dur\u00e9e de lecture estim\u00e9e":"4 minutes"},"schema":{"@context":"https:\/\/schema.org","@graph":[{"@type":"Article","@id":"https:\/\/www.africa-press.net\/burkina-faso\/culture-et-art\/les-passeurs-de-mots-du-burkina-faso#article","isPartOf":{"@id":"https:\/\/www.africa-press.net\/burkina-faso\/culture-et-art\/les-passeurs-de-mots-du-burkina-faso"},"author":{"name":"cfeditorfr","@id":"https:\/\/www.africa-press.net\/burkina-faso\/#\/schema\/person\/2b1cf3cd81a31e3cd26889ca66d677f1"},"headline":"Les passeurs de mots du Burkina Faso","datePublished":"2021-05-07T13:13:52+00:00","dateModified":"2021-05-07T14:49:33+00:00","mainEntityOfPage":{"@id":"https:\/\/www.africa-press.net\/burkina-faso\/culture-et-art\/les-passeurs-de-mots-du-burkina-faso"},"wordCount":794,"commentCount":0,"image":{"@id":"https:\/\/www.africa-press.net\/burkina-faso\/culture-et-art\/les-passeurs-de-mots-du-burkina-faso#primaryimage"},"thumbnailUrl":"https:\/\/static.africa-press.net\/burkina\/sites\/42\/2021\/05\/img-60953bd607c28.jpg","keywords":["Africa Press","Africa Press-Burkina Faso","Burkina Faso"],"articleSection":["Culture et Art","homepage-french","Top Nouvelles","Toutes les actualit\u00e9s"],"inLanguage":"fr-FR","potentialAction":[{"@type":"CommentAction","name":"Comment","target":["https:\/\/www.africa-press.net\/burkina-faso\/culture-et-art\/les-passeurs-de-mots-du-burkina-faso#respond"]}]},{"@type":"WebPage","@id":"https:\/\/www.africa-press.net\/burkina-faso\/culture-et-art\/les-passeurs-de-mots-du-burkina-faso","url":"https:\/\/www.africa-press.net\/burkina-faso\/culture-et-art\/les-passeurs-de-mots-du-burkina-faso","name":"Les passeurs de mots du Burkina Faso - Burkina Faso","isPartOf":{"@id":"https:\/\/www.africa-press.net\/burkina-faso\/#website"},"primaryImageOfPage":{"@id":"https:\/\/www.africa-press.net\/burkina-faso\/culture-et-art\/les-passeurs-de-mots-du-burkina-faso#primaryimage"},"image":{"@id":"https:\/\/www.africa-press.net\/burkina-faso\/culture-et-art\/les-passeurs-de-mots-du-burkina-faso#primaryimage"},"thumbnailUrl":"https:\/\/static.africa-press.net\/burkina\/sites\/42\/2021\/05\/img-60953bd607c28.jpg","datePublished":"2021-05-07T13:13:52+00:00","dateModified":"2021-05-07T14:49:33+00:00","author":{"@id":"https:\/\/www.africa-press.net\/burkina-faso\/#\/schema\/person\/2b1cf3cd81a31e3cd26889ca66d677f1"},"description":"Dans un Faso o\u00f9 les livres co\u00fbtent cher, o\u00f9 plus de la moiti\u00e9 des adultes ne savent pas lire et o\u00f9, comme partout, l\u2019aud ...","breadcrumb":{"@id":"https:\/\/www.africa-press.net\/burkina-faso\/culture-et-art\/les-passeurs-de-mots-du-burkina-faso#breadcrumb"},"inLanguage":"fr-FR","potentialAction":[{"@type":"ReadAction","target":["https:\/\/www.africa-press.net\/burkina-faso\/culture-et-art\/les-passeurs-de-mots-du-burkina-faso"]}]},{"@type":"ImageObject","inLanguage":"fr-FR","@id":"https:\/\/www.africa-press.net\/burkina-faso\/culture-et-art\/les-passeurs-de-mots-du-burkina-faso#primaryimage","url":"https:\/\/static.africa-press.net\/burkina\/sites\/42\/2021\/05\/img-60953bd607c28.jpg","contentUrl":"https:\/\/static.africa-press.net\/burkina\/sites\/42\/2021\/05\/img-60953bd607c28.jpg","width":720,"height":360,"caption":"Les passeurs de mots du Burkina Faso"},{"@type":"BreadcrumbList","@id":"https:\/\/www.africa-press.net\/burkina-faso\/culture-et-art\/les-passeurs-de-mots-du-burkina-faso#breadcrumb","itemListElement":[{"@type":"ListItem","position":1,"name":"Accueil","item":"https:\/\/www.africa-press.net\/burkina-faso\/"},{"@type":"ListItem","position":2,"name":"Les passeurs de mots du Burkina Faso"}]},{"@type":"WebSite","@id":"https:\/\/www.africa-press.net\/burkina-faso\/#website","url":"https:\/\/www.africa-press.net\/burkina-faso\/","name":"Burkina Faso","description":"Just another Africa News Agency Sites site","potentialAction":[{"@type":"SearchAction","target":{"@type":"EntryPoint","urlTemplate":"https:\/\/www.africa-press.net\/burkina-faso\/?s={search_term_string}"},"query-input":{"@type":"PropertyValueSpecification","valueRequired":true,"valueName":"search_term_string"}}],"inLanguage":"fr-FR"},{"@type":"Person","@id":"https:\/\/www.africa-press.net\/burkina-faso\/#\/schema\/person\/2b1cf3cd81a31e3cd26889ca66d677f1","name":"cfeditorfr"}]}},"_links":{"self":[{"href":"https:\/\/www.africa-press.net\/burkina-faso\/wp-json\/wp\/v2\/posts\/11365","targetHints":{"allow":["GET"]}}],"collection":[{"href":"https:\/\/www.africa-press.net\/burkina-faso\/wp-json\/wp\/v2\/posts"}],"about":[{"href":"https:\/\/www.africa-press.net\/burkina-faso\/wp-json\/wp\/v2\/types\/post"}],"author":[{"embeddable":true,"href":"https:\/\/www.africa-press.net\/burkina-faso\/wp-json\/wp\/v2\/users\/82"}],"replies":[{"embeddable":true,"href":"https:\/\/www.africa-press.net\/burkina-faso\/wp-json\/wp\/v2\/comments?post=11365"}],"version-history":[{"count":0,"href":"https:\/\/www.africa-press.net\/burkina-faso\/wp-json\/wp\/v2\/posts\/11365\/revisions"}],"wp:featuredmedia":[{"embeddable":true,"href":"https:\/\/www.africa-press.net\/burkina-faso\/wp-json\/wp\/v2\/media\/11364"}],"wp:attachment":[{"href":"https:\/\/www.africa-press.net\/burkina-faso\/wp-json\/wp\/v2\/media?parent=11365"}],"wp:term":[{"taxonomy":"category","embeddable":true,"href":"https:\/\/www.africa-press.net\/burkina-faso\/wp-json\/wp\/v2\/categories?post=11365"},{"taxonomy":"post_tag","embeddable":true,"href":"https:\/\/www.africa-press.net\/burkina-faso\/wp-json\/wp\/v2\/tags?post=11365"}],"curies":[{"name":"wp","href":"https:\/\/api.w.org\/{rel}","templated":true}]}}