{"id":11371,"date":"2021-05-07T13:29:49","date_gmt":"2021-05-07T13:29:49","guid":{"rendered":"https:\/\/www.africa-press.net\/burkina-faso\/?p=11371"},"modified":"2021-05-07T14:50:30","modified_gmt":"2021-05-07T14:50:30","slug":"faso-foot-28e-journee-le-duel-asfay-majestic-sc-en-attendant-la-coupe-du-faso","status":"publish","type":"post","link":"https:\/\/www.africa-press.net\/burkina-faso\/sports\/faso-foot-28e-journee-le-duel-asfay-majestic-sc-en-attendant-la-coupe-du-faso","title":{"rendered":"Faso foot\/28e journ\u00e9e : Le duel ASFAY # Majestic SC en attendant  la Coupe du Faso"},"content":{"rendered":"<p><span style=\"color: #ff6600\"><strong><a href=\"https:\/\/www.africa-press.net\/\">Africa-Press<\/a> &#8211; <a href=\"https:\/\/www.africa-press.net\/burkina-faso\">Burkina Faso<\/a>. <\/strong><\/span><b>Avant de se d\u00e9fier en coupe du Faso la semaine prochaine, l\u2019ASFAY et Majestic SC s\u2019affrontent ce week-end \u00e0 la faveur de la 28e journ\u00e9e du championnat. Leurs repr\u00e9sentants ainsi que ceux de l\u2019USFA et de KOZAF se sont pr\u00eat\u00e9s aux questions des journalistes hier \u00e0 Ouagadougou, sur les enjeux de ces rencontres \u00e0 venir.<\/b><\/p>\n<p>Apr\u00e8s sept matchs sans d\u00e9faite qui l\u2019a propuls\u00e9 de la 12e \u00e0 la 5e place, l\u2019ASFA Yennenga essaiera de poursuivre sur cette lanc\u00e9e ce soir contre Majestic SC. Selon son entra\u00eeneur, Albert Bambara, acteur majeur de cette bonne s\u00e9rie, l\u2019objectif est d\u00e9sormais d\u2019aller le plus loin possible en engrangeant le maximum de points. Si l\u2019adversaire du jour est une \u00ab bonne \u00bb \u00e9quipe tr\u00e8s \u00ab joueuse \u00bb a-t-il reconnu, lui et ses hommes comptent sur leur exp\u00e9rience et la pression dont ils se nourrissent constamment pour s\u2019en tirer \u00e0 bon compte. \u00ab Quand vous \u00eates au bas du tableau et que par la suite vous remontez comme nous l\u2019avons fait l\u2019app\u00e9tit va grandissant.<\/p>\n<p>Etre Africain serait bien ce qui fait que nous jouons \u00e0 fond sur les deux tableaux \u00bb, a soutenu le technicien des \u00ab vert et or \u00bb en faisant allusion \u00e0 la Coupe du Faso. En attendant donc l\u2019explication des \u00bc de finale de la coupe nationale qui les mettra aux prises, Majestic SC, qui ne n\u00e9gligera pas non plus aucune comp\u00e9tition, a \u00e9cout\u00e9 son entra\u00eeneur, va aborder le duel de ce vendredi avec une grande prudence. Log\u00e9s au 8e rang du classement \u00e0 un point de l\u2019ASFAY, les jeunes \u2018\u2019Magiciens\u2019\u2019 aimeraient jouer un bon tour \u00e0 la \u2018\u2019vieille dame\u2019\u2019 pour repartir avec le gain de la partie. Et Adama Yanogo de rassurer que toutes les dispositions seront prises aussi bien sur le plan mental que physique et tactique, pour \u00e9viter de s\u2019incliner au stade Issoufou-Conombo.<\/p>\n<p>La cuvette du stade municipal abritera samedi la rencontre USFA # KOZAF en seconde heure. L\u2019\u00e9quipe militaire (2e) n\u2019est distanci\u00e9e que d\u2019un petit point par le leader et pour son encadrement technique il n\u2019y a pas lieu de tergiverser. \u00ab Pour nous, il n\u2019y a pas de petit match et nous n\u2019allons pas d\u00e9roger \u00e0 la r\u00e8gle contre KOZAF \u00bb, a avou\u00e9 Antoine Ilboudo en conf\u00e9rence de presse d\u2019avant-match. Le fait que la t\u00eate pensante de l\u2019adversaire Magan Oul\u00e9 Diabat\u00e9 soit un familier de la maison \u00ab rouge et bleu \u00bb, pour y avoir \u00e9t\u00e9 joueur et entra\u00eeneur, est loin d\u2019inqui\u00e9ter les gar\u00e7ons de Zico.<\/p>\n<p>\u00ab Les forces du moment ne sont pas celles d\u2019hier et les r\u00e9alit\u00e9s ont chang\u00e9. A nous maintenant d\u2019\u00eatre plus appliqu\u00e9s et plus efficaces \u00bb, a r\u00e9agi Antoine Ilboudo. De la concentration et de l\u2019efficacit\u00e9, l\u2019USFA en aura en effet besoin pour se mettre \u00e0 l\u2019abri de surprise d\u00e9sagr\u00e9able face aux Acad\u00e9miciens. Toujours en course pour la coupe du Faso apr\u00e8s avoir sorti l\u2019EFO, KOZAF (18e) est aux abois dans le championnat. Aux dires de son coach adjoint, Aly Ou\u00e9draogo, plus que la Coupe du Faso, c\u2019est le maintien qui est la priorit\u00e9 du club. C\u2019est dire donc que la formation de Kassoum Ou\u00e9draogo ne m\u00e9nagera aucun effort pour aller dans la qu\u00eate de points et l\u2019USFA est pr\u00e9venue.<\/p>\n<p><b>\u00a0<\/b><\/p>\n","protected":false},"excerpt":{"rendered":"<p>Africa-Press &#8211; Burkina Faso. Avant de se d\u00e9fier en coupe du Faso la semaine prochaine, l\u2019ASFAY et Majestic SC s\u2019affrontent ce week-end \u00e0 la faveur de la 28e journ\u00e9e du championnat. Leurs repr\u00e9sentants ainsi que ceux de l\u2019USFA et de KOZAF se sont pr\u00eat\u00e9s aux questions des journalistes hier \u00e0 Ouagadougou, sur les enjeux de [&hellip;]<\/p>\n","protected":false},"author":82,"featured_media":11370,"comment_status":"open","ping_status":"closed","sticky":false,"template":"","format":"standard","meta":{"footnotes":""},"categories":[11,6,10],"tags":[111,725,1939,29,1938,1940],"class_list":["post-11371","post","type-post","status-publish","format-standard","has-post-thumbnail","hentry","category-homepage-french","category-sports","category-toutes-les-actualites","tag-africa-press","tag-africa-press-burkina-faso","tag-asfay","tag-burkina-faso","tag-fc","tag-majestic"],"yoast_head":"<!-- This site is optimized with the Yoast SEO Premium plugin v26.1 (Yoast SEO v27.0) - https:\/\/yoast.com\/product\/yoast-seo-premium-wordpress\/ -->\n<title>Faso foot\/28e journ\u00e9e : Le duel ASFAY # Majestic SC en attendant la Coupe du Faso - Burkina Faso<\/title>\n<meta name=\"description\" content=\"Avant de se d\u00e9fier en coupe du Faso la semaine prochaine, l\u2019ASFAY et Majestic SC s\u2019affrontent ce week-end \u00e0 la faveur ...\" \/>\n<meta name=\"robots\" content=\"index, follow, max-snippet:-1, max-image-preview:large, max-video-preview:-1\" \/>\n<link rel=\"canonical\" href=\"https:\/\/www.africa-press.net\/burkina-faso\/sports\/faso-foot-28e-journee-le-duel-asfay-majestic-sc-en-attendant-la-coupe-du-faso\" \/>\n<meta property=\"og:locale\" content=\"fr_FR\" \/>\n<meta property=\"og:type\" content=\"article\" \/>\n<meta property=\"og:title\" content=\"Faso foot\/28e journ\u00e9e : Le duel ASFAY # Majestic SC en attendant la Coupe du Faso\" \/>\n<meta property=\"og:description\" content=\"Avant de se d\u00e9fier en coupe du Faso la semaine prochaine, l\u2019ASFAY et Majestic SC s\u2019affrontent ce week-end \u00e0 la faveur ...\" \/>\n<meta property=\"og:url\" content=\"https:\/\/www.africa-press.net\/burkina-faso\/sports\/faso-foot-28e-journee-le-duel-asfay-majestic-sc-en-attendant-la-coupe-du-faso\" \/>\n<meta property=\"og:site_name\" content=\"Burkina Faso\" \/>\n<meta property=\"article:published_time\" content=\"2021-05-07T13:29:49+00:00\" \/>\n<meta property=\"article:modified_time\" content=\"2021-05-07T14:50:30+00:00\" \/>\n<meta property=\"og:image\" content=\"https:\/\/static.africa-press.net\/burkina\/sites\/42\/2021\/05\/img-60953c44ce670.jpg\" \/>\n\t<meta property=\"og:image:width\" content=\"787\" \/>\n\t<meta property=\"og:image:height\" content=\"443\" \/>\n\t<meta property=\"og:image:type\" content=\"image\/jpeg\" \/>\n<meta name=\"author\" content=\"cfeditorfr\" \/>\n<meta name=\"twitter:card\" content=\"summary_large_image\" \/>\n<meta name=\"twitter:label1\" content=\"\u00c9crit par\" \/>\n\t<meta name=\"twitter:data1\" content=\"cfeditorfr\" \/>\n\t<meta name=\"twitter:label2\" content=\"Dur\u00e9e de lecture estim\u00e9e\" \/>\n\t<meta name=\"twitter:data2\" content=\"3 minutes\" \/>\n<script type=\"application\/ld+json\" class=\"yoast-schema-graph\">{\"@context\":\"https:\/\/schema.org\",\"@graph\":[{\"@type\":\"Article\",\"@id\":\"https:\/\/www.africa-press.net\/burkina-faso\/sports\/faso-foot-28e-journee-le-duel-asfay-majestic-sc-en-attendant-la-coupe-du-faso#article\",\"isPartOf\":{\"@id\":\"https:\/\/www.africa-press.net\/burkina-faso\/sports\/faso-foot-28e-journee-le-duel-asfay-majestic-sc-en-attendant-la-coupe-du-faso\"},\"author\":{\"name\":\"cfeditorfr\",\"@id\":\"https:\/\/www.africa-press.net\/burkina-faso\/#\/schema\/person\/2b1cf3cd81a31e3cd26889ca66d677f1\"},\"headline\":\"Faso foot\/28e journ\u00e9e : Le duel ASFAY # Majestic SC en attendant la Coupe du Faso\",\"datePublished\":\"2021-05-07T13:29:49+00:00\",\"dateModified\":\"2021-05-07T14:50:30+00:00\",\"mainEntityOfPage\":{\"@id\":\"https:\/\/www.africa-press.net\/burkina-faso\/sports\/faso-foot-28e-journee-le-duel-asfay-majestic-sc-en-attendant-la-coupe-du-faso\"},\"wordCount\":592,\"commentCount\":0,\"image\":{\"@id\":\"https:\/\/www.africa-press.net\/burkina-faso\/sports\/faso-foot-28e-journee-le-duel-asfay-majestic-sc-en-attendant-la-coupe-du-faso#primaryimage\"},\"thumbnailUrl\":\"https:\/\/static.africa-press.net\/burkina\/sites\/42\/2021\/05\/img-60953c44ce670.jpg\",\"keywords\":[\"Africa Press\",\"Africa Press-Burkina Faso\",\"ASFAY\",\"Burkina Faso\",\"FC\",\"Majestic\"],\"articleSection\":[\"homepage-french\",\"Sports\",\"Toutes les actualit\u00e9s\"],\"inLanguage\":\"fr-FR\",\"potentialAction\":[{\"@type\":\"CommentAction\",\"name\":\"Comment\",\"target\":[\"https:\/\/www.africa-press.net\/burkina-faso\/sports\/faso-foot-28e-journee-le-duel-asfay-majestic-sc-en-attendant-la-coupe-du-faso#respond\"]}]},{\"@type\":\"WebPage\",\"@id\":\"https:\/\/www.africa-press.net\/burkina-faso\/sports\/faso-foot-28e-journee-le-duel-asfay-majestic-sc-en-attendant-la-coupe-du-faso\",\"url\":\"https:\/\/www.africa-press.net\/burkina-faso\/sports\/faso-foot-28e-journee-le-duel-asfay-majestic-sc-en-attendant-la-coupe-du-faso\",\"name\":\"Faso foot\/28e journ\u00e9e : Le duel ASFAY # Majestic SC en attendant la Coupe du Faso - Burkina Faso\",\"isPartOf\":{\"@id\":\"https:\/\/www.africa-press.net\/burkina-faso\/#website\"},\"primaryImageOfPage\":{\"@id\":\"https:\/\/www.africa-press.net\/burkina-faso\/sports\/faso-foot-28e-journee-le-duel-asfay-majestic-sc-en-attendant-la-coupe-du-faso#primaryimage\"},\"image\":{\"@id\":\"https:\/\/www.africa-press.net\/burkina-faso\/sports\/faso-foot-28e-journee-le-duel-asfay-majestic-sc-en-attendant-la-coupe-du-faso#primaryimage\"},\"thumbnailUrl\":\"https:\/\/static.africa-press.net\/burkina\/sites\/42\/2021\/05\/img-60953c44ce670.jpg\",\"datePublished\":\"2021-05-07T13:29:49+00:00\",\"dateModified\":\"2021-05-07T14:50:30+00:00\",\"author\":{\"@id\":\"https:\/\/www.africa-press.net\/burkina-faso\/#\/schema\/person\/2b1cf3cd81a31e3cd26889ca66d677f1\"},\"description\":\"Avant de se d\u00e9fier en coupe du Faso la semaine prochaine, l\u2019ASFAY et Majestic SC s\u2019affrontent ce week-end \u00e0 la faveur ...\",\"breadcrumb\":{\"@id\":\"https:\/\/www.africa-press.net\/burkina-faso\/sports\/faso-foot-28e-journee-le-duel-asfay-majestic-sc-en-attendant-la-coupe-du-faso#breadcrumb\"},\"inLanguage\":\"fr-FR\",\"potentialAction\":[{\"@type\":\"ReadAction\",\"target\":[\"https:\/\/www.africa-press.net\/burkina-faso\/sports\/faso-foot-28e-journee-le-duel-asfay-majestic-sc-en-attendant-la-coupe-du-faso\"]}]},{\"@type\":\"ImageObject\",\"inLanguage\":\"fr-FR\",\"@id\":\"https:\/\/www.africa-press.net\/burkina-faso\/sports\/faso-foot-28e-journee-le-duel-asfay-majestic-sc-en-attendant-la-coupe-du-faso#primaryimage\",\"url\":\"https:\/\/static.africa-press.net\/burkina\/sites\/42\/2021\/05\/img-60953c44ce670.jpg\",\"contentUrl\":\"https:\/\/static.africa-press.net\/burkina\/sites\/42\/2021\/05\/img-60953c44ce670.jpg\",\"width\":787,\"height\":443,\"caption\":\"Faso foot\/28e journ\u00e9e : Le duel ASFAY # Majestic SC en attendant la Coupe du Faso\"},{\"@type\":\"BreadcrumbList\",\"@id\":\"https:\/\/www.africa-press.net\/burkina-faso\/sports\/faso-foot-28e-journee-le-duel-asfay-majestic-sc-en-attendant-la-coupe-du-faso#breadcrumb\",\"itemListElement\":[{\"@type\":\"ListItem\",\"position\":1,\"name\":\"Accueil\",\"item\":\"https:\/\/www.africa-press.net\/burkina-faso\/\"},{\"@type\":\"ListItem\",\"position\":2,\"name\":\"Faso foot\/28e journ\u00e9e : Le duel ASFAY # Majestic SC en attendant la Coupe du Faso\"}]},{\"@type\":\"WebSite\",\"@id\":\"https:\/\/www.africa-press.net\/burkina-faso\/#website\",\"url\":\"https:\/\/www.africa-press.net\/burkina-faso\/\",\"name\":\"Burkina Faso\",\"description\":\"Just another Africa News Agency Sites site\",\"potentialAction\":[{\"@type\":\"SearchAction\",\"target\":{\"@type\":\"EntryPoint\",\"urlTemplate\":\"https:\/\/www.africa-press.net\/burkina-faso\/?s={search_term_string}\"},\"query-input\":{\"@type\":\"PropertyValueSpecification\",\"valueRequired\":true,\"valueName\":\"search_term_string\"}}],\"inLanguage\":\"fr-FR\"},{\"@type\":\"Person\",\"@id\":\"https:\/\/www.africa-press.net\/burkina-faso\/#\/schema\/person\/2b1cf3cd81a31e3cd26889ca66d677f1\",\"name\":\"cfeditorfr\"}]}<\/script>\n<!-- \/ Yoast SEO Premium plugin. -->","yoast_head_json":{"title":"Faso foot\/28e journ\u00e9e : Le duel ASFAY # Majestic SC en attendant la Coupe du Faso - Burkina Faso","description":"Avant de se d\u00e9fier en coupe du Faso la semaine prochaine, l\u2019ASFAY et Majestic SC s\u2019affrontent ce week-end \u00e0 la faveur ...","robots":{"index":"index","follow":"follow","max-snippet":"max-snippet:-1","max-image-preview":"max-image-preview:large","max-video-preview":"max-video-preview:-1"},"canonical":"https:\/\/www.africa-press.net\/burkina-faso\/sports\/faso-foot-28e-journee-le-duel-asfay-majestic-sc-en-attendant-la-coupe-du-faso","og_locale":"fr_FR","og_type":"article","og_title":"Faso foot\/28e journ\u00e9e : Le duel ASFAY # Majestic SC en attendant la Coupe du Faso","og_description":"Avant de se d\u00e9fier en coupe du Faso la semaine prochaine, l\u2019ASFAY et Majestic SC s\u2019affrontent ce week-end \u00e0 la faveur ...","og_url":"https:\/\/www.africa-press.net\/burkina-faso\/sports\/faso-foot-28e-journee-le-duel-asfay-majestic-sc-en-attendant-la-coupe-du-faso","og_site_name":"Burkina Faso","article_published_time":"2021-05-07T13:29:49+00:00","article_modified_time":"2021-05-07T14:50:30+00:00","og_image":[{"width":787,"height":443,"url":"https:\/\/static.africa-press.net\/burkina\/sites\/42\/2021\/05\/img-60953c44ce670.jpg","type":"image\/jpeg"}],"author":"cfeditorfr","twitter_card":"summary_large_image","twitter_misc":{"\u00c9crit par":"cfeditorfr","Dur\u00e9e de lecture estim\u00e9e":"3 minutes"},"schema":{"@context":"https:\/\/schema.org","@graph":[{"@type":"Article","@id":"https:\/\/www.africa-press.net\/burkina-faso\/sports\/faso-foot-28e-journee-le-duel-asfay-majestic-sc-en-attendant-la-coupe-du-faso#article","isPartOf":{"@id":"https:\/\/www.africa-press.net\/burkina-faso\/sports\/faso-foot-28e-journee-le-duel-asfay-majestic-sc-en-attendant-la-coupe-du-faso"},"author":{"name":"cfeditorfr","@id":"https:\/\/www.africa-press.net\/burkina-faso\/#\/schema\/person\/2b1cf3cd81a31e3cd26889ca66d677f1"},"headline":"Faso foot\/28e journ\u00e9e : Le duel ASFAY # Majestic SC en attendant la Coupe du Faso","datePublished":"2021-05-07T13:29:49+00:00","dateModified":"2021-05-07T14:50:30+00:00","mainEntityOfPage":{"@id":"https:\/\/www.africa-press.net\/burkina-faso\/sports\/faso-foot-28e-journee-le-duel-asfay-majestic-sc-en-attendant-la-coupe-du-faso"},"wordCount":592,"commentCount":0,"image":{"@id":"https:\/\/www.africa-press.net\/burkina-faso\/sports\/faso-foot-28e-journee-le-duel-asfay-majestic-sc-en-attendant-la-coupe-du-faso#primaryimage"},"thumbnailUrl":"https:\/\/static.africa-press.net\/burkina\/sites\/42\/2021\/05\/img-60953c44ce670.jpg","keywords":["Africa Press","Africa Press-Burkina Faso","ASFAY","Burkina Faso","FC","Majestic"],"articleSection":["homepage-french","Sports","Toutes les actualit\u00e9s"],"inLanguage":"fr-FR","potentialAction":[{"@type":"CommentAction","name":"Comment","target":["https:\/\/www.africa-press.net\/burkina-faso\/sports\/faso-foot-28e-journee-le-duel-asfay-majestic-sc-en-attendant-la-coupe-du-faso#respond"]}]},{"@type":"WebPage","@id":"https:\/\/www.africa-press.net\/burkina-faso\/sports\/faso-foot-28e-journee-le-duel-asfay-majestic-sc-en-attendant-la-coupe-du-faso","url":"https:\/\/www.africa-press.net\/burkina-faso\/sports\/faso-foot-28e-journee-le-duel-asfay-majestic-sc-en-attendant-la-coupe-du-faso","name":"Faso foot\/28e journ\u00e9e : Le duel ASFAY # Majestic SC en attendant la Coupe du Faso - Burkina Faso","isPartOf":{"@id":"https:\/\/www.africa-press.net\/burkina-faso\/#website"},"primaryImageOfPage":{"@id":"https:\/\/www.africa-press.net\/burkina-faso\/sports\/faso-foot-28e-journee-le-duel-asfay-majestic-sc-en-attendant-la-coupe-du-faso#primaryimage"},"image":{"@id":"https:\/\/www.africa-press.net\/burkina-faso\/sports\/faso-foot-28e-journee-le-duel-asfay-majestic-sc-en-attendant-la-coupe-du-faso#primaryimage"},"thumbnailUrl":"https:\/\/static.africa-press.net\/burkina\/sites\/42\/2021\/05\/img-60953c44ce670.jpg","datePublished":"2021-05-07T13:29:49+00:00","dateModified":"2021-05-07T14:50:30+00:00","author":{"@id":"https:\/\/www.africa-press.net\/burkina-faso\/#\/schema\/person\/2b1cf3cd81a31e3cd26889ca66d677f1"},"description":"Avant de se d\u00e9fier en coupe du Faso la semaine prochaine, l\u2019ASFAY et Majestic SC s\u2019affrontent ce week-end \u00e0 la faveur ...","breadcrumb":{"@id":"https:\/\/www.africa-press.net\/burkina-faso\/sports\/faso-foot-28e-journee-le-duel-asfay-majestic-sc-en-attendant-la-coupe-du-faso#breadcrumb"},"inLanguage":"fr-FR","potentialAction":[{"@type":"ReadAction","target":["https:\/\/www.africa-press.net\/burkina-faso\/sports\/faso-foot-28e-journee-le-duel-asfay-majestic-sc-en-attendant-la-coupe-du-faso"]}]},{"@type":"ImageObject","inLanguage":"fr-FR","@id":"https:\/\/www.africa-press.net\/burkina-faso\/sports\/faso-foot-28e-journee-le-duel-asfay-majestic-sc-en-attendant-la-coupe-du-faso#primaryimage","url":"https:\/\/static.africa-press.net\/burkina\/sites\/42\/2021\/05\/img-60953c44ce670.jpg","contentUrl":"https:\/\/static.africa-press.net\/burkina\/sites\/42\/2021\/05\/img-60953c44ce670.jpg","width":787,"height":443,"caption":"Faso foot\/28e journ\u00e9e : Le duel ASFAY # Majestic SC en attendant la Coupe du Faso"},{"@type":"BreadcrumbList","@id":"https:\/\/www.africa-press.net\/burkina-faso\/sports\/faso-foot-28e-journee-le-duel-asfay-majestic-sc-en-attendant-la-coupe-du-faso#breadcrumb","itemListElement":[{"@type":"ListItem","position":1,"name":"Accueil","item":"https:\/\/www.africa-press.net\/burkina-faso\/"},{"@type":"ListItem","position":2,"name":"Faso foot\/28e journ\u00e9e : Le duel ASFAY # Majestic SC en attendant la Coupe du Faso"}]},{"@type":"WebSite","@id":"https:\/\/www.africa-press.net\/burkina-faso\/#website","url":"https:\/\/www.africa-press.net\/burkina-faso\/","name":"Burkina Faso","description":"Just another Africa News Agency Sites site","potentialAction":[{"@type":"SearchAction","target":{"@type":"EntryPoint","urlTemplate":"https:\/\/www.africa-press.net\/burkina-faso\/?s={search_term_string}"},"query-input":{"@type":"PropertyValueSpecification","valueRequired":true,"valueName":"search_term_string"}}],"inLanguage":"fr-FR"},{"@type":"Person","@id":"https:\/\/www.africa-press.net\/burkina-faso\/#\/schema\/person\/2b1cf3cd81a31e3cd26889ca66d677f1","name":"cfeditorfr"}]}},"_links":{"self":[{"href":"https:\/\/www.africa-press.net\/burkina-faso\/wp-json\/wp\/v2\/posts\/11371","targetHints":{"allow":["GET"]}}],"collection":[{"href":"https:\/\/www.africa-press.net\/burkina-faso\/wp-json\/wp\/v2\/posts"}],"about":[{"href":"https:\/\/www.africa-press.net\/burkina-faso\/wp-json\/wp\/v2\/types\/post"}],"author":[{"embeddable":true,"href":"https:\/\/www.africa-press.net\/burkina-faso\/wp-json\/wp\/v2\/users\/82"}],"replies":[{"embeddable":true,"href":"https:\/\/www.africa-press.net\/burkina-faso\/wp-json\/wp\/v2\/comments?post=11371"}],"version-history":[{"count":0,"href":"https:\/\/www.africa-press.net\/burkina-faso\/wp-json\/wp\/v2\/posts\/11371\/revisions"}],"wp:featuredmedia":[{"embeddable":true,"href":"https:\/\/www.africa-press.net\/burkina-faso\/wp-json\/wp\/v2\/media\/11370"}],"wp:attachment":[{"href":"https:\/\/www.africa-press.net\/burkina-faso\/wp-json\/wp\/v2\/media?parent=11371"}],"wp:term":[{"taxonomy":"category","embeddable":true,"href":"https:\/\/www.africa-press.net\/burkina-faso\/wp-json\/wp\/v2\/categories?post=11371"},{"taxonomy":"post_tag","embeddable":true,"href":"https:\/\/www.africa-press.net\/burkina-faso\/wp-json\/wp\/v2\/tags?post=11371"}],"curies":[{"name":"wp","href":"https:\/\/api.w.org\/{rel}","templated":true}]}}