{"id":11389,"date":"2021-05-07T14:17:06","date_gmt":"2021-05-07T14:17:06","guid":{"rendered":"https:\/\/www.africa-press.net\/burkina-faso\/?p=11389"},"modified":"2021-05-07T14:51:55","modified_gmt":"2021-05-07T14:51:55","slug":"affaire-mosquee-de-panzani-le-gouvernement-attribue-le-terrain-litigieux-a-la-federation-des-associations-islamiques","status":"publish","type":"post","link":"https:\/\/www.africa-press.net\/burkina-faso\/culture-et-art\/affaire-mosquee-de-panzani-le-gouvernement-attribue-le-terrain-litigieux-a-la-federation-des-associations-islamiques","title":{"rendered":"Affaire \u00ab Mosqu\u00e9e de Panzani \u00bb : Le gouvernement attribue le terrain litigieux \u00e0 la f\u00e9d\u00e9ration des associations islamiques"},"content":{"rendered":"<p><span style=\"color: #ff6600\"><strong><a href=\"https:\/\/www.africa-press.net\/\">Africa-Press<\/a> &#8211; <a href=\"https:\/\/www.africa-press.net\/burkina-faso\">Burkina Faso<\/a>. <\/strong><\/span><b>Le Gouvernement a d\u00e9finitivement tranch\u00e9 le conflit n\u00e9 de la destruction de la mosqu\u00e9e de Panzani, le 7 septembre 2020. Dans un communiqu\u00e9 en date du 6 mai 2021, l\u2019ex\u00e9cutif a d\u00e9cid\u00e9 d\u2019attribuer le terrain litigieux \u00e0 la F\u00e9d\u00e9ration des Associations Islamiques du Burkina Faso (FAIB) \u00ab \u00e0 l\u2019effet de permettre la r\u00e9alisation de toute infrastructure ou toute activit\u00e9 en faveur de la communaut\u00e9 islamique \u00bb.<\/b><\/p>\n<p>Quant \u00e0 M. Jacques Ou\u00e9draogo, attributaire l\u00e9gal du terrain litigieux, le gouvernement a d\u00e9cid\u00e9 de lui c\u00e9der un autre terrain \u00ab en guise de compensation \u00bb, peut-on lire dans le communiqu\u00e9 sign\u00e9 du ministre de l\u2019administration territoriale et de la d\u00e9centralisation.<\/p>\n<p>En rappel, le gouvernement burkinab\u00e8 avait d\u00e9sapprouv\u00e9, la destruction de la mosqu\u00e9e du quartier Panzani, dans l\u2019arrondissement n\u00b09 de Ouagadougou, suite \u00e0 un litige foncier opposant les fid\u00e8les de ce lieu de culte \u00e0 un particulier.<\/p>\n<p>Le 7 octobre, le porte-parole du gouvernement d\u2019alors, R\u00e9mis Fulgance Dandjinou, avait d\u00e9clar\u00e9 qu\u2019une proc\u00e9dure avait \u00e9t\u00e9 engag\u00e9e pour le retrait des titres de propri\u00e9t\u00e9 au profit de l\u2019Etat.<\/p>\n","protected":false},"excerpt":{"rendered":"<p>Africa-Press &#8211; Burkina Faso. Le Gouvernement a d\u00e9finitivement tranch\u00e9 le conflit n\u00e9 de la destruction de la mosqu\u00e9e de Panzani, le 7 septembre 2020. Dans un communiqu\u00e9 en date du 6 mai 2021, l\u2019ex\u00e9cutif a d\u00e9cid\u00e9 d\u2019attribuer le terrain litigieux \u00e0 la F\u00e9d\u00e9ration des Associations Islamiques du Burkina Faso (FAIB) \u00ab \u00e0 l\u2019effet de permettre [&hellip;]<\/p>\n","protected":false},"author":82,"featured_media":11388,"comment_status":"open","ping_status":"closed","sticky":false,"template":"","format":"standard","meta":{"footnotes":""},"categories":[5,11,10],"tags":[111,725,29],"class_list":["post-11389","post","type-post","status-publish","format-standard","has-post-thumbnail","hentry","category-culture-et-art","category-homepage-french","category-toutes-les-actualites","tag-africa-press","tag-africa-press-burkina-faso","tag-burkina-faso"],"yoast_head":"<!-- This site is optimized with the Yoast SEO Premium plugin v26.1 (Yoast SEO v27.0) - https:\/\/yoast.com\/product\/yoast-seo-premium-wordpress\/ -->\n<title>Affaire \u00ab Mosqu\u00e9e de Panzani \u00bb : Le gouvernement attribue le terrain litigieux \u00e0 la f\u00e9d\u00e9ration des associations islamiques - Burkina Faso<\/title>\n<meta name=\"description\" content=\"Le Gouvernement a d\u00e9finitivement tranch\u00e9 le conflit n\u00e9 de la destruction de la mosqu\u00e9e de Panzani, le 7 septembre 202 ...\" \/>\n<meta name=\"robots\" content=\"index, follow, max-snippet:-1, max-image-preview:large, max-video-preview:-1\" \/>\n<link rel=\"canonical\" href=\"https:\/\/www.africa-press.net\/burkina-faso\/culture-et-art\/affaire-mosquee-de-panzani-le-gouvernement-attribue-le-terrain-litigieux-a-la-federation-des-associations-islamiques\" \/>\n<meta property=\"og:locale\" content=\"fr_FR\" \/>\n<meta property=\"og:type\" content=\"article\" \/>\n<meta property=\"og:title\" content=\"Affaire \u00ab Mosqu\u00e9e de Panzani \u00bb : Le gouvernement attribue le terrain litigieux \u00e0 la f\u00e9d\u00e9ration des associations islamiques\" \/>\n<meta property=\"og:description\" content=\"Le Gouvernement a d\u00e9finitivement tranch\u00e9 le conflit n\u00e9 de la destruction de la mosqu\u00e9e de Panzani, le 7 septembre 202 ...\" \/>\n<meta property=\"og:url\" content=\"https:\/\/www.africa-press.net\/burkina-faso\/culture-et-art\/affaire-mosquee-de-panzani-le-gouvernement-attribue-le-terrain-litigieux-a-la-federation-des-associations-islamiques\" \/>\n<meta property=\"og:site_name\" content=\"Burkina Faso\" \/>\n<meta property=\"article:published_time\" content=\"2021-05-07T14:17:06+00:00\" \/>\n<meta property=\"article:modified_time\" content=\"2021-05-07T14:51:55+00:00\" \/>\n<meta property=\"og:image\" content=\"https:\/\/static.africa-press.net\/burkina\/sites\/42\/2021\/05\/img-60953d88d7e99.jpg\" \/>\n\t<meta property=\"og:image:width\" content=\"720\" \/>\n\t<meta property=\"og:image:height\" content=\"405\" \/>\n\t<meta property=\"og:image:type\" content=\"image\/jpeg\" \/>\n<meta name=\"author\" content=\"cfeditorfr\" \/>\n<meta name=\"twitter:card\" content=\"summary_large_image\" \/>\n<meta name=\"twitter:label1\" content=\"\u00c9crit par\" \/>\n\t<meta name=\"twitter:data1\" content=\"cfeditorfr\" \/>\n\t<meta name=\"twitter:label2\" content=\"Dur\u00e9e de lecture estim\u00e9e\" \/>\n\t<meta name=\"twitter:data2\" content=\"1 minute\" \/>\n<script type=\"application\/ld+json\" class=\"yoast-schema-graph\">{\"@context\":\"https:\/\/schema.org\",\"@graph\":[{\"@type\":\"Article\",\"@id\":\"https:\/\/www.africa-press.net\/burkina-faso\/culture-et-art\/affaire-mosquee-de-panzani-le-gouvernement-attribue-le-terrain-litigieux-a-la-federation-des-associations-islamiques#article\",\"isPartOf\":{\"@id\":\"https:\/\/www.africa-press.net\/burkina-faso\/culture-et-art\/affaire-mosquee-de-panzani-le-gouvernement-attribue-le-terrain-litigieux-a-la-federation-des-associations-islamiques\"},\"author\":{\"name\":\"cfeditorfr\",\"@id\":\"https:\/\/www.africa-press.net\/burkina-faso\/#\/schema\/person\/2b1cf3cd81a31e3cd26889ca66d677f1\"},\"headline\":\"Affaire \u00ab Mosqu\u00e9e de Panzani \u00bb : Le gouvernement attribue le terrain litigieux \u00e0 la f\u00e9d\u00e9ration des associations islamiques\",\"datePublished\":\"2021-05-07T14:17:06+00:00\",\"dateModified\":\"2021-05-07T14:51:55+00:00\",\"mainEntityOfPage\":{\"@id\":\"https:\/\/www.africa-press.net\/burkina-faso\/culture-et-art\/affaire-mosquee-de-panzani-le-gouvernement-attribue-le-terrain-litigieux-a-la-federation-des-associations-islamiques\"},\"wordCount\":208,\"commentCount\":0,\"image\":{\"@id\":\"https:\/\/www.africa-press.net\/burkina-faso\/culture-et-art\/affaire-mosquee-de-panzani-le-gouvernement-attribue-le-terrain-litigieux-a-la-federation-des-associations-islamiques#primaryimage\"},\"thumbnailUrl\":\"https:\/\/static.africa-press.net\/burkina\/sites\/42\/2021\/05\/img-60953d88d7e99.jpg\",\"keywords\":[\"Africa Press\",\"Africa Press-Burkina Faso\",\"Burkina Faso\"],\"articleSection\":[\"Culture et Art\",\"homepage-french\",\"Toutes les actualit\u00e9s\"],\"inLanguage\":\"fr-FR\",\"potentialAction\":[{\"@type\":\"CommentAction\",\"name\":\"Comment\",\"target\":[\"https:\/\/www.africa-press.net\/burkina-faso\/culture-et-art\/affaire-mosquee-de-panzani-le-gouvernement-attribue-le-terrain-litigieux-a-la-federation-des-associations-islamiques#respond\"]}]},{\"@type\":\"WebPage\",\"@id\":\"https:\/\/www.africa-press.net\/burkina-faso\/culture-et-art\/affaire-mosquee-de-panzani-le-gouvernement-attribue-le-terrain-litigieux-a-la-federation-des-associations-islamiques\",\"url\":\"https:\/\/www.africa-press.net\/burkina-faso\/culture-et-art\/affaire-mosquee-de-panzani-le-gouvernement-attribue-le-terrain-litigieux-a-la-federation-des-associations-islamiques\",\"name\":\"Affaire \u00ab Mosqu\u00e9e de Panzani \u00bb : Le gouvernement attribue le terrain litigieux \u00e0 la f\u00e9d\u00e9ration des associations islamiques - Burkina Faso\",\"isPartOf\":{\"@id\":\"https:\/\/www.africa-press.net\/burkina-faso\/#website\"},\"primaryImageOfPage\":{\"@id\":\"https:\/\/www.africa-press.net\/burkina-faso\/culture-et-art\/affaire-mosquee-de-panzani-le-gouvernement-attribue-le-terrain-litigieux-a-la-federation-des-associations-islamiques#primaryimage\"},\"image\":{\"@id\":\"https:\/\/www.africa-press.net\/burkina-faso\/culture-et-art\/affaire-mosquee-de-panzani-le-gouvernement-attribue-le-terrain-litigieux-a-la-federation-des-associations-islamiques#primaryimage\"},\"thumbnailUrl\":\"https:\/\/static.africa-press.net\/burkina\/sites\/42\/2021\/05\/img-60953d88d7e99.jpg\",\"datePublished\":\"2021-05-07T14:17:06+00:00\",\"dateModified\":\"2021-05-07T14:51:55+00:00\",\"author\":{\"@id\":\"https:\/\/www.africa-press.net\/burkina-faso\/#\/schema\/person\/2b1cf3cd81a31e3cd26889ca66d677f1\"},\"description\":\"Le Gouvernement a d\u00e9finitivement tranch\u00e9 le conflit n\u00e9 de la destruction de la mosqu\u00e9e de Panzani, le 7 septembre 202 ...\",\"breadcrumb\":{\"@id\":\"https:\/\/www.africa-press.net\/burkina-faso\/culture-et-art\/affaire-mosquee-de-panzani-le-gouvernement-attribue-le-terrain-litigieux-a-la-federation-des-associations-islamiques#breadcrumb\"},\"inLanguage\":\"fr-FR\",\"potentialAction\":[{\"@type\":\"ReadAction\",\"target\":[\"https:\/\/www.africa-press.net\/burkina-faso\/culture-et-art\/affaire-mosquee-de-panzani-le-gouvernement-attribue-le-terrain-litigieux-a-la-federation-des-associations-islamiques\"]}]},{\"@type\":\"ImageObject\",\"inLanguage\":\"fr-FR\",\"@id\":\"https:\/\/www.africa-press.net\/burkina-faso\/culture-et-art\/affaire-mosquee-de-panzani-le-gouvernement-attribue-le-terrain-litigieux-a-la-federation-des-associations-islamiques#primaryimage\",\"url\":\"https:\/\/static.africa-press.net\/burkina\/sites\/42\/2021\/05\/img-60953d88d7e99.jpg\",\"contentUrl\":\"https:\/\/static.africa-press.net\/burkina\/sites\/42\/2021\/05\/img-60953d88d7e99.jpg\",\"width\":720,\"height\":405,\"caption\":\"Affaire \u00ab Mosqu\u00e9e de Panzani \u00bb : Le gouvernement attribue le terrain litigieux \u00e0 la f\u00e9d\u00e9ration des associations islamiques\"},{\"@type\":\"BreadcrumbList\",\"@id\":\"https:\/\/www.africa-press.net\/burkina-faso\/culture-et-art\/affaire-mosquee-de-panzani-le-gouvernement-attribue-le-terrain-litigieux-a-la-federation-des-associations-islamiques#breadcrumb\",\"itemListElement\":[{\"@type\":\"ListItem\",\"position\":1,\"name\":\"Accueil\",\"item\":\"https:\/\/www.africa-press.net\/burkina-faso\/\"},{\"@type\":\"ListItem\",\"position\":2,\"name\":\"Affaire \u00ab Mosqu\u00e9e de Panzani \u00bb : Le gouvernement attribue le terrain litigieux \u00e0 la f\u00e9d\u00e9ration des associations islamiques\"}]},{\"@type\":\"WebSite\",\"@id\":\"https:\/\/www.africa-press.net\/burkina-faso\/#website\",\"url\":\"https:\/\/www.africa-press.net\/burkina-faso\/\",\"name\":\"Burkina Faso\",\"description\":\"Just another Africa News Agency Sites site\",\"potentialAction\":[{\"@type\":\"SearchAction\",\"target\":{\"@type\":\"EntryPoint\",\"urlTemplate\":\"https:\/\/www.africa-press.net\/burkina-faso\/?s={search_term_string}\"},\"query-input\":{\"@type\":\"PropertyValueSpecification\",\"valueRequired\":true,\"valueName\":\"search_term_string\"}}],\"inLanguage\":\"fr-FR\"},{\"@type\":\"Person\",\"@id\":\"https:\/\/www.africa-press.net\/burkina-faso\/#\/schema\/person\/2b1cf3cd81a31e3cd26889ca66d677f1\",\"name\":\"cfeditorfr\"}]}<\/script>\n<!-- \/ Yoast SEO Premium plugin. -->","yoast_head_json":{"title":"Affaire \u00ab Mosqu\u00e9e de Panzani \u00bb : Le gouvernement attribue le terrain litigieux \u00e0 la f\u00e9d\u00e9ration des associations islamiques - Burkina Faso","description":"Le Gouvernement a d\u00e9finitivement tranch\u00e9 le conflit n\u00e9 de la destruction de la mosqu\u00e9e de Panzani, le 7 septembre 202 ...","robots":{"index":"index","follow":"follow","max-snippet":"max-snippet:-1","max-image-preview":"max-image-preview:large","max-video-preview":"max-video-preview:-1"},"canonical":"https:\/\/www.africa-press.net\/burkina-faso\/culture-et-art\/affaire-mosquee-de-panzani-le-gouvernement-attribue-le-terrain-litigieux-a-la-federation-des-associations-islamiques","og_locale":"fr_FR","og_type":"article","og_title":"Affaire \u00ab Mosqu\u00e9e de Panzani \u00bb : Le gouvernement attribue le terrain litigieux \u00e0 la f\u00e9d\u00e9ration des associations islamiques","og_description":"Le Gouvernement a d\u00e9finitivement tranch\u00e9 le conflit n\u00e9 de la destruction de la mosqu\u00e9e de Panzani, le 7 septembre 202 ...","og_url":"https:\/\/www.africa-press.net\/burkina-faso\/culture-et-art\/affaire-mosquee-de-panzani-le-gouvernement-attribue-le-terrain-litigieux-a-la-federation-des-associations-islamiques","og_site_name":"Burkina Faso","article_published_time":"2021-05-07T14:17:06+00:00","article_modified_time":"2021-05-07T14:51:55+00:00","og_image":[{"width":720,"height":405,"url":"https:\/\/static.africa-press.net\/burkina\/sites\/42\/2021\/05\/img-60953d88d7e99.jpg","type":"image\/jpeg"}],"author":"cfeditorfr","twitter_card":"summary_large_image","twitter_misc":{"\u00c9crit par":"cfeditorfr","Dur\u00e9e de lecture estim\u00e9e":"1 minute"},"schema":{"@context":"https:\/\/schema.org","@graph":[{"@type":"Article","@id":"https:\/\/www.africa-press.net\/burkina-faso\/culture-et-art\/affaire-mosquee-de-panzani-le-gouvernement-attribue-le-terrain-litigieux-a-la-federation-des-associations-islamiques#article","isPartOf":{"@id":"https:\/\/www.africa-press.net\/burkina-faso\/culture-et-art\/affaire-mosquee-de-panzani-le-gouvernement-attribue-le-terrain-litigieux-a-la-federation-des-associations-islamiques"},"author":{"name":"cfeditorfr","@id":"https:\/\/www.africa-press.net\/burkina-faso\/#\/schema\/person\/2b1cf3cd81a31e3cd26889ca66d677f1"},"headline":"Affaire \u00ab Mosqu\u00e9e de Panzani \u00bb : Le gouvernement attribue le terrain litigieux \u00e0 la f\u00e9d\u00e9ration des associations islamiques","datePublished":"2021-05-07T14:17:06+00:00","dateModified":"2021-05-07T14:51:55+00:00","mainEntityOfPage":{"@id":"https:\/\/www.africa-press.net\/burkina-faso\/culture-et-art\/affaire-mosquee-de-panzani-le-gouvernement-attribue-le-terrain-litigieux-a-la-federation-des-associations-islamiques"},"wordCount":208,"commentCount":0,"image":{"@id":"https:\/\/www.africa-press.net\/burkina-faso\/culture-et-art\/affaire-mosquee-de-panzani-le-gouvernement-attribue-le-terrain-litigieux-a-la-federation-des-associations-islamiques#primaryimage"},"thumbnailUrl":"https:\/\/static.africa-press.net\/burkina\/sites\/42\/2021\/05\/img-60953d88d7e99.jpg","keywords":["Africa Press","Africa Press-Burkina Faso","Burkina Faso"],"articleSection":["Culture et Art","homepage-french","Toutes les actualit\u00e9s"],"inLanguage":"fr-FR","potentialAction":[{"@type":"CommentAction","name":"Comment","target":["https:\/\/www.africa-press.net\/burkina-faso\/culture-et-art\/affaire-mosquee-de-panzani-le-gouvernement-attribue-le-terrain-litigieux-a-la-federation-des-associations-islamiques#respond"]}]},{"@type":"WebPage","@id":"https:\/\/www.africa-press.net\/burkina-faso\/culture-et-art\/affaire-mosquee-de-panzani-le-gouvernement-attribue-le-terrain-litigieux-a-la-federation-des-associations-islamiques","url":"https:\/\/www.africa-press.net\/burkina-faso\/culture-et-art\/affaire-mosquee-de-panzani-le-gouvernement-attribue-le-terrain-litigieux-a-la-federation-des-associations-islamiques","name":"Affaire \u00ab Mosqu\u00e9e de Panzani \u00bb : Le gouvernement attribue le terrain litigieux \u00e0 la f\u00e9d\u00e9ration des associations islamiques - Burkina Faso","isPartOf":{"@id":"https:\/\/www.africa-press.net\/burkina-faso\/#website"},"primaryImageOfPage":{"@id":"https:\/\/www.africa-press.net\/burkina-faso\/culture-et-art\/affaire-mosquee-de-panzani-le-gouvernement-attribue-le-terrain-litigieux-a-la-federation-des-associations-islamiques#primaryimage"},"image":{"@id":"https:\/\/www.africa-press.net\/burkina-faso\/culture-et-art\/affaire-mosquee-de-panzani-le-gouvernement-attribue-le-terrain-litigieux-a-la-federation-des-associations-islamiques#primaryimage"},"thumbnailUrl":"https:\/\/static.africa-press.net\/burkina\/sites\/42\/2021\/05\/img-60953d88d7e99.jpg","datePublished":"2021-05-07T14:17:06+00:00","dateModified":"2021-05-07T14:51:55+00:00","author":{"@id":"https:\/\/www.africa-press.net\/burkina-faso\/#\/schema\/person\/2b1cf3cd81a31e3cd26889ca66d677f1"},"description":"Le Gouvernement a d\u00e9finitivement tranch\u00e9 le conflit n\u00e9 de la destruction de la mosqu\u00e9e de Panzani, le 7 septembre 202 ...","breadcrumb":{"@id":"https:\/\/www.africa-press.net\/burkina-faso\/culture-et-art\/affaire-mosquee-de-panzani-le-gouvernement-attribue-le-terrain-litigieux-a-la-federation-des-associations-islamiques#breadcrumb"},"inLanguage":"fr-FR","potentialAction":[{"@type":"ReadAction","target":["https:\/\/www.africa-press.net\/burkina-faso\/culture-et-art\/affaire-mosquee-de-panzani-le-gouvernement-attribue-le-terrain-litigieux-a-la-federation-des-associations-islamiques"]}]},{"@type":"ImageObject","inLanguage":"fr-FR","@id":"https:\/\/www.africa-press.net\/burkina-faso\/culture-et-art\/affaire-mosquee-de-panzani-le-gouvernement-attribue-le-terrain-litigieux-a-la-federation-des-associations-islamiques#primaryimage","url":"https:\/\/static.africa-press.net\/burkina\/sites\/42\/2021\/05\/img-60953d88d7e99.jpg","contentUrl":"https:\/\/static.africa-press.net\/burkina\/sites\/42\/2021\/05\/img-60953d88d7e99.jpg","width":720,"height":405,"caption":"Affaire \u00ab Mosqu\u00e9e de Panzani \u00bb : Le gouvernement attribue le terrain litigieux \u00e0 la f\u00e9d\u00e9ration des associations islamiques"},{"@type":"BreadcrumbList","@id":"https:\/\/www.africa-press.net\/burkina-faso\/culture-et-art\/affaire-mosquee-de-panzani-le-gouvernement-attribue-le-terrain-litigieux-a-la-federation-des-associations-islamiques#breadcrumb","itemListElement":[{"@type":"ListItem","position":1,"name":"Accueil","item":"https:\/\/www.africa-press.net\/burkina-faso\/"},{"@type":"ListItem","position":2,"name":"Affaire \u00ab Mosqu\u00e9e de Panzani \u00bb : Le gouvernement attribue le terrain litigieux \u00e0 la f\u00e9d\u00e9ration des associations islamiques"}]},{"@type":"WebSite","@id":"https:\/\/www.africa-press.net\/burkina-faso\/#website","url":"https:\/\/www.africa-press.net\/burkina-faso\/","name":"Burkina Faso","description":"Just another Africa News Agency Sites site","potentialAction":[{"@type":"SearchAction","target":{"@type":"EntryPoint","urlTemplate":"https:\/\/www.africa-press.net\/burkina-faso\/?s={search_term_string}"},"query-input":{"@type":"PropertyValueSpecification","valueRequired":true,"valueName":"search_term_string"}}],"inLanguage":"fr-FR"},{"@type":"Person","@id":"https:\/\/www.africa-press.net\/burkina-faso\/#\/schema\/person\/2b1cf3cd81a31e3cd26889ca66d677f1","name":"cfeditorfr"}]}},"_links":{"self":[{"href":"https:\/\/www.africa-press.net\/burkina-faso\/wp-json\/wp\/v2\/posts\/11389","targetHints":{"allow":["GET"]}}],"collection":[{"href":"https:\/\/www.africa-press.net\/burkina-faso\/wp-json\/wp\/v2\/posts"}],"about":[{"href":"https:\/\/www.africa-press.net\/burkina-faso\/wp-json\/wp\/v2\/types\/post"}],"author":[{"embeddable":true,"href":"https:\/\/www.africa-press.net\/burkina-faso\/wp-json\/wp\/v2\/users\/82"}],"replies":[{"embeddable":true,"href":"https:\/\/www.africa-press.net\/burkina-faso\/wp-json\/wp\/v2\/comments?post=11389"}],"version-history":[{"count":0,"href":"https:\/\/www.africa-press.net\/burkina-faso\/wp-json\/wp\/v2\/posts\/11389\/revisions"}],"wp:featuredmedia":[{"embeddable":true,"href":"https:\/\/www.africa-press.net\/burkina-faso\/wp-json\/wp\/v2\/media\/11388"}],"wp:attachment":[{"href":"https:\/\/www.africa-press.net\/burkina-faso\/wp-json\/wp\/v2\/media?parent=11389"}],"wp:term":[{"taxonomy":"category","embeddable":true,"href":"https:\/\/www.africa-press.net\/burkina-faso\/wp-json\/wp\/v2\/categories?post=11389"},{"taxonomy":"post_tag","embeddable":true,"href":"https:\/\/www.africa-press.net\/burkina-faso\/wp-json\/wp\/v2\/tags?post=11389"}],"curies":[{"name":"wp","href":"https:\/\/api.w.org\/{rel}","templated":true}]}}