{"id":11392,"date":"2021-05-07T14:23:49","date_gmt":"2021-05-07T14:23:49","guid":{"rendered":"https:\/\/www.africa-press.net\/burkina-faso\/?p=11392"},"modified":"2021-05-07T14:52:06","modified_gmt":"2021-05-07T14:52:06","slug":"reformes-foncieres-au-burkina-des-proprietaires-terriens-disent-non-2","status":"publish","type":"post","link":"https:\/\/www.africa-press.net\/burkina-faso\/economie\/reformes-foncieres-au-burkina-des-proprietaires-terriens-disent-non-2","title":{"rendered":"R\u00e9formes fonci\u00e8res au Burkina : Des propri\u00e9taires terriens disent non"},"content":{"rendered":"<p><span style=\"color: #ff6600\"><strong><a href=\"https:\/\/www.africa-press.net\/\">Africa-Press<\/a> &#8211; <a href=\"https:\/\/www.africa-press.net\/burkina-faso\">Burkina Faso<\/a>. <\/strong><\/span><b>Des propri\u00e9taires terriens de la commune rurale de Pabr\u00e9 disent non aux r\u00e9formes fonci\u00e8res annonc\u00e9es par le gouvernement. Regroup\u00e9s au sein de l\u2019association Nakolbzanga, ils sont plut\u00f4t engag\u00e9s dans des projets immobiliers structurants. Ils l\u2019ont fait savoir ce jeudi 6 mai 2021 \u00e0 Pabr\u00e9, province du Kadiogo, au cours d\u2019une conf\u00e9rence de presse organis\u00e9e \u00e0 cet effet.<\/b><\/p>\n<p>Des propri\u00e9taires terriens de la commune de Pabr\u00e9, province du Kadiogo, r\u00e9gion du Centre, ne sont pas du tout d\u2019accord avec les r\u00e9formes fonci\u00e8res annonc\u00e9es par le gouvernement. Ils l\u2019ont fait savoir ce jeudi 6 mai 2021. C\u2019\u00e9tait au cours d\u2019une rencontre avec la presse tenue \u00e0 cet effet.<\/p>\n<p>Regroup\u00e9s au sein de l\u2019association Nakolbzanga, ces propri\u00e9taires terriens ont indiqu\u00e9 que le gouvernement, dans ses nouvelles r\u00e9formes, veut leur retirer la propri\u00e9t\u00e9 des terres. Pourtant pour Mady Sawadogo, secr\u00e9taire g\u00e9n\u00e9ral de l\u2019association, de par le pass\u00e9, ils ont \u00e9t\u00e9 victimes de pillages de leurs biens. A l\u2019en croire, des lotissements ont \u00e9t\u00e9 faits sans que les propri\u00e9taires terriens ne b\u00e9n\u00e9ficient des retomb\u00e9es.<\/p>\n<p>A sa suite, les chefs coutumiers, les chefs de terre et les femmes ont pris la parole pour d\u00e9noncer ces nouvelles r\u00e9formes \u00e0 venir. Pour eux, il faut les laisser disposer de leurs terres comme ils le veulent.<\/p>\n<p>En lieu et place du retour de l\u2019Etat dans la gestion des terres, ces propri\u00e9taires terriens disent avoir pr\u00e9f\u00e9r\u00e9 s\u2019engager dans des projets immobiliers structurants. Ceci, en vue de mettre en valeur leurs terres au lieu de les morceler en zone non loties ou de les vendre de mani\u00e8re isol\u00e9e.<\/p>\n<p>Pour cela, des familles ont d\u00e9j\u00e0 sign\u00e9 des protocoles d\u2019accord dans ce sens avec des promoteurs immobiliers. 22 villages de la commune de Pabr\u00e9 sont concern\u00e9s par le projet structurant avec les soci\u00e9t\u00e9s immobili\u00e8res.<\/p>\n<p>Les propri\u00e9taires terriens pr\u00e9viennent donc le ministre de l\u2019Urbanisme, de l\u2019Habitat et de la Ville qu\u2019ils ne feront pas marche arri\u00e8re. Toutefois, ils invitent le gouvernement \u00e0 la concertation. Selon eux, l\u2019on doit avancer et pr\u00e9server la coh\u00e9sion sociale dans le pays.<\/p>\n<p><b>\u00a0<\/b><\/p>\n","protected":false},"excerpt":{"rendered":"<p>Africa-Press &#8211; Burkina Faso. Des propri\u00e9taires terriens de la commune rurale de Pabr\u00e9 disent non aux r\u00e9formes fonci\u00e8res annonc\u00e9es par le gouvernement. Regroup\u00e9s au sein de l\u2019association Nakolbzanga, ils sont plut\u00f4t engag\u00e9s dans des projets immobiliers structurants. Ils l\u2019ont fait savoir ce jeudi 6 mai 2021 \u00e0 Pabr\u00e9, province du Kadiogo, au cours d\u2019une conf\u00e9rence [&hellip;]<\/p>\n","protected":false},"author":82,"featured_media":11391,"comment_status":"open","ping_status":"closed","sticky":false,"template":"","format":"standard","meta":{"footnotes":""},"categories":[3,11,10],"tags":[111,725,29],"class_list":["post-11392","post","type-post","status-publish","format-standard","has-post-thumbnail","hentry","category-economie","category-homepage-french","category-toutes-les-actualites","tag-africa-press","tag-africa-press-burkina-faso","tag-burkina-faso"],"yoast_head":"<!-- This site is optimized with the Yoast SEO Premium plugin v26.1 (Yoast SEO v27.0) - https:\/\/yoast.com\/product\/yoast-seo-premium-wordpress\/ -->\n<title>R\u00e9formes fonci\u00e8res au Burkina : Des propri\u00e9taires terriens disent non - Burkina Faso<\/title>\n<meta name=\"description\" content=\"Des propri\u00e9taires terriens de la commune rurale de Pabr\u00e9 disent non aux r\u00e9formes fonci\u00e8res annonc\u00e9es par le gouvernem ...\" \/>\n<meta name=\"robots\" content=\"index, follow, max-snippet:-1, max-image-preview:large, max-video-preview:-1\" \/>\n<link rel=\"canonical\" href=\"https:\/\/www.africa-press.net\/burkina-faso\/economie\/reformes-foncieres-au-burkina-des-proprietaires-terriens-disent-non-2\" \/>\n<meta property=\"og:locale\" content=\"fr_FR\" \/>\n<meta property=\"og:type\" content=\"article\" \/>\n<meta property=\"og:title\" content=\"R\u00e9formes fonci\u00e8res au Burkina : Des propri\u00e9taires terriens disent non\" \/>\n<meta property=\"og:description\" content=\"Des propri\u00e9taires terriens de la commune rurale de Pabr\u00e9 disent non aux r\u00e9formes fonci\u00e8res annonc\u00e9es par le gouvernem ...\" \/>\n<meta property=\"og:url\" content=\"https:\/\/www.africa-press.net\/burkina-faso\/economie\/reformes-foncieres-au-burkina-des-proprietaires-terriens-disent-non-2\" \/>\n<meta property=\"og:site_name\" content=\"Burkina Faso\" \/>\n<meta property=\"article:published_time\" content=\"2021-05-07T14:23:49+00:00\" \/>\n<meta property=\"article:modified_time\" content=\"2021-05-07T14:52:06+00:00\" \/>\n<meta property=\"og:image\" content=\"https:\/\/static.africa-press.net\/burkina\/sites\/42\/2021\/05\/img-60953db31ee2c.jpg\" \/>\n\t<meta property=\"og:image:width\" content=\"720\" \/>\n\t<meta property=\"og:image:height\" content=\"373\" \/>\n\t<meta property=\"og:image:type\" content=\"image\/jpeg\" \/>\n<meta name=\"author\" content=\"cfeditorfr\" \/>\n<meta name=\"twitter:card\" content=\"summary_large_image\" \/>\n<meta name=\"twitter:label1\" content=\"\u00c9crit par\" \/>\n\t<meta name=\"twitter:data1\" content=\"cfeditorfr\" \/>\n\t<meta name=\"twitter:label2\" content=\"Dur\u00e9e de lecture estim\u00e9e\" \/>\n\t<meta name=\"twitter:data2\" content=\"2 minutes\" \/>\n<script type=\"application\/ld+json\" class=\"yoast-schema-graph\">{\"@context\":\"https:\/\/schema.org\",\"@graph\":[{\"@type\":\"Article\",\"@id\":\"https:\/\/www.africa-press.net\/burkina-faso\/economie\/reformes-foncieres-au-burkina-des-proprietaires-terriens-disent-non-2#article\",\"isPartOf\":{\"@id\":\"https:\/\/www.africa-press.net\/burkina-faso\/economie\/reformes-foncieres-au-burkina-des-proprietaires-terriens-disent-non-2\"},\"author\":{\"name\":\"cfeditorfr\",\"@id\":\"https:\/\/www.africa-press.net\/burkina-faso\/#\/schema\/person\/2b1cf3cd81a31e3cd26889ca66d677f1\"},\"headline\":\"R\u00e9formes fonci\u00e8res au Burkina : Des propri\u00e9taires terriens disent non\",\"datePublished\":\"2021-05-07T14:23:49+00:00\",\"dateModified\":\"2021-05-07T14:52:06+00:00\",\"mainEntityOfPage\":{\"@id\":\"https:\/\/www.africa-press.net\/burkina-faso\/economie\/reformes-foncieres-au-burkina-des-proprietaires-terriens-disent-non-2\"},\"wordCount\":398,\"commentCount\":0,\"image\":{\"@id\":\"https:\/\/www.africa-press.net\/burkina-faso\/economie\/reformes-foncieres-au-burkina-des-proprietaires-terriens-disent-non-2#primaryimage\"},\"thumbnailUrl\":\"https:\/\/static.africa-press.net\/burkina\/sites\/42\/2021\/05\/img-60953db31ee2c.jpg\",\"keywords\":[\"Africa Press\",\"Africa Press-Burkina Faso\",\"Burkina Faso\"],\"articleSection\":[\"\u00c9conomie\",\"homepage-french\",\"Toutes les actualit\u00e9s\"],\"inLanguage\":\"fr-FR\",\"potentialAction\":[{\"@type\":\"CommentAction\",\"name\":\"Comment\",\"target\":[\"https:\/\/www.africa-press.net\/burkina-faso\/economie\/reformes-foncieres-au-burkina-des-proprietaires-terriens-disent-non-2#respond\"]}]},{\"@type\":\"WebPage\",\"@id\":\"https:\/\/www.africa-press.net\/burkina-faso\/economie\/reformes-foncieres-au-burkina-des-proprietaires-terriens-disent-non-2\",\"url\":\"https:\/\/www.africa-press.net\/burkina-faso\/economie\/reformes-foncieres-au-burkina-des-proprietaires-terriens-disent-non-2\",\"name\":\"R\u00e9formes fonci\u00e8res au Burkina : Des propri\u00e9taires terriens disent non - Burkina Faso\",\"isPartOf\":{\"@id\":\"https:\/\/www.africa-press.net\/burkina-faso\/#website\"},\"primaryImageOfPage\":{\"@id\":\"https:\/\/www.africa-press.net\/burkina-faso\/economie\/reformes-foncieres-au-burkina-des-proprietaires-terriens-disent-non-2#primaryimage\"},\"image\":{\"@id\":\"https:\/\/www.africa-press.net\/burkina-faso\/economie\/reformes-foncieres-au-burkina-des-proprietaires-terriens-disent-non-2#primaryimage\"},\"thumbnailUrl\":\"https:\/\/static.africa-press.net\/burkina\/sites\/42\/2021\/05\/img-60953db31ee2c.jpg\",\"datePublished\":\"2021-05-07T14:23:49+00:00\",\"dateModified\":\"2021-05-07T14:52:06+00:00\",\"author\":{\"@id\":\"https:\/\/www.africa-press.net\/burkina-faso\/#\/schema\/person\/2b1cf3cd81a31e3cd26889ca66d677f1\"},\"description\":\"Des propri\u00e9taires terriens de la commune rurale de Pabr\u00e9 disent non aux r\u00e9formes fonci\u00e8res annonc\u00e9es par le gouvernem ...\",\"breadcrumb\":{\"@id\":\"https:\/\/www.africa-press.net\/burkina-faso\/economie\/reformes-foncieres-au-burkina-des-proprietaires-terriens-disent-non-2#breadcrumb\"},\"inLanguage\":\"fr-FR\",\"potentialAction\":[{\"@type\":\"ReadAction\",\"target\":[\"https:\/\/www.africa-press.net\/burkina-faso\/economie\/reformes-foncieres-au-burkina-des-proprietaires-terriens-disent-non-2\"]}]},{\"@type\":\"ImageObject\",\"inLanguage\":\"fr-FR\",\"@id\":\"https:\/\/www.africa-press.net\/burkina-faso\/economie\/reformes-foncieres-au-burkina-des-proprietaires-terriens-disent-non-2#primaryimage\",\"url\":\"https:\/\/static.africa-press.net\/burkina\/sites\/42\/2021\/05\/img-60953db31ee2c.jpg\",\"contentUrl\":\"https:\/\/static.africa-press.net\/burkina\/sites\/42\/2021\/05\/img-60953db31ee2c.jpg\",\"width\":720,\"height\":373,\"caption\":\"R\u00e9formes fonci\u00e8res au Burkina : Des propri\u00e9taires terriens disent non\"},{\"@type\":\"BreadcrumbList\",\"@id\":\"https:\/\/www.africa-press.net\/burkina-faso\/economie\/reformes-foncieres-au-burkina-des-proprietaires-terriens-disent-non-2#breadcrumb\",\"itemListElement\":[{\"@type\":\"ListItem\",\"position\":1,\"name\":\"Accueil\",\"item\":\"https:\/\/www.africa-press.net\/burkina-faso\/\"},{\"@type\":\"ListItem\",\"position\":2,\"name\":\"R\u00e9formes fonci\u00e8res au Burkina : Des propri\u00e9taires terriens disent non\"}]},{\"@type\":\"WebSite\",\"@id\":\"https:\/\/www.africa-press.net\/burkina-faso\/#website\",\"url\":\"https:\/\/www.africa-press.net\/burkina-faso\/\",\"name\":\"Burkina Faso\",\"description\":\"Just another Africa News Agency Sites site\",\"potentialAction\":[{\"@type\":\"SearchAction\",\"target\":{\"@type\":\"EntryPoint\",\"urlTemplate\":\"https:\/\/www.africa-press.net\/burkina-faso\/?s={search_term_string}\"},\"query-input\":{\"@type\":\"PropertyValueSpecification\",\"valueRequired\":true,\"valueName\":\"search_term_string\"}}],\"inLanguage\":\"fr-FR\"},{\"@type\":\"Person\",\"@id\":\"https:\/\/www.africa-press.net\/burkina-faso\/#\/schema\/person\/2b1cf3cd81a31e3cd26889ca66d677f1\",\"name\":\"cfeditorfr\"}]}<\/script>\n<!-- \/ Yoast SEO Premium plugin. -->","yoast_head_json":{"title":"R\u00e9formes fonci\u00e8res au Burkina : Des propri\u00e9taires terriens disent non - Burkina Faso","description":"Des propri\u00e9taires terriens de la commune rurale de Pabr\u00e9 disent non aux r\u00e9formes fonci\u00e8res annonc\u00e9es par le gouvernem ...","robots":{"index":"index","follow":"follow","max-snippet":"max-snippet:-1","max-image-preview":"max-image-preview:large","max-video-preview":"max-video-preview:-1"},"canonical":"https:\/\/www.africa-press.net\/burkina-faso\/economie\/reformes-foncieres-au-burkina-des-proprietaires-terriens-disent-non-2","og_locale":"fr_FR","og_type":"article","og_title":"R\u00e9formes fonci\u00e8res au Burkina : Des propri\u00e9taires terriens disent non","og_description":"Des propri\u00e9taires terriens de la commune rurale de Pabr\u00e9 disent non aux r\u00e9formes fonci\u00e8res annonc\u00e9es par le gouvernem ...","og_url":"https:\/\/www.africa-press.net\/burkina-faso\/economie\/reformes-foncieres-au-burkina-des-proprietaires-terriens-disent-non-2","og_site_name":"Burkina Faso","article_published_time":"2021-05-07T14:23:49+00:00","article_modified_time":"2021-05-07T14:52:06+00:00","og_image":[{"width":720,"height":373,"url":"https:\/\/static.africa-press.net\/burkina\/sites\/42\/2021\/05\/img-60953db31ee2c.jpg","type":"image\/jpeg"}],"author":"cfeditorfr","twitter_card":"summary_large_image","twitter_misc":{"\u00c9crit par":"cfeditorfr","Dur\u00e9e de lecture estim\u00e9e":"2 minutes"},"schema":{"@context":"https:\/\/schema.org","@graph":[{"@type":"Article","@id":"https:\/\/www.africa-press.net\/burkina-faso\/economie\/reformes-foncieres-au-burkina-des-proprietaires-terriens-disent-non-2#article","isPartOf":{"@id":"https:\/\/www.africa-press.net\/burkina-faso\/economie\/reformes-foncieres-au-burkina-des-proprietaires-terriens-disent-non-2"},"author":{"name":"cfeditorfr","@id":"https:\/\/www.africa-press.net\/burkina-faso\/#\/schema\/person\/2b1cf3cd81a31e3cd26889ca66d677f1"},"headline":"R\u00e9formes fonci\u00e8res au Burkina : Des propri\u00e9taires terriens disent non","datePublished":"2021-05-07T14:23:49+00:00","dateModified":"2021-05-07T14:52:06+00:00","mainEntityOfPage":{"@id":"https:\/\/www.africa-press.net\/burkina-faso\/economie\/reformes-foncieres-au-burkina-des-proprietaires-terriens-disent-non-2"},"wordCount":398,"commentCount":0,"image":{"@id":"https:\/\/www.africa-press.net\/burkina-faso\/economie\/reformes-foncieres-au-burkina-des-proprietaires-terriens-disent-non-2#primaryimage"},"thumbnailUrl":"https:\/\/static.africa-press.net\/burkina\/sites\/42\/2021\/05\/img-60953db31ee2c.jpg","keywords":["Africa Press","Africa Press-Burkina Faso","Burkina Faso"],"articleSection":["\u00c9conomie","homepage-french","Toutes les actualit\u00e9s"],"inLanguage":"fr-FR","potentialAction":[{"@type":"CommentAction","name":"Comment","target":["https:\/\/www.africa-press.net\/burkina-faso\/economie\/reformes-foncieres-au-burkina-des-proprietaires-terriens-disent-non-2#respond"]}]},{"@type":"WebPage","@id":"https:\/\/www.africa-press.net\/burkina-faso\/economie\/reformes-foncieres-au-burkina-des-proprietaires-terriens-disent-non-2","url":"https:\/\/www.africa-press.net\/burkina-faso\/economie\/reformes-foncieres-au-burkina-des-proprietaires-terriens-disent-non-2","name":"R\u00e9formes fonci\u00e8res au Burkina : Des propri\u00e9taires terriens disent non - Burkina Faso","isPartOf":{"@id":"https:\/\/www.africa-press.net\/burkina-faso\/#website"},"primaryImageOfPage":{"@id":"https:\/\/www.africa-press.net\/burkina-faso\/economie\/reformes-foncieres-au-burkina-des-proprietaires-terriens-disent-non-2#primaryimage"},"image":{"@id":"https:\/\/www.africa-press.net\/burkina-faso\/economie\/reformes-foncieres-au-burkina-des-proprietaires-terriens-disent-non-2#primaryimage"},"thumbnailUrl":"https:\/\/static.africa-press.net\/burkina\/sites\/42\/2021\/05\/img-60953db31ee2c.jpg","datePublished":"2021-05-07T14:23:49+00:00","dateModified":"2021-05-07T14:52:06+00:00","author":{"@id":"https:\/\/www.africa-press.net\/burkina-faso\/#\/schema\/person\/2b1cf3cd81a31e3cd26889ca66d677f1"},"description":"Des propri\u00e9taires terriens de la commune rurale de Pabr\u00e9 disent non aux r\u00e9formes fonci\u00e8res annonc\u00e9es par le gouvernem ...","breadcrumb":{"@id":"https:\/\/www.africa-press.net\/burkina-faso\/economie\/reformes-foncieres-au-burkina-des-proprietaires-terriens-disent-non-2#breadcrumb"},"inLanguage":"fr-FR","potentialAction":[{"@type":"ReadAction","target":["https:\/\/www.africa-press.net\/burkina-faso\/economie\/reformes-foncieres-au-burkina-des-proprietaires-terriens-disent-non-2"]}]},{"@type":"ImageObject","inLanguage":"fr-FR","@id":"https:\/\/www.africa-press.net\/burkina-faso\/economie\/reformes-foncieres-au-burkina-des-proprietaires-terriens-disent-non-2#primaryimage","url":"https:\/\/static.africa-press.net\/burkina\/sites\/42\/2021\/05\/img-60953db31ee2c.jpg","contentUrl":"https:\/\/static.africa-press.net\/burkina\/sites\/42\/2021\/05\/img-60953db31ee2c.jpg","width":720,"height":373,"caption":"R\u00e9formes fonci\u00e8res au Burkina : Des propri\u00e9taires terriens disent non"},{"@type":"BreadcrumbList","@id":"https:\/\/www.africa-press.net\/burkina-faso\/economie\/reformes-foncieres-au-burkina-des-proprietaires-terriens-disent-non-2#breadcrumb","itemListElement":[{"@type":"ListItem","position":1,"name":"Accueil","item":"https:\/\/www.africa-press.net\/burkina-faso\/"},{"@type":"ListItem","position":2,"name":"R\u00e9formes fonci\u00e8res au Burkina : Des propri\u00e9taires terriens disent non"}]},{"@type":"WebSite","@id":"https:\/\/www.africa-press.net\/burkina-faso\/#website","url":"https:\/\/www.africa-press.net\/burkina-faso\/","name":"Burkina Faso","description":"Just another Africa News Agency Sites site","potentialAction":[{"@type":"SearchAction","target":{"@type":"EntryPoint","urlTemplate":"https:\/\/www.africa-press.net\/burkina-faso\/?s={search_term_string}"},"query-input":{"@type":"PropertyValueSpecification","valueRequired":true,"valueName":"search_term_string"}}],"inLanguage":"fr-FR"},{"@type":"Person","@id":"https:\/\/www.africa-press.net\/burkina-faso\/#\/schema\/person\/2b1cf3cd81a31e3cd26889ca66d677f1","name":"cfeditorfr"}]}},"_links":{"self":[{"href":"https:\/\/www.africa-press.net\/burkina-faso\/wp-json\/wp\/v2\/posts\/11392","targetHints":{"allow":["GET"]}}],"collection":[{"href":"https:\/\/www.africa-press.net\/burkina-faso\/wp-json\/wp\/v2\/posts"}],"about":[{"href":"https:\/\/www.africa-press.net\/burkina-faso\/wp-json\/wp\/v2\/types\/post"}],"author":[{"embeddable":true,"href":"https:\/\/www.africa-press.net\/burkina-faso\/wp-json\/wp\/v2\/users\/82"}],"replies":[{"embeddable":true,"href":"https:\/\/www.africa-press.net\/burkina-faso\/wp-json\/wp\/v2\/comments?post=11392"}],"version-history":[{"count":0,"href":"https:\/\/www.africa-press.net\/burkina-faso\/wp-json\/wp\/v2\/posts\/11392\/revisions"}],"wp:featuredmedia":[{"embeddable":true,"href":"https:\/\/www.africa-press.net\/burkina-faso\/wp-json\/wp\/v2\/media\/11391"}],"wp:attachment":[{"href":"https:\/\/www.africa-press.net\/burkina-faso\/wp-json\/wp\/v2\/media?parent=11392"}],"wp:term":[{"taxonomy":"category","embeddable":true,"href":"https:\/\/www.africa-press.net\/burkina-faso\/wp-json\/wp\/v2\/categories?post=11392"},{"taxonomy":"post_tag","embeddable":true,"href":"https:\/\/www.africa-press.net\/burkina-faso\/wp-json\/wp\/v2\/tags?post=11392"}],"curies":[{"name":"wp","href":"https:\/\/api.w.org\/{rel}","templated":true}]}}