{"id":11395,"date":"2021-05-07T14:28:34","date_gmt":"2021-05-07T14:28:34","guid":{"rendered":"https:\/\/www.africa-press.net\/burkina-faso\/?p=11395"},"modified":"2021-05-07T14:52:16","modified_gmt":"2021-05-07T14:52:16","slug":"elections-a-lordre-des-architectes-du-burkina-ca-grogne","status":"publish","type":"post","link":"https:\/\/www.africa-press.net\/burkina-faso\/politique\/elections-a-lordre-des-architectes-du-burkina-ca-grogne","title":{"rendered":"Elections \u00e0 l\u2019Ordre des architectes du Burkina : \u00c7a grogne !"},"content":{"rendered":"<p><span style=\"color: #ff6600\"><strong><a href=\"https:\/\/www.africa-press.net\/\">Africa-Press<\/a> &#8211; <a href=\"https:\/\/www.africa-press.net\/burkina-faso\">Burkina Faso<\/a>. <\/strong><\/span><b>Cette ann\u00e9e 2021 verra les membres de l\u2019Ordre des architectes du Burkina re\u00e9lire les conseils de l\u2019ordre et leur pr\u00e9sident. Afin de mettre toutes les chances de leur c\u00f4t\u00e9, des jeunes candidats ont lanc\u00e9 une grande campagne sur les r\u00e9seaux sociaux. Cette strat\u00e9gie de communication constitue, selon le conseil actuel, une violation des textes en vigueur. En repr\u00e9sailles, il a obtenu, \u00e0 l\u2019issue de son Assembl\u00e9e g\u00e9n\u00e9rale extraordinaire, la r\u00e9ouverture des candidatures \u00e0 tous les postes, permettant ainsi au secr\u00e9taire g\u00e9n\u00e9ral actuel du conseil de d\u00e9poser sa candidature au poste de secr\u00e9taire g\u00e9n\u00e9ral adjoint. Pourtant selon les textes, un candidat ne peut faire deux mandats successifs. Ces sujets alimentent les d\u00e9bats ces derniers jours.<\/b><\/p>\n<p>Le 14 mai 2021, les architectes seront appel\u00e9s \u00e0 voter les hommes et les femmes qui vont diriger leur organisation et porter plus haut leurs attentes. Pour ces \u00e9lections, 11 postes sont \u00e0 pourvoir. A une semaine du scrutin, la tension ne cesse de cro\u00eetre. Les raisons ? Le lancement d\u2019une campagne sur les r\u00e9seaux sociaux par des jeunes candidats et la candidature du secr\u00e9taire g\u00e9n\u00e9ral (SG) actuel au poste de SG adjoint.<\/p>\n<p>Afin de mettre les uns et les autres sur le m\u00eame niveau de compr\u00e9hension, le pr\u00e9sident de l\u2019Ordre des architectes, Fabien Ou\u00e9draogo, a laiss\u00e9 entendre que les textes essentiels de l\u2019Ordre ne pr\u00e9voient pas de campagne \u00e9lectorale proprement dite. \u00ab En tout \u00e9tat de cause, les textes interdisent toute forme de publicit\u00e9 qui ne porte pas sur des projets d\u2019architecture, et toute forme de publicit\u00e9 tapageuse \u00bb, insiste-t-il. En cas de non-respect de ces principes, les concern\u00e9s peuvent \u00eatre traduits en conseil de discipline, pr\u00e9vient M. Ou\u00e9draogo. En ce qui concerne la candidature du SG actuel, cela n\u2019est pas une premi\u00e8re dans l\u2019histoire du Conseil de l\u2019Ordre des architectes du Burkina.<\/p>\n<p>Il y a eu des pr\u00e9c\u00e9dents o\u00f9 certains ont fait plus de deux mandats mais \u00e0 des postes diff\u00e9rents par manque de candidatures. C\u2019est du moins ce qu\u2019a confi\u00e9 le pr\u00e9sident. Cependant, l\u2019Assembl\u00e9e g\u00e9n\u00e9rale statuera in situ sur ce cas. R\u00e9agissant sur son compte Facebook, Lahouss\u00e9ni Tahar Ou\u00e9draogo n\u2019est pas pass\u00e9 par quatre chemins pour cracher ses v\u00e9rit\u00e9s au Conseil de l\u2019Ordre des architectes. Selon lui, ces a\u00een\u00e9s ont \u00e9chou\u00e9 \u00e0 obtenir l\u2019\u00e9panouissement de la profession. \u00ab Nos promotionnaires ont \u00e9chou\u00e9. Alors pourquoi ruser pour retirer leur chance \u00e0 nos petits fr\u00e8res s\u2019ils veulent prendre leur destin\u00e9e en mains ? \u00bb, se questionne-t-il.<\/p>\n<p>Il va jusqu\u2019\u00e0 contredire le pr\u00e9sident de l\u2019Ordre. \u00ab Absolument aucun article de nos textes n\u2019interdit de recourir aux m\u00e9dias pour la campagne \u00e9lectorale. Mais pourquoi l\u2019Ordre actuel veut-il interdire aux jeunes architectes candidats de battre campagne comme bon leur semble, dans les m\u00e9dias notamment ? \u00bb, mart\u00e8le-t-il.<\/p>\n<p>R\u00e9volutionnaire dans l\u2019\u00e2me, Tahar Ou\u00e9draogo a dit sa disponibilit\u00e9 \u00e0 accompagner \u00e0 ces \u00e9lections, tous les candidats d\u2019un vrai changement. Car, dit-il, les magouilles, les conflits d\u2019int\u00e9r\u00eat flagrants, les coups bas sous la ceinture des concurrents et les intimidations via la chambre disciplinaire sont le quotidien des architectes burkinab\u00e8 depuis 10 ans.<\/p>\n<p>Il en veut pour preuve, l\u2019\u00e9pisode du concours du M\u00e9morial Sankara o\u00f9 le laur\u00e9at a \u00e9t\u00e9 braqu\u00e9 et d\u00e9pouill\u00e9 de sa victoire \u00ab avec le soutien du Conseil de l\u2019Ordre mais aussi l\u2019annulation du concours de la CAMEG pour conflit d\u2019int\u00e9r\u00eat entre les membres du Conseil de l\u2019Ordre qui participent aux concours \u00bb. La liste est longue ! Cependant, tout espoir ne semble pas encore perdu. L\u2019Assembl\u00e9e g\u00e9n\u00e9rale \u00e0 laquelle a lieu les \u00e9lections est celle o\u00f9 on enregistre le plus fort taux de participation.<\/p>\n<p>Les architectes se mobilisent donc pour choisir ceux qui vont diriger leur organisation et r\u00e9pondre \u00e0 leurs aspirations profondes. Veiller \u00e0 la discipline au sein de l\u2019ordre et au respect par ses membres des textes r\u00e9glementaires et des principes d\u00e9ontologiques qui r\u00e9gissent la profession ; veiller au contr\u00f4le et au maintien de la moralit\u00e9 de ses membres sont entre autres les missions assign\u00e9es \u00e0 l\u2019Ordre. Le pr\u00e9sident Ou\u00e9draogo invite tout jeune qui a des aptitudes pour le m\u00e9tier \u00e0 ne pas h\u00e9siter.<\/p>\n<p><b>\u00a0<\/b><\/p>\n","protected":false},"excerpt":{"rendered":"<p>Africa-Press &#8211; Burkina Faso. Cette ann\u00e9e 2021 verra les membres de l\u2019Ordre des architectes du Burkina re\u00e9lire les conseils de l\u2019ordre et leur pr\u00e9sident. Afin de mettre toutes les chances de leur c\u00f4t\u00e9, des jeunes candidats ont lanc\u00e9 une grande campagne sur les r\u00e9seaux sociaux. Cette strat\u00e9gie de communication constitue, selon le conseil actuel, une [&hellip;]<\/p>\n","protected":false},"author":82,"featured_media":11394,"comment_status":"open","ping_status":"closed","sticky":false,"template":"","format":"standard","meta":{"footnotes":""},"categories":[11,2,10],"tags":[111,725,29],"class_list":["post-11395","post","type-post","status-publish","format-standard","has-post-thumbnail","hentry","category-homepage-french","category-politique","category-toutes-les-actualites","tag-africa-press","tag-africa-press-burkina-faso","tag-burkina-faso"],"yoast_head":"<!-- This site is optimized with the Yoast SEO Premium plugin v26.1 (Yoast SEO v27.0) - https:\/\/yoast.com\/product\/yoast-seo-premium-wordpress\/ -->\n<title>Elections \u00e0 l\u2019Ordre des architectes du Burkina : \u00c7a grogne ! - Burkina Faso<\/title>\n<meta name=\"description\" content=\"Cette ann\u00e9e 2021 verra les membres de l\u2019Ordre des architectes du Burkina re\u00e9lire les conseils de l\u2019ordre et leur pr\u00e9s ...\" \/>\n<meta name=\"robots\" content=\"index, follow, max-snippet:-1, max-image-preview:large, max-video-preview:-1\" \/>\n<link rel=\"canonical\" href=\"https:\/\/www.africa-press.net\/burkina-faso\/politique\/elections-a-lordre-des-architectes-du-burkina-ca-grogne\" \/>\n<meta property=\"og:locale\" content=\"fr_FR\" \/>\n<meta property=\"og:type\" content=\"article\" \/>\n<meta property=\"og:title\" content=\"Elections \u00e0 l\u2019Ordre des architectes du Burkina : \u00c7a grogne !\" \/>\n<meta property=\"og:description\" content=\"Cette ann\u00e9e 2021 verra les membres de l\u2019Ordre des architectes du Burkina re\u00e9lire les conseils de l\u2019ordre et leur pr\u00e9s ...\" \/>\n<meta property=\"og:url\" content=\"https:\/\/www.africa-press.net\/burkina-faso\/politique\/elections-a-lordre-des-architectes-du-burkina-ca-grogne\" \/>\n<meta property=\"og:site_name\" content=\"Burkina Faso\" \/>\n<meta property=\"article:published_time\" content=\"2021-05-07T14:28:34+00:00\" \/>\n<meta property=\"article:modified_time\" content=\"2021-05-07T14:52:16+00:00\" \/>\n<meta property=\"og:image\" content=\"https:\/\/static.africa-press.net\/burkina\/sites\/42\/2021\/05\/img-60953ddf87080.jpg\" \/>\n\t<meta property=\"og:image:width\" content=\"720\" \/>\n\t<meta property=\"og:image:height\" content=\"387\" \/>\n\t<meta property=\"og:image:type\" content=\"image\/jpeg\" \/>\n<meta name=\"author\" content=\"cfeditorfr\" \/>\n<meta name=\"twitter:card\" content=\"summary_large_image\" \/>\n<meta name=\"twitter:label1\" content=\"\u00c9crit par\" \/>\n\t<meta name=\"twitter:data1\" content=\"cfeditorfr\" \/>\n\t<meta name=\"twitter:label2\" content=\"Dur\u00e9e de lecture estim\u00e9e\" \/>\n\t<meta name=\"twitter:data2\" content=\"3 minutes\" \/>\n<script type=\"application\/ld+json\" class=\"yoast-schema-graph\">{\"@context\":\"https:\/\/schema.org\",\"@graph\":[{\"@type\":\"Article\",\"@id\":\"https:\/\/www.africa-press.net\/burkina-faso\/politique\/elections-a-lordre-des-architectes-du-burkina-ca-grogne#article\",\"isPartOf\":{\"@id\":\"https:\/\/www.africa-press.net\/burkina-faso\/politique\/elections-a-lordre-des-architectes-du-burkina-ca-grogne\"},\"author\":{\"name\":\"cfeditorfr\",\"@id\":\"https:\/\/www.africa-press.net\/burkina-faso\/#\/schema\/person\/2b1cf3cd81a31e3cd26889ca66d677f1\"},\"headline\":\"Elections \u00e0 l\u2019Ordre des architectes du Burkina : \u00c7a grogne !\",\"datePublished\":\"2021-05-07T14:28:34+00:00\",\"dateModified\":\"2021-05-07T14:52:16+00:00\",\"mainEntityOfPage\":{\"@id\":\"https:\/\/www.africa-press.net\/burkina-faso\/politique\/elections-a-lordre-des-architectes-du-burkina-ca-grogne\"},\"wordCount\":756,\"commentCount\":0,\"image\":{\"@id\":\"https:\/\/www.africa-press.net\/burkina-faso\/politique\/elections-a-lordre-des-architectes-du-burkina-ca-grogne#primaryimage\"},\"thumbnailUrl\":\"https:\/\/static.africa-press.net\/burkina\/sites\/42\/2021\/05\/img-60953ddf87080.jpg\",\"keywords\":[\"Africa Press\",\"Africa Press-Burkina Faso\",\"Burkina Faso\"],\"articleSection\":[\"homepage-french\",\"Politique\",\"Toutes les actualit\u00e9s\"],\"inLanguage\":\"fr-FR\",\"potentialAction\":[{\"@type\":\"CommentAction\",\"name\":\"Comment\",\"target\":[\"https:\/\/www.africa-press.net\/burkina-faso\/politique\/elections-a-lordre-des-architectes-du-burkina-ca-grogne#respond\"]}]},{\"@type\":\"WebPage\",\"@id\":\"https:\/\/www.africa-press.net\/burkina-faso\/politique\/elections-a-lordre-des-architectes-du-burkina-ca-grogne\",\"url\":\"https:\/\/www.africa-press.net\/burkina-faso\/politique\/elections-a-lordre-des-architectes-du-burkina-ca-grogne\",\"name\":\"Elections \u00e0 l\u2019Ordre des architectes du Burkina : \u00c7a grogne ! - Burkina Faso\",\"isPartOf\":{\"@id\":\"https:\/\/www.africa-press.net\/burkina-faso\/#website\"},\"primaryImageOfPage\":{\"@id\":\"https:\/\/www.africa-press.net\/burkina-faso\/politique\/elections-a-lordre-des-architectes-du-burkina-ca-grogne#primaryimage\"},\"image\":{\"@id\":\"https:\/\/www.africa-press.net\/burkina-faso\/politique\/elections-a-lordre-des-architectes-du-burkina-ca-grogne#primaryimage\"},\"thumbnailUrl\":\"https:\/\/static.africa-press.net\/burkina\/sites\/42\/2021\/05\/img-60953ddf87080.jpg\",\"datePublished\":\"2021-05-07T14:28:34+00:00\",\"dateModified\":\"2021-05-07T14:52:16+00:00\",\"author\":{\"@id\":\"https:\/\/www.africa-press.net\/burkina-faso\/#\/schema\/person\/2b1cf3cd81a31e3cd26889ca66d677f1\"},\"description\":\"Cette ann\u00e9e 2021 verra les membres de l\u2019Ordre des architectes du Burkina re\u00e9lire les conseils de l\u2019ordre et leur pr\u00e9s ...\",\"breadcrumb\":{\"@id\":\"https:\/\/www.africa-press.net\/burkina-faso\/politique\/elections-a-lordre-des-architectes-du-burkina-ca-grogne#breadcrumb\"},\"inLanguage\":\"fr-FR\",\"potentialAction\":[{\"@type\":\"ReadAction\",\"target\":[\"https:\/\/www.africa-press.net\/burkina-faso\/politique\/elections-a-lordre-des-architectes-du-burkina-ca-grogne\"]}]},{\"@type\":\"ImageObject\",\"inLanguage\":\"fr-FR\",\"@id\":\"https:\/\/www.africa-press.net\/burkina-faso\/politique\/elections-a-lordre-des-architectes-du-burkina-ca-grogne#primaryimage\",\"url\":\"https:\/\/static.africa-press.net\/burkina\/sites\/42\/2021\/05\/img-60953ddf87080.jpg\",\"contentUrl\":\"https:\/\/static.africa-press.net\/burkina\/sites\/42\/2021\/05\/img-60953ddf87080.jpg\",\"width\":720,\"height\":387,\"caption\":\"Elections \u00e0 l\u2019Ordre des architectes du Burkina : \u00c7a grogne !\"},{\"@type\":\"BreadcrumbList\",\"@id\":\"https:\/\/www.africa-press.net\/burkina-faso\/politique\/elections-a-lordre-des-architectes-du-burkina-ca-grogne#breadcrumb\",\"itemListElement\":[{\"@type\":\"ListItem\",\"position\":1,\"name\":\"Accueil\",\"item\":\"https:\/\/www.africa-press.net\/burkina-faso\/\"},{\"@type\":\"ListItem\",\"position\":2,\"name\":\"Elections \u00e0 l\u2019Ordre des architectes du Burkina : \u00c7a grogne !\"}]},{\"@type\":\"WebSite\",\"@id\":\"https:\/\/www.africa-press.net\/burkina-faso\/#website\",\"url\":\"https:\/\/www.africa-press.net\/burkina-faso\/\",\"name\":\"Burkina Faso\",\"description\":\"Just another Africa News Agency Sites site\",\"potentialAction\":[{\"@type\":\"SearchAction\",\"target\":{\"@type\":\"EntryPoint\",\"urlTemplate\":\"https:\/\/www.africa-press.net\/burkina-faso\/?s={search_term_string}\"},\"query-input\":{\"@type\":\"PropertyValueSpecification\",\"valueRequired\":true,\"valueName\":\"search_term_string\"}}],\"inLanguage\":\"fr-FR\"},{\"@type\":\"Person\",\"@id\":\"https:\/\/www.africa-press.net\/burkina-faso\/#\/schema\/person\/2b1cf3cd81a31e3cd26889ca66d677f1\",\"name\":\"cfeditorfr\"}]}<\/script>\n<!-- \/ Yoast SEO Premium plugin. -->","yoast_head_json":{"title":"Elections \u00e0 l\u2019Ordre des architectes du Burkina : \u00c7a grogne ! - Burkina Faso","description":"Cette ann\u00e9e 2021 verra les membres de l\u2019Ordre des architectes du Burkina re\u00e9lire les conseils de l\u2019ordre et leur pr\u00e9s ...","robots":{"index":"index","follow":"follow","max-snippet":"max-snippet:-1","max-image-preview":"max-image-preview:large","max-video-preview":"max-video-preview:-1"},"canonical":"https:\/\/www.africa-press.net\/burkina-faso\/politique\/elections-a-lordre-des-architectes-du-burkina-ca-grogne","og_locale":"fr_FR","og_type":"article","og_title":"Elections \u00e0 l\u2019Ordre des architectes du Burkina : \u00c7a grogne !","og_description":"Cette ann\u00e9e 2021 verra les membres de l\u2019Ordre des architectes du Burkina re\u00e9lire les conseils de l\u2019ordre et leur pr\u00e9s ...","og_url":"https:\/\/www.africa-press.net\/burkina-faso\/politique\/elections-a-lordre-des-architectes-du-burkina-ca-grogne","og_site_name":"Burkina Faso","article_published_time":"2021-05-07T14:28:34+00:00","article_modified_time":"2021-05-07T14:52:16+00:00","og_image":[{"width":720,"height":387,"url":"https:\/\/static.africa-press.net\/burkina\/sites\/42\/2021\/05\/img-60953ddf87080.jpg","type":"image\/jpeg"}],"author":"cfeditorfr","twitter_card":"summary_large_image","twitter_misc":{"\u00c9crit par":"cfeditorfr","Dur\u00e9e de lecture estim\u00e9e":"3 minutes"},"schema":{"@context":"https:\/\/schema.org","@graph":[{"@type":"Article","@id":"https:\/\/www.africa-press.net\/burkina-faso\/politique\/elections-a-lordre-des-architectes-du-burkina-ca-grogne#article","isPartOf":{"@id":"https:\/\/www.africa-press.net\/burkina-faso\/politique\/elections-a-lordre-des-architectes-du-burkina-ca-grogne"},"author":{"name":"cfeditorfr","@id":"https:\/\/www.africa-press.net\/burkina-faso\/#\/schema\/person\/2b1cf3cd81a31e3cd26889ca66d677f1"},"headline":"Elections \u00e0 l\u2019Ordre des architectes du Burkina : \u00c7a grogne !","datePublished":"2021-05-07T14:28:34+00:00","dateModified":"2021-05-07T14:52:16+00:00","mainEntityOfPage":{"@id":"https:\/\/www.africa-press.net\/burkina-faso\/politique\/elections-a-lordre-des-architectes-du-burkina-ca-grogne"},"wordCount":756,"commentCount":0,"image":{"@id":"https:\/\/www.africa-press.net\/burkina-faso\/politique\/elections-a-lordre-des-architectes-du-burkina-ca-grogne#primaryimage"},"thumbnailUrl":"https:\/\/static.africa-press.net\/burkina\/sites\/42\/2021\/05\/img-60953ddf87080.jpg","keywords":["Africa Press","Africa Press-Burkina Faso","Burkina Faso"],"articleSection":["homepage-french","Politique","Toutes les actualit\u00e9s"],"inLanguage":"fr-FR","potentialAction":[{"@type":"CommentAction","name":"Comment","target":["https:\/\/www.africa-press.net\/burkina-faso\/politique\/elections-a-lordre-des-architectes-du-burkina-ca-grogne#respond"]}]},{"@type":"WebPage","@id":"https:\/\/www.africa-press.net\/burkina-faso\/politique\/elections-a-lordre-des-architectes-du-burkina-ca-grogne","url":"https:\/\/www.africa-press.net\/burkina-faso\/politique\/elections-a-lordre-des-architectes-du-burkina-ca-grogne","name":"Elections \u00e0 l\u2019Ordre des architectes du Burkina : \u00c7a grogne ! - Burkina Faso","isPartOf":{"@id":"https:\/\/www.africa-press.net\/burkina-faso\/#website"},"primaryImageOfPage":{"@id":"https:\/\/www.africa-press.net\/burkina-faso\/politique\/elections-a-lordre-des-architectes-du-burkina-ca-grogne#primaryimage"},"image":{"@id":"https:\/\/www.africa-press.net\/burkina-faso\/politique\/elections-a-lordre-des-architectes-du-burkina-ca-grogne#primaryimage"},"thumbnailUrl":"https:\/\/static.africa-press.net\/burkina\/sites\/42\/2021\/05\/img-60953ddf87080.jpg","datePublished":"2021-05-07T14:28:34+00:00","dateModified":"2021-05-07T14:52:16+00:00","author":{"@id":"https:\/\/www.africa-press.net\/burkina-faso\/#\/schema\/person\/2b1cf3cd81a31e3cd26889ca66d677f1"},"description":"Cette ann\u00e9e 2021 verra les membres de l\u2019Ordre des architectes du Burkina re\u00e9lire les conseils de l\u2019ordre et leur pr\u00e9s ...","breadcrumb":{"@id":"https:\/\/www.africa-press.net\/burkina-faso\/politique\/elections-a-lordre-des-architectes-du-burkina-ca-grogne#breadcrumb"},"inLanguage":"fr-FR","potentialAction":[{"@type":"ReadAction","target":["https:\/\/www.africa-press.net\/burkina-faso\/politique\/elections-a-lordre-des-architectes-du-burkina-ca-grogne"]}]},{"@type":"ImageObject","inLanguage":"fr-FR","@id":"https:\/\/www.africa-press.net\/burkina-faso\/politique\/elections-a-lordre-des-architectes-du-burkina-ca-grogne#primaryimage","url":"https:\/\/static.africa-press.net\/burkina\/sites\/42\/2021\/05\/img-60953ddf87080.jpg","contentUrl":"https:\/\/static.africa-press.net\/burkina\/sites\/42\/2021\/05\/img-60953ddf87080.jpg","width":720,"height":387,"caption":"Elections \u00e0 l\u2019Ordre des architectes du Burkina : \u00c7a grogne !"},{"@type":"BreadcrumbList","@id":"https:\/\/www.africa-press.net\/burkina-faso\/politique\/elections-a-lordre-des-architectes-du-burkina-ca-grogne#breadcrumb","itemListElement":[{"@type":"ListItem","position":1,"name":"Accueil","item":"https:\/\/www.africa-press.net\/burkina-faso\/"},{"@type":"ListItem","position":2,"name":"Elections \u00e0 l\u2019Ordre des architectes du Burkina : \u00c7a grogne !"}]},{"@type":"WebSite","@id":"https:\/\/www.africa-press.net\/burkina-faso\/#website","url":"https:\/\/www.africa-press.net\/burkina-faso\/","name":"Burkina Faso","description":"Just another Africa News Agency Sites site","potentialAction":[{"@type":"SearchAction","target":{"@type":"EntryPoint","urlTemplate":"https:\/\/www.africa-press.net\/burkina-faso\/?s={search_term_string}"},"query-input":{"@type":"PropertyValueSpecification","valueRequired":true,"valueName":"search_term_string"}}],"inLanguage":"fr-FR"},{"@type":"Person","@id":"https:\/\/www.africa-press.net\/burkina-faso\/#\/schema\/person\/2b1cf3cd81a31e3cd26889ca66d677f1","name":"cfeditorfr"}]}},"_links":{"self":[{"href":"https:\/\/www.africa-press.net\/burkina-faso\/wp-json\/wp\/v2\/posts\/11395","targetHints":{"allow":["GET"]}}],"collection":[{"href":"https:\/\/www.africa-press.net\/burkina-faso\/wp-json\/wp\/v2\/posts"}],"about":[{"href":"https:\/\/www.africa-press.net\/burkina-faso\/wp-json\/wp\/v2\/types\/post"}],"author":[{"embeddable":true,"href":"https:\/\/www.africa-press.net\/burkina-faso\/wp-json\/wp\/v2\/users\/82"}],"replies":[{"embeddable":true,"href":"https:\/\/www.africa-press.net\/burkina-faso\/wp-json\/wp\/v2\/comments?post=11395"}],"version-history":[{"count":0,"href":"https:\/\/www.africa-press.net\/burkina-faso\/wp-json\/wp\/v2\/posts\/11395\/revisions"}],"wp:featuredmedia":[{"embeddable":true,"href":"https:\/\/www.africa-press.net\/burkina-faso\/wp-json\/wp\/v2\/media\/11394"}],"wp:attachment":[{"href":"https:\/\/www.africa-press.net\/burkina-faso\/wp-json\/wp\/v2\/media?parent=11395"}],"wp:term":[{"taxonomy":"category","embeddable":true,"href":"https:\/\/www.africa-press.net\/burkina-faso\/wp-json\/wp\/v2\/categories?post=11395"},{"taxonomy":"post_tag","embeddable":true,"href":"https:\/\/www.africa-press.net\/burkina-faso\/wp-json\/wp\/v2\/tags?post=11395"}],"curies":[{"name":"wp","href":"https:\/\/api.w.org\/{rel}","templated":true}]}}