{"id":11401,"date":"2021-05-07T14:44:24","date_gmt":"2021-05-07T14:44:24","guid":{"rendered":"https:\/\/www.africa-press.net\/burkina-faso\/?p=11401"},"modified":"2021-05-07T14:52:32","modified_gmt":"2021-05-07T14:52:32","slug":"affaire-mosquee-de-panzani-eddie-komboigo-craint-quon-ne-replonge-dans-une-autre-crise","status":"publish","type":"post","link":"https:\/\/www.africa-press.net\/burkina-faso\/economie\/affaire-mosquee-de-panzani-eddie-komboigo-craint-quon-ne-replonge-dans-une-autre-crise","title":{"rendered":"Affaire \u00ab\u00a0Mosqu\u00e9e de Panzani\u00a0\u00bb : Eddie Komboigo craint qu&rsquo;on ne replonge dans une autre crise"},"content":{"rendered":"<p><span style=\"color: #ff6600\"><strong><a href=\"https:\/\/www.africa-press.net\/\">Africa-Press<\/a> &#8211; <a href=\"https:\/\/www.africa-press.net\/burkina-faso\">Burkina Faso<\/a>. <\/strong><\/span><b>Interrog\u00e9 ce matin 07 mai 2021, apr\u00e8s sa rencontre avec le ministre en charge de l\u2019Education nationale, le Chef de file de l\u2019opposition politique (CFOP), d\u00e9plore que le gouvernement n\u2019ai pas respect\u00e9 une d\u00e9cision de justice dans l\u2019affaire de la mosqu\u00e9e de Pazani dont le terrain a finalement \u00e9t\u00e9 attribu\u00e9 \u00e0 la F\u00e9d\u00e9ration des associations islamiques du Burkina (FAIB). Il craint par cons\u00e9quent, que cette d\u00e9cision nous replonge dans une autre crise.<\/b><\/p>\n<p>\u00ab\u00a0On pourrait par exemple attribuer cette parcelle \u00e0 la construction d\u2019une \u00e9cole ou de toute autre chose. Ce que nous craignons, c\u2019est que le gouvernement se mette en porte-\u00e0-faux avec les juridictions nationales\u00a0\u00bb, a d\u00e9plor\u00e9 le Chef de file de l\u2019opposition politique (CFOP), Eddie Komboigo.<\/p>\n","protected":false},"excerpt":{"rendered":"<p>Africa-Press &#8211; Burkina Faso. Interrog\u00e9 ce matin 07 mai 2021, apr\u00e8s sa rencontre avec le ministre en charge de l\u2019Education nationale, le Chef de file de l\u2019opposition politique (CFOP), d\u00e9plore que le gouvernement n\u2019ai pas respect\u00e9 une d\u00e9cision de justice dans l\u2019affaire de la mosqu\u00e9e de Pazani dont le terrain a finalement \u00e9t\u00e9 attribu\u00e9 \u00e0 [&hellip;]<\/p>\n","protected":false},"author":82,"featured_media":11400,"comment_status":"open","ping_status":"closed","sticky":false,"template":"","format":"standard","meta":{"footnotes":""},"categories":[3,11,10],"tags":[111,725,29],"class_list":["post-11401","post","type-post","status-publish","format-standard","has-post-thumbnail","hentry","category-economie","category-homepage-french","category-toutes-les-actualites","tag-africa-press","tag-africa-press-burkina-faso","tag-burkina-faso"],"yoast_head":"<!-- This site is optimized with the Yoast SEO Premium plugin v26.1 (Yoast SEO v27.0) - https:\/\/yoast.com\/product\/yoast-seo-premium-wordpress\/ -->\n<title>Affaire &quot;Mosqu\u00e9e de Panzani&quot; : Eddie Komboigo craint qu&#039;on ne replonge dans une autre crise - Burkina Faso<\/title>\n<meta name=\"description\" content=\"Interrog\u00e9 ce matin 07 mai 2021, apr\u00e8s sa rencontre avec le ministre en charge de l\u2019Education nationale, le Chef de fi ...\" \/>\n<meta name=\"robots\" content=\"index, follow, max-snippet:-1, max-image-preview:large, max-video-preview:-1\" \/>\n<link rel=\"canonical\" href=\"https:\/\/www.africa-press.net\/burkina-faso\/economie\/affaire-mosquee-de-panzani-eddie-komboigo-craint-quon-ne-replonge-dans-une-autre-crise\" \/>\n<meta property=\"og:locale\" content=\"fr_FR\" \/>\n<meta property=\"og:type\" content=\"article\" \/>\n<meta property=\"og:title\" content=\"Affaire &quot;Mosqu\u00e9e de Panzani&quot; : Eddie Komboigo craint qu&#039;on ne replonge dans une autre crise\" \/>\n<meta property=\"og:description\" content=\"Interrog\u00e9 ce matin 07 mai 2021, apr\u00e8s sa rencontre avec le ministre en charge de l\u2019Education nationale, le Chef de fi ...\" \/>\n<meta property=\"og:url\" content=\"https:\/\/www.africa-press.net\/burkina-faso\/economie\/affaire-mosquee-de-panzani-eddie-komboigo-craint-quon-ne-replonge-dans-une-autre-crise\" \/>\n<meta property=\"og:site_name\" content=\"Burkina Faso\" \/>\n<meta property=\"article:published_time\" content=\"2021-05-07T14:44:24+00:00\" \/>\n<meta property=\"article:modified_time\" content=\"2021-05-07T14:52:32+00:00\" \/>\n<meta property=\"og:image\" content=\"https:\/\/static.africa-press.net\/burkina\/sites\/42\/2021\/05\/img-60953e4dd63d6.jpg\" \/>\n\t<meta property=\"og:image:width\" content=\"720\" \/>\n\t<meta property=\"og:image:height\" content=\"461\" \/>\n\t<meta property=\"og:image:type\" content=\"image\/jpeg\" \/>\n<meta name=\"author\" content=\"cfeditorfr\" \/>\n<meta name=\"twitter:card\" content=\"summary_large_image\" \/>\n<meta name=\"twitter:label1\" content=\"\u00c9crit par\" \/>\n\t<meta name=\"twitter:data1\" content=\"cfeditorfr\" \/>\n\t<meta name=\"twitter:label2\" content=\"Dur\u00e9e de lecture estim\u00e9e\" \/>\n\t<meta name=\"twitter:data2\" content=\"1 minute\" \/>\n<script type=\"application\/ld+json\" class=\"yoast-schema-graph\">{\"@context\":\"https:\/\/schema.org\",\"@graph\":[{\"@type\":\"Article\",\"@id\":\"https:\/\/www.africa-press.net\/burkina-faso\/economie\/affaire-mosquee-de-panzani-eddie-komboigo-craint-quon-ne-replonge-dans-une-autre-crise#article\",\"isPartOf\":{\"@id\":\"https:\/\/www.africa-press.net\/burkina-faso\/economie\/affaire-mosquee-de-panzani-eddie-komboigo-craint-quon-ne-replonge-dans-une-autre-crise\"},\"author\":{\"name\":\"cfeditorfr\",\"@id\":\"https:\/\/www.africa-press.net\/burkina-faso\/#\/schema\/person\/2b1cf3cd81a31e3cd26889ca66d677f1\"},\"headline\":\"Affaire \u00ab\u00a0Mosqu\u00e9e de Panzani\u00a0\u00bb : Eddie Komboigo craint qu&rsquo;on ne replonge dans une autre crise\",\"datePublished\":\"2021-05-07T14:44:24+00:00\",\"dateModified\":\"2021-05-07T14:52:32+00:00\",\"mainEntityOfPage\":{\"@id\":\"https:\/\/www.africa-press.net\/burkina-faso\/economie\/affaire-mosquee-de-panzani-eddie-komboigo-craint-quon-ne-replonge-dans-une-autre-crise\"},\"wordCount\":150,\"commentCount\":0,\"image\":{\"@id\":\"https:\/\/www.africa-press.net\/burkina-faso\/economie\/affaire-mosquee-de-panzani-eddie-komboigo-craint-quon-ne-replonge-dans-une-autre-crise#primaryimage\"},\"thumbnailUrl\":\"https:\/\/static.africa-press.net\/burkina\/sites\/42\/2021\/05\/img-60953e4dd63d6.jpg\",\"keywords\":[\"Africa Press\",\"Africa Press-Burkina Faso\",\"Burkina Faso\"],\"articleSection\":[\"\u00c9conomie\",\"homepage-french\",\"Toutes les actualit\u00e9s\"],\"inLanguage\":\"fr-FR\",\"potentialAction\":[{\"@type\":\"CommentAction\",\"name\":\"Comment\",\"target\":[\"https:\/\/www.africa-press.net\/burkina-faso\/economie\/affaire-mosquee-de-panzani-eddie-komboigo-craint-quon-ne-replonge-dans-une-autre-crise#respond\"]}]},{\"@type\":\"WebPage\",\"@id\":\"https:\/\/www.africa-press.net\/burkina-faso\/economie\/affaire-mosquee-de-panzani-eddie-komboigo-craint-quon-ne-replonge-dans-une-autre-crise\",\"url\":\"https:\/\/www.africa-press.net\/burkina-faso\/economie\/affaire-mosquee-de-panzani-eddie-komboigo-craint-quon-ne-replonge-dans-une-autre-crise\",\"name\":\"Affaire \\\"Mosqu\u00e9e de Panzani\\\" : Eddie Komboigo craint qu'on ne replonge dans une autre crise - Burkina Faso\",\"isPartOf\":{\"@id\":\"https:\/\/www.africa-press.net\/burkina-faso\/#website\"},\"primaryImageOfPage\":{\"@id\":\"https:\/\/www.africa-press.net\/burkina-faso\/economie\/affaire-mosquee-de-panzani-eddie-komboigo-craint-quon-ne-replonge-dans-une-autre-crise#primaryimage\"},\"image\":{\"@id\":\"https:\/\/www.africa-press.net\/burkina-faso\/economie\/affaire-mosquee-de-panzani-eddie-komboigo-craint-quon-ne-replonge-dans-une-autre-crise#primaryimage\"},\"thumbnailUrl\":\"https:\/\/static.africa-press.net\/burkina\/sites\/42\/2021\/05\/img-60953e4dd63d6.jpg\",\"datePublished\":\"2021-05-07T14:44:24+00:00\",\"dateModified\":\"2021-05-07T14:52:32+00:00\",\"author\":{\"@id\":\"https:\/\/www.africa-press.net\/burkina-faso\/#\/schema\/person\/2b1cf3cd81a31e3cd26889ca66d677f1\"},\"description\":\"Interrog\u00e9 ce matin 07 mai 2021, apr\u00e8s sa rencontre avec le ministre en charge de l\u2019Education nationale, le Chef de fi ...\",\"breadcrumb\":{\"@id\":\"https:\/\/www.africa-press.net\/burkina-faso\/economie\/affaire-mosquee-de-panzani-eddie-komboigo-craint-quon-ne-replonge-dans-une-autre-crise#breadcrumb\"},\"inLanguage\":\"fr-FR\",\"potentialAction\":[{\"@type\":\"ReadAction\",\"target\":[\"https:\/\/www.africa-press.net\/burkina-faso\/economie\/affaire-mosquee-de-panzani-eddie-komboigo-craint-quon-ne-replonge-dans-une-autre-crise\"]}]},{\"@type\":\"ImageObject\",\"inLanguage\":\"fr-FR\",\"@id\":\"https:\/\/www.africa-press.net\/burkina-faso\/economie\/affaire-mosquee-de-panzani-eddie-komboigo-craint-quon-ne-replonge-dans-une-autre-crise#primaryimage\",\"url\":\"https:\/\/static.africa-press.net\/burkina\/sites\/42\/2021\/05\/img-60953e4dd63d6.jpg\",\"contentUrl\":\"https:\/\/static.africa-press.net\/burkina\/sites\/42\/2021\/05\/img-60953e4dd63d6.jpg\",\"width\":720,\"height\":461,\"caption\":\"Affaire \\\"Mosqu\u00e9e de Panzani\\\" : Eddie Komboigo craint qu'on ne replonge dans une autre crise\"},{\"@type\":\"BreadcrumbList\",\"@id\":\"https:\/\/www.africa-press.net\/burkina-faso\/economie\/affaire-mosquee-de-panzani-eddie-komboigo-craint-quon-ne-replonge-dans-une-autre-crise#breadcrumb\",\"itemListElement\":[{\"@type\":\"ListItem\",\"position\":1,\"name\":\"Accueil\",\"item\":\"https:\/\/www.africa-press.net\/burkina-faso\/\"},{\"@type\":\"ListItem\",\"position\":2,\"name\":\"Affaire &#8220;Mosqu\u00e9e de Panzani&#8221; : Eddie Komboigo craint qu&#8217;on ne replonge dans une autre crise\"}]},{\"@type\":\"WebSite\",\"@id\":\"https:\/\/www.africa-press.net\/burkina-faso\/#website\",\"url\":\"https:\/\/www.africa-press.net\/burkina-faso\/\",\"name\":\"Burkina Faso\",\"description\":\"Just another Africa News Agency Sites site\",\"potentialAction\":[{\"@type\":\"SearchAction\",\"target\":{\"@type\":\"EntryPoint\",\"urlTemplate\":\"https:\/\/www.africa-press.net\/burkina-faso\/?s={search_term_string}\"},\"query-input\":{\"@type\":\"PropertyValueSpecification\",\"valueRequired\":true,\"valueName\":\"search_term_string\"}}],\"inLanguage\":\"fr-FR\"},{\"@type\":\"Person\",\"@id\":\"https:\/\/www.africa-press.net\/burkina-faso\/#\/schema\/person\/2b1cf3cd81a31e3cd26889ca66d677f1\",\"name\":\"cfeditorfr\"}]}<\/script>\n<!-- \/ Yoast SEO Premium plugin. -->","yoast_head_json":{"title":"Affaire \"Mosqu\u00e9e de Panzani\" : Eddie Komboigo craint qu'on ne replonge dans une autre crise - Burkina Faso","description":"Interrog\u00e9 ce matin 07 mai 2021, apr\u00e8s sa rencontre avec le ministre en charge de l\u2019Education nationale, le Chef de fi ...","robots":{"index":"index","follow":"follow","max-snippet":"max-snippet:-1","max-image-preview":"max-image-preview:large","max-video-preview":"max-video-preview:-1"},"canonical":"https:\/\/www.africa-press.net\/burkina-faso\/economie\/affaire-mosquee-de-panzani-eddie-komboigo-craint-quon-ne-replonge-dans-une-autre-crise","og_locale":"fr_FR","og_type":"article","og_title":"Affaire \"Mosqu\u00e9e de Panzani\" : Eddie Komboigo craint qu'on ne replonge dans une autre crise","og_description":"Interrog\u00e9 ce matin 07 mai 2021, apr\u00e8s sa rencontre avec le ministre en charge de l\u2019Education nationale, le Chef de fi ...","og_url":"https:\/\/www.africa-press.net\/burkina-faso\/economie\/affaire-mosquee-de-panzani-eddie-komboigo-craint-quon-ne-replonge-dans-une-autre-crise","og_site_name":"Burkina Faso","article_published_time":"2021-05-07T14:44:24+00:00","article_modified_time":"2021-05-07T14:52:32+00:00","og_image":[{"width":720,"height":461,"url":"https:\/\/static.africa-press.net\/burkina\/sites\/42\/2021\/05\/img-60953e4dd63d6.jpg","type":"image\/jpeg"}],"author":"cfeditorfr","twitter_card":"summary_large_image","twitter_misc":{"\u00c9crit par":"cfeditorfr","Dur\u00e9e de lecture estim\u00e9e":"1 minute"},"schema":{"@context":"https:\/\/schema.org","@graph":[{"@type":"Article","@id":"https:\/\/www.africa-press.net\/burkina-faso\/economie\/affaire-mosquee-de-panzani-eddie-komboigo-craint-quon-ne-replonge-dans-une-autre-crise#article","isPartOf":{"@id":"https:\/\/www.africa-press.net\/burkina-faso\/economie\/affaire-mosquee-de-panzani-eddie-komboigo-craint-quon-ne-replonge-dans-une-autre-crise"},"author":{"name":"cfeditorfr","@id":"https:\/\/www.africa-press.net\/burkina-faso\/#\/schema\/person\/2b1cf3cd81a31e3cd26889ca66d677f1"},"headline":"Affaire \u00ab\u00a0Mosqu\u00e9e de Panzani\u00a0\u00bb : Eddie Komboigo craint qu&rsquo;on ne replonge dans une autre crise","datePublished":"2021-05-07T14:44:24+00:00","dateModified":"2021-05-07T14:52:32+00:00","mainEntityOfPage":{"@id":"https:\/\/www.africa-press.net\/burkina-faso\/economie\/affaire-mosquee-de-panzani-eddie-komboigo-craint-quon-ne-replonge-dans-une-autre-crise"},"wordCount":150,"commentCount":0,"image":{"@id":"https:\/\/www.africa-press.net\/burkina-faso\/economie\/affaire-mosquee-de-panzani-eddie-komboigo-craint-quon-ne-replonge-dans-une-autre-crise#primaryimage"},"thumbnailUrl":"https:\/\/static.africa-press.net\/burkina\/sites\/42\/2021\/05\/img-60953e4dd63d6.jpg","keywords":["Africa Press","Africa Press-Burkina Faso","Burkina Faso"],"articleSection":["\u00c9conomie","homepage-french","Toutes les actualit\u00e9s"],"inLanguage":"fr-FR","potentialAction":[{"@type":"CommentAction","name":"Comment","target":["https:\/\/www.africa-press.net\/burkina-faso\/economie\/affaire-mosquee-de-panzani-eddie-komboigo-craint-quon-ne-replonge-dans-une-autre-crise#respond"]}]},{"@type":"WebPage","@id":"https:\/\/www.africa-press.net\/burkina-faso\/economie\/affaire-mosquee-de-panzani-eddie-komboigo-craint-quon-ne-replonge-dans-une-autre-crise","url":"https:\/\/www.africa-press.net\/burkina-faso\/economie\/affaire-mosquee-de-panzani-eddie-komboigo-craint-quon-ne-replonge-dans-une-autre-crise","name":"Affaire \"Mosqu\u00e9e de Panzani\" : Eddie Komboigo craint qu'on ne replonge dans une autre crise - Burkina Faso","isPartOf":{"@id":"https:\/\/www.africa-press.net\/burkina-faso\/#website"},"primaryImageOfPage":{"@id":"https:\/\/www.africa-press.net\/burkina-faso\/economie\/affaire-mosquee-de-panzani-eddie-komboigo-craint-quon-ne-replonge-dans-une-autre-crise#primaryimage"},"image":{"@id":"https:\/\/www.africa-press.net\/burkina-faso\/economie\/affaire-mosquee-de-panzani-eddie-komboigo-craint-quon-ne-replonge-dans-une-autre-crise#primaryimage"},"thumbnailUrl":"https:\/\/static.africa-press.net\/burkina\/sites\/42\/2021\/05\/img-60953e4dd63d6.jpg","datePublished":"2021-05-07T14:44:24+00:00","dateModified":"2021-05-07T14:52:32+00:00","author":{"@id":"https:\/\/www.africa-press.net\/burkina-faso\/#\/schema\/person\/2b1cf3cd81a31e3cd26889ca66d677f1"},"description":"Interrog\u00e9 ce matin 07 mai 2021, apr\u00e8s sa rencontre avec le ministre en charge de l\u2019Education nationale, le Chef de fi ...","breadcrumb":{"@id":"https:\/\/www.africa-press.net\/burkina-faso\/economie\/affaire-mosquee-de-panzani-eddie-komboigo-craint-quon-ne-replonge-dans-une-autre-crise#breadcrumb"},"inLanguage":"fr-FR","potentialAction":[{"@type":"ReadAction","target":["https:\/\/www.africa-press.net\/burkina-faso\/economie\/affaire-mosquee-de-panzani-eddie-komboigo-craint-quon-ne-replonge-dans-une-autre-crise"]}]},{"@type":"ImageObject","inLanguage":"fr-FR","@id":"https:\/\/www.africa-press.net\/burkina-faso\/economie\/affaire-mosquee-de-panzani-eddie-komboigo-craint-quon-ne-replonge-dans-une-autre-crise#primaryimage","url":"https:\/\/static.africa-press.net\/burkina\/sites\/42\/2021\/05\/img-60953e4dd63d6.jpg","contentUrl":"https:\/\/static.africa-press.net\/burkina\/sites\/42\/2021\/05\/img-60953e4dd63d6.jpg","width":720,"height":461,"caption":"Affaire \"Mosqu\u00e9e de Panzani\" : Eddie Komboigo craint qu'on ne replonge dans une autre crise"},{"@type":"BreadcrumbList","@id":"https:\/\/www.africa-press.net\/burkina-faso\/economie\/affaire-mosquee-de-panzani-eddie-komboigo-craint-quon-ne-replonge-dans-une-autre-crise#breadcrumb","itemListElement":[{"@type":"ListItem","position":1,"name":"Accueil","item":"https:\/\/www.africa-press.net\/burkina-faso\/"},{"@type":"ListItem","position":2,"name":"Affaire &#8220;Mosqu\u00e9e de Panzani&#8221; : Eddie Komboigo craint qu&#8217;on ne replonge dans une autre crise"}]},{"@type":"WebSite","@id":"https:\/\/www.africa-press.net\/burkina-faso\/#website","url":"https:\/\/www.africa-press.net\/burkina-faso\/","name":"Burkina Faso","description":"Just another Africa News Agency Sites site","potentialAction":[{"@type":"SearchAction","target":{"@type":"EntryPoint","urlTemplate":"https:\/\/www.africa-press.net\/burkina-faso\/?s={search_term_string}"},"query-input":{"@type":"PropertyValueSpecification","valueRequired":true,"valueName":"search_term_string"}}],"inLanguage":"fr-FR"},{"@type":"Person","@id":"https:\/\/www.africa-press.net\/burkina-faso\/#\/schema\/person\/2b1cf3cd81a31e3cd26889ca66d677f1","name":"cfeditorfr"}]}},"_links":{"self":[{"href":"https:\/\/www.africa-press.net\/burkina-faso\/wp-json\/wp\/v2\/posts\/11401","targetHints":{"allow":["GET"]}}],"collection":[{"href":"https:\/\/www.africa-press.net\/burkina-faso\/wp-json\/wp\/v2\/posts"}],"about":[{"href":"https:\/\/www.africa-press.net\/burkina-faso\/wp-json\/wp\/v2\/types\/post"}],"author":[{"embeddable":true,"href":"https:\/\/www.africa-press.net\/burkina-faso\/wp-json\/wp\/v2\/users\/82"}],"replies":[{"embeddable":true,"href":"https:\/\/www.africa-press.net\/burkina-faso\/wp-json\/wp\/v2\/comments?post=11401"}],"version-history":[{"count":0,"href":"https:\/\/www.africa-press.net\/burkina-faso\/wp-json\/wp\/v2\/posts\/11401\/revisions"}],"wp:featuredmedia":[{"embeddable":true,"href":"https:\/\/www.africa-press.net\/burkina-faso\/wp-json\/wp\/v2\/media\/11400"}],"wp:attachment":[{"href":"https:\/\/www.africa-press.net\/burkina-faso\/wp-json\/wp\/v2\/media?parent=11401"}],"wp:term":[{"taxonomy":"category","embeddable":true,"href":"https:\/\/www.africa-press.net\/burkina-faso\/wp-json\/wp\/v2\/categories?post=11401"},{"taxonomy":"post_tag","embeddable":true,"href":"https:\/\/www.africa-press.net\/burkina-faso\/wp-json\/wp\/v2\/tags?post=11401"}],"curies":[{"name":"wp","href":"https:\/\/api.w.org\/{rel}","templated":true}]}}