{"id":11404,"date":"2021-05-07T14:52:08","date_gmt":"2021-05-07T14:52:08","guid":{"rendered":"https:\/\/www.africa-press.net\/burkina-faso\/?p=11404"},"modified":"2021-05-07T14:52:47","modified_gmt":"2021-05-07T14:52:47","slug":"education-au-burkina-faso-les-acteurs-et-leurs-partenaires-techniques-et-financiers-en-conclave","status":"publish","type":"post","link":"https:\/\/www.africa-press.net\/burkina-faso\/culture-et-art\/education-au-burkina-faso-les-acteurs-et-leurs-partenaires-techniques-et-financiers-en-conclave","title":{"rendered":"Les acteurs et leurs partenaires techniques et financiers en conclave"},"content":{"rendered":"<p><span style=\"color: #ff6600\"><strong><a href=\"https:\/\/www.africa-press.net\/\">Africa-Press<\/a> &#8211; <a href=\"https:\/\/www.africa-press.net\/burkina-faso\">Burkina Faso<\/a>. <\/strong><\/span>L\u2019aide-m\u00e9moire de la 9e Mission Conjointe de Suivi (MCS), du Programme de D\u00e9veloppement Strat\u00e9gique de l\u2019Education de Base (PDSEB) a \u00e9t\u00e9 sign\u00e9, ce jeudi 6 mai 2021 \u00e0 Ouagadougou. Le Luxembourg a remplac\u00e9 le Canada \u00e0 la t\u00eate du Chef de file des partenaires techniques et financiers.<\/p>\n<p>Le comit\u00e9 de l\u2019aide-m\u00e9moire a pr\u00e9sent\u00e9 le document de pilotage de la 9\u00e8me mission conjointe de suivi, du Programme de D\u00e9veloppement Strat\u00e9gique de l\u2019Education de Base, au ministre de l\u2019\u00e9ducation nationale et aux Partenaires Techniques et Financiers (PTF).<\/p>\n<p>A entendre le ministre en charge de l\u2019\u00e9ducation nationale, Pr Stanislas Ouaro, la mission conjointe est une occasion pour son d\u00e9partement de faire le point et de projeter des perspectives pour la mission.<\/p>\n<p>\u00abNous faisons un point chaque ann\u00e9e avec l\u2019ensemble de la communaut\u00e9 \u00e9ducative, dont les partenaires techniques et financiers qui nous accompagnent dans le financement et le d\u00e9veloppement de l\u2019\u00e9ducation, avec les partenaires sociaux, des collectivit\u00e9s, des ONG, des associations de d\u00e9veloppement actives et tout. Nous d\u00e9gageons des perspectives en termes de recommandations et de formulations \u00bb, a-t-il dit.<\/p>\n<p>Il a ajout\u00e9 que des difficult\u00e9s li\u00e9es \u00e0 la mission conjointe sont en partie dues \u00e0 la pand\u00e9mie de Covid-19, la crise s\u00e9curitaire et les frondes sociales. \u00abOn a des indicateurs qui sont en baisse. Nous avons la crise \u00e9conomique, et la fronde sociale qui perturbent chaque ann\u00e9e le d\u00e9veloppement malgr\u00e9 les efforts des PTF, les partenaires sociaux et le gouvernement \u00bb, a-t-il mentionn\u00e9.<\/p>\n<p>La cheffe de file des partenaires techniques et financiers, l\u2019ambassadrice du Canada au Burkina Faso, Carol McQueen a, au nom de tous les partenaires, f\u00e9licit\u00e9 le minist\u00e8re en charge de l\u2019\u00e9ducation nationale pour la qualit\u00e9 du travail.<\/p>\n<p>\u00ab Premi\u00e8rement, je tiens, au nom des partenaires techniques et financiers, \u00e0 f\u00e9liciter le minist\u00e8re de l\u2019\u00e9ducation nationale, malgr\u00e9 des d\u00e9fis tr\u00e8s pr\u00e9sents, s\u00e9curitaire et sanitaire pour continuer \u00e0 s\u2019assurer que les enfants du Burkina Faso ont acc\u00e8s \u00e0 une \u00e9ducation de qualit\u00e9 \u00bb, a-t-elle d\u00e9clar\u00e9.<\/p>\n<p>Cette c\u00e9r\u00e9monie marque la cl\u00f4ture de la 9e Mission Conjointe de Suivi (MCS) du Programme de D\u00e9veloppement Strat\u00e9gique de l\u2019Education de Base (PDSEB). A cet \u00e9gard, l\u2019ambassadrice, tout en annon\u00e7ant la fin de son mandat comme cheffe de file des partenaires, a conclu son allocution par des souhaits de voir leurs efforts se concr\u00e9tiser. Il faut noter que pour la d\u00e9signation du nouveau Chef de file des PTF pour le mandat suivant, le Canada passe le t\u00e9moin au Luxembourg. Hamadou DIALLO (stagiaire) Burkina24<\/p>\n","protected":false},"excerpt":{"rendered":"<p>Africa-Press &#8211; Burkina Faso. L\u2019aide-m\u00e9moire de la 9e Mission Conjointe de Suivi (MCS), du Programme de D\u00e9veloppement Strat\u00e9gique de l\u2019Education de Base (PDSEB) a \u00e9t\u00e9 sign\u00e9, ce jeudi 6 mai 2021 \u00e0 Ouagadougou. Le Luxembourg a remplac\u00e9 le Canada \u00e0 la t\u00eate du Chef de file des partenaires techniques et financiers. Le comit\u00e9 de l\u2019aide-m\u00e9moire [&hellip;]<\/p>\n","protected":false},"author":82,"featured_media":11403,"comment_status":"open","ping_status":"closed","sticky":false,"template":"","format":"standard","meta":{"footnotes":""},"categories":[5,11,10],"tags":[111,725,29],"class_list":["post-11404","post","type-post","status-publish","format-standard","has-post-thumbnail","hentry","category-culture-et-art","category-homepage-french","category-toutes-les-actualites","tag-africa-press","tag-africa-press-burkina-faso","tag-burkina-faso"],"yoast_head":"<!-- This site is optimized with the Yoast SEO Premium plugin v26.1 (Yoast SEO v27.0) - https:\/\/yoast.com\/product\/yoast-seo-premium-wordpress\/ -->\n<title>Les acteurs et leurs partenaires techniques et financiers en conclave - Burkina Faso<\/title>\n<meta name=\"description\" content=\"L\u2019aide-m\u00e9moire de la 9e Mission Conjointe de Suivi (MCS), du Programme de D\u00e9veloppement Strat\u00e9gique de l\u2019Education de Ba ...\" \/>\n<meta name=\"robots\" content=\"index, follow, max-snippet:-1, max-image-preview:large, max-video-preview:-1\" \/>\n<link rel=\"canonical\" href=\"https:\/\/www.africa-press.net\/burkina-faso\/culture-et-art\/education-au-burkina-faso-les-acteurs-et-leurs-partenaires-techniques-et-financiers-en-conclave\" \/>\n<meta property=\"og:locale\" content=\"fr_FR\" \/>\n<meta property=\"og:type\" content=\"article\" \/>\n<meta property=\"og:title\" content=\"Les acteurs et leurs partenaires techniques et financiers en conclave\" \/>\n<meta property=\"og:description\" content=\"L\u2019aide-m\u00e9moire de la 9e Mission Conjointe de Suivi (MCS), du Programme de D\u00e9veloppement Strat\u00e9gique de l\u2019Education de Ba ...\" \/>\n<meta property=\"og:url\" content=\"https:\/\/www.africa-press.net\/burkina-faso\/culture-et-art\/education-au-burkina-faso-les-acteurs-et-leurs-partenaires-techniques-et-financiers-en-conclave\" \/>\n<meta property=\"og:site_name\" content=\"Burkina Faso\" \/>\n<meta property=\"article:published_time\" content=\"2021-05-07T14:52:08+00:00\" \/>\n<meta property=\"article:modified_time\" content=\"2021-05-07T14:52:47+00:00\" \/>\n<meta property=\"og:image\" content=\"https:\/\/static.africa-press.net\/burkina\/sites\/42\/2021\/05\/img-60953e79d0ded.jpg\" \/>\n\t<meta property=\"og:image:width\" content=\"750\" \/>\n\t<meta property=\"og:image:height\" content=\"345\" \/>\n\t<meta property=\"og:image:type\" content=\"image\/jpeg\" \/>\n<meta name=\"author\" content=\"cfeditorfr\" \/>\n<meta name=\"twitter:card\" content=\"summary_large_image\" \/>\n<meta name=\"twitter:label1\" content=\"\u00c9crit par\" \/>\n\t<meta name=\"twitter:data1\" content=\"cfeditorfr\" \/>\n\t<meta name=\"twitter:label2\" content=\"Dur\u00e9e de lecture estim\u00e9e\" \/>\n\t<meta name=\"twitter:data2\" content=\"2 minutes\" \/>\n<script type=\"application\/ld+json\" class=\"yoast-schema-graph\">{\"@context\":\"https:\/\/schema.org\",\"@graph\":[{\"@type\":\"Article\",\"@id\":\"https:\/\/www.africa-press.net\/burkina-faso\/culture-et-art\/education-au-burkina-faso-les-acteurs-et-leurs-partenaires-techniques-et-financiers-en-conclave#article\",\"isPartOf\":{\"@id\":\"https:\/\/www.africa-press.net\/burkina-faso\/culture-et-art\/education-au-burkina-faso-les-acteurs-et-leurs-partenaires-techniques-et-financiers-en-conclave\"},\"author\":{\"name\":\"cfeditorfr\",\"@id\":\"https:\/\/www.africa-press.net\/burkina-faso\/#\/schema\/person\/2b1cf3cd81a31e3cd26889ca66d677f1\"},\"headline\":\"Les acteurs et leurs partenaires techniques et financiers en conclave\",\"datePublished\":\"2021-05-07T14:52:08+00:00\",\"dateModified\":\"2021-05-07T14:52:47+00:00\",\"mainEntityOfPage\":{\"@id\":\"https:\/\/www.africa-press.net\/burkina-faso\/culture-et-art\/education-au-burkina-faso-les-acteurs-et-leurs-partenaires-techniques-et-financiers-en-conclave\"},\"wordCount\":461,\"commentCount\":0,\"image\":{\"@id\":\"https:\/\/www.africa-press.net\/burkina-faso\/culture-et-art\/education-au-burkina-faso-les-acteurs-et-leurs-partenaires-techniques-et-financiers-en-conclave#primaryimage\"},\"thumbnailUrl\":\"https:\/\/static.africa-press.net\/burkina\/sites\/42\/2021\/05\/img-60953e79d0ded.jpg\",\"keywords\":[\"Africa Press\",\"Africa Press-Burkina Faso\",\"Burkina Faso\"],\"articleSection\":[\"Culture et Art\",\"homepage-french\",\"Toutes les actualit\u00e9s\"],\"inLanguage\":\"fr-FR\",\"potentialAction\":[{\"@type\":\"CommentAction\",\"name\":\"Comment\",\"target\":[\"https:\/\/www.africa-press.net\/burkina-faso\/culture-et-art\/education-au-burkina-faso-les-acteurs-et-leurs-partenaires-techniques-et-financiers-en-conclave#respond\"]}]},{\"@type\":\"WebPage\",\"@id\":\"https:\/\/www.africa-press.net\/burkina-faso\/culture-et-art\/education-au-burkina-faso-les-acteurs-et-leurs-partenaires-techniques-et-financiers-en-conclave\",\"url\":\"https:\/\/www.africa-press.net\/burkina-faso\/culture-et-art\/education-au-burkina-faso-les-acteurs-et-leurs-partenaires-techniques-et-financiers-en-conclave\",\"name\":\"Les acteurs et leurs partenaires techniques et financiers en conclave - Burkina Faso\",\"isPartOf\":{\"@id\":\"https:\/\/www.africa-press.net\/burkina-faso\/#website\"},\"primaryImageOfPage\":{\"@id\":\"https:\/\/www.africa-press.net\/burkina-faso\/culture-et-art\/education-au-burkina-faso-les-acteurs-et-leurs-partenaires-techniques-et-financiers-en-conclave#primaryimage\"},\"image\":{\"@id\":\"https:\/\/www.africa-press.net\/burkina-faso\/culture-et-art\/education-au-burkina-faso-les-acteurs-et-leurs-partenaires-techniques-et-financiers-en-conclave#primaryimage\"},\"thumbnailUrl\":\"https:\/\/static.africa-press.net\/burkina\/sites\/42\/2021\/05\/img-60953e79d0ded.jpg\",\"datePublished\":\"2021-05-07T14:52:08+00:00\",\"dateModified\":\"2021-05-07T14:52:47+00:00\",\"author\":{\"@id\":\"https:\/\/www.africa-press.net\/burkina-faso\/#\/schema\/person\/2b1cf3cd81a31e3cd26889ca66d677f1\"},\"description\":\"L\u2019aide-m\u00e9moire de la 9e Mission Conjointe de Suivi (MCS), du Programme de D\u00e9veloppement Strat\u00e9gique de l\u2019Education de Ba ...\",\"breadcrumb\":{\"@id\":\"https:\/\/www.africa-press.net\/burkina-faso\/culture-et-art\/education-au-burkina-faso-les-acteurs-et-leurs-partenaires-techniques-et-financiers-en-conclave#breadcrumb\"},\"inLanguage\":\"fr-FR\",\"potentialAction\":[{\"@type\":\"ReadAction\",\"target\":[\"https:\/\/www.africa-press.net\/burkina-faso\/culture-et-art\/education-au-burkina-faso-les-acteurs-et-leurs-partenaires-techniques-et-financiers-en-conclave\"]}]},{\"@type\":\"ImageObject\",\"inLanguage\":\"fr-FR\",\"@id\":\"https:\/\/www.africa-press.net\/burkina-faso\/culture-et-art\/education-au-burkina-faso-les-acteurs-et-leurs-partenaires-techniques-et-financiers-en-conclave#primaryimage\",\"url\":\"https:\/\/static.africa-press.net\/burkina\/sites\/42\/2021\/05\/img-60953e79d0ded.jpg\",\"contentUrl\":\"https:\/\/static.africa-press.net\/burkina\/sites\/42\/2021\/05\/img-60953e79d0ded.jpg\",\"width\":750,\"height\":345,\"caption\":\"Education au Burkina Faso : Les acteurs et leurs partenaires techniques et financiers en conclave\"},{\"@type\":\"BreadcrumbList\",\"@id\":\"https:\/\/www.africa-press.net\/burkina-faso\/culture-et-art\/education-au-burkina-faso-les-acteurs-et-leurs-partenaires-techniques-et-financiers-en-conclave#breadcrumb\",\"itemListElement\":[{\"@type\":\"ListItem\",\"position\":1,\"name\":\"Accueil\",\"item\":\"https:\/\/www.africa-press.net\/burkina-faso\/\"},{\"@type\":\"ListItem\",\"position\":2,\"name\":\"Les acteurs et leurs partenaires techniques et financiers en conclave\"}]},{\"@type\":\"WebSite\",\"@id\":\"https:\/\/www.africa-press.net\/burkina-faso\/#website\",\"url\":\"https:\/\/www.africa-press.net\/burkina-faso\/\",\"name\":\"Burkina Faso\",\"description\":\"Just another Africa News Agency Sites site\",\"potentialAction\":[{\"@type\":\"SearchAction\",\"target\":{\"@type\":\"EntryPoint\",\"urlTemplate\":\"https:\/\/www.africa-press.net\/burkina-faso\/?s={search_term_string}\"},\"query-input\":{\"@type\":\"PropertyValueSpecification\",\"valueRequired\":true,\"valueName\":\"search_term_string\"}}],\"inLanguage\":\"fr-FR\"},{\"@type\":\"Person\",\"@id\":\"https:\/\/www.africa-press.net\/burkina-faso\/#\/schema\/person\/2b1cf3cd81a31e3cd26889ca66d677f1\",\"name\":\"cfeditorfr\"}]}<\/script>\n<!-- \/ Yoast SEO Premium plugin. -->","yoast_head_json":{"title":"Les acteurs et leurs partenaires techniques et financiers en conclave - Burkina Faso","description":"L\u2019aide-m\u00e9moire de la 9e Mission Conjointe de Suivi (MCS), du Programme de D\u00e9veloppement Strat\u00e9gique de l\u2019Education de Ba ...","robots":{"index":"index","follow":"follow","max-snippet":"max-snippet:-1","max-image-preview":"max-image-preview:large","max-video-preview":"max-video-preview:-1"},"canonical":"https:\/\/www.africa-press.net\/burkina-faso\/culture-et-art\/education-au-burkina-faso-les-acteurs-et-leurs-partenaires-techniques-et-financiers-en-conclave","og_locale":"fr_FR","og_type":"article","og_title":"Les acteurs et leurs partenaires techniques et financiers en conclave","og_description":"L\u2019aide-m\u00e9moire de la 9e Mission Conjointe de Suivi (MCS), du Programme de D\u00e9veloppement Strat\u00e9gique de l\u2019Education de Ba ...","og_url":"https:\/\/www.africa-press.net\/burkina-faso\/culture-et-art\/education-au-burkina-faso-les-acteurs-et-leurs-partenaires-techniques-et-financiers-en-conclave","og_site_name":"Burkina Faso","article_published_time":"2021-05-07T14:52:08+00:00","article_modified_time":"2021-05-07T14:52:47+00:00","og_image":[{"width":750,"height":345,"url":"https:\/\/static.africa-press.net\/burkina\/sites\/42\/2021\/05\/img-60953e79d0ded.jpg","type":"image\/jpeg"}],"author":"cfeditorfr","twitter_card":"summary_large_image","twitter_misc":{"\u00c9crit par":"cfeditorfr","Dur\u00e9e de lecture estim\u00e9e":"2 minutes"},"schema":{"@context":"https:\/\/schema.org","@graph":[{"@type":"Article","@id":"https:\/\/www.africa-press.net\/burkina-faso\/culture-et-art\/education-au-burkina-faso-les-acteurs-et-leurs-partenaires-techniques-et-financiers-en-conclave#article","isPartOf":{"@id":"https:\/\/www.africa-press.net\/burkina-faso\/culture-et-art\/education-au-burkina-faso-les-acteurs-et-leurs-partenaires-techniques-et-financiers-en-conclave"},"author":{"name":"cfeditorfr","@id":"https:\/\/www.africa-press.net\/burkina-faso\/#\/schema\/person\/2b1cf3cd81a31e3cd26889ca66d677f1"},"headline":"Les acteurs et leurs partenaires techniques et financiers en conclave","datePublished":"2021-05-07T14:52:08+00:00","dateModified":"2021-05-07T14:52:47+00:00","mainEntityOfPage":{"@id":"https:\/\/www.africa-press.net\/burkina-faso\/culture-et-art\/education-au-burkina-faso-les-acteurs-et-leurs-partenaires-techniques-et-financiers-en-conclave"},"wordCount":461,"commentCount":0,"image":{"@id":"https:\/\/www.africa-press.net\/burkina-faso\/culture-et-art\/education-au-burkina-faso-les-acteurs-et-leurs-partenaires-techniques-et-financiers-en-conclave#primaryimage"},"thumbnailUrl":"https:\/\/static.africa-press.net\/burkina\/sites\/42\/2021\/05\/img-60953e79d0ded.jpg","keywords":["Africa Press","Africa Press-Burkina Faso","Burkina Faso"],"articleSection":["Culture et Art","homepage-french","Toutes les actualit\u00e9s"],"inLanguage":"fr-FR","potentialAction":[{"@type":"CommentAction","name":"Comment","target":["https:\/\/www.africa-press.net\/burkina-faso\/culture-et-art\/education-au-burkina-faso-les-acteurs-et-leurs-partenaires-techniques-et-financiers-en-conclave#respond"]}]},{"@type":"WebPage","@id":"https:\/\/www.africa-press.net\/burkina-faso\/culture-et-art\/education-au-burkina-faso-les-acteurs-et-leurs-partenaires-techniques-et-financiers-en-conclave","url":"https:\/\/www.africa-press.net\/burkina-faso\/culture-et-art\/education-au-burkina-faso-les-acteurs-et-leurs-partenaires-techniques-et-financiers-en-conclave","name":"Les acteurs et leurs partenaires techniques et financiers en conclave - Burkina Faso","isPartOf":{"@id":"https:\/\/www.africa-press.net\/burkina-faso\/#website"},"primaryImageOfPage":{"@id":"https:\/\/www.africa-press.net\/burkina-faso\/culture-et-art\/education-au-burkina-faso-les-acteurs-et-leurs-partenaires-techniques-et-financiers-en-conclave#primaryimage"},"image":{"@id":"https:\/\/www.africa-press.net\/burkina-faso\/culture-et-art\/education-au-burkina-faso-les-acteurs-et-leurs-partenaires-techniques-et-financiers-en-conclave#primaryimage"},"thumbnailUrl":"https:\/\/static.africa-press.net\/burkina\/sites\/42\/2021\/05\/img-60953e79d0ded.jpg","datePublished":"2021-05-07T14:52:08+00:00","dateModified":"2021-05-07T14:52:47+00:00","author":{"@id":"https:\/\/www.africa-press.net\/burkina-faso\/#\/schema\/person\/2b1cf3cd81a31e3cd26889ca66d677f1"},"description":"L\u2019aide-m\u00e9moire de la 9e Mission Conjointe de Suivi (MCS), du Programme de D\u00e9veloppement Strat\u00e9gique de l\u2019Education de Ba ...","breadcrumb":{"@id":"https:\/\/www.africa-press.net\/burkina-faso\/culture-et-art\/education-au-burkina-faso-les-acteurs-et-leurs-partenaires-techniques-et-financiers-en-conclave#breadcrumb"},"inLanguage":"fr-FR","potentialAction":[{"@type":"ReadAction","target":["https:\/\/www.africa-press.net\/burkina-faso\/culture-et-art\/education-au-burkina-faso-les-acteurs-et-leurs-partenaires-techniques-et-financiers-en-conclave"]}]},{"@type":"ImageObject","inLanguage":"fr-FR","@id":"https:\/\/www.africa-press.net\/burkina-faso\/culture-et-art\/education-au-burkina-faso-les-acteurs-et-leurs-partenaires-techniques-et-financiers-en-conclave#primaryimage","url":"https:\/\/static.africa-press.net\/burkina\/sites\/42\/2021\/05\/img-60953e79d0ded.jpg","contentUrl":"https:\/\/static.africa-press.net\/burkina\/sites\/42\/2021\/05\/img-60953e79d0ded.jpg","width":750,"height":345,"caption":"Education au Burkina Faso : Les acteurs et leurs partenaires techniques et financiers en conclave"},{"@type":"BreadcrumbList","@id":"https:\/\/www.africa-press.net\/burkina-faso\/culture-et-art\/education-au-burkina-faso-les-acteurs-et-leurs-partenaires-techniques-et-financiers-en-conclave#breadcrumb","itemListElement":[{"@type":"ListItem","position":1,"name":"Accueil","item":"https:\/\/www.africa-press.net\/burkina-faso\/"},{"@type":"ListItem","position":2,"name":"Les acteurs et leurs partenaires techniques et financiers en conclave"}]},{"@type":"WebSite","@id":"https:\/\/www.africa-press.net\/burkina-faso\/#website","url":"https:\/\/www.africa-press.net\/burkina-faso\/","name":"Burkina Faso","description":"Just another Africa News Agency Sites site","potentialAction":[{"@type":"SearchAction","target":{"@type":"EntryPoint","urlTemplate":"https:\/\/www.africa-press.net\/burkina-faso\/?s={search_term_string}"},"query-input":{"@type":"PropertyValueSpecification","valueRequired":true,"valueName":"search_term_string"}}],"inLanguage":"fr-FR"},{"@type":"Person","@id":"https:\/\/www.africa-press.net\/burkina-faso\/#\/schema\/person\/2b1cf3cd81a31e3cd26889ca66d677f1","name":"cfeditorfr"}]}},"_links":{"self":[{"href":"https:\/\/www.africa-press.net\/burkina-faso\/wp-json\/wp\/v2\/posts\/11404","targetHints":{"allow":["GET"]}}],"collection":[{"href":"https:\/\/www.africa-press.net\/burkina-faso\/wp-json\/wp\/v2\/posts"}],"about":[{"href":"https:\/\/www.africa-press.net\/burkina-faso\/wp-json\/wp\/v2\/types\/post"}],"author":[{"embeddable":true,"href":"https:\/\/www.africa-press.net\/burkina-faso\/wp-json\/wp\/v2\/users\/82"}],"replies":[{"embeddable":true,"href":"https:\/\/www.africa-press.net\/burkina-faso\/wp-json\/wp\/v2\/comments?post=11404"}],"version-history":[{"count":0,"href":"https:\/\/www.africa-press.net\/burkina-faso\/wp-json\/wp\/v2\/posts\/11404\/revisions"}],"wp:featuredmedia":[{"embeddable":true,"href":"https:\/\/www.africa-press.net\/burkina-faso\/wp-json\/wp\/v2\/media\/11403"}],"wp:attachment":[{"href":"https:\/\/www.africa-press.net\/burkina-faso\/wp-json\/wp\/v2\/media?parent=11404"}],"wp:term":[{"taxonomy":"category","embeddable":true,"href":"https:\/\/www.africa-press.net\/burkina-faso\/wp-json\/wp\/v2\/categories?post=11404"},{"taxonomy":"post_tag","embeddable":true,"href":"https:\/\/www.africa-press.net\/burkina-faso\/wp-json\/wp\/v2\/tags?post=11404"}],"curies":[{"name":"wp","href":"https:\/\/api.w.org\/{rel}","templated":true}]}}