{"id":11407,"date":"2021-05-07T14:59:47","date_gmt":"2021-05-07T14:59:47","guid":{"rendered":"https:\/\/www.africa-press.net\/burkina-faso\/?p=11407"},"modified":"2021-05-07T14:52:56","modified_gmt":"2021-05-07T14:52:56","slug":"benkadi-un-consortium-dosc-pour-la-resilience-des-populations-au-changement-climatique","status":"publish","type":"post","link":"https:\/\/www.africa-press.net\/burkina-faso\/toutes-les-actualites\/benkadi-un-consortium-dosc-pour-la-resilience-des-populations-au-changement-climatique","title":{"rendered":"\u00ab Benkadi \u00bb, un consortium d\u2019osc pour la r\u00e9silience des populations au changement climatique"},"content":{"rendered":"<p><span style=\"color: #ff6600\"><strong><a href=\"https:\/\/www.africa-press.net\/\">Africa-Press<\/a> &#8211; <a href=\"https:\/\/www.africa-press.net\/burkina-faso\">Burkina Faso<\/a>. <\/strong><\/span>Parti du principe que \u00ab Renforcer la soci\u00e9t\u00e9 civile contribue \u00e0 une soci\u00e9t\u00e9 ouverte et renforce la d\u00e9mocratie et la primaut\u00e9 des droits \u00bb, le gouvernement N\u00e9erlandais r\u00e9unit un consortium d\u2019ONG de quatre (4) pays d\u2019Afrique de l\u2019Ouest dont l\u2019objectif est d\u2019am\u00e9liorer l\u2019efficacit\u00e9 des politiques publiques sur les changements climatiques \u00e0 travers le programme \u00ab Benkadi \u00bb qui signifie \u00ab Travailler ensemble dans la m\u00eame direction \u00bb en langue Bambara. Dans le cadre du d\u00e9marrage des activit\u00e9s du programme dans les quatre pays du consortium, le Secr\u00e9tariat Permanent des ONG (SPONG), qui assure la coordination r\u00e9gionale du Programme, a proc\u00e9d\u00e9 au lancement officiel ce jeudi 6 mai 2021 \u00e0 Ouagadougou en pr\u00e9sence des d\u00e9l\u00e9gations des autres pays.<\/p>\n<p>Le Secr\u00e9taire Permanent des ONG (SPONG) au Burkina Faso, la plateforme des Acteurs de la Soci\u00e9t\u00e9 Civile (PASCIB), du B\u00e9nin, la Convention de la Soci\u00e9t\u00e9 civile Ivoirienne (CSCI) en C\u00f4te d\u2019Ivoire et le Secr\u00e9tariat de Concertation des ONG Nationales (SECO-ONG) au Mali, en partenariat avec l\u2019ONG n\u00e9erlandais \u00ab WoorD en Daad \u00bb sont les structures retenues par le minist\u00e8re N\u00e9erlandais pour la mise en \u0153uvre du programme \u00ab Benkadi \u00bb dans leurs pays respectifs.<\/p>\n<p>\u00ab Benkadi \u00bb part du constat que ces quatre pays du Sud sont commun\u00e9ment affect\u00e9s par les effets des changements climatiques avec des cons\u00e9quences comme l\u2019ins\u00e9curit\u00e9 alimentaire et nutritionnelle, le faible acc\u00e8s \u00e0 l\u2019\u00e9nergie, les conflits sociaux et les migrations de populations li\u00e9es \u00e0 la rar\u00e9faction ou la d\u00e9gradation des ressources naturelles, l\u2019augmentation de la charge de travail des femmes. Elle se veut comme une participation citoyenne \u00e0 la r\u00e9ponse climatique.<\/p>\n<p>Le projet \u00ab Benkadi \u00bb viendra donc renforcer les d\u00e9fis li\u00e9s au changement climatique et att\u00e9nuer la souffrance des populations de ces zones qui subissent ces m\u00e9faits. C\u2019est un programme ax\u00e9 sur le plaidoyer et travaille sur les politiques publiques pour am\u00e9liorer la gouvernance en mati\u00e8re de changements climatiques.<\/p>\n<p>Les plateformes membres du consortium bien qu\u2019intervenant dans des th\u00e9matiques sp\u00e9cifiques \u00e0 chaque pays, sont mobilis\u00e9es conjointement autour de l\u2019ambition de contribuer \u00e0 une soci\u00e9t\u00e9 civile forte qui travaille \u00e0 att\u00e9nuer les effets du changement climatique.<\/p>\n<p>Au B\u00e9nin, l\u2019accent sera mis sur l\u2019adaptation de l\u2019agriculture, des ressources en eau, la lutte contre la d\u00e9forestation. Au Burkina Faso, il y aura un regard sur la gouvernance inclusive des politiques et programmes, y compris l\u2019exploitation artisanale des mines. En C\u00f4te d\u2019Ivoire, l\u2019accent sera mis sur les r\u00e9gions c\u00f4ti\u00e8res et les aires prot\u00e9g\u00e9es et au Mali, sur la gestion durable des terres.<\/p>\n<p>Mise en \u0153uvre sur une dur\u00e9e de 5 ans, avec une allocation budg\u00e9taire de plus de 21 millions d\u2019euros soit 14 milliards de FCFA, le programme touche 30 r\u00e9gions et 67 communes des pays concern\u00e9s avec pour cibles, les personnes vuln\u00e9rables, les femmes et les jeunes, les personnes vivant avec un handicap, les minorit\u00e9s, entre autres.<\/p>\n<p>Pour ce qui concerne le Burkina Faso, sept (7) r\u00e9gions sont concern\u00e9es, le Sahel, le Centre-Nord, le Centre-Est, le Nord, le Plateau Central, les Cascades et le Centre-Ouest.<\/p>\n<p>Le ministre de l\u2019environnement, Sim\u00e9on Sawadogo, qui a pr\u00e9sid\u00e9 la c\u00e9r\u00e9monie, se r\u00e9jouit pour cette synergie d\u2019action entre les gouvernements et les acteurs de la soci\u00e9t\u00e9 civile qu\u2019offre le programme \u00ab Benkadi \u00bb. \u00abCette compl\u00e9mentarit\u00e9 contribuera sans doute \u00e0 la mise en \u0153uvre des engagements du pays contenus dans le document de Contribution D\u00e9termin\u00e9 au Niveau National (CDN) en mati\u00e8re d\u2019att\u00e9nuation et d\u2019adaptation aux changements climatiques\u00bb, dit-il.<\/p>\n<p>Pour la pr\u00e9sidente d\u2019administration du SPONG Lead du Consortium \u00ab Benkadi \u00bb, c\u2019est une opportunit\u00e9 pour elles (soci\u00e9t\u00e9s civiles) d\u2019\u00eatre \u00e0 la hauteur de la qualit\u00e9 de leur participation.<\/p>\n","protected":false},"excerpt":{"rendered":"<p>Africa-Press &#8211; Burkina Faso. Parti du principe que \u00ab Renforcer la soci\u00e9t\u00e9 civile contribue \u00e0 une soci\u00e9t\u00e9 ouverte et renforce la d\u00e9mocratie et la primaut\u00e9 des droits \u00bb, le gouvernement N\u00e9erlandais r\u00e9unit un consortium d\u2019ONG de quatre (4) pays d\u2019Afrique de l\u2019Ouest dont l\u2019objectif est d\u2019am\u00e9liorer l\u2019efficacit\u00e9 des politiques publiques sur les changements climatiques \u00e0 [&hellip;]<\/p>\n","protected":false},"author":82,"featured_media":11406,"comment_status":"open","ping_status":"closed","sticky":false,"template":"","format":"standard","meta":{"footnotes":""},"categories":[21,11,10],"tags":[111,725,29],"class_list":["post-11407","post","type-post","status-publish","format-standard","has-post-thumbnail","hentry","category-communaute","category-homepage-french","category-toutes-les-actualites","tag-africa-press","tag-africa-press-burkina-faso","tag-burkina-faso"],"yoast_head":"<!-- This site is optimized with the Yoast SEO Premium plugin v26.1 (Yoast SEO v27.0) - https:\/\/yoast.com\/product\/yoast-seo-premium-wordpress\/ -->\n<title>\u00ab Benkadi \u00bb, un consortium d\u2019osc pour la r\u00e9silience des populations au changement climatique - Burkina Faso<\/title>\n<meta name=\"description\" content=\"Parti du principe que \u00ab Renforcer la soci\u00e9t\u00e9 civile contribue \u00e0 une soci\u00e9t\u00e9 ouverte et renforce la d\u00e9mocratie et la prim ...\" \/>\n<meta name=\"robots\" content=\"index, follow, max-snippet:-1, max-image-preview:large, max-video-preview:-1\" \/>\n<link rel=\"canonical\" href=\"https:\/\/www.africa-press.net\/burkina-faso\/toutes-les-actualites\/benkadi-un-consortium-dosc-pour-la-resilience-des-populations-au-changement-climatique\" \/>\n<meta property=\"og:locale\" content=\"fr_FR\" \/>\n<meta property=\"og:type\" content=\"article\" \/>\n<meta property=\"og:title\" content=\"\u00ab Benkadi \u00bb, un consortium d\u2019osc pour la r\u00e9silience des populations au changement climatique\" \/>\n<meta property=\"og:description\" content=\"Parti du principe que \u00ab Renforcer la soci\u00e9t\u00e9 civile contribue \u00e0 une soci\u00e9t\u00e9 ouverte et renforce la d\u00e9mocratie et la prim ...\" \/>\n<meta property=\"og:url\" content=\"https:\/\/www.africa-press.net\/burkina-faso\/toutes-les-actualites\/benkadi-un-consortium-dosc-pour-la-resilience-des-populations-au-changement-climatique\" \/>\n<meta property=\"og:site_name\" content=\"Burkina Faso\" \/>\n<meta property=\"article:published_time\" content=\"2021-05-07T14:59:47+00:00\" \/>\n<meta property=\"og:image\" content=\"https:\/\/static.africa-press.net\/burkina\/sites\/42\/2021\/05\/img-60953ea0d916a.jpg\" \/>\n\t<meta property=\"og:image:width\" content=\"720\" \/>\n\t<meta property=\"og:image:height\" content=\"468\" \/>\n\t<meta property=\"og:image:type\" content=\"image\/jpeg\" \/>\n<meta name=\"author\" content=\"cfeditorfr\" \/>\n<meta name=\"twitter:card\" content=\"summary_large_image\" \/>\n<meta name=\"twitter:label1\" content=\"\u00c9crit par\" \/>\n\t<meta name=\"twitter:data1\" content=\"cfeditorfr\" \/>\n\t<meta name=\"twitter:label2\" content=\"Dur\u00e9e de lecture estim\u00e9e\" \/>\n\t<meta name=\"twitter:data2\" content=\"3 minutes\" \/>\n<script type=\"application\/ld+json\" class=\"yoast-schema-graph\">{\"@context\":\"https:\/\/schema.org\",\"@graph\":[{\"@type\":\"Article\",\"@id\":\"https:\/\/www.africa-press.net\/burkina-faso\/toutes-les-actualites\/benkadi-un-consortium-dosc-pour-la-resilience-des-populations-au-changement-climatique#article\",\"isPartOf\":{\"@id\":\"https:\/\/www.africa-press.net\/burkina-faso\/toutes-les-actualites\/benkadi-un-consortium-dosc-pour-la-resilience-des-populations-au-changement-climatique\"},\"author\":{\"name\":\"cfeditorfr\",\"@id\":\"https:\/\/www.africa-press.net\/burkina-faso\/#\/schema\/person\/2b1cf3cd81a31e3cd26889ca66d677f1\"},\"headline\":\"\u00ab Benkadi \u00bb, un consortium d\u2019osc pour la r\u00e9silience des populations au changement climatique\",\"datePublished\":\"2021-05-07T14:59:47+00:00\",\"mainEntityOfPage\":{\"@id\":\"https:\/\/www.africa-press.net\/burkina-faso\/toutes-les-actualites\/benkadi-un-consortium-dosc-pour-la-resilience-des-populations-au-changement-climatique\"},\"wordCount\":672,\"commentCount\":0,\"image\":{\"@id\":\"https:\/\/www.africa-press.net\/burkina-faso\/toutes-les-actualites\/benkadi-un-consortium-dosc-pour-la-resilience-des-populations-au-changement-climatique#primaryimage\"},\"thumbnailUrl\":\"https:\/\/static.africa-press.net\/burkina\/sites\/42\/2021\/05\/img-60953ea0d916a.jpg\",\"keywords\":[\"Africa Press\",\"Africa Press-Burkina Faso\",\"Burkina Faso\"],\"articleSection\":[\"Communaut\u00e9\",\"homepage-french\",\"Toutes les actualit\u00e9s\"],\"inLanguage\":\"fr-FR\",\"potentialAction\":[{\"@type\":\"CommentAction\",\"name\":\"Comment\",\"target\":[\"https:\/\/www.africa-press.net\/burkina-faso\/toutes-les-actualites\/benkadi-un-consortium-dosc-pour-la-resilience-des-populations-au-changement-climatique#respond\"]}]},{\"@type\":\"WebPage\",\"@id\":\"https:\/\/www.africa-press.net\/burkina-faso\/toutes-les-actualites\/benkadi-un-consortium-dosc-pour-la-resilience-des-populations-au-changement-climatique\",\"url\":\"https:\/\/www.africa-press.net\/burkina-faso\/toutes-les-actualites\/benkadi-un-consortium-dosc-pour-la-resilience-des-populations-au-changement-climatique\",\"name\":\"\u00ab Benkadi \u00bb, un consortium d\u2019osc pour la r\u00e9silience des populations au changement climatique - Burkina Faso\",\"isPartOf\":{\"@id\":\"https:\/\/www.africa-press.net\/burkina-faso\/#website\"},\"primaryImageOfPage\":{\"@id\":\"https:\/\/www.africa-press.net\/burkina-faso\/toutes-les-actualites\/benkadi-un-consortium-dosc-pour-la-resilience-des-populations-au-changement-climatique#primaryimage\"},\"image\":{\"@id\":\"https:\/\/www.africa-press.net\/burkina-faso\/toutes-les-actualites\/benkadi-un-consortium-dosc-pour-la-resilience-des-populations-au-changement-climatique#primaryimage\"},\"thumbnailUrl\":\"https:\/\/static.africa-press.net\/burkina\/sites\/42\/2021\/05\/img-60953ea0d916a.jpg\",\"datePublished\":\"2021-05-07T14:59:47+00:00\",\"author\":{\"@id\":\"https:\/\/www.africa-press.net\/burkina-faso\/#\/schema\/person\/2b1cf3cd81a31e3cd26889ca66d677f1\"},\"description\":\"Parti du principe que \u00ab Renforcer la soci\u00e9t\u00e9 civile contribue \u00e0 une soci\u00e9t\u00e9 ouverte et renforce la d\u00e9mocratie et la prim ...\",\"breadcrumb\":{\"@id\":\"https:\/\/www.africa-press.net\/burkina-faso\/toutes-les-actualites\/benkadi-un-consortium-dosc-pour-la-resilience-des-populations-au-changement-climatique#breadcrumb\"},\"inLanguage\":\"fr-FR\",\"potentialAction\":[{\"@type\":\"ReadAction\",\"target\":[\"https:\/\/www.africa-press.net\/burkina-faso\/toutes-les-actualites\/benkadi-un-consortium-dosc-pour-la-resilience-des-populations-au-changement-climatique\"]}]},{\"@type\":\"ImageObject\",\"inLanguage\":\"fr-FR\",\"@id\":\"https:\/\/www.africa-press.net\/burkina-faso\/toutes-les-actualites\/benkadi-un-consortium-dosc-pour-la-resilience-des-populations-au-changement-climatique#primaryimage\",\"url\":\"https:\/\/static.africa-press.net\/burkina\/sites\/42\/2021\/05\/img-60953ea0d916a.jpg\",\"contentUrl\":\"https:\/\/static.africa-press.net\/burkina\/sites\/42\/2021\/05\/img-60953ea0d916a.jpg\",\"width\":720,\"height\":468,\"caption\":\"\u00ab Benkadi \u00bb, un consortium d\u2019osc pour la r\u00e9silience des populations au changement climatique\"},{\"@type\":\"BreadcrumbList\",\"@id\":\"https:\/\/www.africa-press.net\/burkina-faso\/toutes-les-actualites\/benkadi-un-consortium-dosc-pour-la-resilience-des-populations-au-changement-climatique#breadcrumb\",\"itemListElement\":[{\"@type\":\"ListItem\",\"position\":1,\"name\":\"Accueil\",\"item\":\"https:\/\/www.africa-press.net\/burkina-faso\/\"},{\"@type\":\"ListItem\",\"position\":2,\"name\":\"\u00ab Benkadi \u00bb, un consortium d\u2019osc pour la r\u00e9silience des populations au changement climatique\"}]},{\"@type\":\"WebSite\",\"@id\":\"https:\/\/www.africa-press.net\/burkina-faso\/#website\",\"url\":\"https:\/\/www.africa-press.net\/burkina-faso\/\",\"name\":\"Burkina Faso\",\"description\":\"Just another Africa News Agency Sites site\",\"potentialAction\":[{\"@type\":\"SearchAction\",\"target\":{\"@type\":\"EntryPoint\",\"urlTemplate\":\"https:\/\/www.africa-press.net\/burkina-faso\/?s={search_term_string}\"},\"query-input\":{\"@type\":\"PropertyValueSpecification\",\"valueRequired\":true,\"valueName\":\"search_term_string\"}}],\"inLanguage\":\"fr-FR\"},{\"@type\":\"Person\",\"@id\":\"https:\/\/www.africa-press.net\/burkina-faso\/#\/schema\/person\/2b1cf3cd81a31e3cd26889ca66d677f1\",\"name\":\"cfeditorfr\"}]}<\/script>\n<!-- \/ Yoast SEO Premium plugin. -->","yoast_head_json":{"title":"\u00ab Benkadi \u00bb, un consortium d\u2019osc pour la r\u00e9silience des populations au changement climatique - Burkina Faso","description":"Parti du principe que \u00ab Renforcer la soci\u00e9t\u00e9 civile contribue \u00e0 une soci\u00e9t\u00e9 ouverte et renforce la d\u00e9mocratie et la prim ...","robots":{"index":"index","follow":"follow","max-snippet":"max-snippet:-1","max-image-preview":"max-image-preview:large","max-video-preview":"max-video-preview:-1"},"canonical":"https:\/\/www.africa-press.net\/burkina-faso\/toutes-les-actualites\/benkadi-un-consortium-dosc-pour-la-resilience-des-populations-au-changement-climatique","og_locale":"fr_FR","og_type":"article","og_title":"\u00ab Benkadi \u00bb, un consortium d\u2019osc pour la r\u00e9silience des populations au changement climatique","og_description":"Parti du principe que \u00ab Renforcer la soci\u00e9t\u00e9 civile contribue \u00e0 une soci\u00e9t\u00e9 ouverte et renforce la d\u00e9mocratie et la prim ...","og_url":"https:\/\/www.africa-press.net\/burkina-faso\/toutes-les-actualites\/benkadi-un-consortium-dosc-pour-la-resilience-des-populations-au-changement-climatique","og_site_name":"Burkina Faso","article_published_time":"2021-05-07T14:59:47+00:00","og_image":[{"width":720,"height":468,"url":"https:\/\/static.africa-press.net\/burkina\/sites\/42\/2021\/05\/img-60953ea0d916a.jpg","type":"image\/jpeg"}],"author":"cfeditorfr","twitter_card":"summary_large_image","twitter_misc":{"\u00c9crit par":"cfeditorfr","Dur\u00e9e de lecture estim\u00e9e":"3 minutes"},"schema":{"@context":"https:\/\/schema.org","@graph":[{"@type":"Article","@id":"https:\/\/www.africa-press.net\/burkina-faso\/toutes-les-actualites\/benkadi-un-consortium-dosc-pour-la-resilience-des-populations-au-changement-climatique#article","isPartOf":{"@id":"https:\/\/www.africa-press.net\/burkina-faso\/toutes-les-actualites\/benkadi-un-consortium-dosc-pour-la-resilience-des-populations-au-changement-climatique"},"author":{"name":"cfeditorfr","@id":"https:\/\/www.africa-press.net\/burkina-faso\/#\/schema\/person\/2b1cf3cd81a31e3cd26889ca66d677f1"},"headline":"\u00ab Benkadi \u00bb, un consortium d\u2019osc pour la r\u00e9silience des populations au changement climatique","datePublished":"2021-05-07T14:59:47+00:00","mainEntityOfPage":{"@id":"https:\/\/www.africa-press.net\/burkina-faso\/toutes-les-actualites\/benkadi-un-consortium-dosc-pour-la-resilience-des-populations-au-changement-climatique"},"wordCount":672,"commentCount":0,"image":{"@id":"https:\/\/www.africa-press.net\/burkina-faso\/toutes-les-actualites\/benkadi-un-consortium-dosc-pour-la-resilience-des-populations-au-changement-climatique#primaryimage"},"thumbnailUrl":"https:\/\/static.africa-press.net\/burkina\/sites\/42\/2021\/05\/img-60953ea0d916a.jpg","keywords":["Africa Press","Africa Press-Burkina Faso","Burkina Faso"],"articleSection":["Communaut\u00e9","homepage-french","Toutes les actualit\u00e9s"],"inLanguage":"fr-FR","potentialAction":[{"@type":"CommentAction","name":"Comment","target":["https:\/\/www.africa-press.net\/burkina-faso\/toutes-les-actualites\/benkadi-un-consortium-dosc-pour-la-resilience-des-populations-au-changement-climatique#respond"]}]},{"@type":"WebPage","@id":"https:\/\/www.africa-press.net\/burkina-faso\/toutes-les-actualites\/benkadi-un-consortium-dosc-pour-la-resilience-des-populations-au-changement-climatique","url":"https:\/\/www.africa-press.net\/burkina-faso\/toutes-les-actualites\/benkadi-un-consortium-dosc-pour-la-resilience-des-populations-au-changement-climatique","name":"\u00ab Benkadi \u00bb, un consortium d\u2019osc pour la r\u00e9silience des populations au changement climatique - Burkina Faso","isPartOf":{"@id":"https:\/\/www.africa-press.net\/burkina-faso\/#website"},"primaryImageOfPage":{"@id":"https:\/\/www.africa-press.net\/burkina-faso\/toutes-les-actualites\/benkadi-un-consortium-dosc-pour-la-resilience-des-populations-au-changement-climatique#primaryimage"},"image":{"@id":"https:\/\/www.africa-press.net\/burkina-faso\/toutes-les-actualites\/benkadi-un-consortium-dosc-pour-la-resilience-des-populations-au-changement-climatique#primaryimage"},"thumbnailUrl":"https:\/\/static.africa-press.net\/burkina\/sites\/42\/2021\/05\/img-60953ea0d916a.jpg","datePublished":"2021-05-07T14:59:47+00:00","author":{"@id":"https:\/\/www.africa-press.net\/burkina-faso\/#\/schema\/person\/2b1cf3cd81a31e3cd26889ca66d677f1"},"description":"Parti du principe que \u00ab Renforcer la soci\u00e9t\u00e9 civile contribue \u00e0 une soci\u00e9t\u00e9 ouverte et renforce la d\u00e9mocratie et la prim ...","breadcrumb":{"@id":"https:\/\/www.africa-press.net\/burkina-faso\/toutes-les-actualites\/benkadi-un-consortium-dosc-pour-la-resilience-des-populations-au-changement-climatique#breadcrumb"},"inLanguage":"fr-FR","potentialAction":[{"@type":"ReadAction","target":["https:\/\/www.africa-press.net\/burkina-faso\/toutes-les-actualites\/benkadi-un-consortium-dosc-pour-la-resilience-des-populations-au-changement-climatique"]}]},{"@type":"ImageObject","inLanguage":"fr-FR","@id":"https:\/\/www.africa-press.net\/burkina-faso\/toutes-les-actualites\/benkadi-un-consortium-dosc-pour-la-resilience-des-populations-au-changement-climatique#primaryimage","url":"https:\/\/static.africa-press.net\/burkina\/sites\/42\/2021\/05\/img-60953ea0d916a.jpg","contentUrl":"https:\/\/static.africa-press.net\/burkina\/sites\/42\/2021\/05\/img-60953ea0d916a.jpg","width":720,"height":468,"caption":"\u00ab Benkadi \u00bb, un consortium d\u2019osc pour la r\u00e9silience des populations au changement climatique"},{"@type":"BreadcrumbList","@id":"https:\/\/www.africa-press.net\/burkina-faso\/toutes-les-actualites\/benkadi-un-consortium-dosc-pour-la-resilience-des-populations-au-changement-climatique#breadcrumb","itemListElement":[{"@type":"ListItem","position":1,"name":"Accueil","item":"https:\/\/www.africa-press.net\/burkina-faso\/"},{"@type":"ListItem","position":2,"name":"\u00ab Benkadi \u00bb, un consortium d\u2019osc pour la r\u00e9silience des populations au changement climatique"}]},{"@type":"WebSite","@id":"https:\/\/www.africa-press.net\/burkina-faso\/#website","url":"https:\/\/www.africa-press.net\/burkina-faso\/","name":"Burkina Faso","description":"Just another Africa News Agency Sites site","potentialAction":[{"@type":"SearchAction","target":{"@type":"EntryPoint","urlTemplate":"https:\/\/www.africa-press.net\/burkina-faso\/?s={search_term_string}"},"query-input":{"@type":"PropertyValueSpecification","valueRequired":true,"valueName":"search_term_string"}}],"inLanguage":"fr-FR"},{"@type":"Person","@id":"https:\/\/www.africa-press.net\/burkina-faso\/#\/schema\/person\/2b1cf3cd81a31e3cd26889ca66d677f1","name":"cfeditorfr"}]}},"_links":{"self":[{"href":"https:\/\/www.africa-press.net\/burkina-faso\/wp-json\/wp\/v2\/posts\/11407","targetHints":{"allow":["GET"]}}],"collection":[{"href":"https:\/\/www.africa-press.net\/burkina-faso\/wp-json\/wp\/v2\/posts"}],"about":[{"href":"https:\/\/www.africa-press.net\/burkina-faso\/wp-json\/wp\/v2\/types\/post"}],"author":[{"embeddable":true,"href":"https:\/\/www.africa-press.net\/burkina-faso\/wp-json\/wp\/v2\/users\/82"}],"replies":[{"embeddable":true,"href":"https:\/\/www.africa-press.net\/burkina-faso\/wp-json\/wp\/v2\/comments?post=11407"}],"version-history":[{"count":0,"href":"https:\/\/www.africa-press.net\/burkina-faso\/wp-json\/wp\/v2\/posts\/11407\/revisions"}],"wp:featuredmedia":[{"embeddable":true,"href":"https:\/\/www.africa-press.net\/burkina-faso\/wp-json\/wp\/v2\/media\/11406"}],"wp:attachment":[{"href":"https:\/\/www.africa-press.net\/burkina-faso\/wp-json\/wp\/v2\/media?parent=11407"}],"wp:term":[{"taxonomy":"category","embeddable":true,"href":"https:\/\/www.africa-press.net\/burkina-faso\/wp-json\/wp\/v2\/categories?post=11407"},{"taxonomy":"post_tag","embeddable":true,"href":"https:\/\/www.africa-press.net\/burkina-faso\/wp-json\/wp\/v2\/tags?post=11407"}],"curies":[{"name":"wp","href":"https:\/\/api.w.org\/{rel}","templated":true}]}}