{"id":11410,"date":"2021-05-07T15:11:31","date_gmt":"2021-05-07T15:11:31","guid":{"rendered":"https:\/\/www.africa-press.net\/burkina-faso\/?p=11410"},"modified":"2021-05-07T14:53:05","modified_gmt":"2021-05-07T14:53:05","slug":"une-malienne-met-au-monde-neuf-bebes-en-un-accouchement-au-maroc-un-record-mondial","status":"publish","type":"post","link":"https:\/\/www.africa-press.net\/burkina-faso\/toutes-les-actualites\/une-malienne-met-au-monde-neuf-bebes-en-un-accouchement-au-maroc-un-record-mondial","title":{"rendered":"Une Malienne met au monde neuf b\u00e9b\u00e9s en un accouchement au Maroc, un record mondial"},"content":{"rendered":"<p><span style=\"color: #ff6600\"><strong><a href=\"https:\/\/www.africa-press.net\/\">Africa-Press<\/a> &#8211; <a href=\"https:\/\/www.africa-press.net\/burkina-faso\">Burkina Faso<\/a>. <\/strong><\/span>La Malienne Halima Ciss\u00e9, 25 ans, en un seul accouchement, a donn\u00e9 naissance \u00e0 neuf (9) b\u00e9b\u00e9s alors qu\u2019elle-m\u00eame s\u2019attendait \u00e0 en donner sept (7). Sa situation avait suscit\u00e9 un \u00e9moi national au Mali d\u2019o\u00f9 un \u00e9lan de solidarit\u00e9 a permis qu\u2019elle soit \u00e9vacu\u00e9e au Maroc pour un accompagnement plus efficace. Elle a pass\u00e9 24 heures en r\u00e9animation apr\u00e8s son accouchement.<\/p>\n<p>Ce n\u2019est que par c\u00e9sarienne qu\u2019une femme peut bien donner naissance \u00e0 neuf (9) b\u00e9b\u00e9s d\u2019un trait. L\u2019annonce de cette premi\u00e8re mondiale a d\u2019abord \u00e9t\u00e9 faite par le gouvernement de transition avant d\u2019\u00eatre reprise dans plusieurs m\u00e9dias locaux.<\/p>\n<p>Tous les neufs b\u00e9b\u00e9s de dame Halima Ciss\u00e9 sont vivants apr\u00e8s qu\u2019elle ait \u00e9t\u00e9 \u00e9vacu\u00e9e fin mars de Tombouctou au Mali vers Casablanca au Maroc \u00e0 cinq mois et demi de grossesse pour une meilleure prise en charge.<\/p>\n<p>Mourad Yazid, le gyn\u00e9cologue affect\u00e9 au chevet d\u2019Halima Ciss\u00e9, raconte avoir extrait sans difficult\u00e9 d\u2019abord sept b\u00e9b\u00e9s qui pesaient entre 700 grammes et un kilo chacun. Et au moment de retirer le placenta, il d\u00e9couvre encore de petites t\u00eates, deux b\u00e9b\u00e9s suppl\u00e9mentaires, vivants, pesant 500 grammes chacun. \u00ab La c\u00e9sarienne s\u2019est bien d\u00e9roul\u00e9e. Mais en terminant, je voulais faire la d\u00e9livrance artificielle. Je trouve une t\u00eate, puis une deuxi\u00e8me\u2026 Donc, on n\u2019est plus \u00e0 sept mais \u00e0 neuf. Les b\u00e9b\u00e9s sont pris en charge, ils sont intub\u00e9s. Ils sont bien, m\u00eame ceux qui sont \u00e0 500 grammes. On esp\u00e8re que \u00e7a va continuer comme \u00e7a \u00bb, explique le docteur Mourad Yazid qui ajoute que les cinq filles et quatre gar\u00e7ons d\u2019Halima Ciss\u00e9 sont actuellement sous \u00e9troite surveillance pour \u00e9viter toute infection ou h\u00e9morragie interne vu la fragilit\u00e9 de leurs organes. Kouam\u00e9 L.-Ph.<\/p>\n","protected":false},"excerpt":{"rendered":"<p>Africa-Press &#8211; Burkina Faso. La Malienne Halima Ciss\u00e9, 25 ans, en un seul accouchement, a donn\u00e9 naissance \u00e0 neuf (9) b\u00e9b\u00e9s alors qu\u2019elle-m\u00eame s\u2019attendait \u00e0 en donner sept (7). Sa situation avait suscit\u00e9 un \u00e9moi national au Mali d\u2019o\u00f9 un \u00e9lan de solidarit\u00e9 a permis qu\u2019elle soit \u00e9vacu\u00e9e au Maroc pour un accompagnement plus efficace. [&hellip;]<\/p>\n","protected":false},"author":82,"featured_media":11409,"comment_status":"open","ping_status":"closed","sticky":false,"template":"","format":"standard","meta":{"footnotes":""},"categories":[22,11,10],"tags":[111,725,29],"class_list":["post-11410","post","type-post","status-publish","format-standard","has-post-thumbnail","hentry","category-divers","category-homepage-french","category-toutes-les-actualites","tag-africa-press","tag-africa-press-burkina-faso","tag-burkina-faso"],"yoast_head":"<!-- This site is optimized with the Yoast SEO Premium plugin v26.1 (Yoast SEO v27.0) - https:\/\/yoast.com\/product\/yoast-seo-premium-wordpress\/ -->\n<title>Une Malienne met au monde neuf b\u00e9b\u00e9s en un accouchement au Maroc, un record mondial - Burkina Faso<\/title>\n<meta name=\"description\" content=\"La Malienne Halima Ciss\u00e9, 25 ans, en un seul accouchement, a donn\u00e9 naissance \u00e0 neuf (9) b\u00e9b\u00e9s alors qu\u2019elle-m\u00eame s\u2019atten ...\" \/>\n<meta name=\"robots\" content=\"index, follow, max-snippet:-1, max-image-preview:large, max-video-preview:-1\" \/>\n<link rel=\"canonical\" href=\"https:\/\/www.africa-press.net\/burkina-faso\/toutes-les-actualites\/une-malienne-met-au-monde-neuf-bebes-en-un-accouchement-au-maroc-un-record-mondial\" \/>\n<meta property=\"og:locale\" content=\"fr_FR\" \/>\n<meta property=\"og:type\" content=\"article\" \/>\n<meta property=\"og:title\" content=\"Une Malienne met au monde neuf b\u00e9b\u00e9s en un accouchement au Maroc, un record mondial\" \/>\n<meta property=\"og:description\" content=\"La Malienne Halima Ciss\u00e9, 25 ans, en un seul accouchement, a donn\u00e9 naissance \u00e0 neuf (9) b\u00e9b\u00e9s alors qu\u2019elle-m\u00eame s\u2019atten ...\" \/>\n<meta property=\"og:url\" content=\"https:\/\/www.africa-press.net\/burkina-faso\/toutes-les-actualites\/une-malienne-met-au-monde-neuf-bebes-en-un-accouchement-au-maroc-un-record-mondial\" \/>\n<meta property=\"og:site_name\" content=\"Burkina Faso\" \/>\n<meta property=\"article:published_time\" content=\"2021-05-07T15:11:31+00:00\" \/>\n<meta property=\"og:image\" content=\"https:\/\/static.africa-press.net\/burkina\/sites\/42\/2021\/05\/img-60953ecd56db4.jpg\" \/>\n\t<meta property=\"og:image:width\" content=\"750\" \/>\n\t<meta property=\"og:image:height\" content=\"422\" \/>\n\t<meta property=\"og:image:type\" content=\"image\/jpeg\" \/>\n<meta name=\"author\" content=\"cfeditorfr\" \/>\n<meta name=\"twitter:card\" content=\"summary_large_image\" \/>\n<meta name=\"twitter:label1\" content=\"\u00c9crit par\" \/>\n\t<meta name=\"twitter:data1\" content=\"cfeditorfr\" \/>\n\t<meta name=\"twitter:label2\" content=\"Dur\u00e9e de lecture estim\u00e9e\" \/>\n\t<meta name=\"twitter:data2\" content=\"2 minutes\" \/>\n<script type=\"application\/ld+json\" class=\"yoast-schema-graph\">{\"@context\":\"https:\/\/schema.org\",\"@graph\":[{\"@type\":\"Article\",\"@id\":\"https:\/\/www.africa-press.net\/burkina-faso\/toutes-les-actualites\/une-malienne-met-au-monde-neuf-bebes-en-un-accouchement-au-maroc-un-record-mondial#article\",\"isPartOf\":{\"@id\":\"https:\/\/www.africa-press.net\/burkina-faso\/toutes-les-actualites\/une-malienne-met-au-monde-neuf-bebes-en-un-accouchement-au-maroc-un-record-mondial\"},\"author\":{\"name\":\"cfeditorfr\",\"@id\":\"https:\/\/www.africa-press.net\/burkina-faso\/#\/schema\/person\/2b1cf3cd81a31e3cd26889ca66d677f1\"},\"headline\":\"Une Malienne met au monde neuf b\u00e9b\u00e9s en un accouchement au Maroc, un record mondial\",\"datePublished\":\"2021-05-07T15:11:31+00:00\",\"mainEntityOfPage\":{\"@id\":\"https:\/\/www.africa-press.net\/burkina-faso\/toutes-les-actualites\/une-malienne-met-au-monde-neuf-bebes-en-un-accouchement-au-maroc-un-record-mondial\"},\"wordCount\":336,\"commentCount\":0,\"image\":{\"@id\":\"https:\/\/www.africa-press.net\/burkina-faso\/toutes-les-actualites\/une-malienne-met-au-monde-neuf-bebes-en-un-accouchement-au-maroc-un-record-mondial#primaryimage\"},\"thumbnailUrl\":\"https:\/\/static.africa-press.net\/burkina\/sites\/42\/2021\/05\/img-60953ecd56db4.jpg\",\"keywords\":[\"Africa Press\",\"Africa Press-Burkina Faso\",\"Burkina Faso\"],\"articleSection\":[\"Divers\",\"homepage-french\",\"Toutes les actualit\u00e9s\"],\"inLanguage\":\"fr-FR\",\"potentialAction\":[{\"@type\":\"CommentAction\",\"name\":\"Comment\",\"target\":[\"https:\/\/www.africa-press.net\/burkina-faso\/toutes-les-actualites\/une-malienne-met-au-monde-neuf-bebes-en-un-accouchement-au-maroc-un-record-mondial#respond\"]}]},{\"@type\":\"WebPage\",\"@id\":\"https:\/\/www.africa-press.net\/burkina-faso\/toutes-les-actualites\/une-malienne-met-au-monde-neuf-bebes-en-un-accouchement-au-maroc-un-record-mondial\",\"url\":\"https:\/\/www.africa-press.net\/burkina-faso\/toutes-les-actualites\/une-malienne-met-au-monde-neuf-bebes-en-un-accouchement-au-maroc-un-record-mondial\",\"name\":\"Une Malienne met au monde neuf b\u00e9b\u00e9s en un accouchement au Maroc, un record mondial - Burkina Faso\",\"isPartOf\":{\"@id\":\"https:\/\/www.africa-press.net\/burkina-faso\/#website\"},\"primaryImageOfPage\":{\"@id\":\"https:\/\/www.africa-press.net\/burkina-faso\/toutes-les-actualites\/une-malienne-met-au-monde-neuf-bebes-en-un-accouchement-au-maroc-un-record-mondial#primaryimage\"},\"image\":{\"@id\":\"https:\/\/www.africa-press.net\/burkina-faso\/toutes-les-actualites\/une-malienne-met-au-monde-neuf-bebes-en-un-accouchement-au-maroc-un-record-mondial#primaryimage\"},\"thumbnailUrl\":\"https:\/\/static.africa-press.net\/burkina\/sites\/42\/2021\/05\/img-60953ecd56db4.jpg\",\"datePublished\":\"2021-05-07T15:11:31+00:00\",\"author\":{\"@id\":\"https:\/\/www.africa-press.net\/burkina-faso\/#\/schema\/person\/2b1cf3cd81a31e3cd26889ca66d677f1\"},\"description\":\"La Malienne Halima Ciss\u00e9, 25 ans, en un seul accouchement, a donn\u00e9 naissance \u00e0 neuf (9) b\u00e9b\u00e9s alors qu\u2019elle-m\u00eame s\u2019atten ...\",\"breadcrumb\":{\"@id\":\"https:\/\/www.africa-press.net\/burkina-faso\/toutes-les-actualites\/une-malienne-met-au-monde-neuf-bebes-en-un-accouchement-au-maroc-un-record-mondial#breadcrumb\"},\"inLanguage\":\"fr-FR\",\"potentialAction\":[{\"@type\":\"ReadAction\",\"target\":[\"https:\/\/www.africa-press.net\/burkina-faso\/toutes-les-actualites\/une-malienne-met-au-monde-neuf-bebes-en-un-accouchement-au-maroc-un-record-mondial\"]}]},{\"@type\":\"ImageObject\",\"inLanguage\":\"fr-FR\",\"@id\":\"https:\/\/www.africa-press.net\/burkina-faso\/toutes-les-actualites\/une-malienne-met-au-monde-neuf-bebes-en-un-accouchement-au-maroc-un-record-mondial#primaryimage\",\"url\":\"https:\/\/static.africa-press.net\/burkina\/sites\/42\/2021\/05\/img-60953ecd56db4.jpg\",\"contentUrl\":\"https:\/\/static.africa-press.net\/burkina\/sites\/42\/2021\/05\/img-60953ecd56db4.jpg\",\"width\":750,\"height\":422,\"caption\":\"Une Malienne met au monde neuf b\u00e9b\u00e9s en un accouchement au Maroc, un record mondial\"},{\"@type\":\"BreadcrumbList\",\"@id\":\"https:\/\/www.africa-press.net\/burkina-faso\/toutes-les-actualites\/une-malienne-met-au-monde-neuf-bebes-en-un-accouchement-au-maroc-un-record-mondial#breadcrumb\",\"itemListElement\":[{\"@type\":\"ListItem\",\"position\":1,\"name\":\"Accueil\",\"item\":\"https:\/\/www.africa-press.net\/burkina-faso\/\"},{\"@type\":\"ListItem\",\"position\":2,\"name\":\"Une Malienne met au monde neuf b\u00e9b\u00e9s en un accouchement au Maroc, un record mondial\"}]},{\"@type\":\"WebSite\",\"@id\":\"https:\/\/www.africa-press.net\/burkina-faso\/#website\",\"url\":\"https:\/\/www.africa-press.net\/burkina-faso\/\",\"name\":\"Burkina Faso\",\"description\":\"Just another Africa News Agency Sites site\",\"potentialAction\":[{\"@type\":\"SearchAction\",\"target\":{\"@type\":\"EntryPoint\",\"urlTemplate\":\"https:\/\/www.africa-press.net\/burkina-faso\/?s={search_term_string}\"},\"query-input\":{\"@type\":\"PropertyValueSpecification\",\"valueRequired\":true,\"valueName\":\"search_term_string\"}}],\"inLanguage\":\"fr-FR\"},{\"@type\":\"Person\",\"@id\":\"https:\/\/www.africa-press.net\/burkina-faso\/#\/schema\/person\/2b1cf3cd81a31e3cd26889ca66d677f1\",\"name\":\"cfeditorfr\"}]}<\/script>\n<!-- \/ Yoast SEO Premium plugin. -->","yoast_head_json":{"title":"Une Malienne met au monde neuf b\u00e9b\u00e9s en un accouchement au Maroc, un record mondial - Burkina Faso","description":"La Malienne Halima Ciss\u00e9, 25 ans, en un seul accouchement, a donn\u00e9 naissance \u00e0 neuf (9) b\u00e9b\u00e9s alors qu\u2019elle-m\u00eame s\u2019atten ...","robots":{"index":"index","follow":"follow","max-snippet":"max-snippet:-1","max-image-preview":"max-image-preview:large","max-video-preview":"max-video-preview:-1"},"canonical":"https:\/\/www.africa-press.net\/burkina-faso\/toutes-les-actualites\/une-malienne-met-au-monde-neuf-bebes-en-un-accouchement-au-maroc-un-record-mondial","og_locale":"fr_FR","og_type":"article","og_title":"Une Malienne met au monde neuf b\u00e9b\u00e9s en un accouchement au Maroc, un record mondial","og_description":"La Malienne Halima Ciss\u00e9, 25 ans, en un seul accouchement, a donn\u00e9 naissance \u00e0 neuf (9) b\u00e9b\u00e9s alors qu\u2019elle-m\u00eame s\u2019atten ...","og_url":"https:\/\/www.africa-press.net\/burkina-faso\/toutes-les-actualites\/une-malienne-met-au-monde-neuf-bebes-en-un-accouchement-au-maroc-un-record-mondial","og_site_name":"Burkina Faso","article_published_time":"2021-05-07T15:11:31+00:00","og_image":[{"width":750,"height":422,"url":"https:\/\/static.africa-press.net\/burkina\/sites\/42\/2021\/05\/img-60953ecd56db4.jpg","type":"image\/jpeg"}],"author":"cfeditorfr","twitter_card":"summary_large_image","twitter_misc":{"\u00c9crit par":"cfeditorfr","Dur\u00e9e de lecture estim\u00e9e":"2 minutes"},"schema":{"@context":"https:\/\/schema.org","@graph":[{"@type":"Article","@id":"https:\/\/www.africa-press.net\/burkina-faso\/toutes-les-actualites\/une-malienne-met-au-monde-neuf-bebes-en-un-accouchement-au-maroc-un-record-mondial#article","isPartOf":{"@id":"https:\/\/www.africa-press.net\/burkina-faso\/toutes-les-actualites\/une-malienne-met-au-monde-neuf-bebes-en-un-accouchement-au-maroc-un-record-mondial"},"author":{"name":"cfeditorfr","@id":"https:\/\/www.africa-press.net\/burkina-faso\/#\/schema\/person\/2b1cf3cd81a31e3cd26889ca66d677f1"},"headline":"Une Malienne met au monde neuf b\u00e9b\u00e9s en un accouchement au Maroc, un record mondial","datePublished":"2021-05-07T15:11:31+00:00","mainEntityOfPage":{"@id":"https:\/\/www.africa-press.net\/burkina-faso\/toutes-les-actualites\/une-malienne-met-au-monde-neuf-bebes-en-un-accouchement-au-maroc-un-record-mondial"},"wordCount":336,"commentCount":0,"image":{"@id":"https:\/\/www.africa-press.net\/burkina-faso\/toutes-les-actualites\/une-malienne-met-au-monde-neuf-bebes-en-un-accouchement-au-maroc-un-record-mondial#primaryimage"},"thumbnailUrl":"https:\/\/static.africa-press.net\/burkina\/sites\/42\/2021\/05\/img-60953ecd56db4.jpg","keywords":["Africa Press","Africa Press-Burkina Faso","Burkina Faso"],"articleSection":["Divers","homepage-french","Toutes les actualit\u00e9s"],"inLanguage":"fr-FR","potentialAction":[{"@type":"CommentAction","name":"Comment","target":["https:\/\/www.africa-press.net\/burkina-faso\/toutes-les-actualites\/une-malienne-met-au-monde-neuf-bebes-en-un-accouchement-au-maroc-un-record-mondial#respond"]}]},{"@type":"WebPage","@id":"https:\/\/www.africa-press.net\/burkina-faso\/toutes-les-actualites\/une-malienne-met-au-monde-neuf-bebes-en-un-accouchement-au-maroc-un-record-mondial","url":"https:\/\/www.africa-press.net\/burkina-faso\/toutes-les-actualites\/une-malienne-met-au-monde-neuf-bebes-en-un-accouchement-au-maroc-un-record-mondial","name":"Une Malienne met au monde neuf b\u00e9b\u00e9s en un accouchement au Maroc, un record mondial - Burkina Faso","isPartOf":{"@id":"https:\/\/www.africa-press.net\/burkina-faso\/#website"},"primaryImageOfPage":{"@id":"https:\/\/www.africa-press.net\/burkina-faso\/toutes-les-actualites\/une-malienne-met-au-monde-neuf-bebes-en-un-accouchement-au-maroc-un-record-mondial#primaryimage"},"image":{"@id":"https:\/\/www.africa-press.net\/burkina-faso\/toutes-les-actualites\/une-malienne-met-au-monde-neuf-bebes-en-un-accouchement-au-maroc-un-record-mondial#primaryimage"},"thumbnailUrl":"https:\/\/static.africa-press.net\/burkina\/sites\/42\/2021\/05\/img-60953ecd56db4.jpg","datePublished":"2021-05-07T15:11:31+00:00","author":{"@id":"https:\/\/www.africa-press.net\/burkina-faso\/#\/schema\/person\/2b1cf3cd81a31e3cd26889ca66d677f1"},"description":"La Malienne Halima Ciss\u00e9, 25 ans, en un seul accouchement, a donn\u00e9 naissance \u00e0 neuf (9) b\u00e9b\u00e9s alors qu\u2019elle-m\u00eame s\u2019atten ...","breadcrumb":{"@id":"https:\/\/www.africa-press.net\/burkina-faso\/toutes-les-actualites\/une-malienne-met-au-monde-neuf-bebes-en-un-accouchement-au-maroc-un-record-mondial#breadcrumb"},"inLanguage":"fr-FR","potentialAction":[{"@type":"ReadAction","target":["https:\/\/www.africa-press.net\/burkina-faso\/toutes-les-actualites\/une-malienne-met-au-monde-neuf-bebes-en-un-accouchement-au-maroc-un-record-mondial"]}]},{"@type":"ImageObject","inLanguage":"fr-FR","@id":"https:\/\/www.africa-press.net\/burkina-faso\/toutes-les-actualites\/une-malienne-met-au-monde-neuf-bebes-en-un-accouchement-au-maroc-un-record-mondial#primaryimage","url":"https:\/\/static.africa-press.net\/burkina\/sites\/42\/2021\/05\/img-60953ecd56db4.jpg","contentUrl":"https:\/\/static.africa-press.net\/burkina\/sites\/42\/2021\/05\/img-60953ecd56db4.jpg","width":750,"height":422,"caption":"Une Malienne met au monde neuf b\u00e9b\u00e9s en un accouchement au Maroc, un record mondial"},{"@type":"BreadcrumbList","@id":"https:\/\/www.africa-press.net\/burkina-faso\/toutes-les-actualites\/une-malienne-met-au-monde-neuf-bebes-en-un-accouchement-au-maroc-un-record-mondial#breadcrumb","itemListElement":[{"@type":"ListItem","position":1,"name":"Accueil","item":"https:\/\/www.africa-press.net\/burkina-faso\/"},{"@type":"ListItem","position":2,"name":"Une Malienne met au monde neuf b\u00e9b\u00e9s en un accouchement au Maroc, un record mondial"}]},{"@type":"WebSite","@id":"https:\/\/www.africa-press.net\/burkina-faso\/#website","url":"https:\/\/www.africa-press.net\/burkina-faso\/","name":"Burkina Faso","description":"Just another Africa News Agency Sites site","potentialAction":[{"@type":"SearchAction","target":{"@type":"EntryPoint","urlTemplate":"https:\/\/www.africa-press.net\/burkina-faso\/?s={search_term_string}"},"query-input":{"@type":"PropertyValueSpecification","valueRequired":true,"valueName":"search_term_string"}}],"inLanguage":"fr-FR"},{"@type":"Person","@id":"https:\/\/www.africa-press.net\/burkina-faso\/#\/schema\/person\/2b1cf3cd81a31e3cd26889ca66d677f1","name":"cfeditorfr"}]}},"_links":{"self":[{"href":"https:\/\/www.africa-press.net\/burkina-faso\/wp-json\/wp\/v2\/posts\/11410","targetHints":{"allow":["GET"]}}],"collection":[{"href":"https:\/\/www.africa-press.net\/burkina-faso\/wp-json\/wp\/v2\/posts"}],"about":[{"href":"https:\/\/www.africa-press.net\/burkina-faso\/wp-json\/wp\/v2\/types\/post"}],"author":[{"embeddable":true,"href":"https:\/\/www.africa-press.net\/burkina-faso\/wp-json\/wp\/v2\/users\/82"}],"replies":[{"embeddable":true,"href":"https:\/\/www.africa-press.net\/burkina-faso\/wp-json\/wp\/v2\/comments?post=11410"}],"version-history":[{"count":0,"href":"https:\/\/www.africa-press.net\/burkina-faso\/wp-json\/wp\/v2\/posts\/11410\/revisions"}],"wp:featuredmedia":[{"embeddable":true,"href":"https:\/\/www.africa-press.net\/burkina-faso\/wp-json\/wp\/v2\/media\/11409"}],"wp:attachment":[{"href":"https:\/\/www.africa-press.net\/burkina-faso\/wp-json\/wp\/v2\/media?parent=11410"}],"wp:term":[{"taxonomy":"category","embeddable":true,"href":"https:\/\/www.africa-press.net\/burkina-faso\/wp-json\/wp\/v2\/categories?post=11410"},{"taxonomy":"post_tag","embeddable":true,"href":"https:\/\/www.africa-press.net\/burkina-faso\/wp-json\/wp\/v2\/tags?post=11410"}],"curies":[{"name":"wp","href":"https:\/\/api.w.org\/{rel}","templated":true}]}}