{"id":114362,"date":"2025-07-21T19:33:25","date_gmt":"2025-07-21T19:33:25","guid":{"rendered":"https:\/\/www.africa-press.net\/burkina-faso\/politique\/concours-public-2025-trente-candidats-40-postulations"},"modified":"2025-07-21T19:57:23","modified_gmt":"2025-07-21T19:57:23","slug":"concours-public-2025-trente-candidats-40-postulations","status":"publish","type":"post","link":"https:\/\/www.africa-press.net\/burkina-faso\/toutes-les-actualites\/concours-public-2025-trente-candidats-40-postulations","title":{"rendered":"Concours Public 2025: Trente Candidats, 40 Postulations"},"content":{"rendered":"<p><span style=\"color: #ff6600\"><strong>Africa-Press &#8211; Burkina Faso. <\/strong><\/span><b>Le secre\u0301taire ge\u0301ne\u0301ral du ministe\u0300re en charge de la Fonction publique, Suanyaba Rodrigue Oboulbiga a dresse\u0301, ce vendredi 18 juillet 2025 a\u0300 Ouagadougou, le bilan a\u0300 mi-parcours de l\u2019organisation des concours directs et professionnels, ainsi que le chronogramme des e\u0301preuves.<\/b><\/p>\n<p>\u00ab Cette confe\u0301rence de presse a pour objet de porter a\u0300 la connaissance des candidats et de l\u2019opinion publique burkinabe\u0300 le point a\u0300 mi-parcours de l\u2019organisation des concours, et de communiquer sur les activite\u0301s importantes a\u0300 venir concernant les concours directs \u00bb, a de\u0301clare\u0301 d\u2019entre\u0301e Suanyaba Rodrigue Oboulbiga.<\/p>\n<p>Il a rappele\u0301 que le Conseil des ministres, lors de sa se\u0301ance ordinaire du 22 janvier 2025, a autorise\u0301 le recrutement de 11 404 agents publics. Ces postes se re\u0301partissent comme suit: 4 348 postes a\u0300 pourvoir par concours professionnels ;7 056 postes a\u0300 pourvoir par concours directs, suivis de formation. \u00ab <b>Sur ce point, un quota de cinq cent deux (502) postes a e\u0301te\u0301 re\u0301serve\u0301 aux Volontaires pour la De\u0301fense de la Patrie (VDP)<\/b> \u00bb, a-t-il pre\u0301cise\u0301.<\/p>\n<p>Rodrigue Oboulbiga a indique\u0301 qu\u2019au titre de l\u2019anne\u0301e 2025, cent soixante-dix-sept (177) concours professionnels ont e\u0301te\u0301 autorise\u0301s, et cent soixante-quatorze (174) effectivement ouverts. \u00ab <b>Les concours de contro\u0302leurs d\u2019E\u0301tat de l\u2019ASCE-LC, d\u2019inge\u0301nieurs en transport et de techniciens supe\u0301rieurs n\u2019ont pas e\u0301te\u0301 ouverts pour diverses raisons. Au total, 50 940 candidatures ont e\u0301te\u0301 enregistre\u0301es en ligne du 3 au 12 fe\u0301vrier 2025 <\/b>\u00bb, a-t-il mentionne\u0301.<\/p>\n<p>Il a souligne\u0301 que sur les 174 concours professionnels ouverts: Quatre-vingt-un (81) concours ont e\u0301te\u0301 administre\u0301s sur la plateforme de composition e\u0301lectronique, du 14 au 28 mars 2025, quatre-vingt-treize (93) autres concours, majoritairement de\u0301concentre\u0301s au niveau des ministe\u0300res en charge de l\u2019enseignement de base, de l\u2019enseignement secondaire, et de la sante\u0301, ont e\u0301te\u0301 compose\u0301s sur table les 27 et 28 mars 2025 a\u0300 Ouagadougou, et le 6 avril 2025 dans les treize (13) re\u0301gions, en raison du nombre e\u0301leve\u0301 de candidats.<\/p>\n<p>\u00ab <b>A\u0300 ce jour, tous les re\u0301sultats d\u2019admission des concours professionnels ont e\u0301te\u0301 publie\u0301s, a\u0300 l\u2019exception de celui portant sur le recrutement de deux cents (200) e\u0301le\u0300ves administrateurs des lyce\u0301es et colle\u0300ges, dont les re\u0301sultats d\u2019admissibilite\u0301 ont e\u0301te\u0301 publie\u0301s le 2 juillet 2025. Les re\u0301sultats d\u2019admission seront disponibles avant la fin de ce mois <\/b>\u00bb, a-t-il assure\u0301.<\/p>\n<p>Concernant les concours directs, il a indique\u0301 que deux cent cinquante-deux (252) concours ont e\u0301te\u0301 ouverts sur les deux cent cinquante-trois (253) autorise\u0301s. Les inscriptions en ligne sur la plateforme e-concours se sont de\u0301roule\u0301es en trois (03) e\u0301tapes.<\/p>\n<p>\u00ab <b>Du 26 fe\u0301vrier au 07 mars 2025: concours directs paramilitaires (eaux et fore\u0302ts, douanes, se\u0301curite\u0301 pe\u0301nitentiaire) et concours des professeurs certifie\u0301s des lyce\u0301es et colle\u0300ges. Cette anticipation est justifie\u0301e par le fait que ces concours comportent plusieurs e\u0301tapes, notamment des e\u0301preuves e\u0301crites, sportives, orales, et une visite me\u0301dicale. Du 23 mai au 1er juin 2025 et du 15 au 17 juin 2025: concours de niveau supe\u0301rieur ou e\u0301gal au baccalaure\u0301at. Du 22 juin au 1er juillet 2025 et du 3 au 12 juillet 2025: concours de niveau infe\u0301rieur au baccalaure\u0301at<\/b>\u00bb, a-t-il indique\u0301.<\/p>\n<p>A\u0300 l\u2019issue de ces inscriptions, dit Rodrigue Oboulbiga 308 859 candidatures ont e\u0301te\u0301 enregistre\u0301es pour les concours paramilitaires et les professeurs certifie\u0301s, dont 275 044 pour les seuls concours paramilitaires ; 1 349 694 candidatures pour les concours de niveau supe\u0301rieur ou e\u0301gal au baccalaure\u0301at,743 424 candidatures pour les concours de niveau infe\u0301rieur au baccalaure\u0301at. \u00ab <b>Il ressort un total de 2 401 977 candidatures en 2025, contre 2 005 158 en 2024, soit un taux d\u2019accroissement de 19,78 % <\/b>\u00bb, a-t-il affirme\u0301.<\/p>\n<p>Il a souligne\u0301 que le nombre re\u0301el de candidats est de <b>397 083, une trentaine de candidats ont postule\u0301 chacun a\u0300 plus de 40 concours directs, la moyenne de candidatures par candidat est de six. <\/b>En termes d\u2019innovations de la session 2025,Rodrigue Oboulbiga a fait remarquer que deux (02) concours a\u0300 effectif supe\u0301rieur a\u0300 500 candidats feront l\u2019objet d\u2019une composition en ligne. Il s\u2019agit du concours de recrutement des me\u0301decins ge\u0301ne\u0301ralistes et des inge\u0301nieurs de conception ge\u0301ome\u0300tres pour des effectifs respectivement de 911 et 799 candidats.<\/p>\n\r\n                <style type=\"text\/css\">\r\n                    \r\n                    #td_uid_1_69f37a9ebe782  .td-doubleSlider-2 .td-item1 {\r\n                        background: url(https:\/\/static.africa-press.net\/burkina\/sites\/42\/2025\/07\/sm_1753115155.429617-80x60.jpg) 0 0 no-repeat;\r\n                    }\r\n                <\/style>\r\n\r\n                <div id=\"td_uid_1_69f37a9ebe782\" class=\"td-gallery td-slide-on-2-columns\">\r\n                    <div class=\"post_td_gallery\">\r\n                        <div class=\"td-gallery-slide-top\">\r\n                           <div class=\"td-gallery-title\"><\/div>\r\n\r\n                            <div class=\"td-gallery-controls-wrapper\">\r\n                                <div class=\"td-gallery-slide-count\"><span class=\"td-gallery-slide-item-focus\">1<\/span> de 1<\/div>\r\n                                <div class=\"td-gallery-slide-prev-next-but\">\r\n                                    <i class = \"td-icon-left doubleSliderPrevButton\"><\/i>\r\n                                    <i class = \"td-icon-right doubleSliderNextButton\"><\/i>\r\n                                <\/div>\r\n                            <\/div>\r\n                        <\/div>\r\n\r\n                        <div class = \"td-doubleSlider-1 \">\r\n                            <div class = \"td-slider\">\r\n                                \r\n                    <div class = \"td-slide-item td-item1\">\r\n                        <figure class=\"td-slide-galery-figure td-slide-popup-gallery\">\r\n                            <a class=\"slide-gallery-image-link\" href=\"https:\/\/static.africa-press.net\/burkina\/sites\/42\/2025\/07\/sm_1753115155.429617.jpg\" title=\"sm_1753115155.429617\"  data-caption=\"\"  data-description=\"\">\r\n                                <img decoding=\"async\" src=\"https:\/\/static.africa-press.net\/burkina\/sites\/42\/2025\/07\/sm_1753115155.429617.jpg\" srcset=\"https:\/\/static.africa-press.net\/burkina\/sites\/42\/2025\/07\/sm_1753115155.429617.jpg 546w, https:\/\/static.africa-press.net\/burkina\/sites\/42\/2025\/07\/sm_1753115155.429617-300x253.jpg 300w\" sizes=\"(max-width: 546px) 100vw, 546px\" alt=\"\">\r\n                            <\/a>\r\n                            \r\n                        <\/figure>\r\n                    <\/div>\r\n                            <\/div>\r\n                        <\/div>\r\n\r\n                        <div class = \"td-doubleSlider-2\">\r\n                            <div class = \"td-slider\">\r\n                                \r\n                    <div class = \"td-button td-item1\">\r\n                        <div class = \"td-border\"><\/div>\r\n                    <\/div>\r\n                            <\/div>\r\n                        <\/div>\r\n\r\n                    <\/div>\r\n\r\n                <\/div>\r\n                \n<p><strong>Pour plus d&rsquo;informations et d&rsquo;analyses sur la <span style=\"color: #ff6600\">Burkina Faso<\/span>, suivez <span style=\"color: #ff6600\">Africa-Press<\/span><\/strong><\/p>\n","protected":false},"excerpt":{"rendered":"<p>Africa-Press &#8211; Burkina Faso. Le secre\u0301taire ge\u0301ne\u0301ral du ministe\u0300re en charge de la Fonction publique, Suanyaba Rodrigue Oboulbiga a dresse\u0301, ce vendredi 18 juillet 2025 a\u0300 Ouagadougou, le bilan a\u0300 mi-parcours de l\u2019organisation des concours directs et professionnels, ainsi que le chronogramme des e\u0301preuves. \u00ab Cette confe\u0301rence de presse a pour objet de porter a\u0300 [&hellip;]<\/p>\n","protected":false},"author":82,"featured_media":114361,"comment_status":"open","ping_status":"closed","sticky":false,"template":"","format":"standard","meta":{"footnotes":""},"categories":[21,10],"tags":[29],"class_list":["post-114362","post","type-post","status-publish","format-standard","has-post-thumbnail","hentry","category-communaute","category-toutes-les-actualites","tag-burkina-faso"],"yoast_head":"<!-- This site is optimized with the Yoast SEO Premium plugin v26.1 (Yoast SEO v27.0) - https:\/\/yoast.com\/product\/yoast-seo-premium-wordpress\/ -->\n<title>Concours Public 2025: Trente Candidats, 40 Postulations - Burkina Faso<\/title>\n<meta name=\"description\" content=\"Le secre\u0301taire ge\u0301ne\u0301ral du ministe\u0300re en charge de la Fonction publique, Suanyaba Rodrigue Oboulbiga a dresse\u0301, ce v ...\" \/>\n<meta name=\"robots\" content=\"index, follow, max-snippet:-1, max-image-preview:large, max-video-preview:-1\" \/>\n<link rel=\"canonical\" href=\"https:\/\/www.africa-press.net\/burkina-faso\/toutes-les-actualites\/concours-public-2025-trente-candidats-40-postulations\" \/>\n<meta property=\"og:locale\" content=\"fr_FR\" \/>\n<meta property=\"og:type\" content=\"article\" \/>\n<meta property=\"og:title\" content=\"Concours Public 2025: Trente Candidats, 40 Postulations\" \/>\n<meta property=\"og:description\" content=\"Le secre\u0301taire ge\u0301ne\u0301ral du ministe\u0300re en charge de la Fonction publique, Suanyaba Rodrigue Oboulbiga a dresse\u0301, ce v ...\" \/>\n<meta property=\"og:url\" content=\"https:\/\/www.africa-press.net\/burkina-faso\/toutes-les-actualites\/concours-public-2025-trente-candidats-40-postulations\" \/>\n<meta property=\"og:site_name\" content=\"Burkina Faso\" \/>\n<meta property=\"article:published_time\" content=\"2025-07-21T19:33:25+00:00\" \/>\n<meta property=\"article:modified_time\" content=\"2025-07-21T19:57:23+00:00\" \/>\n<meta property=\"og:image\" content=\"https:\/\/static.africa-press.net\/burkina\/sites\/42\/2025\/07\/sm_1753115158.319709.jpg\" \/>\n\t<meta property=\"og:image:width\" content=\"750\" \/>\n\t<meta property=\"og:image:height\" content=\"438\" \/>\n\t<meta property=\"og:image:type\" content=\"image\/jpeg\" \/>\n<meta name=\"author\" content=\"cfeditorfr\" \/>\n<meta name=\"twitter:card\" content=\"summary_large_image\" \/>\n<meta name=\"twitter:label1\" content=\"\u00c9crit par\" \/>\n\t<meta name=\"twitter:data1\" content=\"cfeditorfr\" \/>\n\t<meta name=\"twitter:label2\" content=\"Dur\u00e9e de lecture estim\u00e9e\" \/>\n\t<meta name=\"twitter:data2\" content=\"4 minutes\" \/>\n<script type=\"application\/ld+json\" class=\"yoast-schema-graph\">{\"@context\":\"https:\/\/schema.org\",\"@graph\":[{\"@type\":\"Article\",\"@id\":\"https:\/\/www.africa-press.net\/burkina-faso\/toutes-les-actualites\/concours-public-2025-trente-candidats-40-postulations#article\",\"isPartOf\":{\"@id\":\"https:\/\/www.africa-press.net\/burkina-faso\/toutes-les-actualites\/concours-public-2025-trente-candidats-40-postulations\"},\"author\":{\"name\":\"cfeditorfr\",\"@id\":\"https:\/\/www.africa-press.net\/burkina-faso\/#\/schema\/person\/2b1cf3cd81a31e3cd26889ca66d677f1\"},\"headline\":\"Concours Public 2025: Trente Candidats, 40 Postulations\",\"datePublished\":\"2025-07-21T19:33:25+00:00\",\"dateModified\":\"2025-07-21T19:57:23+00:00\",\"mainEntityOfPage\":{\"@id\":\"https:\/\/www.africa-press.net\/burkina-faso\/toutes-les-actualites\/concours-public-2025-trente-candidats-40-postulations\"},\"wordCount\":720,\"commentCount\":0,\"image\":{\"@id\":\"https:\/\/www.africa-press.net\/burkina-faso\/toutes-les-actualites\/concours-public-2025-trente-candidats-40-postulations#primaryimage\"},\"thumbnailUrl\":\"https:\/\/static.africa-press.net\/burkina\/sites\/42\/2025\/07\/sm_1753115158.319709.jpg\",\"keywords\":[\"Burkina Faso\"],\"articleSection\":[\"Communaut\u00e9\",\"Toutes les actualit\u00e9s\"],\"inLanguage\":\"fr-FR\",\"potentialAction\":[{\"@type\":\"CommentAction\",\"name\":\"Comment\",\"target\":[\"https:\/\/www.africa-press.net\/burkina-faso\/toutes-les-actualites\/concours-public-2025-trente-candidats-40-postulations#respond\"]}]},{\"@type\":\"WebPage\",\"@id\":\"https:\/\/www.africa-press.net\/burkina-faso\/toutes-les-actualites\/concours-public-2025-trente-candidats-40-postulations\",\"url\":\"https:\/\/www.africa-press.net\/burkina-faso\/toutes-les-actualites\/concours-public-2025-trente-candidats-40-postulations\",\"name\":\"Concours Public 2025: Trente Candidats, 40 Postulations - Burkina Faso\",\"isPartOf\":{\"@id\":\"https:\/\/www.africa-press.net\/burkina-faso\/#website\"},\"primaryImageOfPage\":{\"@id\":\"https:\/\/www.africa-press.net\/burkina-faso\/toutes-les-actualites\/concours-public-2025-trente-candidats-40-postulations#primaryimage\"},\"image\":{\"@id\":\"https:\/\/www.africa-press.net\/burkina-faso\/toutes-les-actualites\/concours-public-2025-trente-candidats-40-postulations#primaryimage\"},\"thumbnailUrl\":\"https:\/\/static.africa-press.net\/burkina\/sites\/42\/2025\/07\/sm_1753115158.319709.jpg\",\"datePublished\":\"2025-07-21T19:33:25+00:00\",\"dateModified\":\"2025-07-21T19:57:23+00:00\",\"author\":{\"@id\":\"https:\/\/www.africa-press.net\/burkina-faso\/#\/schema\/person\/2b1cf3cd81a31e3cd26889ca66d677f1\"},\"description\":\"Le secre\u0301taire ge\u0301ne\u0301ral du ministe\u0300re en charge de la Fonction publique, Suanyaba Rodrigue Oboulbiga a dresse\u0301, ce v ...\",\"breadcrumb\":{\"@id\":\"https:\/\/www.africa-press.net\/burkina-faso\/toutes-les-actualites\/concours-public-2025-trente-candidats-40-postulations#breadcrumb\"},\"inLanguage\":\"fr-FR\",\"potentialAction\":[{\"@type\":\"ReadAction\",\"target\":[\"https:\/\/www.africa-press.net\/burkina-faso\/toutes-les-actualites\/concours-public-2025-trente-candidats-40-postulations\"]}]},{\"@type\":\"ImageObject\",\"inLanguage\":\"fr-FR\",\"@id\":\"https:\/\/www.africa-press.net\/burkina-faso\/toutes-les-actualites\/concours-public-2025-trente-candidats-40-postulations#primaryimage\",\"url\":\"https:\/\/static.africa-press.net\/burkina\/sites\/42\/2025\/07\/sm_1753115158.319709.jpg\",\"contentUrl\":\"https:\/\/static.africa-press.net\/burkina\/sites\/42\/2025\/07\/sm_1753115158.319709.jpg\",\"width\":750,\"height\":438,\"caption\":\"Concours Public 2025: Trente Candidats, 40 Postulations\"},{\"@type\":\"BreadcrumbList\",\"@id\":\"https:\/\/www.africa-press.net\/burkina-faso\/toutes-les-actualites\/concours-public-2025-trente-candidats-40-postulations#breadcrumb\",\"itemListElement\":[{\"@type\":\"ListItem\",\"position\":1,\"name\":\"Accueil\",\"item\":\"https:\/\/www.africa-press.net\/burkina-faso\/\"},{\"@type\":\"ListItem\",\"position\":2,\"name\":\"Concours Public 2025: Trente Candidats, 40 Postulations\"}]},{\"@type\":\"WebSite\",\"@id\":\"https:\/\/www.africa-press.net\/burkina-faso\/#website\",\"url\":\"https:\/\/www.africa-press.net\/burkina-faso\/\",\"name\":\"Burkina Faso\",\"description\":\"Just another Africa News Agency Sites site\",\"potentialAction\":[{\"@type\":\"SearchAction\",\"target\":{\"@type\":\"EntryPoint\",\"urlTemplate\":\"https:\/\/www.africa-press.net\/burkina-faso\/?s={search_term_string}\"},\"query-input\":{\"@type\":\"PropertyValueSpecification\",\"valueRequired\":true,\"valueName\":\"search_term_string\"}}],\"inLanguage\":\"fr-FR\"},{\"@type\":\"Person\",\"@id\":\"https:\/\/www.africa-press.net\/burkina-faso\/#\/schema\/person\/2b1cf3cd81a31e3cd26889ca66d677f1\",\"name\":\"cfeditorfr\"}]}<\/script>\n<!-- \/ Yoast SEO Premium plugin. -->","yoast_head_json":{"title":"Concours Public 2025: Trente Candidats, 40 Postulations - Burkina Faso","description":"Le secre\u0301taire ge\u0301ne\u0301ral du ministe\u0300re en charge de la Fonction publique, Suanyaba Rodrigue Oboulbiga a dresse\u0301, ce v ...","robots":{"index":"index","follow":"follow","max-snippet":"max-snippet:-1","max-image-preview":"max-image-preview:large","max-video-preview":"max-video-preview:-1"},"canonical":"https:\/\/www.africa-press.net\/burkina-faso\/toutes-les-actualites\/concours-public-2025-trente-candidats-40-postulations","og_locale":"fr_FR","og_type":"article","og_title":"Concours Public 2025: Trente Candidats, 40 Postulations","og_description":"Le secre\u0301taire ge\u0301ne\u0301ral du ministe\u0300re en charge de la Fonction publique, Suanyaba Rodrigue Oboulbiga a dresse\u0301, ce v ...","og_url":"https:\/\/www.africa-press.net\/burkina-faso\/toutes-les-actualites\/concours-public-2025-trente-candidats-40-postulations","og_site_name":"Burkina Faso","article_published_time":"2025-07-21T19:33:25+00:00","article_modified_time":"2025-07-21T19:57:23+00:00","og_image":[{"width":750,"height":438,"url":"https:\/\/static.africa-press.net\/burkina\/sites\/42\/2025\/07\/sm_1753115158.319709.jpg","type":"image\/jpeg"}],"author":"cfeditorfr","twitter_card":"summary_large_image","twitter_misc":{"\u00c9crit par":"cfeditorfr","Dur\u00e9e de lecture estim\u00e9e":"4 minutes"},"schema":{"@context":"https:\/\/schema.org","@graph":[{"@type":"Article","@id":"https:\/\/www.africa-press.net\/burkina-faso\/toutes-les-actualites\/concours-public-2025-trente-candidats-40-postulations#article","isPartOf":{"@id":"https:\/\/www.africa-press.net\/burkina-faso\/toutes-les-actualites\/concours-public-2025-trente-candidats-40-postulations"},"author":{"name":"cfeditorfr","@id":"https:\/\/www.africa-press.net\/burkina-faso\/#\/schema\/person\/2b1cf3cd81a31e3cd26889ca66d677f1"},"headline":"Concours Public 2025: Trente Candidats, 40 Postulations","datePublished":"2025-07-21T19:33:25+00:00","dateModified":"2025-07-21T19:57:23+00:00","mainEntityOfPage":{"@id":"https:\/\/www.africa-press.net\/burkina-faso\/toutes-les-actualites\/concours-public-2025-trente-candidats-40-postulations"},"wordCount":720,"commentCount":0,"image":{"@id":"https:\/\/www.africa-press.net\/burkina-faso\/toutes-les-actualites\/concours-public-2025-trente-candidats-40-postulations#primaryimage"},"thumbnailUrl":"https:\/\/static.africa-press.net\/burkina\/sites\/42\/2025\/07\/sm_1753115158.319709.jpg","keywords":["Burkina Faso"],"articleSection":["Communaut\u00e9","Toutes les actualit\u00e9s"],"inLanguage":"fr-FR","potentialAction":[{"@type":"CommentAction","name":"Comment","target":["https:\/\/www.africa-press.net\/burkina-faso\/toutes-les-actualites\/concours-public-2025-trente-candidats-40-postulations#respond"]}]},{"@type":"WebPage","@id":"https:\/\/www.africa-press.net\/burkina-faso\/toutes-les-actualites\/concours-public-2025-trente-candidats-40-postulations","url":"https:\/\/www.africa-press.net\/burkina-faso\/toutes-les-actualites\/concours-public-2025-trente-candidats-40-postulations","name":"Concours Public 2025: Trente Candidats, 40 Postulations - Burkina Faso","isPartOf":{"@id":"https:\/\/www.africa-press.net\/burkina-faso\/#website"},"primaryImageOfPage":{"@id":"https:\/\/www.africa-press.net\/burkina-faso\/toutes-les-actualites\/concours-public-2025-trente-candidats-40-postulations#primaryimage"},"image":{"@id":"https:\/\/www.africa-press.net\/burkina-faso\/toutes-les-actualites\/concours-public-2025-trente-candidats-40-postulations#primaryimage"},"thumbnailUrl":"https:\/\/static.africa-press.net\/burkina\/sites\/42\/2025\/07\/sm_1753115158.319709.jpg","datePublished":"2025-07-21T19:33:25+00:00","dateModified":"2025-07-21T19:57:23+00:00","author":{"@id":"https:\/\/www.africa-press.net\/burkina-faso\/#\/schema\/person\/2b1cf3cd81a31e3cd26889ca66d677f1"},"description":"Le secre\u0301taire ge\u0301ne\u0301ral du ministe\u0300re en charge de la Fonction publique, Suanyaba Rodrigue Oboulbiga a dresse\u0301, ce v ...","breadcrumb":{"@id":"https:\/\/www.africa-press.net\/burkina-faso\/toutes-les-actualites\/concours-public-2025-trente-candidats-40-postulations#breadcrumb"},"inLanguage":"fr-FR","potentialAction":[{"@type":"ReadAction","target":["https:\/\/www.africa-press.net\/burkina-faso\/toutes-les-actualites\/concours-public-2025-trente-candidats-40-postulations"]}]},{"@type":"ImageObject","inLanguage":"fr-FR","@id":"https:\/\/www.africa-press.net\/burkina-faso\/toutes-les-actualites\/concours-public-2025-trente-candidats-40-postulations#primaryimage","url":"https:\/\/static.africa-press.net\/burkina\/sites\/42\/2025\/07\/sm_1753115158.319709.jpg","contentUrl":"https:\/\/static.africa-press.net\/burkina\/sites\/42\/2025\/07\/sm_1753115158.319709.jpg","width":750,"height":438,"caption":"Concours Public 2025: Trente Candidats, 40 Postulations"},{"@type":"BreadcrumbList","@id":"https:\/\/www.africa-press.net\/burkina-faso\/toutes-les-actualites\/concours-public-2025-trente-candidats-40-postulations#breadcrumb","itemListElement":[{"@type":"ListItem","position":1,"name":"Accueil","item":"https:\/\/www.africa-press.net\/burkina-faso\/"},{"@type":"ListItem","position":2,"name":"Concours Public 2025: Trente Candidats, 40 Postulations"}]},{"@type":"WebSite","@id":"https:\/\/www.africa-press.net\/burkina-faso\/#website","url":"https:\/\/www.africa-press.net\/burkina-faso\/","name":"Burkina Faso","description":"Just another Africa News Agency Sites site","potentialAction":[{"@type":"SearchAction","target":{"@type":"EntryPoint","urlTemplate":"https:\/\/www.africa-press.net\/burkina-faso\/?s={search_term_string}"},"query-input":{"@type":"PropertyValueSpecification","valueRequired":true,"valueName":"search_term_string"}}],"inLanguage":"fr-FR"},{"@type":"Person","@id":"https:\/\/www.africa-press.net\/burkina-faso\/#\/schema\/person\/2b1cf3cd81a31e3cd26889ca66d677f1","name":"cfeditorfr"}]}},"_links":{"self":[{"href":"https:\/\/www.africa-press.net\/burkina-faso\/wp-json\/wp\/v2\/posts\/114362","targetHints":{"allow":["GET"]}}],"collection":[{"href":"https:\/\/www.africa-press.net\/burkina-faso\/wp-json\/wp\/v2\/posts"}],"about":[{"href":"https:\/\/www.africa-press.net\/burkina-faso\/wp-json\/wp\/v2\/types\/post"}],"author":[{"embeddable":true,"href":"https:\/\/www.africa-press.net\/burkina-faso\/wp-json\/wp\/v2\/users\/82"}],"replies":[{"embeddable":true,"href":"https:\/\/www.africa-press.net\/burkina-faso\/wp-json\/wp\/v2\/comments?post=114362"}],"version-history":[{"count":0,"href":"https:\/\/www.africa-press.net\/burkina-faso\/wp-json\/wp\/v2\/posts\/114362\/revisions"}],"wp:featuredmedia":[{"embeddable":true,"href":"https:\/\/www.africa-press.net\/burkina-faso\/wp-json\/wp\/v2\/media\/114361"}],"wp:attachment":[{"href":"https:\/\/www.africa-press.net\/burkina-faso\/wp-json\/wp\/v2\/media?parent=114362"}],"wp:term":[{"taxonomy":"category","embeddable":true,"href":"https:\/\/www.africa-press.net\/burkina-faso\/wp-json\/wp\/v2\/categories?post=114362"},{"taxonomy":"post_tag","embeddable":true,"href":"https:\/\/www.africa-press.net\/burkina-faso\/wp-json\/wp\/v2\/tags?post=114362"}],"curies":[{"name":"wp","href":"https:\/\/api.w.org\/{rel}","templated":true}]}}