{"id":11480,"date":"2021-05-08T09:41:36","date_gmt":"2021-05-08T09:41:36","guid":{"rendered":"https:\/\/www.africa-press.net\/burkina-faso\/?p=11480"},"modified":"2021-05-08T11:12:53","modified_gmt":"2021-05-08T11:12:53","slug":"nouveau-referentiel-de-developpement-du-burkina-la-societe-civile-apporte-sa-part-contributive","status":"publish","type":"post","link":"https:\/\/www.africa-press.net\/burkina-faso\/toutes-les-actualites\/nouveau-referentiel-de-developpement-du-burkina-la-societe-civile-apporte-sa-part-contributive","title":{"rendered":"Nouveau r\u00e9f\u00e9rentiel de d\u00e9veloppement du Burkina : La soci\u00e9t\u00e9 civile apporte sa part contributive"},"content":{"rendered":"<p><span style=\"color: #ff6600\"><strong><a href=\"https:\/\/www.africa-press.net\/\">Africa-Press<\/a> &#8211; <a href=\"https:\/\/www.africa-press.net\/burkina-faso\">Burkina Faso<\/a>. <\/strong><\/span><b>Le Conseil national des organisations de la soci\u00e9t\u00e9 civile (OSC) a proc\u00e9d\u00e9 le 6 mai 2021 \u00e0 Ouagadougou, au lancement de sa 3e conf\u00e9rence nationale sur la redevabilit\u00e9 sociale. Les acteurs veulent ainsi apporter leur contribution afin d\u2019influencer le contenu du nouveau Plan national de d\u00e9veloppement du Burkina.<\/b><\/p>\n<p>\u00ab Contribution de la soci\u00e9t\u00e9 civile \u00e0 l\u2019\u00e9laboration du nouveau r\u00e9f\u00e9rentiel national en mati\u00e8re de d\u00e9veloppement au Burkina Faso \u00bb. C\u2019est sous ce th\u00e8me que s\u2019est ouvert la 3e conf\u00e9rence nationale sur la redevabilit\u00e9 sociale du conseil national des organisations de la soci\u00e9t\u00e9 civile. Cette activit\u00e9 se tient au moment o\u00f9 la mise en \u0153uvre du Plan national de d\u00e9veloppement \u00e9conomique et social (PNDES) est sa fin. Il \u00e9tait le r\u00e9f\u00e9rentiel sur la base duquel le gouvernement a travaill\u00e9 durant les cinq derni\u00e8res ann\u00e9es. Maintenant, c\u2019est l\u2019heure donc de la phase d\u2019\u00e9laboration d\u2019un nouveau r\u00e9f\u00e9rentiel. Pour une r\u00e9ussite de ce nouveau document, l\u2019implication de la Soci\u00e9t\u00e9 civile est de mise.<\/p>\n<p>Pour le pr\u00e9sident du Conseil national des OSC, Jonas Hien, au cours de cette rencontre, il s\u2019agit d\u2019apporter leur contribution au contenu du nouveau r\u00e9f\u00e9rentiel qui sera adopt\u00e9. A l\u2019en croire, ce n\u2019est pas la premi\u00e8re fois. Il a indiqu\u00e9 que tous les r\u00e9f\u00e9rentiels nationaux en mati\u00e8re de d\u00e9veloppement qui ont \u00e9t\u00e9 \u00e9labor\u00e9s et mis en \u0153uvre dans le pays, la soci\u00e9t\u00e9 civile a toujours contribu\u00e9 du d\u00e9but jusqu\u2019\u00e0 sa finalisation. Il soutient : \u00ab Au fur et \u00e0 mesure que nous tirons les exp\u00e9riences des r\u00e9f\u00e9rentiels pass\u00e9s, il devient de plus en plus pertinent d\u2019approfondir la r\u00e9flexion pour voir quels devraient \u00eatre d\u00e9sormais les contenus de ces r\u00e9f\u00e9rentiels pour refl\u00e9ter aussi les besoins des populations \u00e0 la base. \u00bb<\/p>\n<p>Pour le nouveau r\u00e9f\u00e9rentiel, selon Jonas Hien, le conseil a jug\u00e9 utile de faire un tour dans les 13 r\u00e9gions du pays pour recueillir des contributions des organisations de la soci\u00e9t\u00e9 civile. L\u2019ensemble des r\u00e9flexions permettront d\u2019en tirer une synth\u00e8se pertinente. Cela sera revers\u00e9 pour la suite du processus d\u2019\u00e9laboration et d\u2019adoption du nouveau r\u00e9f\u00e9rentiel.<\/p>\n<p>C\u2019est le ministre de la Jeunesse, Salifo Tiemtor\u00e9, repr\u00e9sentant le Premier ministre Christophe Dabir\u00e9, qui a pr\u00e9sid\u00e9 la c\u00e9r\u00e9monie d\u2019ouverture. Il a estim\u00e9 que la d\u00e9marche du Conseil national des OSC cadre bien avec les dix chantiers du pr\u00e9sident du Faso pour r\u00e9former l\u2019Etat, l\u2019administration publique afin de garantir la s\u00e9curit\u00e9 et renforcer la stabilit\u00e9 \u00e9conomique du Burkina Faso. Il a tenu donc \u00e0 f\u00e9liciter et encourager l\u2019ensemble des acteurs.<\/p>\n<p>Le Conseil national des organisations de la soci\u00e9t\u00e9 civile met en \u0153uvre des actions de promotion de la bonne gouvernance et de la redevabilit\u00e9 sociale. Il a institu\u00e9 en 2018, une conf\u00e9rence annuelle qui sert de cadre de rencontre et de r\u00e9flexions entre les OSC et les structures de l\u2019Etat. Cela a pour vocation de consolider les acquis et \u00e0 am\u00e9liorer les actions de d\u00e9veloppement et de gouvernance au Burkina Faso.<\/p>\n<p><b>Dimitri OUEDRAOGO<br \/>\n<\/b><\/p>\n","protected":false},"excerpt":{"rendered":"<p>Africa-Press &#8211; Burkina Faso. Le Conseil national des organisations de la soci\u00e9t\u00e9 civile (OSC) a proc\u00e9d\u00e9 le 6 mai 2021 \u00e0 Ouagadougou, au lancement de sa 3e conf\u00e9rence nationale sur la redevabilit\u00e9 sociale. Les acteurs veulent ainsi apporter leur contribution afin d\u2019influencer le contenu du nouveau Plan national de d\u00e9veloppement du Burkina. \u00ab Contribution de [&hellip;]<\/p>\n","protected":false},"author":82,"featured_media":11479,"comment_status":"open","ping_status":"closed","sticky":false,"template":"","format":"standard","meta":{"footnotes":""},"categories":[21,11,10],"tags":[111,725,29],"class_list":["post-11480","post","type-post","status-publish","format-standard","has-post-thumbnail","hentry","category-communaute","category-homepage-french","category-toutes-les-actualites","tag-africa-press","tag-africa-press-burkina-faso","tag-burkina-faso"],"yoast_head":"<!-- This site is optimized with the Yoast SEO Premium plugin v26.1 (Yoast SEO v27.0) - https:\/\/yoast.com\/product\/yoast-seo-premium-wordpress\/ -->\n<title>Nouveau r\u00e9f\u00e9rentiel de d\u00e9veloppement du Burkina : La soci\u00e9t\u00e9 civile apporte sa part contributive - Burkina Faso<\/title>\n<meta name=\"description\" content=\"Le Conseil national des organisations de la soci\u00e9t\u00e9 civile (OSC) a proc\u00e9d\u00e9 le 6 mai 2021 \u00e0 Ouagadougou, au lancement ...\" \/>\n<meta name=\"robots\" content=\"index, follow, max-snippet:-1, max-image-preview:large, max-video-preview:-1\" \/>\n<link rel=\"canonical\" href=\"https:\/\/www.africa-press.net\/burkina-faso\/toutes-les-actualites\/nouveau-referentiel-de-developpement-du-burkina-la-societe-civile-apporte-sa-part-contributive\" \/>\n<meta property=\"og:locale\" content=\"fr_FR\" \/>\n<meta property=\"og:type\" content=\"article\" \/>\n<meta property=\"og:title\" content=\"Nouveau r\u00e9f\u00e9rentiel de d\u00e9veloppement du Burkina : La soci\u00e9t\u00e9 civile apporte sa part contributive\" \/>\n<meta property=\"og:description\" content=\"Le Conseil national des organisations de la soci\u00e9t\u00e9 civile (OSC) a proc\u00e9d\u00e9 le 6 mai 2021 \u00e0 Ouagadougou, au lancement ...\" \/>\n<meta property=\"og:url\" content=\"https:\/\/www.africa-press.net\/burkina-faso\/toutes-les-actualites\/nouveau-referentiel-de-developpement-du-burkina-la-societe-civile-apporte-sa-part-contributive\" \/>\n<meta property=\"og:site_name\" content=\"Burkina Faso\" \/>\n<meta property=\"article:published_time\" content=\"2021-05-08T09:41:36+00:00\" \/>\n<meta property=\"article:modified_time\" content=\"2021-05-08T11:12:53+00:00\" \/>\n<meta property=\"og:image\" content=\"https:\/\/static.africa-press.net\/burkina\/sites\/42\/2021\/05\/img-60965bd0b6560.jpg\" \/>\n\t<meta property=\"og:image:width\" content=\"1075\" \/>\n\t<meta property=\"og:image:height\" content=\"622\" \/>\n\t<meta property=\"og:image:type\" content=\"image\/jpeg\" \/>\n<meta name=\"author\" content=\"cfeditorfr\" \/>\n<meta name=\"twitter:card\" content=\"summary_large_image\" \/>\n<meta name=\"twitter:label1\" content=\"\u00c9crit par\" \/>\n\t<meta name=\"twitter:data1\" content=\"cfeditorfr\" \/>\n\t<meta name=\"twitter:label2\" content=\"Dur\u00e9e de lecture estim\u00e9e\" \/>\n\t<meta name=\"twitter:data2\" content=\"3 minutes\" \/>\n<script type=\"application\/ld+json\" class=\"yoast-schema-graph\">{\"@context\":\"https:\/\/schema.org\",\"@graph\":[{\"@type\":\"Article\",\"@id\":\"https:\/\/www.africa-press.net\/burkina-faso\/toutes-les-actualites\/nouveau-referentiel-de-developpement-du-burkina-la-societe-civile-apporte-sa-part-contributive#article\",\"isPartOf\":{\"@id\":\"https:\/\/www.africa-press.net\/burkina-faso\/toutes-les-actualites\/nouveau-referentiel-de-developpement-du-burkina-la-societe-civile-apporte-sa-part-contributive\"},\"author\":{\"name\":\"cfeditorfr\",\"@id\":\"https:\/\/www.africa-press.net\/burkina-faso\/#\/schema\/person\/2b1cf3cd81a31e3cd26889ca66d677f1\"},\"headline\":\"Nouveau r\u00e9f\u00e9rentiel de d\u00e9veloppement du Burkina : La soci\u00e9t\u00e9 civile apporte sa part contributive\",\"datePublished\":\"2021-05-08T09:41:36+00:00\",\"dateModified\":\"2021-05-08T11:12:53+00:00\",\"mainEntityOfPage\":{\"@id\":\"https:\/\/www.africa-press.net\/burkina-faso\/toutes-les-actualites\/nouveau-referentiel-de-developpement-du-burkina-la-societe-civile-apporte-sa-part-contributive\"},\"wordCount\":569,\"commentCount\":0,\"image\":{\"@id\":\"https:\/\/www.africa-press.net\/burkina-faso\/toutes-les-actualites\/nouveau-referentiel-de-developpement-du-burkina-la-societe-civile-apporte-sa-part-contributive#primaryimage\"},\"thumbnailUrl\":\"https:\/\/static.africa-press.net\/burkina\/sites\/42\/2021\/05\/img-60965bd0b6560.jpg\",\"keywords\":[\"Africa Press\",\"Africa Press-Burkina Faso\",\"Burkina Faso\"],\"articleSection\":[\"Communaut\u00e9\",\"homepage-french\",\"Toutes les actualit\u00e9s\"],\"inLanguage\":\"fr-FR\",\"potentialAction\":[{\"@type\":\"CommentAction\",\"name\":\"Comment\",\"target\":[\"https:\/\/www.africa-press.net\/burkina-faso\/toutes-les-actualites\/nouveau-referentiel-de-developpement-du-burkina-la-societe-civile-apporte-sa-part-contributive#respond\"]}]},{\"@type\":\"WebPage\",\"@id\":\"https:\/\/www.africa-press.net\/burkina-faso\/toutes-les-actualites\/nouveau-referentiel-de-developpement-du-burkina-la-societe-civile-apporte-sa-part-contributive\",\"url\":\"https:\/\/www.africa-press.net\/burkina-faso\/toutes-les-actualites\/nouveau-referentiel-de-developpement-du-burkina-la-societe-civile-apporte-sa-part-contributive\",\"name\":\"Nouveau r\u00e9f\u00e9rentiel de d\u00e9veloppement du Burkina : La soci\u00e9t\u00e9 civile apporte sa part contributive - Burkina Faso\",\"isPartOf\":{\"@id\":\"https:\/\/www.africa-press.net\/burkina-faso\/#website\"},\"primaryImageOfPage\":{\"@id\":\"https:\/\/www.africa-press.net\/burkina-faso\/toutes-les-actualites\/nouveau-referentiel-de-developpement-du-burkina-la-societe-civile-apporte-sa-part-contributive#primaryimage\"},\"image\":{\"@id\":\"https:\/\/www.africa-press.net\/burkina-faso\/toutes-les-actualites\/nouveau-referentiel-de-developpement-du-burkina-la-societe-civile-apporte-sa-part-contributive#primaryimage\"},\"thumbnailUrl\":\"https:\/\/static.africa-press.net\/burkina\/sites\/42\/2021\/05\/img-60965bd0b6560.jpg\",\"datePublished\":\"2021-05-08T09:41:36+00:00\",\"dateModified\":\"2021-05-08T11:12:53+00:00\",\"author\":{\"@id\":\"https:\/\/www.africa-press.net\/burkina-faso\/#\/schema\/person\/2b1cf3cd81a31e3cd26889ca66d677f1\"},\"description\":\"Le Conseil national des organisations de la soci\u00e9t\u00e9 civile (OSC) a proc\u00e9d\u00e9 le 6 mai 2021 \u00e0 Ouagadougou, au lancement ...\",\"breadcrumb\":{\"@id\":\"https:\/\/www.africa-press.net\/burkina-faso\/toutes-les-actualites\/nouveau-referentiel-de-developpement-du-burkina-la-societe-civile-apporte-sa-part-contributive#breadcrumb\"},\"inLanguage\":\"fr-FR\",\"potentialAction\":[{\"@type\":\"ReadAction\",\"target\":[\"https:\/\/www.africa-press.net\/burkina-faso\/toutes-les-actualites\/nouveau-referentiel-de-developpement-du-burkina-la-societe-civile-apporte-sa-part-contributive\"]}]},{\"@type\":\"ImageObject\",\"inLanguage\":\"fr-FR\",\"@id\":\"https:\/\/www.africa-press.net\/burkina-faso\/toutes-les-actualites\/nouveau-referentiel-de-developpement-du-burkina-la-societe-civile-apporte-sa-part-contributive#primaryimage\",\"url\":\"https:\/\/static.africa-press.net\/burkina\/sites\/42\/2021\/05\/img-60965bd0b6560.jpg\",\"contentUrl\":\"https:\/\/static.africa-press.net\/burkina\/sites\/42\/2021\/05\/img-60965bd0b6560.jpg\",\"width\":1075,\"height\":622,\"caption\":\"Nouveau r\u00e9f\u00e9rentiel de d\u00e9veloppement du Burkina : La soci\u00e9t\u00e9 civile apporte sa part contributive\"},{\"@type\":\"BreadcrumbList\",\"@id\":\"https:\/\/www.africa-press.net\/burkina-faso\/toutes-les-actualites\/nouveau-referentiel-de-developpement-du-burkina-la-societe-civile-apporte-sa-part-contributive#breadcrumb\",\"itemListElement\":[{\"@type\":\"ListItem\",\"position\":1,\"name\":\"Accueil\",\"item\":\"https:\/\/www.africa-press.net\/burkina-faso\/\"},{\"@type\":\"ListItem\",\"position\":2,\"name\":\"Nouveau r\u00e9f\u00e9rentiel de d\u00e9veloppement du Burkina : La soci\u00e9t\u00e9 civile apporte sa part contributive\"}]},{\"@type\":\"WebSite\",\"@id\":\"https:\/\/www.africa-press.net\/burkina-faso\/#website\",\"url\":\"https:\/\/www.africa-press.net\/burkina-faso\/\",\"name\":\"Burkina Faso\",\"description\":\"Just another Africa News Agency Sites site\",\"potentialAction\":[{\"@type\":\"SearchAction\",\"target\":{\"@type\":\"EntryPoint\",\"urlTemplate\":\"https:\/\/www.africa-press.net\/burkina-faso\/?s={search_term_string}\"},\"query-input\":{\"@type\":\"PropertyValueSpecification\",\"valueRequired\":true,\"valueName\":\"search_term_string\"}}],\"inLanguage\":\"fr-FR\"},{\"@type\":\"Person\",\"@id\":\"https:\/\/www.africa-press.net\/burkina-faso\/#\/schema\/person\/2b1cf3cd81a31e3cd26889ca66d677f1\",\"name\":\"cfeditorfr\"}]}<\/script>\n<!-- \/ Yoast SEO Premium plugin. -->","yoast_head_json":{"title":"Nouveau r\u00e9f\u00e9rentiel de d\u00e9veloppement du Burkina : La soci\u00e9t\u00e9 civile apporte sa part contributive - Burkina Faso","description":"Le Conseil national des organisations de la soci\u00e9t\u00e9 civile (OSC) a proc\u00e9d\u00e9 le 6 mai 2021 \u00e0 Ouagadougou, au lancement ...","robots":{"index":"index","follow":"follow","max-snippet":"max-snippet:-1","max-image-preview":"max-image-preview:large","max-video-preview":"max-video-preview:-1"},"canonical":"https:\/\/www.africa-press.net\/burkina-faso\/toutes-les-actualites\/nouveau-referentiel-de-developpement-du-burkina-la-societe-civile-apporte-sa-part-contributive","og_locale":"fr_FR","og_type":"article","og_title":"Nouveau r\u00e9f\u00e9rentiel de d\u00e9veloppement du Burkina : La soci\u00e9t\u00e9 civile apporte sa part contributive","og_description":"Le Conseil national des organisations de la soci\u00e9t\u00e9 civile (OSC) a proc\u00e9d\u00e9 le 6 mai 2021 \u00e0 Ouagadougou, au lancement ...","og_url":"https:\/\/www.africa-press.net\/burkina-faso\/toutes-les-actualites\/nouveau-referentiel-de-developpement-du-burkina-la-societe-civile-apporte-sa-part-contributive","og_site_name":"Burkina Faso","article_published_time":"2021-05-08T09:41:36+00:00","article_modified_time":"2021-05-08T11:12:53+00:00","og_image":[{"width":1075,"height":622,"url":"https:\/\/static.africa-press.net\/burkina\/sites\/42\/2021\/05\/img-60965bd0b6560.jpg","type":"image\/jpeg"}],"author":"cfeditorfr","twitter_card":"summary_large_image","twitter_misc":{"\u00c9crit par":"cfeditorfr","Dur\u00e9e de lecture estim\u00e9e":"3 minutes"},"schema":{"@context":"https:\/\/schema.org","@graph":[{"@type":"Article","@id":"https:\/\/www.africa-press.net\/burkina-faso\/toutes-les-actualites\/nouveau-referentiel-de-developpement-du-burkina-la-societe-civile-apporte-sa-part-contributive#article","isPartOf":{"@id":"https:\/\/www.africa-press.net\/burkina-faso\/toutes-les-actualites\/nouveau-referentiel-de-developpement-du-burkina-la-societe-civile-apporte-sa-part-contributive"},"author":{"name":"cfeditorfr","@id":"https:\/\/www.africa-press.net\/burkina-faso\/#\/schema\/person\/2b1cf3cd81a31e3cd26889ca66d677f1"},"headline":"Nouveau r\u00e9f\u00e9rentiel de d\u00e9veloppement du Burkina : La soci\u00e9t\u00e9 civile apporte sa part contributive","datePublished":"2021-05-08T09:41:36+00:00","dateModified":"2021-05-08T11:12:53+00:00","mainEntityOfPage":{"@id":"https:\/\/www.africa-press.net\/burkina-faso\/toutes-les-actualites\/nouveau-referentiel-de-developpement-du-burkina-la-societe-civile-apporte-sa-part-contributive"},"wordCount":569,"commentCount":0,"image":{"@id":"https:\/\/www.africa-press.net\/burkina-faso\/toutes-les-actualites\/nouveau-referentiel-de-developpement-du-burkina-la-societe-civile-apporte-sa-part-contributive#primaryimage"},"thumbnailUrl":"https:\/\/static.africa-press.net\/burkina\/sites\/42\/2021\/05\/img-60965bd0b6560.jpg","keywords":["Africa Press","Africa Press-Burkina Faso","Burkina Faso"],"articleSection":["Communaut\u00e9","homepage-french","Toutes les actualit\u00e9s"],"inLanguage":"fr-FR","potentialAction":[{"@type":"CommentAction","name":"Comment","target":["https:\/\/www.africa-press.net\/burkina-faso\/toutes-les-actualites\/nouveau-referentiel-de-developpement-du-burkina-la-societe-civile-apporte-sa-part-contributive#respond"]}]},{"@type":"WebPage","@id":"https:\/\/www.africa-press.net\/burkina-faso\/toutes-les-actualites\/nouveau-referentiel-de-developpement-du-burkina-la-societe-civile-apporte-sa-part-contributive","url":"https:\/\/www.africa-press.net\/burkina-faso\/toutes-les-actualites\/nouveau-referentiel-de-developpement-du-burkina-la-societe-civile-apporte-sa-part-contributive","name":"Nouveau r\u00e9f\u00e9rentiel de d\u00e9veloppement du Burkina : La soci\u00e9t\u00e9 civile apporte sa part contributive - Burkina Faso","isPartOf":{"@id":"https:\/\/www.africa-press.net\/burkina-faso\/#website"},"primaryImageOfPage":{"@id":"https:\/\/www.africa-press.net\/burkina-faso\/toutes-les-actualites\/nouveau-referentiel-de-developpement-du-burkina-la-societe-civile-apporte-sa-part-contributive#primaryimage"},"image":{"@id":"https:\/\/www.africa-press.net\/burkina-faso\/toutes-les-actualites\/nouveau-referentiel-de-developpement-du-burkina-la-societe-civile-apporte-sa-part-contributive#primaryimage"},"thumbnailUrl":"https:\/\/static.africa-press.net\/burkina\/sites\/42\/2021\/05\/img-60965bd0b6560.jpg","datePublished":"2021-05-08T09:41:36+00:00","dateModified":"2021-05-08T11:12:53+00:00","author":{"@id":"https:\/\/www.africa-press.net\/burkina-faso\/#\/schema\/person\/2b1cf3cd81a31e3cd26889ca66d677f1"},"description":"Le Conseil national des organisations de la soci\u00e9t\u00e9 civile (OSC) a proc\u00e9d\u00e9 le 6 mai 2021 \u00e0 Ouagadougou, au lancement ...","breadcrumb":{"@id":"https:\/\/www.africa-press.net\/burkina-faso\/toutes-les-actualites\/nouveau-referentiel-de-developpement-du-burkina-la-societe-civile-apporte-sa-part-contributive#breadcrumb"},"inLanguage":"fr-FR","potentialAction":[{"@type":"ReadAction","target":["https:\/\/www.africa-press.net\/burkina-faso\/toutes-les-actualites\/nouveau-referentiel-de-developpement-du-burkina-la-societe-civile-apporte-sa-part-contributive"]}]},{"@type":"ImageObject","inLanguage":"fr-FR","@id":"https:\/\/www.africa-press.net\/burkina-faso\/toutes-les-actualites\/nouveau-referentiel-de-developpement-du-burkina-la-societe-civile-apporte-sa-part-contributive#primaryimage","url":"https:\/\/static.africa-press.net\/burkina\/sites\/42\/2021\/05\/img-60965bd0b6560.jpg","contentUrl":"https:\/\/static.africa-press.net\/burkina\/sites\/42\/2021\/05\/img-60965bd0b6560.jpg","width":1075,"height":622,"caption":"Nouveau r\u00e9f\u00e9rentiel de d\u00e9veloppement du Burkina : La soci\u00e9t\u00e9 civile apporte sa part contributive"},{"@type":"BreadcrumbList","@id":"https:\/\/www.africa-press.net\/burkina-faso\/toutes-les-actualites\/nouveau-referentiel-de-developpement-du-burkina-la-societe-civile-apporte-sa-part-contributive#breadcrumb","itemListElement":[{"@type":"ListItem","position":1,"name":"Accueil","item":"https:\/\/www.africa-press.net\/burkina-faso\/"},{"@type":"ListItem","position":2,"name":"Nouveau r\u00e9f\u00e9rentiel de d\u00e9veloppement du Burkina : La soci\u00e9t\u00e9 civile apporte sa part contributive"}]},{"@type":"WebSite","@id":"https:\/\/www.africa-press.net\/burkina-faso\/#website","url":"https:\/\/www.africa-press.net\/burkina-faso\/","name":"Burkina Faso","description":"Just another Africa News Agency Sites site","potentialAction":[{"@type":"SearchAction","target":{"@type":"EntryPoint","urlTemplate":"https:\/\/www.africa-press.net\/burkina-faso\/?s={search_term_string}"},"query-input":{"@type":"PropertyValueSpecification","valueRequired":true,"valueName":"search_term_string"}}],"inLanguage":"fr-FR"},{"@type":"Person","@id":"https:\/\/www.africa-press.net\/burkina-faso\/#\/schema\/person\/2b1cf3cd81a31e3cd26889ca66d677f1","name":"cfeditorfr"}]}},"_links":{"self":[{"href":"https:\/\/www.africa-press.net\/burkina-faso\/wp-json\/wp\/v2\/posts\/11480","targetHints":{"allow":["GET"]}}],"collection":[{"href":"https:\/\/www.africa-press.net\/burkina-faso\/wp-json\/wp\/v2\/posts"}],"about":[{"href":"https:\/\/www.africa-press.net\/burkina-faso\/wp-json\/wp\/v2\/types\/post"}],"author":[{"embeddable":true,"href":"https:\/\/www.africa-press.net\/burkina-faso\/wp-json\/wp\/v2\/users\/82"}],"replies":[{"embeddable":true,"href":"https:\/\/www.africa-press.net\/burkina-faso\/wp-json\/wp\/v2\/comments?post=11480"}],"version-history":[{"count":0,"href":"https:\/\/www.africa-press.net\/burkina-faso\/wp-json\/wp\/v2\/posts\/11480\/revisions"}],"wp:featuredmedia":[{"embeddable":true,"href":"https:\/\/www.africa-press.net\/burkina-faso\/wp-json\/wp\/v2\/media\/11479"}],"wp:attachment":[{"href":"https:\/\/www.africa-press.net\/burkina-faso\/wp-json\/wp\/v2\/media?parent=11480"}],"wp:term":[{"taxonomy":"category","embeddable":true,"href":"https:\/\/www.africa-press.net\/burkina-faso\/wp-json\/wp\/v2\/categories?post=11480"},{"taxonomy":"post_tag","embeddable":true,"href":"https:\/\/www.africa-press.net\/burkina-faso\/wp-json\/wp\/v2\/tags?post=11480"}],"curies":[{"name":"wp","href":"https:\/\/api.w.org\/{rel}","templated":true}]}}