{"id":11483,"date":"2021-05-08T09:49:25","date_gmt":"2021-05-08T09:49:25","guid":{"rendered":"https:\/\/www.africa-press.net\/burkina-faso\/?p=11483"},"modified":"2021-05-08T11:13:16","modified_gmt":"2021-05-08T11:13:16","slug":"municipalites-du-burkina-des-acteurs-de-la-chaine-de-depense-se-penchent-sur-leurs-difficultes","status":"publish","type":"post","link":"https:\/\/www.africa-press.net\/burkina-faso\/politique\/municipalites-du-burkina-des-acteurs-de-la-chaine-de-depense-se-penchent-sur-leurs-difficultes","title":{"rendered":"Municipalit\u00e9s du Burkina : Des acteurs de la cha\u00eene de d\u00e9pense se penchent sur leurs difficult\u00e9s"},"content":{"rendered":"<p><span style=\"color: #ff6600\"><strong><a href=\"https:\/\/www.africa-press.net\/\">Africa-Press<\/a> &#8211; <a href=\"https:\/\/www.africa-press.net\/burkina-faso\">Burkina Faso<\/a>. <\/strong><\/span><b>L\u2019Association des municipalit\u00e9s du Burkina Faso (AMBF) en collaboration avec Association les mains unies du Sahel (AMUS) tient une rencontre d\u2019\u00e9changes avec les acteurs de la cha\u00eene de d\u00e9pense, ce jeudi 6 mai 2021 \u00e0 Manga, dans le Centre-Sud. Les difficult\u00e9s rencontr\u00e9es sont au menu des \u00e9changes.<\/b><\/p>\n<p>Ils sont une soixantaine de maires, contr\u00f4leurs et comptables des mairies \u00e0 se r\u00e9unir pour parler de la cha\u00eene de d\u00e9pense des collectivit\u00e9s territoriales. Tout est parti d\u2019un constat. \u00ab A chaque fois que nous avons l\u2019occasion de nous rencontrer, il y a des pr\u00e9occupations qui sont \u00e9voqu\u00e9es et nous avons jug\u00e9 la n\u00e9cessit\u00e9 de trouver ce cadre pour que nous puissions nous parler, nous concerter afin de voir comment on va s\u2019\u00e9pauler \u00bb, a justifi\u00e9 le pr\u00e9sident de l\u2019Association des municipalit\u00e9s du Burkina Faso (AMBF), Hamidou Olivier Conombo.<\/p>\n<p>Pendant environ cinq heures, ces acteurs des collectivit\u00e9s territoriales ont \u00e9chang\u00e9 sur les r\u00e9alit\u00e9s qu\u2019ils vivent au quotidien. Il est question de revenir sur le r\u00f4le des contr\u00f4leurs financiers dans l\u2019ex\u00e9cution du budget et les difficult\u00e9s rencontr\u00e9es. Selon Hamidou Olivier Conombo, par ailleurs maire de la commune de Kombissiri, il s\u2019agit de voir le m\u00e9canisme pour faire avancer les initiatives dans les communes. \u00ab Dans la cha\u00eene de d\u00e9pense, il y a toujours des difficult\u00e9s qui reviennent de fa\u00e7on r\u00e9currente \u00bb, a-t-il ajout\u00e9.<\/p>\n<p>Et \u00e0 en croire le formateur Lassan\u00e9 Ou\u00e9draogo, directeur r\u00e9gional des contr\u00f4les, des march\u00e9s publics et engagements financiers, les erreurs mat\u00e9rielles r\u00e9p\u00e9titives et le traitement de salaire constituent les principales difficult\u00e9s des collectivit\u00e9s territoriales. Dans sa communication sur le \u00ab r\u00f4le du contr\u00f4leur financier dans l\u2019ex\u00e9cution du budget \u00bb, il a rappel\u00e9 que le contr\u00f4leur financier doit \u00e9galement veiller sur le respect des textes et les d\u00e9penses de sa structure.<\/p>\n<p><b>\u00ab Bien appr\u00e9hend\u00e9, bien assimil\u00e9 \u00bb<\/b><\/p>\n<p>Les travaux se sont d\u00e9roul\u00e9s sous la direction de Josiane Kabr\u00e9, gouverneur de la r\u00e9gion du Centre-Sud. Tout en saluant \u00e0 sa juste valeur cette initiative, elle a invit\u00e9 les participants \u00e0 s\u2019approprier cette rencontre. \u00ab Que tout ce qui sera fait ici soit bien appr\u00e9hend\u00e9, bien assimil\u00e9 pour \u00eatre mis en \u0153uvre au niveau de vos collectivit\u00e9s pour le bonheur de vos populations \u00bb, a-t-elle souhait\u00e9.<\/p>\n<p>L\u2019Association les mains unies du Sahel (AMUS), en tant que premier des communes du Centre-Sud, se r\u00e9jouit de la r\u00e9alisation d\u2019une telle activit\u00e9 qui rentre en droite ligne avec ses missions. En effet, l\u2019AMUS accompagne les communes en mati\u00e8re de d\u00e9centralisation et de gouvernance locale.<\/p>\n<p>Selon Josias Yam\u00e9ogo, coordonnateur de programme D\u00e9centralisation-Gouvernance locale \u00e0 l\u2019AMUS, l\u2019une de leurs missions consiste \u00e0 am\u00e9liorer les recettes propres des communes, la participation citoyenne, la redevabilit\u00e9 et la bonne gouvernance. \u00ab Pendant des ann\u00e9es, nous avons fait des sensibilisations pour que les recettes des communes puissent s\u2019am\u00e9liorer. Il y a des r\u00e9sultats en la mati\u00e8re \u00bb, s\u2019est f\u00e9licit\u00e9 Josias Yam\u00e9ogo.<\/p>\n<p>Ce cadre d\u2019\u00e9changes a r\u00e9uni les maires, les tr\u00e9soriers r\u00e9gionaux, des directeurs r\u00e9gionaux de la d\u00e9pense publique et les directeurs r\u00e9gionaux du budget. Toutes ces autorit\u00e9s administratives sont issues de la r\u00e9gion du Centre-Sud. L\u2019AMUS accompagne cette r\u00e9gion depuis 2019.<\/p>\n<p><b>Cryspin Masneang Laoundiki<br \/>\n<\/b><\/p>\n","protected":false},"excerpt":{"rendered":"<p>Africa-Press &#8211; Burkina Faso. L\u2019Association des municipalit\u00e9s du Burkina Faso (AMBF) en collaboration avec Association les mains unies du Sahel (AMUS) tient une rencontre d\u2019\u00e9changes avec les acteurs de la cha\u00eene de d\u00e9pense, ce jeudi 6 mai 2021 \u00e0 Manga, dans le Centre-Sud. Les difficult\u00e9s rencontr\u00e9es sont au menu des \u00e9changes. Ils sont une soixantaine [&hellip;]<\/p>\n","protected":false},"author":82,"featured_media":11482,"comment_status":"open","ping_status":"closed","sticky":false,"template":"","format":"standard","meta":{"footnotes":""},"categories":[11,2,10],"tags":[111,725,29],"class_list":["post-11483","post","type-post","status-publish","format-standard","has-post-thumbnail","hentry","category-homepage-french","category-politique","category-toutes-les-actualites","tag-africa-press","tag-africa-press-burkina-faso","tag-burkina-faso"],"yoast_head":"<!-- This site is optimized with the Yoast SEO Premium plugin v26.1 (Yoast SEO v27.0) - https:\/\/yoast.com\/product\/yoast-seo-premium-wordpress\/ -->\n<title>Municipalit\u00e9s du Burkina : Des acteurs de la cha\u00eene de d\u00e9pense se penchent sur leurs difficult\u00e9s - Burkina Faso<\/title>\n<meta name=\"description\" content=\"L\u2019Association des municipalit\u00e9s du Burkina Faso (AMBF) en collaboration avec Association les mains unies du Sahel (AM ...\" \/>\n<meta name=\"robots\" content=\"index, follow, max-snippet:-1, max-image-preview:large, max-video-preview:-1\" \/>\n<link rel=\"canonical\" href=\"https:\/\/www.africa-press.net\/burkina-faso\/politique\/municipalites-du-burkina-des-acteurs-de-la-chaine-de-depense-se-penchent-sur-leurs-difficultes\" \/>\n<meta property=\"og:locale\" content=\"fr_FR\" \/>\n<meta property=\"og:type\" content=\"article\" \/>\n<meta property=\"og:title\" content=\"Municipalit\u00e9s du Burkina : Des acteurs de la cha\u00eene de d\u00e9pense se penchent sur leurs difficult\u00e9s\" \/>\n<meta property=\"og:description\" content=\"L\u2019Association des municipalit\u00e9s du Burkina Faso (AMBF) en collaboration avec Association les mains unies du Sahel (AM ...\" \/>\n<meta property=\"og:url\" content=\"https:\/\/www.africa-press.net\/burkina-faso\/politique\/municipalites-du-burkina-des-acteurs-de-la-chaine-de-depense-se-penchent-sur-leurs-difficultes\" \/>\n<meta property=\"og:site_name\" content=\"Burkina Faso\" \/>\n<meta property=\"article:published_time\" content=\"2021-05-08T09:49:25+00:00\" \/>\n<meta property=\"article:modified_time\" content=\"2021-05-08T11:13:16+00:00\" \/>\n<meta property=\"og:image\" content=\"https:\/\/static.africa-press.net\/burkina\/sites\/42\/2021\/05\/img-60965bff234fd.jpg\" \/>\n\t<meta property=\"og:image:width\" content=\"805\" \/>\n\t<meta property=\"og:image:height\" content=\"465\" \/>\n\t<meta property=\"og:image:type\" content=\"image\/jpeg\" \/>\n<meta name=\"author\" content=\"cfeditorfr\" \/>\n<meta name=\"twitter:card\" content=\"summary_large_image\" \/>\n<meta name=\"twitter:label1\" content=\"\u00c9crit par\" \/>\n\t<meta name=\"twitter:data1\" content=\"cfeditorfr\" \/>\n\t<meta name=\"twitter:label2\" content=\"Dur\u00e9e de lecture estim\u00e9e\" \/>\n\t<meta name=\"twitter:data2\" content=\"3 minutes\" \/>\n<script type=\"application\/ld+json\" class=\"yoast-schema-graph\">{\"@context\":\"https:\/\/schema.org\",\"@graph\":[{\"@type\":\"Article\",\"@id\":\"https:\/\/www.africa-press.net\/burkina-faso\/politique\/municipalites-du-burkina-des-acteurs-de-la-chaine-de-depense-se-penchent-sur-leurs-difficultes#article\",\"isPartOf\":{\"@id\":\"https:\/\/www.africa-press.net\/burkina-faso\/politique\/municipalites-du-burkina-des-acteurs-de-la-chaine-de-depense-se-penchent-sur-leurs-difficultes\"},\"author\":{\"name\":\"cfeditorfr\",\"@id\":\"https:\/\/www.africa-press.net\/burkina-faso\/#\/schema\/person\/2b1cf3cd81a31e3cd26889ca66d677f1\"},\"headline\":\"Municipalit\u00e9s du Burkina : Des acteurs de la cha\u00eene de d\u00e9pense se penchent sur leurs difficult\u00e9s\",\"datePublished\":\"2021-05-08T09:49:25+00:00\",\"dateModified\":\"2021-05-08T11:13:16+00:00\",\"mainEntityOfPage\":{\"@id\":\"https:\/\/www.africa-press.net\/burkina-faso\/politique\/municipalites-du-burkina-des-acteurs-de-la-chaine-de-depense-se-penchent-sur-leurs-difficultes\"},\"wordCount\":603,\"commentCount\":0,\"image\":{\"@id\":\"https:\/\/www.africa-press.net\/burkina-faso\/politique\/municipalites-du-burkina-des-acteurs-de-la-chaine-de-depense-se-penchent-sur-leurs-difficultes#primaryimage\"},\"thumbnailUrl\":\"https:\/\/static.africa-press.net\/burkina\/sites\/42\/2021\/05\/img-60965bff234fd.jpg\",\"keywords\":[\"Africa Press\",\"Africa Press-Burkina Faso\",\"Burkina Faso\"],\"articleSection\":[\"homepage-french\",\"Politique\",\"Toutes les actualit\u00e9s\"],\"inLanguage\":\"fr-FR\",\"potentialAction\":[{\"@type\":\"CommentAction\",\"name\":\"Comment\",\"target\":[\"https:\/\/www.africa-press.net\/burkina-faso\/politique\/municipalites-du-burkina-des-acteurs-de-la-chaine-de-depense-se-penchent-sur-leurs-difficultes#respond\"]}]},{\"@type\":\"WebPage\",\"@id\":\"https:\/\/www.africa-press.net\/burkina-faso\/politique\/municipalites-du-burkina-des-acteurs-de-la-chaine-de-depense-se-penchent-sur-leurs-difficultes\",\"url\":\"https:\/\/www.africa-press.net\/burkina-faso\/politique\/municipalites-du-burkina-des-acteurs-de-la-chaine-de-depense-se-penchent-sur-leurs-difficultes\",\"name\":\"Municipalit\u00e9s du Burkina : Des acteurs de la cha\u00eene de d\u00e9pense se penchent sur leurs difficult\u00e9s - Burkina Faso\",\"isPartOf\":{\"@id\":\"https:\/\/www.africa-press.net\/burkina-faso\/#website\"},\"primaryImageOfPage\":{\"@id\":\"https:\/\/www.africa-press.net\/burkina-faso\/politique\/municipalites-du-burkina-des-acteurs-de-la-chaine-de-depense-se-penchent-sur-leurs-difficultes#primaryimage\"},\"image\":{\"@id\":\"https:\/\/www.africa-press.net\/burkina-faso\/politique\/municipalites-du-burkina-des-acteurs-de-la-chaine-de-depense-se-penchent-sur-leurs-difficultes#primaryimage\"},\"thumbnailUrl\":\"https:\/\/static.africa-press.net\/burkina\/sites\/42\/2021\/05\/img-60965bff234fd.jpg\",\"datePublished\":\"2021-05-08T09:49:25+00:00\",\"dateModified\":\"2021-05-08T11:13:16+00:00\",\"author\":{\"@id\":\"https:\/\/www.africa-press.net\/burkina-faso\/#\/schema\/person\/2b1cf3cd81a31e3cd26889ca66d677f1\"},\"description\":\"L\u2019Association des municipalit\u00e9s du Burkina Faso (AMBF) en collaboration avec Association les mains unies du Sahel (AM ...\",\"breadcrumb\":{\"@id\":\"https:\/\/www.africa-press.net\/burkina-faso\/politique\/municipalites-du-burkina-des-acteurs-de-la-chaine-de-depense-se-penchent-sur-leurs-difficultes#breadcrumb\"},\"inLanguage\":\"fr-FR\",\"potentialAction\":[{\"@type\":\"ReadAction\",\"target\":[\"https:\/\/www.africa-press.net\/burkina-faso\/politique\/municipalites-du-burkina-des-acteurs-de-la-chaine-de-depense-se-penchent-sur-leurs-difficultes\"]}]},{\"@type\":\"ImageObject\",\"inLanguage\":\"fr-FR\",\"@id\":\"https:\/\/www.africa-press.net\/burkina-faso\/politique\/municipalites-du-burkina-des-acteurs-de-la-chaine-de-depense-se-penchent-sur-leurs-difficultes#primaryimage\",\"url\":\"https:\/\/static.africa-press.net\/burkina\/sites\/42\/2021\/05\/img-60965bff234fd.jpg\",\"contentUrl\":\"https:\/\/static.africa-press.net\/burkina\/sites\/42\/2021\/05\/img-60965bff234fd.jpg\",\"width\":805,\"height\":465,\"caption\":\"Municipalit\u00e9s du Burkina : Des acteurs de la cha\u00eene de d\u00e9pense se penchent sur leurs difficult\u00e9s\"},{\"@type\":\"BreadcrumbList\",\"@id\":\"https:\/\/www.africa-press.net\/burkina-faso\/politique\/municipalites-du-burkina-des-acteurs-de-la-chaine-de-depense-se-penchent-sur-leurs-difficultes#breadcrumb\",\"itemListElement\":[{\"@type\":\"ListItem\",\"position\":1,\"name\":\"Accueil\",\"item\":\"https:\/\/www.africa-press.net\/burkina-faso\/\"},{\"@type\":\"ListItem\",\"position\":2,\"name\":\"Municipalit\u00e9s du Burkina : Des acteurs de la cha\u00eene de d\u00e9pense se penchent sur leurs difficult\u00e9s\"}]},{\"@type\":\"WebSite\",\"@id\":\"https:\/\/www.africa-press.net\/burkina-faso\/#website\",\"url\":\"https:\/\/www.africa-press.net\/burkina-faso\/\",\"name\":\"Burkina Faso\",\"description\":\"Just another Africa News Agency Sites site\",\"potentialAction\":[{\"@type\":\"SearchAction\",\"target\":{\"@type\":\"EntryPoint\",\"urlTemplate\":\"https:\/\/www.africa-press.net\/burkina-faso\/?s={search_term_string}\"},\"query-input\":{\"@type\":\"PropertyValueSpecification\",\"valueRequired\":true,\"valueName\":\"search_term_string\"}}],\"inLanguage\":\"fr-FR\"},{\"@type\":\"Person\",\"@id\":\"https:\/\/www.africa-press.net\/burkina-faso\/#\/schema\/person\/2b1cf3cd81a31e3cd26889ca66d677f1\",\"name\":\"cfeditorfr\"}]}<\/script>\n<!-- \/ Yoast SEO Premium plugin. -->","yoast_head_json":{"title":"Municipalit\u00e9s du Burkina : Des acteurs de la cha\u00eene de d\u00e9pense se penchent sur leurs difficult\u00e9s - Burkina Faso","description":"L\u2019Association des municipalit\u00e9s du Burkina Faso (AMBF) en collaboration avec Association les mains unies du Sahel (AM ...","robots":{"index":"index","follow":"follow","max-snippet":"max-snippet:-1","max-image-preview":"max-image-preview:large","max-video-preview":"max-video-preview:-1"},"canonical":"https:\/\/www.africa-press.net\/burkina-faso\/politique\/municipalites-du-burkina-des-acteurs-de-la-chaine-de-depense-se-penchent-sur-leurs-difficultes","og_locale":"fr_FR","og_type":"article","og_title":"Municipalit\u00e9s du Burkina : Des acteurs de la cha\u00eene de d\u00e9pense se penchent sur leurs difficult\u00e9s","og_description":"L\u2019Association des municipalit\u00e9s du Burkina Faso (AMBF) en collaboration avec Association les mains unies du Sahel (AM ...","og_url":"https:\/\/www.africa-press.net\/burkina-faso\/politique\/municipalites-du-burkina-des-acteurs-de-la-chaine-de-depense-se-penchent-sur-leurs-difficultes","og_site_name":"Burkina Faso","article_published_time":"2021-05-08T09:49:25+00:00","article_modified_time":"2021-05-08T11:13:16+00:00","og_image":[{"width":805,"height":465,"url":"https:\/\/static.africa-press.net\/burkina\/sites\/42\/2021\/05\/img-60965bff234fd.jpg","type":"image\/jpeg"}],"author":"cfeditorfr","twitter_card":"summary_large_image","twitter_misc":{"\u00c9crit par":"cfeditorfr","Dur\u00e9e de lecture estim\u00e9e":"3 minutes"},"schema":{"@context":"https:\/\/schema.org","@graph":[{"@type":"Article","@id":"https:\/\/www.africa-press.net\/burkina-faso\/politique\/municipalites-du-burkina-des-acteurs-de-la-chaine-de-depense-se-penchent-sur-leurs-difficultes#article","isPartOf":{"@id":"https:\/\/www.africa-press.net\/burkina-faso\/politique\/municipalites-du-burkina-des-acteurs-de-la-chaine-de-depense-se-penchent-sur-leurs-difficultes"},"author":{"name":"cfeditorfr","@id":"https:\/\/www.africa-press.net\/burkina-faso\/#\/schema\/person\/2b1cf3cd81a31e3cd26889ca66d677f1"},"headline":"Municipalit\u00e9s du Burkina : Des acteurs de la cha\u00eene de d\u00e9pense se penchent sur leurs difficult\u00e9s","datePublished":"2021-05-08T09:49:25+00:00","dateModified":"2021-05-08T11:13:16+00:00","mainEntityOfPage":{"@id":"https:\/\/www.africa-press.net\/burkina-faso\/politique\/municipalites-du-burkina-des-acteurs-de-la-chaine-de-depense-se-penchent-sur-leurs-difficultes"},"wordCount":603,"commentCount":0,"image":{"@id":"https:\/\/www.africa-press.net\/burkina-faso\/politique\/municipalites-du-burkina-des-acteurs-de-la-chaine-de-depense-se-penchent-sur-leurs-difficultes#primaryimage"},"thumbnailUrl":"https:\/\/static.africa-press.net\/burkina\/sites\/42\/2021\/05\/img-60965bff234fd.jpg","keywords":["Africa Press","Africa Press-Burkina Faso","Burkina Faso"],"articleSection":["homepage-french","Politique","Toutes les actualit\u00e9s"],"inLanguage":"fr-FR","potentialAction":[{"@type":"CommentAction","name":"Comment","target":["https:\/\/www.africa-press.net\/burkina-faso\/politique\/municipalites-du-burkina-des-acteurs-de-la-chaine-de-depense-se-penchent-sur-leurs-difficultes#respond"]}]},{"@type":"WebPage","@id":"https:\/\/www.africa-press.net\/burkina-faso\/politique\/municipalites-du-burkina-des-acteurs-de-la-chaine-de-depense-se-penchent-sur-leurs-difficultes","url":"https:\/\/www.africa-press.net\/burkina-faso\/politique\/municipalites-du-burkina-des-acteurs-de-la-chaine-de-depense-se-penchent-sur-leurs-difficultes","name":"Municipalit\u00e9s du Burkina : Des acteurs de la cha\u00eene de d\u00e9pense se penchent sur leurs difficult\u00e9s - Burkina Faso","isPartOf":{"@id":"https:\/\/www.africa-press.net\/burkina-faso\/#website"},"primaryImageOfPage":{"@id":"https:\/\/www.africa-press.net\/burkina-faso\/politique\/municipalites-du-burkina-des-acteurs-de-la-chaine-de-depense-se-penchent-sur-leurs-difficultes#primaryimage"},"image":{"@id":"https:\/\/www.africa-press.net\/burkina-faso\/politique\/municipalites-du-burkina-des-acteurs-de-la-chaine-de-depense-se-penchent-sur-leurs-difficultes#primaryimage"},"thumbnailUrl":"https:\/\/static.africa-press.net\/burkina\/sites\/42\/2021\/05\/img-60965bff234fd.jpg","datePublished":"2021-05-08T09:49:25+00:00","dateModified":"2021-05-08T11:13:16+00:00","author":{"@id":"https:\/\/www.africa-press.net\/burkina-faso\/#\/schema\/person\/2b1cf3cd81a31e3cd26889ca66d677f1"},"description":"L\u2019Association des municipalit\u00e9s du Burkina Faso (AMBF) en collaboration avec Association les mains unies du Sahel (AM ...","breadcrumb":{"@id":"https:\/\/www.africa-press.net\/burkina-faso\/politique\/municipalites-du-burkina-des-acteurs-de-la-chaine-de-depense-se-penchent-sur-leurs-difficultes#breadcrumb"},"inLanguage":"fr-FR","potentialAction":[{"@type":"ReadAction","target":["https:\/\/www.africa-press.net\/burkina-faso\/politique\/municipalites-du-burkina-des-acteurs-de-la-chaine-de-depense-se-penchent-sur-leurs-difficultes"]}]},{"@type":"ImageObject","inLanguage":"fr-FR","@id":"https:\/\/www.africa-press.net\/burkina-faso\/politique\/municipalites-du-burkina-des-acteurs-de-la-chaine-de-depense-se-penchent-sur-leurs-difficultes#primaryimage","url":"https:\/\/static.africa-press.net\/burkina\/sites\/42\/2021\/05\/img-60965bff234fd.jpg","contentUrl":"https:\/\/static.africa-press.net\/burkina\/sites\/42\/2021\/05\/img-60965bff234fd.jpg","width":805,"height":465,"caption":"Municipalit\u00e9s du Burkina : Des acteurs de la cha\u00eene de d\u00e9pense se penchent sur leurs difficult\u00e9s"},{"@type":"BreadcrumbList","@id":"https:\/\/www.africa-press.net\/burkina-faso\/politique\/municipalites-du-burkina-des-acteurs-de-la-chaine-de-depense-se-penchent-sur-leurs-difficultes#breadcrumb","itemListElement":[{"@type":"ListItem","position":1,"name":"Accueil","item":"https:\/\/www.africa-press.net\/burkina-faso\/"},{"@type":"ListItem","position":2,"name":"Municipalit\u00e9s du Burkina : Des acteurs de la cha\u00eene de d\u00e9pense se penchent sur leurs difficult\u00e9s"}]},{"@type":"WebSite","@id":"https:\/\/www.africa-press.net\/burkina-faso\/#website","url":"https:\/\/www.africa-press.net\/burkina-faso\/","name":"Burkina Faso","description":"Just another Africa News Agency Sites site","potentialAction":[{"@type":"SearchAction","target":{"@type":"EntryPoint","urlTemplate":"https:\/\/www.africa-press.net\/burkina-faso\/?s={search_term_string}"},"query-input":{"@type":"PropertyValueSpecification","valueRequired":true,"valueName":"search_term_string"}}],"inLanguage":"fr-FR"},{"@type":"Person","@id":"https:\/\/www.africa-press.net\/burkina-faso\/#\/schema\/person\/2b1cf3cd81a31e3cd26889ca66d677f1","name":"cfeditorfr"}]}},"_links":{"self":[{"href":"https:\/\/www.africa-press.net\/burkina-faso\/wp-json\/wp\/v2\/posts\/11483","targetHints":{"allow":["GET"]}}],"collection":[{"href":"https:\/\/www.africa-press.net\/burkina-faso\/wp-json\/wp\/v2\/posts"}],"about":[{"href":"https:\/\/www.africa-press.net\/burkina-faso\/wp-json\/wp\/v2\/types\/post"}],"author":[{"embeddable":true,"href":"https:\/\/www.africa-press.net\/burkina-faso\/wp-json\/wp\/v2\/users\/82"}],"replies":[{"embeddable":true,"href":"https:\/\/www.africa-press.net\/burkina-faso\/wp-json\/wp\/v2\/comments?post=11483"}],"version-history":[{"count":0,"href":"https:\/\/www.africa-press.net\/burkina-faso\/wp-json\/wp\/v2\/posts\/11483\/revisions"}],"wp:featuredmedia":[{"embeddable":true,"href":"https:\/\/www.africa-press.net\/burkina-faso\/wp-json\/wp\/v2\/media\/11482"}],"wp:attachment":[{"href":"https:\/\/www.africa-press.net\/burkina-faso\/wp-json\/wp\/v2\/media?parent=11483"}],"wp:term":[{"taxonomy":"category","embeddable":true,"href":"https:\/\/www.africa-press.net\/burkina-faso\/wp-json\/wp\/v2\/categories?post=11483"},{"taxonomy":"post_tag","embeddable":true,"href":"https:\/\/www.africa-press.net\/burkina-faso\/wp-json\/wp\/v2\/tags?post=11483"}],"curies":[{"name":"wp","href":"https:\/\/api.w.org\/{rel}","templated":true}]}}