{"id":11486,"date":"2021-05-08T09:54:04","date_gmt":"2021-05-08T09:54:04","guid":{"rendered":"https:\/\/www.africa-press.net\/burkina-faso\/?p=11486"},"modified":"2021-05-08T11:13:50","modified_gmt":"2021-05-08T11:13:50","slug":"burkina-faso-modeste-yerbanga-veut-se-pencher-sur-les-conflits-eleveurs-agriculteurs","status":"publish","type":"post","link":"https:\/\/www.africa-press.net\/burkina-faso\/politique\/burkina-faso-modeste-yerbanga-veut-se-pencher-sur-les-conflits-eleveurs-agriculteurs","title":{"rendered":"Modeste Yerbanga veut se pencher sur les conflits \u00e9leveurs-agriculteurs"},"content":{"rendered":"<p><span style=\"color: #ff6600\"><strong><a href=\"https:\/\/www.africa-press.net\/\">Africa-Press<\/a> &#8211; <a href=\"https:\/\/www.africa-press.net\/burkina-faso\">Burkina Faso<\/a>. <\/strong><\/span>Le minist\u00e8re des ressources animales et halieutiques (MRAH) a organis\u00e9 son premier Conseil d\u2019administration du Secteur Minist\u00e9riel (CASEM) ce vendredi 7 mai 2021. Une occasion pour le d\u00e9partement de Modeste Yerbanga de discuter des acquis engrang\u00e9s en 2020 mais aussi rechercher des pistes de solutions aux conflits li\u00e9s aux zones pastorales.<\/p>\n<p>Plac\u00e9 sous le th\u00e8me \u00ab Zone pastorale du Burkina : quelle strat\u00e9gie de s\u00e9curisation et de mise en valeur durable ? \u00bb, le premier conseil d\u2019administration du minist\u00e8re en charge des ressources animales a pour objectif de faire le bilan de l\u2019ann\u00e9e \u00e9coul\u00e9e et de se projeter dans le futur. Selon le ministre Modeste Yerbanga, le th\u00e8me retenu est \u00ab d\u2019actualit\u00e9 \u00bb et constitue un d\u00e9fi majeur pour le d\u00e9partement des ressources animales et halieutiques.<\/p>\n<p>\u00ab Le constat c\u2019est que de nos jours, les zones pastorales qui avaient \u00e9t\u00e9 d\u00e9limit\u00e9es par l\u2019Etat depuis plus d\u2019une vingtaine d\u2019ann\u00e9es sont en train d\u2019\u00eatre recolonis\u00e9es par les agriculteurs, par l\u2019orpaillage et par les sites miniers \u00bb, a-t-il d\u00e9clar\u00e9. C\u2019est donc anim\u00e9 d\u2019une envie de s\u00e9curiser ces zones que Modeste Yerbanga discute avec ses collaborateurs.<\/p>\n<p>Revenant sur le bilan de l\u2019ann\u00e9e 2020, le ministre Modeste Yerbanga a indiqu\u00e9 que l\u2019ann\u00e9e \u00e9coul\u00e9e \u00ab n\u2019a pas \u00e9t\u00e9 du tout facile \u00bb, en t\u00e9moigne la pand\u00e9mie \u00e0 coronavirus. Cependant, son d\u00e9partement a pu mettre en \u0153uvre un certain nombre d\u2019activit\u00e9s. Ainsi donc, il estime \u00e0 environ 70% le taux d\u2019ex\u00e9cution financi\u00e8re et \u00e0 71% celui de l\u2019ex\u00e9cution physique. Et ce, en d\u00e9pit des difficult\u00e9s.<\/p>\n<p>Des taux jug\u00e9s satisfaisants par le ministre et qui permettront de tirer des le\u00e7ons pour pouvoir plus impacter en 2021 vu les d\u00e9fis qui attendent encore son minist\u00e8re. \u00ab Les d\u00e9fis de 2021, c\u2019est le r\u00e9f\u00e9rentiel national de d\u00e9veloppement de 2021 qui est en cours d\u2019\u00e9laboration et le programme pr\u00e9sidentiel \u00bb, a-t-il laiss\u00e9 entendre.<\/p>\n<p>Sur le projet d\u2019industrialisation du secteur du b\u00e9tail, Modeste Yerbanga a apport\u00e9 des \u00e9l\u00e9ments de r\u00e9ponses. \u00ab Nous avons l\u2019abattoir de Kaya qui est fini et sera mis en gestion bient\u00f4t. Celui de Ouahigouya qui sera pr\u00eat d\u2019ici juin. \u00c9galement nous avons conduit deux \u00e9tudes de faisabilit\u00e9 pour implanter deux autres abattoirs \u00e0 Fada et \u00e0 Bobo. Nous allons innover en organisant en amont les producteurs pour la production du cheptel et transformer cette viande au niveau des abattoirs afin de pouvoir l\u2019exporter \u00bb, a-t-il expliqu\u00e9.<\/p>\n<p>Sur les conflits \u00e9leveurs-agriculteurs, le ministre de la jeunesse et ancien directeur des espaces et des am\u00e9nagements pastoraux, Salifou Tiemtor\u00e9, pr\u00e9conise trois pistes. Pour lui? il faut traiter la question pastorale zone par zone et non de fa\u00e7on g\u00e9n\u00e9rale.<\/p>\n<p>Allant plus loin dans son argumentaire, il a ajout\u00e9 que les acteurs doivent introduire la r\u00e9conciliation nationale dans leur vision afin de d\u00e9samorcer les conflits. La troisi\u00e8me option selon ses propos, est de d\u00e9limiter et de prot\u00e9ger les diff\u00e9rentes zones afin d\u2019emp\u00eacher l\u2019occupation sauvage. Sanata GANSAGNE et D\u00e9bora DARGA (stagiaires) Burkina24<\/p>\n","protected":false},"excerpt":{"rendered":"<p>Africa-Press &#8211; Burkina Faso. Le minist\u00e8re des ressources animales et halieutiques (MRAH) a organis\u00e9 son premier Conseil d\u2019administration du Secteur Minist\u00e9riel (CASEM) ce vendredi 7 mai 2021. Une occasion pour le d\u00e9partement de Modeste Yerbanga de discuter des acquis engrang\u00e9s en 2020 mais aussi rechercher des pistes de solutions aux conflits li\u00e9s aux zones pastorales. [&hellip;]<\/p>\n","protected":false},"author":82,"featured_media":11485,"comment_status":"open","ping_status":"closed","sticky":false,"template":"","format":"standard","meta":{"footnotes":""},"categories":[11,2,20,10],"tags":[111,725,29],"class_list":["post-11486","post","type-post","status-publish","format-standard","has-post-thumbnail","hentry","category-homepage-french","category-politique","category-top-nouvelles","category-toutes-les-actualites","tag-africa-press","tag-africa-press-burkina-faso","tag-burkina-faso"],"yoast_head":"<!-- This site is optimized with the Yoast SEO Premium plugin v26.1 (Yoast SEO v27.0) - https:\/\/yoast.com\/product\/yoast-seo-premium-wordpress\/ -->\n<title>Modeste Yerbanga veut se pencher sur les conflits \u00e9leveurs-agriculteurs - Burkina Faso<\/title>\n<meta name=\"description\" content=\"Le minist\u00e8re des ressources animales et halieutiques (MRAH) a organis\u00e9 son premier Conseil d\u2019administration du Secteur M ...\" \/>\n<meta name=\"robots\" content=\"index, follow, max-snippet:-1, max-image-preview:large, max-video-preview:-1\" \/>\n<link rel=\"canonical\" href=\"https:\/\/www.africa-press.net\/burkina-faso\/politique\/burkina-faso-modeste-yerbanga-veut-se-pencher-sur-les-conflits-eleveurs-agriculteurs\" \/>\n<meta property=\"og:locale\" content=\"fr_FR\" \/>\n<meta property=\"og:type\" content=\"article\" \/>\n<meta property=\"og:title\" content=\"Modeste Yerbanga veut se pencher sur les conflits \u00e9leveurs-agriculteurs\" \/>\n<meta property=\"og:description\" content=\"Le minist\u00e8re des ressources animales et halieutiques (MRAH) a organis\u00e9 son premier Conseil d\u2019administration du Secteur M ...\" \/>\n<meta property=\"og:url\" content=\"https:\/\/www.africa-press.net\/burkina-faso\/politique\/burkina-faso-modeste-yerbanga-veut-se-pencher-sur-les-conflits-eleveurs-agriculteurs\" \/>\n<meta property=\"og:site_name\" content=\"Burkina Faso\" \/>\n<meta property=\"article:published_time\" content=\"2021-05-08T09:54:04+00:00\" \/>\n<meta property=\"article:modified_time\" content=\"2021-05-08T11:13:50+00:00\" \/>\n<meta property=\"og:image\" content=\"https:\/\/static.africa-press.net\/burkina\/sites\/42\/2021\/05\/img-60965c29d3e8c.jpg\" \/>\n\t<meta property=\"og:image:width\" content=\"1024\" \/>\n\t<meta property=\"og:image:height\" content=\"512\" \/>\n\t<meta property=\"og:image:type\" content=\"image\/jpeg\" \/>\n<meta name=\"author\" content=\"cfeditorfr\" \/>\n<meta name=\"twitter:card\" content=\"summary_large_image\" \/>\n<meta name=\"twitter:label1\" content=\"\u00c9crit par\" \/>\n\t<meta name=\"twitter:data1\" content=\"cfeditorfr\" \/>\n\t<meta name=\"twitter:label2\" content=\"Dur\u00e9e de lecture estim\u00e9e\" \/>\n\t<meta name=\"twitter:data2\" content=\"3 minutes\" \/>\n<script type=\"application\/ld+json\" class=\"yoast-schema-graph\">{\"@context\":\"https:\/\/schema.org\",\"@graph\":[{\"@type\":\"Article\",\"@id\":\"https:\/\/www.africa-press.net\/burkina-faso\/politique\/burkina-faso-modeste-yerbanga-veut-se-pencher-sur-les-conflits-eleveurs-agriculteurs#article\",\"isPartOf\":{\"@id\":\"https:\/\/www.africa-press.net\/burkina-faso\/politique\/burkina-faso-modeste-yerbanga-veut-se-pencher-sur-les-conflits-eleveurs-agriculteurs\"},\"author\":{\"name\":\"cfeditorfr\",\"@id\":\"https:\/\/www.africa-press.net\/burkina-faso\/#\/schema\/person\/2b1cf3cd81a31e3cd26889ca66d677f1\"},\"headline\":\"Modeste Yerbanga veut se pencher sur les conflits \u00e9leveurs-agriculteurs\",\"datePublished\":\"2021-05-08T09:54:04+00:00\",\"dateModified\":\"2021-05-08T11:13:50+00:00\",\"mainEntityOfPage\":{\"@id\":\"https:\/\/www.africa-press.net\/burkina-faso\/politique\/burkina-faso-modeste-yerbanga-veut-se-pencher-sur-les-conflits-eleveurs-agriculteurs\"},\"wordCount\":548,\"commentCount\":0,\"image\":{\"@id\":\"https:\/\/www.africa-press.net\/burkina-faso\/politique\/burkina-faso-modeste-yerbanga-veut-se-pencher-sur-les-conflits-eleveurs-agriculteurs#primaryimage\"},\"thumbnailUrl\":\"https:\/\/static.africa-press.net\/burkina\/sites\/42\/2021\/05\/img-60965c29d3e8c.jpg\",\"keywords\":[\"Africa Press\",\"Africa Press-Burkina Faso\",\"Burkina Faso\"],\"articleSection\":[\"homepage-french\",\"Politique\",\"Top Nouvelles\",\"Toutes les actualit\u00e9s\"],\"inLanguage\":\"fr-FR\",\"potentialAction\":[{\"@type\":\"CommentAction\",\"name\":\"Comment\",\"target\":[\"https:\/\/www.africa-press.net\/burkina-faso\/politique\/burkina-faso-modeste-yerbanga-veut-se-pencher-sur-les-conflits-eleveurs-agriculteurs#respond\"]}]},{\"@type\":\"WebPage\",\"@id\":\"https:\/\/www.africa-press.net\/burkina-faso\/politique\/burkina-faso-modeste-yerbanga-veut-se-pencher-sur-les-conflits-eleveurs-agriculteurs\",\"url\":\"https:\/\/www.africa-press.net\/burkina-faso\/politique\/burkina-faso-modeste-yerbanga-veut-se-pencher-sur-les-conflits-eleveurs-agriculteurs\",\"name\":\"Modeste Yerbanga veut se pencher sur les conflits \u00e9leveurs-agriculteurs - Burkina Faso\",\"isPartOf\":{\"@id\":\"https:\/\/www.africa-press.net\/burkina-faso\/#website\"},\"primaryImageOfPage\":{\"@id\":\"https:\/\/www.africa-press.net\/burkina-faso\/politique\/burkina-faso-modeste-yerbanga-veut-se-pencher-sur-les-conflits-eleveurs-agriculteurs#primaryimage\"},\"image\":{\"@id\":\"https:\/\/www.africa-press.net\/burkina-faso\/politique\/burkina-faso-modeste-yerbanga-veut-se-pencher-sur-les-conflits-eleveurs-agriculteurs#primaryimage\"},\"thumbnailUrl\":\"https:\/\/static.africa-press.net\/burkina\/sites\/42\/2021\/05\/img-60965c29d3e8c.jpg\",\"datePublished\":\"2021-05-08T09:54:04+00:00\",\"dateModified\":\"2021-05-08T11:13:50+00:00\",\"author\":{\"@id\":\"https:\/\/www.africa-press.net\/burkina-faso\/#\/schema\/person\/2b1cf3cd81a31e3cd26889ca66d677f1\"},\"description\":\"Le minist\u00e8re des ressources animales et halieutiques (MRAH) a organis\u00e9 son premier Conseil d\u2019administration du Secteur M ...\",\"breadcrumb\":{\"@id\":\"https:\/\/www.africa-press.net\/burkina-faso\/politique\/burkina-faso-modeste-yerbanga-veut-se-pencher-sur-les-conflits-eleveurs-agriculteurs#breadcrumb\"},\"inLanguage\":\"fr-FR\",\"potentialAction\":[{\"@type\":\"ReadAction\",\"target\":[\"https:\/\/www.africa-press.net\/burkina-faso\/politique\/burkina-faso-modeste-yerbanga-veut-se-pencher-sur-les-conflits-eleveurs-agriculteurs\"]}]},{\"@type\":\"ImageObject\",\"inLanguage\":\"fr-FR\",\"@id\":\"https:\/\/www.africa-press.net\/burkina-faso\/politique\/burkina-faso-modeste-yerbanga-veut-se-pencher-sur-les-conflits-eleveurs-agriculteurs#primaryimage\",\"url\":\"https:\/\/static.africa-press.net\/burkina\/sites\/42\/2021\/05\/img-60965c29d3e8c.jpg\",\"contentUrl\":\"https:\/\/static.africa-press.net\/burkina\/sites\/42\/2021\/05\/img-60965c29d3e8c.jpg\",\"width\":1024,\"height\":512,\"caption\":\"Burkina Faso\u00a0: Modeste Yerbanga veut se pencher sur les conflits \u00e9leveurs-agriculteurs\"},{\"@type\":\"BreadcrumbList\",\"@id\":\"https:\/\/www.africa-press.net\/burkina-faso\/politique\/burkina-faso-modeste-yerbanga-veut-se-pencher-sur-les-conflits-eleveurs-agriculteurs#breadcrumb\",\"itemListElement\":[{\"@type\":\"ListItem\",\"position\":1,\"name\":\"Accueil\",\"item\":\"https:\/\/www.africa-press.net\/burkina-faso\/\"},{\"@type\":\"ListItem\",\"position\":2,\"name\":\"Modeste Yerbanga veut se pencher sur les conflits \u00e9leveurs-agriculteurs\"}]},{\"@type\":\"WebSite\",\"@id\":\"https:\/\/www.africa-press.net\/burkina-faso\/#website\",\"url\":\"https:\/\/www.africa-press.net\/burkina-faso\/\",\"name\":\"Burkina Faso\",\"description\":\"Just another Africa News Agency Sites site\",\"potentialAction\":[{\"@type\":\"SearchAction\",\"target\":{\"@type\":\"EntryPoint\",\"urlTemplate\":\"https:\/\/www.africa-press.net\/burkina-faso\/?s={search_term_string}\"},\"query-input\":{\"@type\":\"PropertyValueSpecification\",\"valueRequired\":true,\"valueName\":\"search_term_string\"}}],\"inLanguage\":\"fr-FR\"},{\"@type\":\"Person\",\"@id\":\"https:\/\/www.africa-press.net\/burkina-faso\/#\/schema\/person\/2b1cf3cd81a31e3cd26889ca66d677f1\",\"name\":\"cfeditorfr\"}]}<\/script>\n<!-- \/ Yoast SEO Premium plugin. -->","yoast_head_json":{"title":"Modeste Yerbanga veut se pencher sur les conflits \u00e9leveurs-agriculteurs - Burkina Faso","description":"Le minist\u00e8re des ressources animales et halieutiques (MRAH) a organis\u00e9 son premier Conseil d\u2019administration du Secteur M ...","robots":{"index":"index","follow":"follow","max-snippet":"max-snippet:-1","max-image-preview":"max-image-preview:large","max-video-preview":"max-video-preview:-1"},"canonical":"https:\/\/www.africa-press.net\/burkina-faso\/politique\/burkina-faso-modeste-yerbanga-veut-se-pencher-sur-les-conflits-eleveurs-agriculteurs","og_locale":"fr_FR","og_type":"article","og_title":"Modeste Yerbanga veut se pencher sur les conflits \u00e9leveurs-agriculteurs","og_description":"Le minist\u00e8re des ressources animales et halieutiques (MRAH) a organis\u00e9 son premier Conseil d\u2019administration du Secteur M ...","og_url":"https:\/\/www.africa-press.net\/burkina-faso\/politique\/burkina-faso-modeste-yerbanga-veut-se-pencher-sur-les-conflits-eleveurs-agriculteurs","og_site_name":"Burkina Faso","article_published_time":"2021-05-08T09:54:04+00:00","article_modified_time":"2021-05-08T11:13:50+00:00","og_image":[{"width":1024,"height":512,"url":"https:\/\/static.africa-press.net\/burkina\/sites\/42\/2021\/05\/img-60965c29d3e8c.jpg","type":"image\/jpeg"}],"author":"cfeditorfr","twitter_card":"summary_large_image","twitter_misc":{"\u00c9crit par":"cfeditorfr","Dur\u00e9e de lecture estim\u00e9e":"3 minutes"},"schema":{"@context":"https:\/\/schema.org","@graph":[{"@type":"Article","@id":"https:\/\/www.africa-press.net\/burkina-faso\/politique\/burkina-faso-modeste-yerbanga-veut-se-pencher-sur-les-conflits-eleveurs-agriculteurs#article","isPartOf":{"@id":"https:\/\/www.africa-press.net\/burkina-faso\/politique\/burkina-faso-modeste-yerbanga-veut-se-pencher-sur-les-conflits-eleveurs-agriculteurs"},"author":{"name":"cfeditorfr","@id":"https:\/\/www.africa-press.net\/burkina-faso\/#\/schema\/person\/2b1cf3cd81a31e3cd26889ca66d677f1"},"headline":"Modeste Yerbanga veut se pencher sur les conflits \u00e9leveurs-agriculteurs","datePublished":"2021-05-08T09:54:04+00:00","dateModified":"2021-05-08T11:13:50+00:00","mainEntityOfPage":{"@id":"https:\/\/www.africa-press.net\/burkina-faso\/politique\/burkina-faso-modeste-yerbanga-veut-se-pencher-sur-les-conflits-eleveurs-agriculteurs"},"wordCount":548,"commentCount":0,"image":{"@id":"https:\/\/www.africa-press.net\/burkina-faso\/politique\/burkina-faso-modeste-yerbanga-veut-se-pencher-sur-les-conflits-eleveurs-agriculteurs#primaryimage"},"thumbnailUrl":"https:\/\/static.africa-press.net\/burkina\/sites\/42\/2021\/05\/img-60965c29d3e8c.jpg","keywords":["Africa Press","Africa Press-Burkina Faso","Burkina Faso"],"articleSection":["homepage-french","Politique","Top Nouvelles","Toutes les actualit\u00e9s"],"inLanguage":"fr-FR","potentialAction":[{"@type":"CommentAction","name":"Comment","target":["https:\/\/www.africa-press.net\/burkina-faso\/politique\/burkina-faso-modeste-yerbanga-veut-se-pencher-sur-les-conflits-eleveurs-agriculteurs#respond"]}]},{"@type":"WebPage","@id":"https:\/\/www.africa-press.net\/burkina-faso\/politique\/burkina-faso-modeste-yerbanga-veut-se-pencher-sur-les-conflits-eleveurs-agriculteurs","url":"https:\/\/www.africa-press.net\/burkina-faso\/politique\/burkina-faso-modeste-yerbanga-veut-se-pencher-sur-les-conflits-eleveurs-agriculteurs","name":"Modeste Yerbanga veut se pencher sur les conflits \u00e9leveurs-agriculteurs - Burkina Faso","isPartOf":{"@id":"https:\/\/www.africa-press.net\/burkina-faso\/#website"},"primaryImageOfPage":{"@id":"https:\/\/www.africa-press.net\/burkina-faso\/politique\/burkina-faso-modeste-yerbanga-veut-se-pencher-sur-les-conflits-eleveurs-agriculteurs#primaryimage"},"image":{"@id":"https:\/\/www.africa-press.net\/burkina-faso\/politique\/burkina-faso-modeste-yerbanga-veut-se-pencher-sur-les-conflits-eleveurs-agriculteurs#primaryimage"},"thumbnailUrl":"https:\/\/static.africa-press.net\/burkina\/sites\/42\/2021\/05\/img-60965c29d3e8c.jpg","datePublished":"2021-05-08T09:54:04+00:00","dateModified":"2021-05-08T11:13:50+00:00","author":{"@id":"https:\/\/www.africa-press.net\/burkina-faso\/#\/schema\/person\/2b1cf3cd81a31e3cd26889ca66d677f1"},"description":"Le minist\u00e8re des ressources animales et halieutiques (MRAH) a organis\u00e9 son premier Conseil d\u2019administration du Secteur M ...","breadcrumb":{"@id":"https:\/\/www.africa-press.net\/burkina-faso\/politique\/burkina-faso-modeste-yerbanga-veut-se-pencher-sur-les-conflits-eleveurs-agriculteurs#breadcrumb"},"inLanguage":"fr-FR","potentialAction":[{"@type":"ReadAction","target":["https:\/\/www.africa-press.net\/burkina-faso\/politique\/burkina-faso-modeste-yerbanga-veut-se-pencher-sur-les-conflits-eleveurs-agriculteurs"]}]},{"@type":"ImageObject","inLanguage":"fr-FR","@id":"https:\/\/www.africa-press.net\/burkina-faso\/politique\/burkina-faso-modeste-yerbanga-veut-se-pencher-sur-les-conflits-eleveurs-agriculteurs#primaryimage","url":"https:\/\/static.africa-press.net\/burkina\/sites\/42\/2021\/05\/img-60965c29d3e8c.jpg","contentUrl":"https:\/\/static.africa-press.net\/burkina\/sites\/42\/2021\/05\/img-60965c29d3e8c.jpg","width":1024,"height":512,"caption":"Burkina Faso\u00a0: Modeste Yerbanga veut se pencher sur les conflits \u00e9leveurs-agriculteurs"},{"@type":"BreadcrumbList","@id":"https:\/\/www.africa-press.net\/burkina-faso\/politique\/burkina-faso-modeste-yerbanga-veut-se-pencher-sur-les-conflits-eleveurs-agriculteurs#breadcrumb","itemListElement":[{"@type":"ListItem","position":1,"name":"Accueil","item":"https:\/\/www.africa-press.net\/burkina-faso\/"},{"@type":"ListItem","position":2,"name":"Modeste Yerbanga veut se pencher sur les conflits \u00e9leveurs-agriculteurs"}]},{"@type":"WebSite","@id":"https:\/\/www.africa-press.net\/burkina-faso\/#website","url":"https:\/\/www.africa-press.net\/burkina-faso\/","name":"Burkina Faso","description":"Just another Africa News Agency Sites site","potentialAction":[{"@type":"SearchAction","target":{"@type":"EntryPoint","urlTemplate":"https:\/\/www.africa-press.net\/burkina-faso\/?s={search_term_string}"},"query-input":{"@type":"PropertyValueSpecification","valueRequired":true,"valueName":"search_term_string"}}],"inLanguage":"fr-FR"},{"@type":"Person","@id":"https:\/\/www.africa-press.net\/burkina-faso\/#\/schema\/person\/2b1cf3cd81a31e3cd26889ca66d677f1","name":"cfeditorfr"}]}},"_links":{"self":[{"href":"https:\/\/www.africa-press.net\/burkina-faso\/wp-json\/wp\/v2\/posts\/11486","targetHints":{"allow":["GET"]}}],"collection":[{"href":"https:\/\/www.africa-press.net\/burkina-faso\/wp-json\/wp\/v2\/posts"}],"about":[{"href":"https:\/\/www.africa-press.net\/burkina-faso\/wp-json\/wp\/v2\/types\/post"}],"author":[{"embeddable":true,"href":"https:\/\/www.africa-press.net\/burkina-faso\/wp-json\/wp\/v2\/users\/82"}],"replies":[{"embeddable":true,"href":"https:\/\/www.africa-press.net\/burkina-faso\/wp-json\/wp\/v2\/comments?post=11486"}],"version-history":[{"count":0,"href":"https:\/\/www.africa-press.net\/burkina-faso\/wp-json\/wp\/v2\/posts\/11486\/revisions"}],"wp:featuredmedia":[{"embeddable":true,"href":"https:\/\/www.africa-press.net\/burkina-faso\/wp-json\/wp\/v2\/media\/11485"}],"wp:attachment":[{"href":"https:\/\/www.africa-press.net\/burkina-faso\/wp-json\/wp\/v2\/media?parent=11486"}],"wp:term":[{"taxonomy":"category","embeddable":true,"href":"https:\/\/www.africa-press.net\/burkina-faso\/wp-json\/wp\/v2\/categories?post=11486"},{"taxonomy":"post_tag","embeddable":true,"href":"https:\/\/www.africa-press.net\/burkina-faso\/wp-json\/wp\/v2\/tags?post=11486"}],"curies":[{"name":"wp","href":"https:\/\/api.w.org\/{rel}","templated":true}]}}