{"id":11489,"date":"2021-05-08T10:03:43","date_gmt":"2021-05-08T10:03:43","guid":{"rendered":"https:\/\/www.africa-press.net\/burkina-faso\/?p=11489"},"modified":"2021-05-08T11:14:20","modified_gmt":"2021-05-08T11:14:20","slug":"burkina-faso-la-croix-rouge-burkinabe-sapprete-a-celebrer-ses-60-ans-dexistence","status":"publish","type":"post","link":"https:\/\/www.africa-press.net\/burkina-faso\/toutes-les-actualites\/burkina-faso-la-croix-rouge-burkinabe-sapprete-a-celebrer-ses-60-ans-dexistence","title":{"rendered":"La Croix-Rouge burkinab\u00e8 s\u2019appr\u00eate \u00e0 c\u00e9l\u00e9brer ses 60 ans d\u2019existence"},"content":{"rendered":"<p><span style=\"color: #ff6600\"><strong><a href=\"https:\/\/www.africa-press.net\/\">Africa-Press<\/a> &#8211; <a href=\"https:\/\/www.africa-press.net\/burkina-faso\">Burkina Faso<\/a>. <\/strong><\/span>Le mouvement international de la Croix-Rouge et du Croissant-Croissant va comm\u00e9morer ses 158 ans d\u2019existence ce samedi 8 mai 2021. Cette c\u00e9l\u00e9bration est plac\u00e9e sous le th\u00e8me, \u201cEnsemble, nous sommes inarr\u00eatables\u201d.<\/p>\n<p>Comme \u00e0 l\u2019accoutum\u00e9e, la journ\u00e9e internationale internationale de la Croix-Rouge et du Croissant-Croix sera c\u00e9l\u00e9br\u00e9e ce samedi 8 mai 2021. Une c\u00e9l\u00e9bration qui co\u00efncide cette ann\u00e9e avec les 60 ans d\u2019existence de la Croix-Rouge au Burkina Faso.<\/p>\n<p>La c\u00e9l\u00e9bration de ces 60 ans qui se tiendra au mois de juillet aura pour th\u00e8me, \u201c60 ans d\u2019action humanitaire : renforcer les acquis et relever les nouveaux d\u00e9fis\u201c. Dans son mot de circonstance, Lazard Zoungrana, secr\u00e9taire g\u00e9n\u00e9ral de la Croix-Rouge burkinab\u00e8, a indiqu\u00e9 que le programme de la journ\u00e9e internationale sera all\u00e9g\u00e9 afin qu\u2019ils se concentrent sur la c\u00e9l\u00e9bration des 60 ans.<\/p>\n<p>\u201c60 ans c\u2019est l\u2019\u00e2ge de la sagesse. Nous pr\u00e9voyons des activit\u00e9s qui vont nous permettre non seulement de r\u00e9fl\u00e9chir sur notre mandat, les d\u00e9fis et les perspectives dans le contexte en mutation que nous connaissons aujourd\u2019hui au Burkina Faso\u201c, a-t-il expliqu\u00e9.<\/p>\n<p>Il a laiss\u00e9 entendre que la Croix-Rouge burkinab\u00e8 veut par cet anniversaire valoriser son action au profit des communaut\u00e9s en obtenant leur participation et implication. Lazard Zoungrana a d\u00e9plor\u00e9 le contexte humanitaire du Burkina Faso qui se d\u00e9grade selon lui, d\u2019ann\u00e9e en ann\u00e9e.<\/p>\n<p>\u201cAu Burkina Faso, nous faisons actuellement face \u00e0 une triple crise due notamment aux effets du changement climatique, \u00e0 la crise sanitaire du fait du coronavirus qui a impact\u00e9 bon nombre d\u2019activit\u00e9s et bien s\u00fbr l\u2019ins\u00e9curit\u00e9 due \u00e0 la violence arm\u00e9e dans plusieurs r\u00e9gions du Burkina Faso\u201c, a-t-il d\u00e9clar\u00e9.<\/p>\n<p>Il a affirm\u00e9 que ces situations ont accru les besoins humanitaires alors que le pays peinait d\u00e9j\u00e0 \u00e0 mobiliser les ressources \u201d pour faire face \u00e0 la souffrance humaine\u201d.<\/p>\n<p>\u201cIl y a \u00e9galement la r\u00e9duction de l\u2019acc\u00e8s aux communaut\u00e9s affect\u00e9es. En effet, avec la d\u00e9t\u00e9rioration du contexte s\u00e9curitaire, on note une exacerbation de la violence contre les civils, les patients, les personnels de sant\u00e9, les structures m\u00e9dicales et les v\u00e9hicules sanitaires. C\u2019est l\u00e0 un r\u00e9el probl\u00e8me qui peut avoir des effets \u00e9tendus et durables\u201c, a-t-il relev\u00e9.<\/p>\n<p>Laurent Saugy, chef de d\u00e9l\u00e9gation du comit\u00e9 international de la Croix-Rouge a mentionn\u00e9 que la confirmation de la participation du Burkina Faso aux conventions de Gen\u00e8ve, il y a 60 ans est en pratique aujourd\u2019hui dans un contexte de conflit arm\u00e9 non international \u201cau sein duquel, le droit international humanitaire est applicable pour une meilleure protection des personnes et des biens civils\u201c.<\/p>\n<p>Il a poursuivi que des actions pour la vulgarisation des conventions de Gen\u00e8ve aupr\u00e8s des diff\u00e9rents groupes cibles sont envisag\u00e9es. R\u00e9agissant sur les attaques contre les populations et les formations sanitaires, Laurent Saugy a appel\u00e9 au respect du droit international humanitaire.<\/p>\n<p>Il a inform\u00e9 que pour cette ann\u00e9e, le comit\u00e9 international de la Croix-Rouge va renforcer ses actions dans la protection des personnes affect\u00e9es par les conflits. Enfin la Croix-Rouge burkinab\u00e8 a donn\u00e9 quelques chiffres de ces interventions au cours de l\u2019ann\u00e9e \u00e9coul\u00e9e \u00e0 travers 29 projets initi\u00e9s.<\/p>\n<p>En termes d\u2019assistance alimentaire et moyens d\u2019existence, 91 895 personnes dont 45 736 femmes \u00e0 Djibo, Dori, Bani, Tougouri ont re\u00e7u des produits vivriers. Plus de 3 110 enfants de 6 \u00e0 23 mois ont b\u00e9n\u00e9fici\u00e9 d\u2019une dotation en farine enrichie.<\/p>\n<p>Sur le plan sanitaire, notamment dans le cadre de la riposte contre le Covid-19, plus de 3 400 000 personnes ont \u00e9t\u00e9 sensibilis\u00e9es sur la maladie et du mat\u00e9riel m\u00e9dicotechnique de plus 300 millions de F CFA a \u00e9t\u00e9 donn\u00e9 au minist\u00e8re de la sant\u00e9.<\/p>\n<p>Sur le secteur de l\u2019eau, hygi\u00e8ne et assainissement, 21 pompes \u00e0 motricit\u00e9 humaines ont \u00e9t\u00e9 r\u00e9alis\u00e9es au profit de 10500 personnes et plus de 534 latrines familiales et publiques r\u00e9alis\u00e9es au profit des personnes d\u00e9plac\u00e9es internes. Willy SAGBE<\/p>\n","protected":false},"excerpt":{"rendered":"<p>Africa-Press &#8211; Burkina Faso. Le mouvement international de la Croix-Rouge et du Croissant-Croissant va comm\u00e9morer ses 158 ans d\u2019existence ce samedi 8 mai 2021. Cette c\u00e9l\u00e9bration est plac\u00e9e sous le th\u00e8me, \u201cEnsemble, nous sommes inarr\u00eatables\u201d. Comme \u00e0 l\u2019accoutum\u00e9e, la journ\u00e9e internationale internationale de la Croix-Rouge et du Croissant-Croix sera c\u00e9l\u00e9br\u00e9e ce samedi 8 mai 2021. [&hellip;]<\/p>\n","protected":false},"author":82,"featured_media":11488,"comment_status":"open","ping_status":"closed","sticky":false,"template":"","format":"standard","meta":{"footnotes":""},"categories":[21,11,10],"tags":[111,725,29],"class_list":["post-11489","post","type-post","status-publish","format-standard","has-post-thumbnail","hentry","category-communaute","category-homepage-french","category-toutes-les-actualites","tag-africa-press","tag-africa-press-burkina-faso","tag-burkina-faso"],"yoast_head":"<!-- This site is optimized with the Yoast SEO Premium plugin v26.1 (Yoast SEO v27.0) - https:\/\/yoast.com\/product\/yoast-seo-premium-wordpress\/ -->\n<title>La Croix-Rouge burkinab\u00e8 s\u2019appr\u00eate \u00e0 c\u00e9l\u00e9brer ses 60 ans d\u2019existence - Burkina Faso<\/title>\n<meta name=\"description\" content=\"Le mouvement international de la Croix-Rouge et du Croissant-Croissant va comm\u00e9morer ses 158 ans d\u2019existence ce samedi 8 ...\" \/>\n<meta name=\"robots\" content=\"index, follow, max-snippet:-1, max-image-preview:large, max-video-preview:-1\" \/>\n<link rel=\"canonical\" href=\"https:\/\/www.africa-press.net\/burkina-faso\/toutes-les-actualites\/burkina-faso-la-croix-rouge-burkinabe-sapprete-a-celebrer-ses-60-ans-dexistence\" \/>\n<meta property=\"og:locale\" content=\"fr_FR\" \/>\n<meta property=\"og:type\" content=\"article\" \/>\n<meta property=\"og:title\" content=\"La Croix-Rouge burkinab\u00e8 s\u2019appr\u00eate \u00e0 c\u00e9l\u00e9brer ses 60 ans d\u2019existence\" \/>\n<meta property=\"og:description\" content=\"Le mouvement international de la Croix-Rouge et du Croissant-Croissant va comm\u00e9morer ses 158 ans d\u2019existence ce samedi 8 ...\" \/>\n<meta property=\"og:url\" content=\"https:\/\/www.africa-press.net\/burkina-faso\/toutes-les-actualites\/burkina-faso-la-croix-rouge-burkinabe-sapprete-a-celebrer-ses-60-ans-dexistence\" \/>\n<meta property=\"og:site_name\" content=\"Burkina Faso\" \/>\n<meta property=\"article:published_time\" content=\"2021-05-08T10:03:43+00:00\" \/>\n<meta property=\"article:modified_time\" content=\"2021-05-08T11:14:20+00:00\" \/>\n<meta property=\"og:image\" content=\"https:\/\/static.africa-press.net\/burkina\/sites\/42\/2021\/05\/img-60965c5120959.jpg\" \/>\n\t<meta property=\"og:image:width\" content=\"1024\" \/>\n\t<meta property=\"og:image:height\" content=\"461\" \/>\n\t<meta property=\"og:image:type\" content=\"image\/jpeg\" \/>\n<meta name=\"author\" content=\"cfeditorfr\" \/>\n<meta name=\"twitter:card\" content=\"summary_large_image\" \/>\n<meta name=\"twitter:label1\" content=\"\u00c9crit par\" \/>\n\t<meta name=\"twitter:data1\" content=\"cfeditorfr\" \/>\n\t<meta name=\"twitter:label2\" content=\"Dur\u00e9e de lecture estim\u00e9e\" \/>\n\t<meta name=\"twitter:data2\" content=\"3 minutes\" \/>\n<script type=\"application\/ld+json\" class=\"yoast-schema-graph\">{\"@context\":\"https:\/\/schema.org\",\"@graph\":[{\"@type\":\"Article\",\"@id\":\"https:\/\/www.africa-press.net\/burkina-faso\/toutes-les-actualites\/burkina-faso-la-croix-rouge-burkinabe-sapprete-a-celebrer-ses-60-ans-dexistence#article\",\"isPartOf\":{\"@id\":\"https:\/\/www.africa-press.net\/burkina-faso\/toutes-les-actualites\/burkina-faso-la-croix-rouge-burkinabe-sapprete-a-celebrer-ses-60-ans-dexistence\"},\"author\":{\"name\":\"cfeditorfr\",\"@id\":\"https:\/\/www.africa-press.net\/burkina-faso\/#\/schema\/person\/2b1cf3cd81a31e3cd26889ca66d677f1\"},\"headline\":\"La Croix-Rouge burkinab\u00e8 s\u2019appr\u00eate \u00e0 c\u00e9l\u00e9brer ses 60 ans d\u2019existence\",\"datePublished\":\"2021-05-08T10:03:43+00:00\",\"dateModified\":\"2021-05-08T11:14:20+00:00\",\"mainEntityOfPage\":{\"@id\":\"https:\/\/www.africa-press.net\/burkina-faso\/toutes-les-actualites\/burkina-faso-la-croix-rouge-burkinabe-sapprete-a-celebrer-ses-60-ans-dexistence\"},\"wordCount\":702,\"commentCount\":0,\"image\":{\"@id\":\"https:\/\/www.africa-press.net\/burkina-faso\/toutes-les-actualites\/burkina-faso-la-croix-rouge-burkinabe-sapprete-a-celebrer-ses-60-ans-dexistence#primaryimage\"},\"thumbnailUrl\":\"https:\/\/static.africa-press.net\/burkina\/sites\/42\/2021\/05\/img-60965c5120959.jpg\",\"keywords\":[\"Africa Press\",\"Africa Press-Burkina Faso\",\"Burkina Faso\"],\"articleSection\":[\"Communaut\u00e9\",\"homepage-french\",\"Toutes les actualit\u00e9s\"],\"inLanguage\":\"fr-FR\",\"potentialAction\":[{\"@type\":\"CommentAction\",\"name\":\"Comment\",\"target\":[\"https:\/\/www.africa-press.net\/burkina-faso\/toutes-les-actualites\/burkina-faso-la-croix-rouge-burkinabe-sapprete-a-celebrer-ses-60-ans-dexistence#respond\"]}]},{\"@type\":\"WebPage\",\"@id\":\"https:\/\/www.africa-press.net\/burkina-faso\/toutes-les-actualites\/burkina-faso-la-croix-rouge-burkinabe-sapprete-a-celebrer-ses-60-ans-dexistence\",\"url\":\"https:\/\/www.africa-press.net\/burkina-faso\/toutes-les-actualites\/burkina-faso-la-croix-rouge-burkinabe-sapprete-a-celebrer-ses-60-ans-dexistence\",\"name\":\"La Croix-Rouge burkinab\u00e8 s\u2019appr\u00eate \u00e0 c\u00e9l\u00e9brer ses 60 ans d\u2019existence - Burkina Faso\",\"isPartOf\":{\"@id\":\"https:\/\/www.africa-press.net\/burkina-faso\/#website\"},\"primaryImageOfPage\":{\"@id\":\"https:\/\/www.africa-press.net\/burkina-faso\/toutes-les-actualites\/burkina-faso-la-croix-rouge-burkinabe-sapprete-a-celebrer-ses-60-ans-dexistence#primaryimage\"},\"image\":{\"@id\":\"https:\/\/www.africa-press.net\/burkina-faso\/toutes-les-actualites\/burkina-faso-la-croix-rouge-burkinabe-sapprete-a-celebrer-ses-60-ans-dexistence#primaryimage\"},\"thumbnailUrl\":\"https:\/\/static.africa-press.net\/burkina\/sites\/42\/2021\/05\/img-60965c5120959.jpg\",\"datePublished\":\"2021-05-08T10:03:43+00:00\",\"dateModified\":\"2021-05-08T11:14:20+00:00\",\"author\":{\"@id\":\"https:\/\/www.africa-press.net\/burkina-faso\/#\/schema\/person\/2b1cf3cd81a31e3cd26889ca66d677f1\"},\"description\":\"Le mouvement international de la Croix-Rouge et du Croissant-Croissant va comm\u00e9morer ses 158 ans d\u2019existence ce samedi 8 ...\",\"breadcrumb\":{\"@id\":\"https:\/\/www.africa-press.net\/burkina-faso\/toutes-les-actualites\/burkina-faso-la-croix-rouge-burkinabe-sapprete-a-celebrer-ses-60-ans-dexistence#breadcrumb\"},\"inLanguage\":\"fr-FR\",\"potentialAction\":[{\"@type\":\"ReadAction\",\"target\":[\"https:\/\/www.africa-press.net\/burkina-faso\/toutes-les-actualites\/burkina-faso-la-croix-rouge-burkinabe-sapprete-a-celebrer-ses-60-ans-dexistence\"]}]},{\"@type\":\"ImageObject\",\"inLanguage\":\"fr-FR\",\"@id\":\"https:\/\/www.africa-press.net\/burkina-faso\/toutes-les-actualites\/burkina-faso-la-croix-rouge-burkinabe-sapprete-a-celebrer-ses-60-ans-dexistence#primaryimage\",\"url\":\"https:\/\/static.africa-press.net\/burkina\/sites\/42\/2021\/05\/img-60965c5120959.jpg\",\"contentUrl\":\"https:\/\/static.africa-press.net\/burkina\/sites\/42\/2021\/05\/img-60965c5120959.jpg\",\"width\":1024,\"height\":461,\"caption\":\"Burkina Faso : La Croix-Rouge burkinab\u00e8 s\u2019appr\u00eate \u00e0 c\u00e9l\u00e9brer ses 60 ans d\u2019existence\"},{\"@type\":\"BreadcrumbList\",\"@id\":\"https:\/\/www.africa-press.net\/burkina-faso\/toutes-les-actualites\/burkina-faso-la-croix-rouge-burkinabe-sapprete-a-celebrer-ses-60-ans-dexistence#breadcrumb\",\"itemListElement\":[{\"@type\":\"ListItem\",\"position\":1,\"name\":\"Accueil\",\"item\":\"https:\/\/www.africa-press.net\/burkina-faso\/\"},{\"@type\":\"ListItem\",\"position\":2,\"name\":\"La Croix-Rouge burkinab\u00e8 s\u2019appr\u00eate \u00e0 c\u00e9l\u00e9brer ses 60 ans d\u2019existence\"}]},{\"@type\":\"WebSite\",\"@id\":\"https:\/\/www.africa-press.net\/burkina-faso\/#website\",\"url\":\"https:\/\/www.africa-press.net\/burkina-faso\/\",\"name\":\"Burkina Faso\",\"description\":\"Just another Africa News Agency Sites site\",\"potentialAction\":[{\"@type\":\"SearchAction\",\"target\":{\"@type\":\"EntryPoint\",\"urlTemplate\":\"https:\/\/www.africa-press.net\/burkina-faso\/?s={search_term_string}\"},\"query-input\":{\"@type\":\"PropertyValueSpecification\",\"valueRequired\":true,\"valueName\":\"search_term_string\"}}],\"inLanguage\":\"fr-FR\"},{\"@type\":\"Person\",\"@id\":\"https:\/\/www.africa-press.net\/burkina-faso\/#\/schema\/person\/2b1cf3cd81a31e3cd26889ca66d677f1\",\"name\":\"cfeditorfr\"}]}<\/script>\n<!-- \/ Yoast SEO Premium plugin. -->","yoast_head_json":{"title":"La Croix-Rouge burkinab\u00e8 s\u2019appr\u00eate \u00e0 c\u00e9l\u00e9brer ses 60 ans d\u2019existence - Burkina Faso","description":"Le mouvement international de la Croix-Rouge et du Croissant-Croissant va comm\u00e9morer ses 158 ans d\u2019existence ce samedi 8 ...","robots":{"index":"index","follow":"follow","max-snippet":"max-snippet:-1","max-image-preview":"max-image-preview:large","max-video-preview":"max-video-preview:-1"},"canonical":"https:\/\/www.africa-press.net\/burkina-faso\/toutes-les-actualites\/burkina-faso-la-croix-rouge-burkinabe-sapprete-a-celebrer-ses-60-ans-dexistence","og_locale":"fr_FR","og_type":"article","og_title":"La Croix-Rouge burkinab\u00e8 s\u2019appr\u00eate \u00e0 c\u00e9l\u00e9brer ses 60 ans d\u2019existence","og_description":"Le mouvement international de la Croix-Rouge et du Croissant-Croissant va comm\u00e9morer ses 158 ans d\u2019existence ce samedi 8 ...","og_url":"https:\/\/www.africa-press.net\/burkina-faso\/toutes-les-actualites\/burkina-faso-la-croix-rouge-burkinabe-sapprete-a-celebrer-ses-60-ans-dexistence","og_site_name":"Burkina Faso","article_published_time":"2021-05-08T10:03:43+00:00","article_modified_time":"2021-05-08T11:14:20+00:00","og_image":[{"width":1024,"height":461,"url":"https:\/\/static.africa-press.net\/burkina\/sites\/42\/2021\/05\/img-60965c5120959.jpg","type":"image\/jpeg"}],"author":"cfeditorfr","twitter_card":"summary_large_image","twitter_misc":{"\u00c9crit par":"cfeditorfr","Dur\u00e9e de lecture estim\u00e9e":"3 minutes"},"schema":{"@context":"https:\/\/schema.org","@graph":[{"@type":"Article","@id":"https:\/\/www.africa-press.net\/burkina-faso\/toutes-les-actualites\/burkina-faso-la-croix-rouge-burkinabe-sapprete-a-celebrer-ses-60-ans-dexistence#article","isPartOf":{"@id":"https:\/\/www.africa-press.net\/burkina-faso\/toutes-les-actualites\/burkina-faso-la-croix-rouge-burkinabe-sapprete-a-celebrer-ses-60-ans-dexistence"},"author":{"name":"cfeditorfr","@id":"https:\/\/www.africa-press.net\/burkina-faso\/#\/schema\/person\/2b1cf3cd81a31e3cd26889ca66d677f1"},"headline":"La Croix-Rouge burkinab\u00e8 s\u2019appr\u00eate \u00e0 c\u00e9l\u00e9brer ses 60 ans d\u2019existence","datePublished":"2021-05-08T10:03:43+00:00","dateModified":"2021-05-08T11:14:20+00:00","mainEntityOfPage":{"@id":"https:\/\/www.africa-press.net\/burkina-faso\/toutes-les-actualites\/burkina-faso-la-croix-rouge-burkinabe-sapprete-a-celebrer-ses-60-ans-dexistence"},"wordCount":702,"commentCount":0,"image":{"@id":"https:\/\/www.africa-press.net\/burkina-faso\/toutes-les-actualites\/burkina-faso-la-croix-rouge-burkinabe-sapprete-a-celebrer-ses-60-ans-dexistence#primaryimage"},"thumbnailUrl":"https:\/\/static.africa-press.net\/burkina\/sites\/42\/2021\/05\/img-60965c5120959.jpg","keywords":["Africa Press","Africa Press-Burkina Faso","Burkina Faso"],"articleSection":["Communaut\u00e9","homepage-french","Toutes les actualit\u00e9s"],"inLanguage":"fr-FR","potentialAction":[{"@type":"CommentAction","name":"Comment","target":["https:\/\/www.africa-press.net\/burkina-faso\/toutes-les-actualites\/burkina-faso-la-croix-rouge-burkinabe-sapprete-a-celebrer-ses-60-ans-dexistence#respond"]}]},{"@type":"WebPage","@id":"https:\/\/www.africa-press.net\/burkina-faso\/toutes-les-actualites\/burkina-faso-la-croix-rouge-burkinabe-sapprete-a-celebrer-ses-60-ans-dexistence","url":"https:\/\/www.africa-press.net\/burkina-faso\/toutes-les-actualites\/burkina-faso-la-croix-rouge-burkinabe-sapprete-a-celebrer-ses-60-ans-dexistence","name":"La Croix-Rouge burkinab\u00e8 s\u2019appr\u00eate \u00e0 c\u00e9l\u00e9brer ses 60 ans d\u2019existence - Burkina Faso","isPartOf":{"@id":"https:\/\/www.africa-press.net\/burkina-faso\/#website"},"primaryImageOfPage":{"@id":"https:\/\/www.africa-press.net\/burkina-faso\/toutes-les-actualites\/burkina-faso-la-croix-rouge-burkinabe-sapprete-a-celebrer-ses-60-ans-dexistence#primaryimage"},"image":{"@id":"https:\/\/www.africa-press.net\/burkina-faso\/toutes-les-actualites\/burkina-faso-la-croix-rouge-burkinabe-sapprete-a-celebrer-ses-60-ans-dexistence#primaryimage"},"thumbnailUrl":"https:\/\/static.africa-press.net\/burkina\/sites\/42\/2021\/05\/img-60965c5120959.jpg","datePublished":"2021-05-08T10:03:43+00:00","dateModified":"2021-05-08T11:14:20+00:00","author":{"@id":"https:\/\/www.africa-press.net\/burkina-faso\/#\/schema\/person\/2b1cf3cd81a31e3cd26889ca66d677f1"},"description":"Le mouvement international de la Croix-Rouge et du Croissant-Croissant va comm\u00e9morer ses 158 ans d\u2019existence ce samedi 8 ...","breadcrumb":{"@id":"https:\/\/www.africa-press.net\/burkina-faso\/toutes-les-actualites\/burkina-faso-la-croix-rouge-burkinabe-sapprete-a-celebrer-ses-60-ans-dexistence#breadcrumb"},"inLanguage":"fr-FR","potentialAction":[{"@type":"ReadAction","target":["https:\/\/www.africa-press.net\/burkina-faso\/toutes-les-actualites\/burkina-faso-la-croix-rouge-burkinabe-sapprete-a-celebrer-ses-60-ans-dexistence"]}]},{"@type":"ImageObject","inLanguage":"fr-FR","@id":"https:\/\/www.africa-press.net\/burkina-faso\/toutes-les-actualites\/burkina-faso-la-croix-rouge-burkinabe-sapprete-a-celebrer-ses-60-ans-dexistence#primaryimage","url":"https:\/\/static.africa-press.net\/burkina\/sites\/42\/2021\/05\/img-60965c5120959.jpg","contentUrl":"https:\/\/static.africa-press.net\/burkina\/sites\/42\/2021\/05\/img-60965c5120959.jpg","width":1024,"height":461,"caption":"Burkina Faso : La Croix-Rouge burkinab\u00e8 s\u2019appr\u00eate \u00e0 c\u00e9l\u00e9brer ses 60 ans d\u2019existence"},{"@type":"BreadcrumbList","@id":"https:\/\/www.africa-press.net\/burkina-faso\/toutes-les-actualites\/burkina-faso-la-croix-rouge-burkinabe-sapprete-a-celebrer-ses-60-ans-dexistence#breadcrumb","itemListElement":[{"@type":"ListItem","position":1,"name":"Accueil","item":"https:\/\/www.africa-press.net\/burkina-faso\/"},{"@type":"ListItem","position":2,"name":"La Croix-Rouge burkinab\u00e8 s\u2019appr\u00eate \u00e0 c\u00e9l\u00e9brer ses 60 ans d\u2019existence"}]},{"@type":"WebSite","@id":"https:\/\/www.africa-press.net\/burkina-faso\/#website","url":"https:\/\/www.africa-press.net\/burkina-faso\/","name":"Burkina Faso","description":"Just another Africa News Agency Sites site","potentialAction":[{"@type":"SearchAction","target":{"@type":"EntryPoint","urlTemplate":"https:\/\/www.africa-press.net\/burkina-faso\/?s={search_term_string}"},"query-input":{"@type":"PropertyValueSpecification","valueRequired":true,"valueName":"search_term_string"}}],"inLanguage":"fr-FR"},{"@type":"Person","@id":"https:\/\/www.africa-press.net\/burkina-faso\/#\/schema\/person\/2b1cf3cd81a31e3cd26889ca66d677f1","name":"cfeditorfr"}]}},"_links":{"self":[{"href":"https:\/\/www.africa-press.net\/burkina-faso\/wp-json\/wp\/v2\/posts\/11489","targetHints":{"allow":["GET"]}}],"collection":[{"href":"https:\/\/www.africa-press.net\/burkina-faso\/wp-json\/wp\/v2\/posts"}],"about":[{"href":"https:\/\/www.africa-press.net\/burkina-faso\/wp-json\/wp\/v2\/types\/post"}],"author":[{"embeddable":true,"href":"https:\/\/www.africa-press.net\/burkina-faso\/wp-json\/wp\/v2\/users\/82"}],"replies":[{"embeddable":true,"href":"https:\/\/www.africa-press.net\/burkina-faso\/wp-json\/wp\/v2\/comments?post=11489"}],"version-history":[{"count":0,"href":"https:\/\/www.africa-press.net\/burkina-faso\/wp-json\/wp\/v2\/posts\/11489\/revisions"}],"wp:featuredmedia":[{"embeddable":true,"href":"https:\/\/www.africa-press.net\/burkina-faso\/wp-json\/wp\/v2\/media\/11488"}],"wp:attachment":[{"href":"https:\/\/www.africa-press.net\/burkina-faso\/wp-json\/wp\/v2\/media?parent=11489"}],"wp:term":[{"taxonomy":"category","embeddable":true,"href":"https:\/\/www.africa-press.net\/burkina-faso\/wp-json\/wp\/v2\/categories?post=11489"},{"taxonomy":"post_tag","embeddable":true,"href":"https:\/\/www.africa-press.net\/burkina-faso\/wp-json\/wp\/v2\/tags?post=11489"}],"curies":[{"name":"wp","href":"https:\/\/api.w.org\/{rel}","templated":true}]}}