{"id":11492,"date":"2021-05-08T10:12:18","date_gmt":"2021-05-08T10:12:18","guid":{"rendered":"https:\/\/www.africa-press.net\/burkina-faso\/?p=11492"},"modified":"2021-05-08T11:14:27","modified_gmt":"2021-05-08T11:14:27","slug":"burkina-faso-la-loi-de-finance-rectificative-analysee-par-le-spong-et-le-cera-pf","status":"publish","type":"post","link":"https:\/\/www.africa-press.net\/burkina-faso\/economie\/burkina-faso-la-loi-de-finance-rectificative-analysee-par-le-spong-et-le-cera-pf","title":{"rendered":"La loi de finance rectificative analys\u00e9e par le SPONG et le CERA PF"},"content":{"rendered":"<p><span style=\"color: #ff6600\"><strong><a href=\"https:\/\/www.africa-press.net\/\">Africa-Press<\/a> &#8211; <a href=\"https:\/\/www.africa-press.net\/burkina-faso\">Burkina Faso<\/a>. <\/strong><\/span>Le Secr\u00e9tariat Permanent des Organisations Non Gouvernementales (SPONG) et ses partenaires ont organis\u00e9 une conf\u00e9rence publique ce vendredi 7 mai 2021 \u00e0 Ouagadougou autour du th\u00e8me \u00ab Analyse citoyenne du projet de loi de finances rectificative 2021 \u00bb.<\/p>\n<p>Le Secr\u00e9tariat Permanent des Organisations Non Gouvernementales (SPONG) et le Centre de Recherches Appliqu\u00e9es en Finance Publique (CERA FP) ont initi\u00e9 une conf\u00e9rence publique \u00e0 Ouagadougou.<\/p>\n<p>Cette conf\u00e9rence rentre dans le cadre de la mise en \u0153uvre du projet de \u00ab Renforcement du contr\u00f4le citoyen des politiques publiques par les Organisations de la soci\u00e9t\u00e9 civile (OSC) pour une gouvernance favorable aux populations du Burkina Faso \u00bb financ\u00e9 par l\u2019Union Europ\u00e9enne et avec l\u2019accompagnement de Oxfam\/Burkina.<\/p>\n<p>Il s\u2019est agi de partager aux diff\u00e9rents participants les r\u00e9sultats de l\u2019analyse de la loi de finances rectificative 2021 effectu\u00e9e par le Centre de Recherches Appliqu\u00e9es en Finance Publique (CERA FP) et pr\u00e9sent\u00e9e par son secr\u00e9taire ex\u00e9cutif, Herman Doanio.<\/p>\n<p>Selon le responsable en charge du programme et de la mobilisation des ressources, Pierre Omer Ou\u00e9draogo, cette conf\u00e9rence publique participe \u00e0 la mobilisation des populations \u00e0 prendre conscience et \u00e0 s\u2019impliquer pour influencer tous les processus de d\u00e9veloppement.<\/p>\n<p>\u00ab Nous sommes engag\u00e9s fermement \u00e0 travers ce projet \u00e0 construire durablement la participation citoyenne et les capacit\u00e9s d\u2019influence de la soci\u00e9t\u00e9 civile dans tout processus de d\u00e9veloppement dans un souci permanent d\u2019accompagner la redevabilit\u00e9 aussi bien \u00e0 l\u2019\u00e9chelle nationale que locale \u00bb, a-t-il dit. Pour lui, l\u2019analyse du budget qui est un gage au d\u00e9veloppement doit \u00eatre connue et inclusive.<\/p>\n<p>\u00ab C\u2019est pourquoi, conscient qu\u2019un budget national inclusif est gage d\u2019un d\u00e9veloppement soutenable, le CERA FP, a produit un document d\u2019analyse citoyenne du budget national appel\u00e9 budget alternatif. Ce budget alternatif est le regard citoyen du budget propos\u00e9 par le gouvernement \u00bb, a-t-il ajout\u00e9.<\/p>\n<p>Pour le secr\u00e9taire ex\u00e9cutif du CERA FP, Herman Doanio, cette conf\u00e9rence publique permettra de mobiliser tous les acteurs pour analyser et pouvoir faire des propositions sur la loi de finance en cours \u00e0 l\u2019Assembl\u00e9e Nationale.<\/p>\n<p>\u00ab L\u2019int\u00e9r\u00eat de la tenue de cette conf\u00e9rence, c\u2019est d\u2019\u00e9changer autour du projet de loi de finances rectificative, avec les minist\u00e8res sectoriels, les parlementaires, mais aussi l\u2019ensemble de la soci\u00e9t\u00e9 civile et les m\u00e9dias pour leur donner le contenu de la loi finance qui est en discussion actuellement \u00e0 l\u2019Assembl\u00e9e nationale, voir dans quelle mesure interpeller l\u2019Assembl\u00e9e nationale, pour prendre en compte les pr\u00e9occupations des populations \u00bb, a-t-il expliqu\u00e9. Hamadou DIALLO (stagiaire) Burkina24<\/p>\n","protected":false},"excerpt":{"rendered":"<p>Africa-Press &#8211; Burkina Faso. Le Secr\u00e9tariat Permanent des Organisations Non Gouvernementales (SPONG) et ses partenaires ont organis\u00e9 une conf\u00e9rence publique ce vendredi 7 mai 2021 \u00e0 Ouagadougou autour du th\u00e8me \u00ab Analyse citoyenne du projet de loi de finances rectificative 2021 \u00bb. Le Secr\u00e9tariat Permanent des Organisations Non Gouvernementales (SPONG) et le Centre de Recherches [&hellip;]<\/p>\n","protected":false},"author":82,"featured_media":11491,"comment_status":"open","ping_status":"closed","sticky":false,"template":"","format":"standard","meta":{"footnotes":""},"categories":[3,11,10],"tags":[111,725,29],"class_list":["post-11492","post","type-post","status-publish","format-standard","has-post-thumbnail","hentry","category-economie","category-homepage-french","category-toutes-les-actualites","tag-africa-press","tag-africa-press-burkina-faso","tag-burkina-faso"],"yoast_head":"<!-- This site is optimized with the Yoast SEO Premium plugin v26.1 (Yoast SEO v27.0) - https:\/\/yoast.com\/product\/yoast-seo-premium-wordpress\/ -->\n<title>La loi de finance rectificative analys\u00e9e par le SPONG et le CERA PF - Burkina Faso<\/title>\n<meta name=\"description\" content=\"Le Secr\u00e9tariat Permanent des Organisations Non Gouvernementales (SPONG) et ses partenaires ont organis\u00e9 une conf\u00e9rence p ...\" \/>\n<meta name=\"robots\" content=\"index, follow, max-snippet:-1, max-image-preview:large, max-video-preview:-1\" \/>\n<link rel=\"canonical\" href=\"https:\/\/www.africa-press.net\/burkina-faso\/economie\/burkina-faso-la-loi-de-finance-rectificative-analysee-par-le-spong-et-le-cera-pf\" \/>\n<meta property=\"og:locale\" content=\"fr_FR\" \/>\n<meta property=\"og:type\" content=\"article\" \/>\n<meta property=\"og:title\" content=\"La loi de finance rectificative analys\u00e9e par le SPONG et le CERA PF\" \/>\n<meta property=\"og:description\" content=\"Le Secr\u00e9tariat Permanent des Organisations Non Gouvernementales (SPONG) et ses partenaires ont organis\u00e9 une conf\u00e9rence p ...\" \/>\n<meta property=\"og:url\" content=\"https:\/\/www.africa-press.net\/burkina-faso\/economie\/burkina-faso-la-loi-de-finance-rectificative-analysee-par-le-spong-et-le-cera-pf\" \/>\n<meta property=\"og:site_name\" content=\"Burkina Faso\" \/>\n<meta property=\"article:published_time\" content=\"2021-05-08T10:12:18+00:00\" \/>\n<meta property=\"article:modified_time\" content=\"2021-05-08T11:14:27+00:00\" \/>\n<meta property=\"og:image\" content=\"https:\/\/static.africa-press.net\/burkina\/sites\/42\/2021\/05\/img-60965c745d1f8.jpg\" \/>\n\t<meta property=\"og:image:width\" content=\"750\" \/>\n\t<meta property=\"og:image:height\" content=\"345\" \/>\n\t<meta property=\"og:image:type\" content=\"image\/jpeg\" \/>\n<meta name=\"author\" content=\"cfeditorfr\" \/>\n<meta name=\"twitter:card\" content=\"summary_large_image\" \/>\n<meta name=\"twitter:label1\" content=\"\u00c9crit par\" \/>\n\t<meta name=\"twitter:data1\" content=\"cfeditorfr\" \/>\n\t<meta name=\"twitter:label2\" content=\"Dur\u00e9e de lecture estim\u00e9e\" \/>\n\t<meta name=\"twitter:data2\" content=\"2 minutes\" \/>\n<script type=\"application\/ld+json\" class=\"yoast-schema-graph\">{\"@context\":\"https:\/\/schema.org\",\"@graph\":[{\"@type\":\"Article\",\"@id\":\"https:\/\/www.africa-press.net\/burkina-faso\/economie\/burkina-faso-la-loi-de-finance-rectificative-analysee-par-le-spong-et-le-cera-pf#article\",\"isPartOf\":{\"@id\":\"https:\/\/www.africa-press.net\/burkina-faso\/economie\/burkina-faso-la-loi-de-finance-rectificative-analysee-par-le-spong-et-le-cera-pf\"},\"author\":{\"name\":\"cfeditorfr\",\"@id\":\"https:\/\/www.africa-press.net\/burkina-faso\/#\/schema\/person\/2b1cf3cd81a31e3cd26889ca66d677f1\"},\"headline\":\"La loi de finance rectificative analys\u00e9e par le SPONG et le CERA PF\",\"datePublished\":\"2021-05-08T10:12:18+00:00\",\"dateModified\":\"2021-05-08T11:14:27+00:00\",\"mainEntityOfPage\":{\"@id\":\"https:\/\/www.africa-press.net\/burkina-faso\/economie\/burkina-faso-la-loi-de-finance-rectificative-analysee-par-le-spong-et-le-cera-pf\"},\"wordCount\":458,\"commentCount\":0,\"image\":{\"@id\":\"https:\/\/www.africa-press.net\/burkina-faso\/economie\/burkina-faso-la-loi-de-finance-rectificative-analysee-par-le-spong-et-le-cera-pf#primaryimage\"},\"thumbnailUrl\":\"https:\/\/static.africa-press.net\/burkina\/sites\/42\/2021\/05\/img-60965c745d1f8.jpg\",\"keywords\":[\"Africa Press\",\"Africa Press-Burkina Faso\",\"Burkina Faso\"],\"articleSection\":[\"\u00c9conomie\",\"homepage-french\",\"Toutes les actualit\u00e9s\"],\"inLanguage\":\"fr-FR\",\"potentialAction\":[{\"@type\":\"CommentAction\",\"name\":\"Comment\",\"target\":[\"https:\/\/www.africa-press.net\/burkina-faso\/economie\/burkina-faso-la-loi-de-finance-rectificative-analysee-par-le-spong-et-le-cera-pf#respond\"]}]},{\"@type\":\"WebPage\",\"@id\":\"https:\/\/www.africa-press.net\/burkina-faso\/economie\/burkina-faso-la-loi-de-finance-rectificative-analysee-par-le-spong-et-le-cera-pf\",\"url\":\"https:\/\/www.africa-press.net\/burkina-faso\/economie\/burkina-faso-la-loi-de-finance-rectificative-analysee-par-le-spong-et-le-cera-pf\",\"name\":\"La loi de finance rectificative analys\u00e9e par le SPONG et le CERA PF - Burkina Faso\",\"isPartOf\":{\"@id\":\"https:\/\/www.africa-press.net\/burkina-faso\/#website\"},\"primaryImageOfPage\":{\"@id\":\"https:\/\/www.africa-press.net\/burkina-faso\/economie\/burkina-faso-la-loi-de-finance-rectificative-analysee-par-le-spong-et-le-cera-pf#primaryimage\"},\"image\":{\"@id\":\"https:\/\/www.africa-press.net\/burkina-faso\/economie\/burkina-faso-la-loi-de-finance-rectificative-analysee-par-le-spong-et-le-cera-pf#primaryimage\"},\"thumbnailUrl\":\"https:\/\/static.africa-press.net\/burkina\/sites\/42\/2021\/05\/img-60965c745d1f8.jpg\",\"datePublished\":\"2021-05-08T10:12:18+00:00\",\"dateModified\":\"2021-05-08T11:14:27+00:00\",\"author\":{\"@id\":\"https:\/\/www.africa-press.net\/burkina-faso\/#\/schema\/person\/2b1cf3cd81a31e3cd26889ca66d677f1\"},\"description\":\"Le Secr\u00e9tariat Permanent des Organisations Non Gouvernementales (SPONG) et ses partenaires ont organis\u00e9 une conf\u00e9rence p ...\",\"breadcrumb\":{\"@id\":\"https:\/\/www.africa-press.net\/burkina-faso\/economie\/burkina-faso-la-loi-de-finance-rectificative-analysee-par-le-spong-et-le-cera-pf#breadcrumb\"},\"inLanguage\":\"fr-FR\",\"potentialAction\":[{\"@type\":\"ReadAction\",\"target\":[\"https:\/\/www.africa-press.net\/burkina-faso\/economie\/burkina-faso-la-loi-de-finance-rectificative-analysee-par-le-spong-et-le-cera-pf\"]}]},{\"@type\":\"ImageObject\",\"inLanguage\":\"fr-FR\",\"@id\":\"https:\/\/www.africa-press.net\/burkina-faso\/economie\/burkina-faso-la-loi-de-finance-rectificative-analysee-par-le-spong-et-le-cera-pf#primaryimage\",\"url\":\"https:\/\/static.africa-press.net\/burkina\/sites\/42\/2021\/05\/img-60965c745d1f8.jpg\",\"contentUrl\":\"https:\/\/static.africa-press.net\/burkina\/sites\/42\/2021\/05\/img-60965c745d1f8.jpg\",\"width\":750,\"height\":345,\"caption\":\"Burkina Faso : La loi de finance rectificative analys\u00e9e par le SPONG et le CERA PF\"},{\"@type\":\"BreadcrumbList\",\"@id\":\"https:\/\/www.africa-press.net\/burkina-faso\/economie\/burkina-faso-la-loi-de-finance-rectificative-analysee-par-le-spong-et-le-cera-pf#breadcrumb\",\"itemListElement\":[{\"@type\":\"ListItem\",\"position\":1,\"name\":\"Accueil\",\"item\":\"https:\/\/www.africa-press.net\/burkina-faso\/\"},{\"@type\":\"ListItem\",\"position\":2,\"name\":\"La loi de finance rectificative analys\u00e9e par le SPONG et le CERA PF\"}]},{\"@type\":\"WebSite\",\"@id\":\"https:\/\/www.africa-press.net\/burkina-faso\/#website\",\"url\":\"https:\/\/www.africa-press.net\/burkina-faso\/\",\"name\":\"Burkina Faso\",\"description\":\"Just another Africa News Agency Sites site\",\"potentialAction\":[{\"@type\":\"SearchAction\",\"target\":{\"@type\":\"EntryPoint\",\"urlTemplate\":\"https:\/\/www.africa-press.net\/burkina-faso\/?s={search_term_string}\"},\"query-input\":{\"@type\":\"PropertyValueSpecification\",\"valueRequired\":true,\"valueName\":\"search_term_string\"}}],\"inLanguage\":\"fr-FR\"},{\"@type\":\"Person\",\"@id\":\"https:\/\/www.africa-press.net\/burkina-faso\/#\/schema\/person\/2b1cf3cd81a31e3cd26889ca66d677f1\",\"name\":\"cfeditorfr\"}]}<\/script>\n<!-- \/ Yoast SEO Premium plugin. -->","yoast_head_json":{"title":"La loi de finance rectificative analys\u00e9e par le SPONG et le CERA PF - Burkina Faso","description":"Le Secr\u00e9tariat Permanent des Organisations Non Gouvernementales (SPONG) et ses partenaires ont organis\u00e9 une conf\u00e9rence p ...","robots":{"index":"index","follow":"follow","max-snippet":"max-snippet:-1","max-image-preview":"max-image-preview:large","max-video-preview":"max-video-preview:-1"},"canonical":"https:\/\/www.africa-press.net\/burkina-faso\/economie\/burkina-faso-la-loi-de-finance-rectificative-analysee-par-le-spong-et-le-cera-pf","og_locale":"fr_FR","og_type":"article","og_title":"La loi de finance rectificative analys\u00e9e par le SPONG et le CERA PF","og_description":"Le Secr\u00e9tariat Permanent des Organisations Non Gouvernementales (SPONG) et ses partenaires ont organis\u00e9 une conf\u00e9rence p ...","og_url":"https:\/\/www.africa-press.net\/burkina-faso\/economie\/burkina-faso-la-loi-de-finance-rectificative-analysee-par-le-spong-et-le-cera-pf","og_site_name":"Burkina Faso","article_published_time":"2021-05-08T10:12:18+00:00","article_modified_time":"2021-05-08T11:14:27+00:00","og_image":[{"width":750,"height":345,"url":"https:\/\/static.africa-press.net\/burkina\/sites\/42\/2021\/05\/img-60965c745d1f8.jpg","type":"image\/jpeg"}],"author":"cfeditorfr","twitter_card":"summary_large_image","twitter_misc":{"\u00c9crit par":"cfeditorfr","Dur\u00e9e de lecture estim\u00e9e":"2 minutes"},"schema":{"@context":"https:\/\/schema.org","@graph":[{"@type":"Article","@id":"https:\/\/www.africa-press.net\/burkina-faso\/economie\/burkina-faso-la-loi-de-finance-rectificative-analysee-par-le-spong-et-le-cera-pf#article","isPartOf":{"@id":"https:\/\/www.africa-press.net\/burkina-faso\/economie\/burkina-faso-la-loi-de-finance-rectificative-analysee-par-le-spong-et-le-cera-pf"},"author":{"name":"cfeditorfr","@id":"https:\/\/www.africa-press.net\/burkina-faso\/#\/schema\/person\/2b1cf3cd81a31e3cd26889ca66d677f1"},"headline":"La loi de finance rectificative analys\u00e9e par le SPONG et le CERA PF","datePublished":"2021-05-08T10:12:18+00:00","dateModified":"2021-05-08T11:14:27+00:00","mainEntityOfPage":{"@id":"https:\/\/www.africa-press.net\/burkina-faso\/economie\/burkina-faso-la-loi-de-finance-rectificative-analysee-par-le-spong-et-le-cera-pf"},"wordCount":458,"commentCount":0,"image":{"@id":"https:\/\/www.africa-press.net\/burkina-faso\/economie\/burkina-faso-la-loi-de-finance-rectificative-analysee-par-le-spong-et-le-cera-pf#primaryimage"},"thumbnailUrl":"https:\/\/static.africa-press.net\/burkina\/sites\/42\/2021\/05\/img-60965c745d1f8.jpg","keywords":["Africa Press","Africa Press-Burkina Faso","Burkina Faso"],"articleSection":["\u00c9conomie","homepage-french","Toutes les actualit\u00e9s"],"inLanguage":"fr-FR","potentialAction":[{"@type":"CommentAction","name":"Comment","target":["https:\/\/www.africa-press.net\/burkina-faso\/economie\/burkina-faso-la-loi-de-finance-rectificative-analysee-par-le-spong-et-le-cera-pf#respond"]}]},{"@type":"WebPage","@id":"https:\/\/www.africa-press.net\/burkina-faso\/economie\/burkina-faso-la-loi-de-finance-rectificative-analysee-par-le-spong-et-le-cera-pf","url":"https:\/\/www.africa-press.net\/burkina-faso\/economie\/burkina-faso-la-loi-de-finance-rectificative-analysee-par-le-spong-et-le-cera-pf","name":"La loi de finance rectificative analys\u00e9e par le SPONG et le CERA PF - Burkina Faso","isPartOf":{"@id":"https:\/\/www.africa-press.net\/burkina-faso\/#website"},"primaryImageOfPage":{"@id":"https:\/\/www.africa-press.net\/burkina-faso\/economie\/burkina-faso-la-loi-de-finance-rectificative-analysee-par-le-spong-et-le-cera-pf#primaryimage"},"image":{"@id":"https:\/\/www.africa-press.net\/burkina-faso\/economie\/burkina-faso-la-loi-de-finance-rectificative-analysee-par-le-spong-et-le-cera-pf#primaryimage"},"thumbnailUrl":"https:\/\/static.africa-press.net\/burkina\/sites\/42\/2021\/05\/img-60965c745d1f8.jpg","datePublished":"2021-05-08T10:12:18+00:00","dateModified":"2021-05-08T11:14:27+00:00","author":{"@id":"https:\/\/www.africa-press.net\/burkina-faso\/#\/schema\/person\/2b1cf3cd81a31e3cd26889ca66d677f1"},"description":"Le Secr\u00e9tariat Permanent des Organisations Non Gouvernementales (SPONG) et ses partenaires ont organis\u00e9 une conf\u00e9rence p ...","breadcrumb":{"@id":"https:\/\/www.africa-press.net\/burkina-faso\/economie\/burkina-faso-la-loi-de-finance-rectificative-analysee-par-le-spong-et-le-cera-pf#breadcrumb"},"inLanguage":"fr-FR","potentialAction":[{"@type":"ReadAction","target":["https:\/\/www.africa-press.net\/burkina-faso\/economie\/burkina-faso-la-loi-de-finance-rectificative-analysee-par-le-spong-et-le-cera-pf"]}]},{"@type":"ImageObject","inLanguage":"fr-FR","@id":"https:\/\/www.africa-press.net\/burkina-faso\/economie\/burkina-faso-la-loi-de-finance-rectificative-analysee-par-le-spong-et-le-cera-pf#primaryimage","url":"https:\/\/static.africa-press.net\/burkina\/sites\/42\/2021\/05\/img-60965c745d1f8.jpg","contentUrl":"https:\/\/static.africa-press.net\/burkina\/sites\/42\/2021\/05\/img-60965c745d1f8.jpg","width":750,"height":345,"caption":"Burkina Faso : La loi de finance rectificative analys\u00e9e par le SPONG et le CERA PF"},{"@type":"BreadcrumbList","@id":"https:\/\/www.africa-press.net\/burkina-faso\/economie\/burkina-faso-la-loi-de-finance-rectificative-analysee-par-le-spong-et-le-cera-pf#breadcrumb","itemListElement":[{"@type":"ListItem","position":1,"name":"Accueil","item":"https:\/\/www.africa-press.net\/burkina-faso\/"},{"@type":"ListItem","position":2,"name":"La loi de finance rectificative analys\u00e9e par le SPONG et le CERA PF"}]},{"@type":"WebSite","@id":"https:\/\/www.africa-press.net\/burkina-faso\/#website","url":"https:\/\/www.africa-press.net\/burkina-faso\/","name":"Burkina Faso","description":"Just another Africa News Agency Sites site","potentialAction":[{"@type":"SearchAction","target":{"@type":"EntryPoint","urlTemplate":"https:\/\/www.africa-press.net\/burkina-faso\/?s={search_term_string}"},"query-input":{"@type":"PropertyValueSpecification","valueRequired":true,"valueName":"search_term_string"}}],"inLanguage":"fr-FR"},{"@type":"Person","@id":"https:\/\/www.africa-press.net\/burkina-faso\/#\/schema\/person\/2b1cf3cd81a31e3cd26889ca66d677f1","name":"cfeditorfr"}]}},"_links":{"self":[{"href":"https:\/\/www.africa-press.net\/burkina-faso\/wp-json\/wp\/v2\/posts\/11492","targetHints":{"allow":["GET"]}}],"collection":[{"href":"https:\/\/www.africa-press.net\/burkina-faso\/wp-json\/wp\/v2\/posts"}],"about":[{"href":"https:\/\/www.africa-press.net\/burkina-faso\/wp-json\/wp\/v2\/types\/post"}],"author":[{"embeddable":true,"href":"https:\/\/www.africa-press.net\/burkina-faso\/wp-json\/wp\/v2\/users\/82"}],"replies":[{"embeddable":true,"href":"https:\/\/www.africa-press.net\/burkina-faso\/wp-json\/wp\/v2\/comments?post=11492"}],"version-history":[{"count":0,"href":"https:\/\/www.africa-press.net\/burkina-faso\/wp-json\/wp\/v2\/posts\/11492\/revisions"}],"wp:featuredmedia":[{"embeddable":true,"href":"https:\/\/www.africa-press.net\/burkina-faso\/wp-json\/wp\/v2\/media\/11491"}],"wp:attachment":[{"href":"https:\/\/www.africa-press.net\/burkina-faso\/wp-json\/wp\/v2\/media?parent=11492"}],"wp:term":[{"taxonomy":"category","embeddable":true,"href":"https:\/\/www.africa-press.net\/burkina-faso\/wp-json\/wp\/v2\/categories?post=11492"},{"taxonomy":"post_tag","embeddable":true,"href":"https:\/\/www.africa-press.net\/burkina-faso\/wp-json\/wp\/v2\/tags?post=11492"}],"curies":[{"name":"wp","href":"https:\/\/api.w.org\/{rel}","templated":true}]}}