{"id":11495,"date":"2021-05-08T10:18:53","date_gmt":"2021-05-08T10:18:53","guid":{"rendered":"https:\/\/www.africa-press.net\/burkina-faso\/?p=11495"},"modified":"2021-05-08T11:14:30","modified_gmt":"2021-05-08T11:14:30","slug":"burkina-faso-reprise-des-activites-sportives-culturelles-et-de-loisir-dans-les-etablissements-scolaires","status":"publish","type":"post","link":"https:\/\/www.africa-press.net\/burkina-faso\/culture-et-art\/burkina-faso-reprise-des-activites-sportives-culturelles-et-de-loisir-dans-les-etablissements-scolaires","title":{"rendered":"Reprise des \u00a0activit\u00e9s sportives, culturelles et de loisir dans les \u00e9tablissements scolaires"},"content":{"rendered":"<p><span style=\"color: #ff6600\"><strong><a href=\"https:\/\/www.africa-press.net\/\">Africa-Press<\/a> &#8211; <a href=\"https:\/\/www.africa-press.net\/burkina-faso\">Burkina Faso<\/a>. <\/strong><\/span>A travers un d\u00e9cret sign\u00e9 par le ministre en charge de l\u2019\u00e9ducation, le Pr Stanislas Ouaro, l\u2019interdiction d\u2019organiser des activit\u00e9s a \u00e9t\u00e9 lev\u00e9e. Ledit d\u00e9cret pr\u00e9cise cependant les conditions dans lesquelles les activit\u00e9s sportives, culturelles et de loisirs doivent \u00eatre men\u00e9es.<\/p>\n<p>Suspendues dans le cadre de la lutte contre le Covid-19, les activit\u00e9s sportives, culturelles et de loisirs peuvent reprendre mais sous une r\u00e9glementation bien pr\u00e9cise. \u00ab Vous pourrez autoriser l\u2019organisation de ces activit\u00e9s dans les \u00e9tablissements qui auront fait leurs derni\u00e8res \u00e9valuations \u00bb, peut-on lire dans la note adress\u00e9e aux Directeurs r\u00e9gionaux et provinciaux du minist\u00e8re de l\u2019\u00e9ducation nationale, de l\u2019alphab\u00e9tisation et de la promotion des langues nationales (MENAPLN).<\/p>\n<p>Selon l\u2019arr\u00eat\u00e9 du MENAPLN, cette d\u00e9cision intervient dans un contexte o\u00f9 \u00ab nous sommes pratiquement \u00e0 la fin de l\u2019ann\u00e9e scolaire et certains \u00e9tablissements et \u00e9coles sont \u00e0 la phase des derni\u00e8res \u00e9valuations \u00bb.<\/p>\n<p>Sur les conditions qui r\u00e9gissent cette reprise, il faut noter que selon les dispositions du minist\u00e8re, les activit\u00e9s doivent se tenir dans le domaine scolaire \u00e0 l\u2019exception des sorties sur des sites touristiques ou culturels. Aussi, le programme des activit\u00e9s doit \u00eatre d\u00e9pos\u00e9 aupr\u00e8s de l\u2019administration au plus tard le 15 d\u00e9cembre de chaque ann\u00e9e.<\/p>\n<p>Il est pr\u00e9vu \u00e9galement la mise en place d\u2019une commission pr\u00e9sid\u00e9e par le chef de l\u2019\u00e9tablissement. Ladite commission doit valider la tenue des activit\u00e9s sportives, culturelles et de loisirs dans le strict respect des bonnes m\u0153urs et de l\u2019\u00e9thique scolaire. Sept jours apr\u00e8s la tenue des activit\u00e9s, les \u00e9l\u00e8ves ont le devoir de d\u00e9poser un bilan financier et moral aupr\u00e8s de l\u2019administration. Tout refus des \u00e9l\u00e8ves de se soumettre \u00e0 ces dispositions conduira \u00e0 une interdiction d\u2019organiser les activit\u00e9s.<\/p>\n<p>Une disposition importante \u00e0 noter \u00e9galement est la possibilit\u00e9 pour le chef d\u2019\u00e9tablissement de suspendre les activit\u00e9s si \u00ab les circonstances l\u2019exigent \u00bb. Aussi, l\u2019arr\u00eat\u00e9 pr\u00e9cise que le ministre en charge des enseignements post-primaires et secondaires a la possibilit\u00e9 de suspendre l\u2019organisation des journ\u00e9es sur une partie ou l\u2019ensemble du territoire. Basile SAMA<\/p>\n","protected":false},"excerpt":{"rendered":"<p>Africa-Press &#8211; Burkina Faso. A travers un d\u00e9cret sign\u00e9 par le ministre en charge de l\u2019\u00e9ducation, le Pr Stanislas Ouaro, l\u2019interdiction d\u2019organiser des activit\u00e9s a \u00e9t\u00e9 lev\u00e9e. Ledit d\u00e9cret pr\u00e9cise cependant les conditions dans lesquelles les activit\u00e9s sportives, culturelles et de loisirs doivent \u00eatre men\u00e9es. Suspendues dans le cadre de la lutte contre le Covid-19, [&hellip;]<\/p>\n","protected":false},"author":82,"featured_media":11494,"comment_status":"open","ping_status":"closed","sticky":false,"template":"","format":"standard","meta":{"footnotes":""},"categories":[5,11,20,10],"tags":[111,725,29],"class_list":["post-11495","post","type-post","status-publish","format-standard","has-post-thumbnail","hentry","category-culture-et-art","category-homepage-french","category-top-nouvelles","category-toutes-les-actualites","tag-africa-press","tag-africa-press-burkina-faso","tag-burkina-faso"],"yoast_head":"<!-- This site is optimized with the Yoast SEO Premium plugin v26.1 (Yoast SEO v27.0) - https:\/\/yoast.com\/product\/yoast-seo-premium-wordpress\/ -->\n<title>Reprise des \u00a0activit\u00e9s sportives, culturelles et de loisir dans les \u00e9tablissements scolaires - Burkina Faso<\/title>\n<meta name=\"description\" content=\"A travers un d\u00e9cret sign\u00e9 par le ministre en charge de l\u2019\u00e9ducation, le Pr Stanislas Ouaro, l\u2019interdiction d\u2019organiser de ...\" \/>\n<meta name=\"robots\" content=\"index, follow, max-snippet:-1, max-image-preview:large, max-video-preview:-1\" \/>\n<link rel=\"canonical\" href=\"https:\/\/www.africa-press.net\/burkina-faso\/culture-et-art\/burkina-faso-reprise-des-activites-sportives-culturelles-et-de-loisir-dans-les-etablissements-scolaires\" \/>\n<meta property=\"og:locale\" content=\"fr_FR\" \/>\n<meta property=\"og:type\" content=\"article\" \/>\n<meta property=\"og:title\" content=\"Reprise des \u00a0activit\u00e9s sportives, culturelles et de loisir dans les \u00e9tablissements scolaires\" \/>\n<meta property=\"og:description\" content=\"A travers un d\u00e9cret sign\u00e9 par le ministre en charge de l\u2019\u00e9ducation, le Pr Stanislas Ouaro, l\u2019interdiction d\u2019organiser de ...\" \/>\n<meta property=\"og:url\" content=\"https:\/\/www.africa-press.net\/burkina-faso\/culture-et-art\/burkina-faso-reprise-des-activites-sportives-culturelles-et-de-loisir-dans-les-etablissements-scolaires\" \/>\n<meta property=\"og:site_name\" content=\"Burkina Faso\" \/>\n<meta property=\"article:published_time\" content=\"2021-05-08T10:18:53+00:00\" \/>\n<meta property=\"article:modified_time\" content=\"2021-05-08T11:14:30+00:00\" \/>\n<meta property=\"og:image\" content=\"https:\/\/static.africa-press.net\/burkina\/sites\/42\/2021\/05\/img-60965c9829902.jpg\" \/>\n\t<meta property=\"og:image:width\" content=\"720\" \/>\n\t<meta property=\"og:image:height\" content=\"405\" \/>\n\t<meta property=\"og:image:type\" content=\"image\/jpeg\" \/>\n<meta name=\"author\" content=\"cfeditorfr\" \/>\n<meta name=\"twitter:card\" content=\"summary_large_image\" \/>\n<meta name=\"twitter:label1\" content=\"\u00c9crit par\" \/>\n\t<meta name=\"twitter:data1\" content=\"cfeditorfr\" \/>\n\t<meta name=\"twitter:label2\" content=\"Dur\u00e9e de lecture estim\u00e9e\" \/>\n\t<meta name=\"twitter:data2\" content=\"2 minutes\" \/>\n<script type=\"application\/ld+json\" class=\"yoast-schema-graph\">{\"@context\":\"https:\/\/schema.org\",\"@graph\":[{\"@type\":\"Article\",\"@id\":\"https:\/\/www.africa-press.net\/burkina-faso\/culture-et-art\/burkina-faso-reprise-des-activites-sportives-culturelles-et-de-loisir-dans-les-etablissements-scolaires#article\",\"isPartOf\":{\"@id\":\"https:\/\/www.africa-press.net\/burkina-faso\/culture-et-art\/burkina-faso-reprise-des-activites-sportives-culturelles-et-de-loisir-dans-les-etablissements-scolaires\"},\"author\":{\"name\":\"cfeditorfr\",\"@id\":\"https:\/\/www.africa-press.net\/burkina-faso\/#\/schema\/person\/2b1cf3cd81a31e3cd26889ca66d677f1\"},\"headline\":\"Reprise des \u00a0activit\u00e9s sportives, culturelles et de loisir dans les \u00e9tablissements scolaires\",\"datePublished\":\"2021-05-08T10:18:53+00:00\",\"dateModified\":\"2021-05-08T11:14:30+00:00\",\"mainEntityOfPage\":{\"@id\":\"https:\/\/www.africa-press.net\/burkina-faso\/culture-et-art\/burkina-faso-reprise-des-activites-sportives-culturelles-et-de-loisir-dans-les-etablissements-scolaires\"},\"wordCount\":399,\"commentCount\":0,\"image\":{\"@id\":\"https:\/\/www.africa-press.net\/burkina-faso\/culture-et-art\/burkina-faso-reprise-des-activites-sportives-culturelles-et-de-loisir-dans-les-etablissements-scolaires#primaryimage\"},\"thumbnailUrl\":\"https:\/\/static.africa-press.net\/burkina\/sites\/42\/2021\/05\/img-60965c9829902.jpg\",\"keywords\":[\"Africa Press\",\"Africa Press-Burkina Faso\",\"Burkina Faso\"],\"articleSection\":[\"Culture et Art\",\"homepage-french\",\"Top Nouvelles\",\"Toutes les actualit\u00e9s\"],\"inLanguage\":\"fr-FR\",\"potentialAction\":[{\"@type\":\"CommentAction\",\"name\":\"Comment\",\"target\":[\"https:\/\/www.africa-press.net\/burkina-faso\/culture-et-art\/burkina-faso-reprise-des-activites-sportives-culturelles-et-de-loisir-dans-les-etablissements-scolaires#respond\"]}]},{\"@type\":\"WebPage\",\"@id\":\"https:\/\/www.africa-press.net\/burkina-faso\/culture-et-art\/burkina-faso-reprise-des-activites-sportives-culturelles-et-de-loisir-dans-les-etablissements-scolaires\",\"url\":\"https:\/\/www.africa-press.net\/burkina-faso\/culture-et-art\/burkina-faso-reprise-des-activites-sportives-culturelles-et-de-loisir-dans-les-etablissements-scolaires\",\"name\":\"Reprise des \u00a0activit\u00e9s sportives, culturelles et de loisir dans les \u00e9tablissements scolaires - Burkina Faso\",\"isPartOf\":{\"@id\":\"https:\/\/www.africa-press.net\/burkina-faso\/#website\"},\"primaryImageOfPage\":{\"@id\":\"https:\/\/www.africa-press.net\/burkina-faso\/culture-et-art\/burkina-faso-reprise-des-activites-sportives-culturelles-et-de-loisir-dans-les-etablissements-scolaires#primaryimage\"},\"image\":{\"@id\":\"https:\/\/www.africa-press.net\/burkina-faso\/culture-et-art\/burkina-faso-reprise-des-activites-sportives-culturelles-et-de-loisir-dans-les-etablissements-scolaires#primaryimage\"},\"thumbnailUrl\":\"https:\/\/static.africa-press.net\/burkina\/sites\/42\/2021\/05\/img-60965c9829902.jpg\",\"datePublished\":\"2021-05-08T10:18:53+00:00\",\"dateModified\":\"2021-05-08T11:14:30+00:00\",\"author\":{\"@id\":\"https:\/\/www.africa-press.net\/burkina-faso\/#\/schema\/person\/2b1cf3cd81a31e3cd26889ca66d677f1\"},\"description\":\"A travers un d\u00e9cret sign\u00e9 par le ministre en charge de l\u2019\u00e9ducation, le Pr Stanislas Ouaro, l\u2019interdiction d\u2019organiser de ...\",\"breadcrumb\":{\"@id\":\"https:\/\/www.africa-press.net\/burkina-faso\/culture-et-art\/burkina-faso-reprise-des-activites-sportives-culturelles-et-de-loisir-dans-les-etablissements-scolaires#breadcrumb\"},\"inLanguage\":\"fr-FR\",\"potentialAction\":[{\"@type\":\"ReadAction\",\"target\":[\"https:\/\/www.africa-press.net\/burkina-faso\/culture-et-art\/burkina-faso-reprise-des-activites-sportives-culturelles-et-de-loisir-dans-les-etablissements-scolaires\"]}]},{\"@type\":\"ImageObject\",\"inLanguage\":\"fr-FR\",\"@id\":\"https:\/\/www.africa-press.net\/burkina-faso\/culture-et-art\/burkina-faso-reprise-des-activites-sportives-culturelles-et-de-loisir-dans-les-etablissements-scolaires#primaryimage\",\"url\":\"https:\/\/static.africa-press.net\/burkina\/sites\/42\/2021\/05\/img-60965c9829902.jpg\",\"contentUrl\":\"https:\/\/static.africa-press.net\/burkina\/sites\/42\/2021\/05\/img-60965c9829902.jpg\",\"width\":720,\"height\":405,\"caption\":\"Burkina Faso\u00a0: Reprise des \u00a0activit\u00e9s sportives, culturelles et de loisir dans les \u00e9tablissements scolaires\"},{\"@type\":\"BreadcrumbList\",\"@id\":\"https:\/\/www.africa-press.net\/burkina-faso\/culture-et-art\/burkina-faso-reprise-des-activites-sportives-culturelles-et-de-loisir-dans-les-etablissements-scolaires#breadcrumb\",\"itemListElement\":[{\"@type\":\"ListItem\",\"position\":1,\"name\":\"Accueil\",\"item\":\"https:\/\/www.africa-press.net\/burkina-faso\/\"},{\"@type\":\"ListItem\",\"position\":2,\"name\":\"Reprise des \u00a0activit\u00e9s sportives, culturelles et de loisir dans les \u00e9tablissements scolaires\"}]},{\"@type\":\"WebSite\",\"@id\":\"https:\/\/www.africa-press.net\/burkina-faso\/#website\",\"url\":\"https:\/\/www.africa-press.net\/burkina-faso\/\",\"name\":\"Burkina Faso\",\"description\":\"Just another Africa News Agency Sites site\",\"potentialAction\":[{\"@type\":\"SearchAction\",\"target\":{\"@type\":\"EntryPoint\",\"urlTemplate\":\"https:\/\/www.africa-press.net\/burkina-faso\/?s={search_term_string}\"},\"query-input\":{\"@type\":\"PropertyValueSpecification\",\"valueRequired\":true,\"valueName\":\"search_term_string\"}}],\"inLanguage\":\"fr-FR\"},{\"@type\":\"Person\",\"@id\":\"https:\/\/www.africa-press.net\/burkina-faso\/#\/schema\/person\/2b1cf3cd81a31e3cd26889ca66d677f1\",\"name\":\"cfeditorfr\"}]}<\/script>\n<!-- \/ Yoast SEO Premium plugin. -->","yoast_head_json":{"title":"Reprise des \u00a0activit\u00e9s sportives, culturelles et de loisir dans les \u00e9tablissements scolaires - Burkina Faso","description":"A travers un d\u00e9cret sign\u00e9 par le ministre en charge de l\u2019\u00e9ducation, le Pr Stanislas Ouaro, l\u2019interdiction d\u2019organiser de ...","robots":{"index":"index","follow":"follow","max-snippet":"max-snippet:-1","max-image-preview":"max-image-preview:large","max-video-preview":"max-video-preview:-1"},"canonical":"https:\/\/www.africa-press.net\/burkina-faso\/culture-et-art\/burkina-faso-reprise-des-activites-sportives-culturelles-et-de-loisir-dans-les-etablissements-scolaires","og_locale":"fr_FR","og_type":"article","og_title":"Reprise des \u00a0activit\u00e9s sportives, culturelles et de loisir dans les \u00e9tablissements scolaires","og_description":"A travers un d\u00e9cret sign\u00e9 par le ministre en charge de l\u2019\u00e9ducation, le Pr Stanislas Ouaro, l\u2019interdiction d\u2019organiser de ...","og_url":"https:\/\/www.africa-press.net\/burkina-faso\/culture-et-art\/burkina-faso-reprise-des-activites-sportives-culturelles-et-de-loisir-dans-les-etablissements-scolaires","og_site_name":"Burkina Faso","article_published_time":"2021-05-08T10:18:53+00:00","article_modified_time":"2021-05-08T11:14:30+00:00","og_image":[{"width":720,"height":405,"url":"https:\/\/static.africa-press.net\/burkina\/sites\/42\/2021\/05\/img-60965c9829902.jpg","type":"image\/jpeg"}],"author":"cfeditorfr","twitter_card":"summary_large_image","twitter_misc":{"\u00c9crit par":"cfeditorfr","Dur\u00e9e de lecture estim\u00e9e":"2 minutes"},"schema":{"@context":"https:\/\/schema.org","@graph":[{"@type":"Article","@id":"https:\/\/www.africa-press.net\/burkina-faso\/culture-et-art\/burkina-faso-reprise-des-activites-sportives-culturelles-et-de-loisir-dans-les-etablissements-scolaires#article","isPartOf":{"@id":"https:\/\/www.africa-press.net\/burkina-faso\/culture-et-art\/burkina-faso-reprise-des-activites-sportives-culturelles-et-de-loisir-dans-les-etablissements-scolaires"},"author":{"name":"cfeditorfr","@id":"https:\/\/www.africa-press.net\/burkina-faso\/#\/schema\/person\/2b1cf3cd81a31e3cd26889ca66d677f1"},"headline":"Reprise des \u00a0activit\u00e9s sportives, culturelles et de loisir dans les \u00e9tablissements scolaires","datePublished":"2021-05-08T10:18:53+00:00","dateModified":"2021-05-08T11:14:30+00:00","mainEntityOfPage":{"@id":"https:\/\/www.africa-press.net\/burkina-faso\/culture-et-art\/burkina-faso-reprise-des-activites-sportives-culturelles-et-de-loisir-dans-les-etablissements-scolaires"},"wordCount":399,"commentCount":0,"image":{"@id":"https:\/\/www.africa-press.net\/burkina-faso\/culture-et-art\/burkina-faso-reprise-des-activites-sportives-culturelles-et-de-loisir-dans-les-etablissements-scolaires#primaryimage"},"thumbnailUrl":"https:\/\/static.africa-press.net\/burkina\/sites\/42\/2021\/05\/img-60965c9829902.jpg","keywords":["Africa Press","Africa Press-Burkina Faso","Burkina Faso"],"articleSection":["Culture et Art","homepage-french","Top Nouvelles","Toutes les actualit\u00e9s"],"inLanguage":"fr-FR","potentialAction":[{"@type":"CommentAction","name":"Comment","target":["https:\/\/www.africa-press.net\/burkina-faso\/culture-et-art\/burkina-faso-reprise-des-activites-sportives-culturelles-et-de-loisir-dans-les-etablissements-scolaires#respond"]}]},{"@type":"WebPage","@id":"https:\/\/www.africa-press.net\/burkina-faso\/culture-et-art\/burkina-faso-reprise-des-activites-sportives-culturelles-et-de-loisir-dans-les-etablissements-scolaires","url":"https:\/\/www.africa-press.net\/burkina-faso\/culture-et-art\/burkina-faso-reprise-des-activites-sportives-culturelles-et-de-loisir-dans-les-etablissements-scolaires","name":"Reprise des \u00a0activit\u00e9s sportives, culturelles et de loisir dans les \u00e9tablissements scolaires - Burkina Faso","isPartOf":{"@id":"https:\/\/www.africa-press.net\/burkina-faso\/#website"},"primaryImageOfPage":{"@id":"https:\/\/www.africa-press.net\/burkina-faso\/culture-et-art\/burkina-faso-reprise-des-activites-sportives-culturelles-et-de-loisir-dans-les-etablissements-scolaires#primaryimage"},"image":{"@id":"https:\/\/www.africa-press.net\/burkina-faso\/culture-et-art\/burkina-faso-reprise-des-activites-sportives-culturelles-et-de-loisir-dans-les-etablissements-scolaires#primaryimage"},"thumbnailUrl":"https:\/\/static.africa-press.net\/burkina\/sites\/42\/2021\/05\/img-60965c9829902.jpg","datePublished":"2021-05-08T10:18:53+00:00","dateModified":"2021-05-08T11:14:30+00:00","author":{"@id":"https:\/\/www.africa-press.net\/burkina-faso\/#\/schema\/person\/2b1cf3cd81a31e3cd26889ca66d677f1"},"description":"A travers un d\u00e9cret sign\u00e9 par le ministre en charge de l\u2019\u00e9ducation, le Pr Stanislas Ouaro, l\u2019interdiction d\u2019organiser de ...","breadcrumb":{"@id":"https:\/\/www.africa-press.net\/burkina-faso\/culture-et-art\/burkina-faso-reprise-des-activites-sportives-culturelles-et-de-loisir-dans-les-etablissements-scolaires#breadcrumb"},"inLanguage":"fr-FR","potentialAction":[{"@type":"ReadAction","target":["https:\/\/www.africa-press.net\/burkina-faso\/culture-et-art\/burkina-faso-reprise-des-activites-sportives-culturelles-et-de-loisir-dans-les-etablissements-scolaires"]}]},{"@type":"ImageObject","inLanguage":"fr-FR","@id":"https:\/\/www.africa-press.net\/burkina-faso\/culture-et-art\/burkina-faso-reprise-des-activites-sportives-culturelles-et-de-loisir-dans-les-etablissements-scolaires#primaryimage","url":"https:\/\/static.africa-press.net\/burkina\/sites\/42\/2021\/05\/img-60965c9829902.jpg","contentUrl":"https:\/\/static.africa-press.net\/burkina\/sites\/42\/2021\/05\/img-60965c9829902.jpg","width":720,"height":405,"caption":"Burkina Faso\u00a0: Reprise des \u00a0activit\u00e9s sportives, culturelles et de loisir dans les \u00e9tablissements scolaires"},{"@type":"BreadcrumbList","@id":"https:\/\/www.africa-press.net\/burkina-faso\/culture-et-art\/burkina-faso-reprise-des-activites-sportives-culturelles-et-de-loisir-dans-les-etablissements-scolaires#breadcrumb","itemListElement":[{"@type":"ListItem","position":1,"name":"Accueil","item":"https:\/\/www.africa-press.net\/burkina-faso\/"},{"@type":"ListItem","position":2,"name":"Reprise des \u00a0activit\u00e9s sportives, culturelles et de loisir dans les \u00e9tablissements scolaires"}]},{"@type":"WebSite","@id":"https:\/\/www.africa-press.net\/burkina-faso\/#website","url":"https:\/\/www.africa-press.net\/burkina-faso\/","name":"Burkina Faso","description":"Just another Africa News Agency Sites site","potentialAction":[{"@type":"SearchAction","target":{"@type":"EntryPoint","urlTemplate":"https:\/\/www.africa-press.net\/burkina-faso\/?s={search_term_string}"},"query-input":{"@type":"PropertyValueSpecification","valueRequired":true,"valueName":"search_term_string"}}],"inLanguage":"fr-FR"},{"@type":"Person","@id":"https:\/\/www.africa-press.net\/burkina-faso\/#\/schema\/person\/2b1cf3cd81a31e3cd26889ca66d677f1","name":"cfeditorfr"}]}},"_links":{"self":[{"href":"https:\/\/www.africa-press.net\/burkina-faso\/wp-json\/wp\/v2\/posts\/11495","targetHints":{"allow":["GET"]}}],"collection":[{"href":"https:\/\/www.africa-press.net\/burkina-faso\/wp-json\/wp\/v2\/posts"}],"about":[{"href":"https:\/\/www.africa-press.net\/burkina-faso\/wp-json\/wp\/v2\/types\/post"}],"author":[{"embeddable":true,"href":"https:\/\/www.africa-press.net\/burkina-faso\/wp-json\/wp\/v2\/users\/82"}],"replies":[{"embeddable":true,"href":"https:\/\/www.africa-press.net\/burkina-faso\/wp-json\/wp\/v2\/comments?post=11495"}],"version-history":[{"count":0,"href":"https:\/\/www.africa-press.net\/burkina-faso\/wp-json\/wp\/v2\/posts\/11495\/revisions"}],"wp:featuredmedia":[{"embeddable":true,"href":"https:\/\/www.africa-press.net\/burkina-faso\/wp-json\/wp\/v2\/media\/11494"}],"wp:attachment":[{"href":"https:\/\/www.africa-press.net\/burkina-faso\/wp-json\/wp\/v2\/media?parent=11495"}],"wp:term":[{"taxonomy":"category","embeddable":true,"href":"https:\/\/www.africa-press.net\/burkina-faso\/wp-json\/wp\/v2\/categories?post=11495"},{"taxonomy":"post_tag","embeddable":true,"href":"https:\/\/www.africa-press.net\/burkina-faso\/wp-json\/wp\/v2\/tags?post=11495"}],"curies":[{"name":"wp","href":"https:\/\/api.w.org\/{rel}","templated":true}]}}