{"id":11501,"date":"2021-05-08T10:35:06","date_gmt":"2021-05-08T10:35:06","guid":{"rendered":"https:\/\/www.africa-press.net\/burkina-faso\/?p=11501"},"modified":"2021-05-08T11:14:48","modified_gmt":"2021-05-08T11:14:48","slug":"journaliste-au-sahel-un-metier-a-tres-haut-risque","status":"publish","type":"post","link":"https:\/\/www.africa-press.net\/burkina-faso\/culture-et-art\/journaliste-au-sahel-un-metier-a-tres-haut-risque","title":{"rendered":"Journaliste au Sahel, un m\u00e9tier \u00ab\u00a0\u00e0 tr\u00e8s haut risque\u00a0\u00bb"},"content":{"rendered":"<p><span style=\"color: #ff6600\"><strong><a href=\"https:\/\/www.africa-press.net\/\">Africa-Press<\/a> &#8211; <a href=\"https:\/\/www.africa-press.net\/burkina-faso\">Burkina Faso<\/a>. <\/strong><\/span>Les journalistes travaillant dans plusieurs pays du Sahel font un m\u00e9tier \u00e0 haut risque, trop souvent exerc\u00e9 \u00ab\u00a0la peur au ventre\u00a0\u00bb, expliquent un certain nombre d&rsquo;entre eux apr\u00e8s la mort de deux confr\u00e8res espagnols au Burkina Faso et l&rsquo;enl\u00e8vement d&rsquo;un coll\u00e8gue fran\u00e7ais au Mali.<\/p>\n<p>Ces journalistes racontent la difficult\u00e9 de continuer \u00e0 informer malgr\u00e9 la propagation jihadiste et les agissements criminels, la quasi impossibilit\u00e9 d&rsquo;acc\u00e9der \u00e0 de vastes \u00e9tendues de territoire et \u00e0 certaines sources, ainsi que les pressions et les intimidations multiples, qu&rsquo;elles viennent du pouvoir ou d&rsquo;ailleurs, sans parler du manque de moyens de la profession.<\/p>\n<p>Olivier Dubois, collaborateur de divers m\u00e9dias maliens et fran\u00e7ais, est apparu mercredi dans une vid\u00e9o o\u00f9 il dit avoir \u00e9t\u00e9 enlev\u00e9 d\u00e9but avril \u00e0 Gao, dans le nord-est du Mali, par un groupe affili\u00e9 \u00e0 Al-Qa\u00efda.<\/p>\n<p>Ce journaliste aguerri de 46 ans, qui vit et travaille depuis 2015 au Mali, avait arrang\u00e9 un rendez-vous avec le commandant d&rsquo;un groupe jihadiste de la r\u00e9gion, Abdallah Ag Albakaye. Il a \u00e9t\u00e9 vu pour la derni\u00e8re fois alors qu&rsquo;il embarquait dans une voiture avec plusieurs hommes.<\/p>\n<p>Au Burkina Faso, les reporters espagnols David Beri\u00e1in et Roberto Fraile, ainsi que l&rsquo;Irlandais Rory Young, pr\u00e9sident d&rsquo;une ONG de protection de la faune sauvage, ont \u00e9t\u00e9 tu\u00e9s alors qu&rsquo;ils se trouvaient avec une patrouille antibraconnage qui a \u00e9t\u00e9 attaqu\u00e9e fin avril par des hommes arm\u00e9s.<\/p>\n<p>Leur mort \u00ab\u00a0vient encore rappeler combien on peut \u00eatre expos\u00e9 dans notre m\u00e9tier\u00a0\u00bb, confie le journaliste reporter d&rsquo;images burkinab\u00e8 Salif Zangre. \u00ab\u00a0Cela n&rsquo;entame pas notre volont\u00e9 de couvrir l&rsquo;actualit\u00e9\u00a0\u00bb, assure-t-il, mais en prenant toutes les pr\u00e9cautions possibles.<\/p>\n<p>Il est d\u00e9sormais \u00ab\u00a0quasiment impossible\u00a0\u00bb de faire du terrain au-del\u00e0 des villages environnants, admet un journaliste burkinab\u00e8 en poste dans la r\u00e9gion du Nord, frontali\u00e8re du Mali, dont l&rsquo;AFP a choisi de ne pas divulguer l&rsquo;identit\u00e9.<\/p>\n<p>&#8211; Cibles de choix &#8211;<\/p>\n<p>Le Burkina figure au 37e rang du classement mondial de la libert\u00e9 de la presse 2021 de Reporters Sans Fronti\u00e8res (RSF), le Niger au 59e et le Mali au 99e.<\/p>\n<p>RSF d\u00e9crit m\u00eame le Burkina comme \u00ab\u00a0une des r\u00e9ussites du continent\u00a0\u00bb en la mati\u00e8re. Mais l&rsquo;organisation \u00e9voque les vicissitudes de la presse dans les pays sah\u00e9liens: ins\u00e9curit\u00e9 largement r\u00e9pandue, restrictions de mouvement et sanctions impos\u00e9es par les autorit\u00e9s au nom de la lutte contre les jihadistes, tours de vis justifi\u00e9s par la pand\u00e9mie de Covid-19.<\/p>\n<p>Les journalistes \u00e9trangers sont des cibles, pour ce qu&rsquo;ils repr\u00e9sentent et pour leur valeur d&rsquo;\u00e9change. Mais les locaux sont aussi expos\u00e9s. \u00ab\u00a0La vie d&rsquo;un journaliste au Sahel n&rsquo;est pas toujours gaie, m\u00eame \u00e0 Bamako (relativement pr\u00e9serv\u00e9e, NDLR): barbel\u00e9s autour de la maison, pr\u00e9cautions \u00e0 prendre dehors\u00a0\u00bb, constate Serge Daniel, le correspondant dans la capitale malienne depuis plus de 25 ans de Radio France Internationale (RFI) et de l&rsquo;Agence France-Presse (AFP).<\/p>\n<p>L&rsquo;assassinat d&rsquo;une journaliste et d&rsquo;un technicien de RFI en 2013 a marqu\u00e9 les esprits. Pourtant la situation est peut-\u00eatre plus dangereuse aujourd&rsquo;hui qu&rsquo;au d\u00e9but de la pouss\u00e9e jihadiste dans le Nord en 2012, assure-t-il.<\/p>\n<p>Au-del\u00e0 des risques courus en d\u00e9placement, les journalistes locaux \u00e9voquent le sentiment d&rsquo;une menace permanente. Le r\u00e9dacteur en chef de la t\u00e9l\u00e9vision priv\u00e9e malienne Renouveau TV, Br\u00e9hima Sogoba, rapporte que certains de ses correspondants, par crainte des repr\u00e9sailles, renoncent \u00e0 signer leurs reportages.<\/p>\n<p>Au Niger, o\u00f9 les attaques contre des civils se sont multipli\u00e9es depuis le d\u00e9but de l&rsquo;ann\u00e9e, le responsable d&rsquo;une radio communautaire ayant requis l&rsquo;anonymat reconna\u00eet qu&rsquo;il vaut mieux \u00ab\u00a0tourner mille fois sa langue (dans sa bouche) avant de parler\u00a0\u00bb.<\/p>\n<p>\u00ab\u00a0Le m\u00e9tier est d\u00e9sormais \u00e0 tr\u00e8s haut risque. Les jihadistes et autres bandits \u00e9coutent tr\u00e8s bien nos \u00e9missions\u00a0\u00bb et ont \u00ab\u00a0l&rsquo;habitude d&rsquo;adresser des menaces aux radios en leur demandant de +faire tr\u00e8s attention+\u00a0\u00bb, ajoute-t-il.<\/p>\n<p>Un journaliste de la m\u00eame r\u00e9gion dit redouter surtout l&rsquo;enl\u00e8vement. Sa radio n&rsquo;organise plus de d\u00e9bats parce que \u00ab\u00a0les gens ne se bousculent plus devant nos micros\u00a0\u00bb, et rediffuse surtout d&rsquo;anciennes \u00e9missions, dit-il.<\/p>\n<p>Continuer \u00e0 rapporter une information complexe dans un tel contexte est un d\u00e9fi constant. Pour le r\u00e9dacteur en chef de Renouveau TV, il faut avant tout \u00ab\u00a0ma\u00eetriser le terrain\u00a0\u00bb et mesurer \u00ab\u00a0tous les enjeux\u00a0\u00bb. \u00ab\u00a0Le bon journaliste, c&rsquo;est quand m\u00eame celui qui vit\u00a0\u00bb, dit Br\u00e9hima Sogoba.<\/p>\n","protected":false},"excerpt":{"rendered":"<p>Africa-Press &#8211; Burkina Faso. Les journalistes travaillant dans plusieurs pays du Sahel font un m\u00e9tier \u00e0 haut risque, trop souvent exerc\u00e9 \u00ab\u00a0la peur au ventre\u00a0\u00bb, expliquent un certain nombre d&rsquo;entre eux apr\u00e8s la mort de deux confr\u00e8res espagnols au Burkina Faso et l&rsquo;enl\u00e8vement d&rsquo;un coll\u00e8gue fran\u00e7ais au Mali. Ces journalistes racontent la difficult\u00e9 de continuer [&hellip;]<\/p>\n","protected":false},"author":82,"featured_media":11500,"comment_status":"open","ping_status":"closed","sticky":false,"template":"","format":"standard","meta":{"footnotes":""},"categories":[5,11,10],"tags":[111,725,29],"class_list":["post-11501","post","type-post","status-publish","format-standard","has-post-thumbnail","hentry","category-culture-et-art","category-homepage-french","category-toutes-les-actualites","tag-africa-press","tag-africa-press-burkina-faso","tag-burkina-faso"],"yoast_head":"<!-- This site is optimized with the Yoast SEO Premium plugin v26.1 (Yoast SEO v27.0) - https:\/\/yoast.com\/product\/yoast-seo-premium-wordpress\/ -->\n<title>Journaliste au Sahel, un m\u00e9tier &quot;\u00e0 tr\u00e8s haut risque&quot; - Burkina Faso<\/title>\n<meta name=\"description\" content=\"Les journalistes travaillant dans plusieurs pays du Sahel font un m\u00e9tier \u00e0 haut risque, trop souvent exerc\u00e9 &quot;la peur au ...\" \/>\n<meta name=\"robots\" content=\"index, follow, max-snippet:-1, max-image-preview:large, max-video-preview:-1\" \/>\n<link rel=\"canonical\" href=\"https:\/\/www.africa-press.net\/burkina-faso\/culture-et-art\/journaliste-au-sahel-un-metier-a-tres-haut-risque\" \/>\n<meta property=\"og:locale\" content=\"fr_FR\" \/>\n<meta property=\"og:type\" content=\"article\" \/>\n<meta property=\"og:title\" content=\"Journaliste au Sahel, un m\u00e9tier &quot;\u00e0 tr\u00e8s haut risque&quot;\" \/>\n<meta property=\"og:description\" content=\"Les journalistes travaillant dans plusieurs pays du Sahel font un m\u00e9tier \u00e0 haut risque, trop souvent exerc\u00e9 &quot;la peur au ...\" \/>\n<meta property=\"og:url\" content=\"https:\/\/www.africa-press.net\/burkina-faso\/culture-et-art\/journaliste-au-sahel-un-metier-a-tres-haut-risque\" \/>\n<meta property=\"og:site_name\" content=\"Burkina Faso\" \/>\n<meta property=\"article:published_time\" content=\"2021-05-08T10:35:06+00:00\" \/>\n<meta property=\"article:modified_time\" content=\"2021-05-08T11:14:48+00:00\" \/>\n<meta property=\"og:image\" content=\"https:\/\/static.africa-press.net\/burkina\/sites\/42\/2021\/05\/img-60965ce135ef7.jpg\" \/>\n\t<meta property=\"og:image:width\" content=\"768\" \/>\n\t<meta property=\"og:image:height\" content=\"512\" \/>\n\t<meta property=\"og:image:type\" content=\"image\/jpeg\" \/>\n<meta name=\"author\" content=\"cfeditorfr\" \/>\n<meta name=\"twitter:card\" content=\"summary_large_image\" \/>\n<meta name=\"twitter:label1\" content=\"\u00c9crit par\" \/>\n\t<meta name=\"twitter:data1\" content=\"cfeditorfr\" \/>\n\t<meta name=\"twitter:label2\" content=\"Dur\u00e9e de lecture estim\u00e9e\" \/>\n\t<meta name=\"twitter:data2\" content=\"4 minutes\" \/>\n<script type=\"application\/ld+json\" class=\"yoast-schema-graph\">{\"@context\":\"https:\/\/schema.org\",\"@graph\":[{\"@type\":\"Article\",\"@id\":\"https:\/\/www.africa-press.net\/burkina-faso\/culture-et-art\/journaliste-au-sahel-un-metier-a-tres-haut-risque#article\",\"isPartOf\":{\"@id\":\"https:\/\/www.africa-press.net\/burkina-faso\/culture-et-art\/journaliste-au-sahel-un-metier-a-tres-haut-risque\"},\"author\":{\"name\":\"cfeditorfr\",\"@id\":\"https:\/\/www.africa-press.net\/burkina-faso\/#\/schema\/person\/2b1cf3cd81a31e3cd26889ca66d677f1\"},\"headline\":\"Journaliste au Sahel, un m\u00e9tier \u00ab\u00a0\u00e0 tr\u00e8s haut risque\u00a0\u00bb\",\"datePublished\":\"2021-05-08T10:35:06+00:00\",\"dateModified\":\"2021-05-08T11:14:48+00:00\",\"mainEntityOfPage\":{\"@id\":\"https:\/\/www.africa-press.net\/burkina-faso\/culture-et-art\/journaliste-au-sahel-un-metier-a-tres-haut-risque\"},\"wordCount\":795,\"commentCount\":0,\"image\":{\"@id\":\"https:\/\/www.africa-press.net\/burkina-faso\/culture-et-art\/journaliste-au-sahel-un-metier-a-tres-haut-risque#primaryimage\"},\"thumbnailUrl\":\"https:\/\/static.africa-press.net\/burkina\/sites\/42\/2021\/05\/img-60965ce135ef7.jpg\",\"keywords\":[\"Africa Press\",\"Africa Press-Burkina Faso\",\"Burkina Faso\"],\"articleSection\":[\"Culture et Art\",\"homepage-french\",\"Toutes les actualit\u00e9s\"],\"inLanguage\":\"fr-FR\",\"potentialAction\":[{\"@type\":\"CommentAction\",\"name\":\"Comment\",\"target\":[\"https:\/\/www.africa-press.net\/burkina-faso\/culture-et-art\/journaliste-au-sahel-un-metier-a-tres-haut-risque#respond\"]}]},{\"@type\":\"WebPage\",\"@id\":\"https:\/\/www.africa-press.net\/burkina-faso\/culture-et-art\/journaliste-au-sahel-un-metier-a-tres-haut-risque\",\"url\":\"https:\/\/www.africa-press.net\/burkina-faso\/culture-et-art\/journaliste-au-sahel-un-metier-a-tres-haut-risque\",\"name\":\"Journaliste au Sahel, un m\u00e9tier \\\"\u00e0 tr\u00e8s haut risque\\\" - Burkina Faso\",\"isPartOf\":{\"@id\":\"https:\/\/www.africa-press.net\/burkina-faso\/#website\"},\"primaryImageOfPage\":{\"@id\":\"https:\/\/www.africa-press.net\/burkina-faso\/culture-et-art\/journaliste-au-sahel-un-metier-a-tres-haut-risque#primaryimage\"},\"image\":{\"@id\":\"https:\/\/www.africa-press.net\/burkina-faso\/culture-et-art\/journaliste-au-sahel-un-metier-a-tres-haut-risque#primaryimage\"},\"thumbnailUrl\":\"https:\/\/static.africa-press.net\/burkina\/sites\/42\/2021\/05\/img-60965ce135ef7.jpg\",\"datePublished\":\"2021-05-08T10:35:06+00:00\",\"dateModified\":\"2021-05-08T11:14:48+00:00\",\"author\":{\"@id\":\"https:\/\/www.africa-press.net\/burkina-faso\/#\/schema\/person\/2b1cf3cd81a31e3cd26889ca66d677f1\"},\"description\":\"Les journalistes travaillant dans plusieurs pays du Sahel font un m\u00e9tier \u00e0 haut risque, trop souvent exerc\u00e9 \\\"la peur au ...\",\"breadcrumb\":{\"@id\":\"https:\/\/www.africa-press.net\/burkina-faso\/culture-et-art\/journaliste-au-sahel-un-metier-a-tres-haut-risque#breadcrumb\"},\"inLanguage\":\"fr-FR\",\"potentialAction\":[{\"@type\":\"ReadAction\",\"target\":[\"https:\/\/www.africa-press.net\/burkina-faso\/culture-et-art\/journaliste-au-sahel-un-metier-a-tres-haut-risque\"]}]},{\"@type\":\"ImageObject\",\"inLanguage\":\"fr-FR\",\"@id\":\"https:\/\/www.africa-press.net\/burkina-faso\/culture-et-art\/journaliste-au-sahel-un-metier-a-tres-haut-risque#primaryimage\",\"url\":\"https:\/\/static.africa-press.net\/burkina\/sites\/42\/2021\/05\/img-60965ce135ef7.jpg\",\"contentUrl\":\"https:\/\/static.africa-press.net\/burkina\/sites\/42\/2021\/05\/img-60965ce135ef7.jpg\",\"width\":768,\"height\":512,\"caption\":\"Journaliste au Sahel, un m\u00e9tier \\\"\u00e0 tr\u00e8s haut risque\\\"\"},{\"@type\":\"BreadcrumbList\",\"@id\":\"https:\/\/www.africa-press.net\/burkina-faso\/culture-et-art\/journaliste-au-sahel-un-metier-a-tres-haut-risque#breadcrumb\",\"itemListElement\":[{\"@type\":\"ListItem\",\"position\":1,\"name\":\"Accueil\",\"item\":\"https:\/\/www.africa-press.net\/burkina-faso\/\"},{\"@type\":\"ListItem\",\"position\":2,\"name\":\"Journaliste au Sahel, un m\u00e9tier &#8220;\u00e0 tr\u00e8s haut risque&#8221;\"}]},{\"@type\":\"WebSite\",\"@id\":\"https:\/\/www.africa-press.net\/burkina-faso\/#website\",\"url\":\"https:\/\/www.africa-press.net\/burkina-faso\/\",\"name\":\"Burkina Faso\",\"description\":\"Just another Africa News Agency Sites site\",\"potentialAction\":[{\"@type\":\"SearchAction\",\"target\":{\"@type\":\"EntryPoint\",\"urlTemplate\":\"https:\/\/www.africa-press.net\/burkina-faso\/?s={search_term_string}\"},\"query-input\":{\"@type\":\"PropertyValueSpecification\",\"valueRequired\":true,\"valueName\":\"search_term_string\"}}],\"inLanguage\":\"fr-FR\"},{\"@type\":\"Person\",\"@id\":\"https:\/\/www.africa-press.net\/burkina-faso\/#\/schema\/person\/2b1cf3cd81a31e3cd26889ca66d677f1\",\"name\":\"cfeditorfr\"}]}<\/script>\n<!-- \/ Yoast SEO Premium plugin. -->","yoast_head_json":{"title":"Journaliste au Sahel, un m\u00e9tier \"\u00e0 tr\u00e8s haut risque\" - Burkina Faso","description":"Les journalistes travaillant dans plusieurs pays du Sahel font un m\u00e9tier \u00e0 haut risque, trop souvent exerc\u00e9 \"la peur au ...","robots":{"index":"index","follow":"follow","max-snippet":"max-snippet:-1","max-image-preview":"max-image-preview:large","max-video-preview":"max-video-preview:-1"},"canonical":"https:\/\/www.africa-press.net\/burkina-faso\/culture-et-art\/journaliste-au-sahel-un-metier-a-tres-haut-risque","og_locale":"fr_FR","og_type":"article","og_title":"Journaliste au Sahel, un m\u00e9tier \"\u00e0 tr\u00e8s haut risque\"","og_description":"Les journalistes travaillant dans plusieurs pays du Sahel font un m\u00e9tier \u00e0 haut risque, trop souvent exerc\u00e9 \"la peur au ...","og_url":"https:\/\/www.africa-press.net\/burkina-faso\/culture-et-art\/journaliste-au-sahel-un-metier-a-tres-haut-risque","og_site_name":"Burkina Faso","article_published_time":"2021-05-08T10:35:06+00:00","article_modified_time":"2021-05-08T11:14:48+00:00","og_image":[{"width":768,"height":512,"url":"https:\/\/static.africa-press.net\/burkina\/sites\/42\/2021\/05\/img-60965ce135ef7.jpg","type":"image\/jpeg"}],"author":"cfeditorfr","twitter_card":"summary_large_image","twitter_misc":{"\u00c9crit par":"cfeditorfr","Dur\u00e9e de lecture estim\u00e9e":"4 minutes"},"schema":{"@context":"https:\/\/schema.org","@graph":[{"@type":"Article","@id":"https:\/\/www.africa-press.net\/burkina-faso\/culture-et-art\/journaliste-au-sahel-un-metier-a-tres-haut-risque#article","isPartOf":{"@id":"https:\/\/www.africa-press.net\/burkina-faso\/culture-et-art\/journaliste-au-sahel-un-metier-a-tres-haut-risque"},"author":{"name":"cfeditorfr","@id":"https:\/\/www.africa-press.net\/burkina-faso\/#\/schema\/person\/2b1cf3cd81a31e3cd26889ca66d677f1"},"headline":"Journaliste au Sahel, un m\u00e9tier \u00ab\u00a0\u00e0 tr\u00e8s haut risque\u00a0\u00bb","datePublished":"2021-05-08T10:35:06+00:00","dateModified":"2021-05-08T11:14:48+00:00","mainEntityOfPage":{"@id":"https:\/\/www.africa-press.net\/burkina-faso\/culture-et-art\/journaliste-au-sahel-un-metier-a-tres-haut-risque"},"wordCount":795,"commentCount":0,"image":{"@id":"https:\/\/www.africa-press.net\/burkina-faso\/culture-et-art\/journaliste-au-sahel-un-metier-a-tres-haut-risque#primaryimage"},"thumbnailUrl":"https:\/\/static.africa-press.net\/burkina\/sites\/42\/2021\/05\/img-60965ce135ef7.jpg","keywords":["Africa Press","Africa Press-Burkina Faso","Burkina Faso"],"articleSection":["Culture et Art","homepage-french","Toutes les actualit\u00e9s"],"inLanguage":"fr-FR","potentialAction":[{"@type":"CommentAction","name":"Comment","target":["https:\/\/www.africa-press.net\/burkina-faso\/culture-et-art\/journaliste-au-sahel-un-metier-a-tres-haut-risque#respond"]}]},{"@type":"WebPage","@id":"https:\/\/www.africa-press.net\/burkina-faso\/culture-et-art\/journaliste-au-sahel-un-metier-a-tres-haut-risque","url":"https:\/\/www.africa-press.net\/burkina-faso\/culture-et-art\/journaliste-au-sahel-un-metier-a-tres-haut-risque","name":"Journaliste au Sahel, un m\u00e9tier \"\u00e0 tr\u00e8s haut risque\" - Burkina Faso","isPartOf":{"@id":"https:\/\/www.africa-press.net\/burkina-faso\/#website"},"primaryImageOfPage":{"@id":"https:\/\/www.africa-press.net\/burkina-faso\/culture-et-art\/journaliste-au-sahel-un-metier-a-tres-haut-risque#primaryimage"},"image":{"@id":"https:\/\/www.africa-press.net\/burkina-faso\/culture-et-art\/journaliste-au-sahel-un-metier-a-tres-haut-risque#primaryimage"},"thumbnailUrl":"https:\/\/static.africa-press.net\/burkina\/sites\/42\/2021\/05\/img-60965ce135ef7.jpg","datePublished":"2021-05-08T10:35:06+00:00","dateModified":"2021-05-08T11:14:48+00:00","author":{"@id":"https:\/\/www.africa-press.net\/burkina-faso\/#\/schema\/person\/2b1cf3cd81a31e3cd26889ca66d677f1"},"description":"Les journalistes travaillant dans plusieurs pays du Sahel font un m\u00e9tier \u00e0 haut risque, trop souvent exerc\u00e9 \"la peur au ...","breadcrumb":{"@id":"https:\/\/www.africa-press.net\/burkina-faso\/culture-et-art\/journaliste-au-sahel-un-metier-a-tres-haut-risque#breadcrumb"},"inLanguage":"fr-FR","potentialAction":[{"@type":"ReadAction","target":["https:\/\/www.africa-press.net\/burkina-faso\/culture-et-art\/journaliste-au-sahel-un-metier-a-tres-haut-risque"]}]},{"@type":"ImageObject","inLanguage":"fr-FR","@id":"https:\/\/www.africa-press.net\/burkina-faso\/culture-et-art\/journaliste-au-sahel-un-metier-a-tres-haut-risque#primaryimage","url":"https:\/\/static.africa-press.net\/burkina\/sites\/42\/2021\/05\/img-60965ce135ef7.jpg","contentUrl":"https:\/\/static.africa-press.net\/burkina\/sites\/42\/2021\/05\/img-60965ce135ef7.jpg","width":768,"height":512,"caption":"Journaliste au Sahel, un m\u00e9tier \"\u00e0 tr\u00e8s haut risque\""},{"@type":"BreadcrumbList","@id":"https:\/\/www.africa-press.net\/burkina-faso\/culture-et-art\/journaliste-au-sahel-un-metier-a-tres-haut-risque#breadcrumb","itemListElement":[{"@type":"ListItem","position":1,"name":"Accueil","item":"https:\/\/www.africa-press.net\/burkina-faso\/"},{"@type":"ListItem","position":2,"name":"Journaliste au Sahel, un m\u00e9tier &#8220;\u00e0 tr\u00e8s haut risque&#8221;"}]},{"@type":"WebSite","@id":"https:\/\/www.africa-press.net\/burkina-faso\/#website","url":"https:\/\/www.africa-press.net\/burkina-faso\/","name":"Burkina Faso","description":"Just another Africa News Agency Sites site","potentialAction":[{"@type":"SearchAction","target":{"@type":"EntryPoint","urlTemplate":"https:\/\/www.africa-press.net\/burkina-faso\/?s={search_term_string}"},"query-input":{"@type":"PropertyValueSpecification","valueRequired":true,"valueName":"search_term_string"}}],"inLanguage":"fr-FR"},{"@type":"Person","@id":"https:\/\/www.africa-press.net\/burkina-faso\/#\/schema\/person\/2b1cf3cd81a31e3cd26889ca66d677f1","name":"cfeditorfr"}]}},"_links":{"self":[{"href":"https:\/\/www.africa-press.net\/burkina-faso\/wp-json\/wp\/v2\/posts\/11501","targetHints":{"allow":["GET"]}}],"collection":[{"href":"https:\/\/www.africa-press.net\/burkina-faso\/wp-json\/wp\/v2\/posts"}],"about":[{"href":"https:\/\/www.africa-press.net\/burkina-faso\/wp-json\/wp\/v2\/types\/post"}],"author":[{"embeddable":true,"href":"https:\/\/www.africa-press.net\/burkina-faso\/wp-json\/wp\/v2\/users\/82"}],"replies":[{"embeddable":true,"href":"https:\/\/www.africa-press.net\/burkina-faso\/wp-json\/wp\/v2\/comments?post=11501"}],"version-history":[{"count":0,"href":"https:\/\/www.africa-press.net\/burkina-faso\/wp-json\/wp\/v2\/posts\/11501\/revisions"}],"wp:featuredmedia":[{"embeddable":true,"href":"https:\/\/www.africa-press.net\/burkina-faso\/wp-json\/wp\/v2\/media\/11500"}],"wp:attachment":[{"href":"https:\/\/www.africa-press.net\/burkina-faso\/wp-json\/wp\/v2\/media?parent=11501"}],"wp:term":[{"taxonomy":"category","embeddable":true,"href":"https:\/\/www.africa-press.net\/burkina-faso\/wp-json\/wp\/v2\/categories?post=11501"},{"taxonomy":"post_tag","embeddable":true,"href":"https:\/\/www.africa-press.net\/burkina-faso\/wp-json\/wp\/v2\/tags?post=11501"}],"curies":[{"name":"wp","href":"https:\/\/api.w.org\/{rel}","templated":true}]}}