{"id":11504,"date":"2021-05-08T10:42:43","date_gmt":"2021-05-08T10:42:43","guid":{"rendered":"https:\/\/www.africa-press.net\/burkina-faso\/?p=11504"},"modified":"2021-05-08T11:15:01","modified_gmt":"2021-05-08T11:15:01","slug":"changement-climatique-les-acteurs-reunis-en-atelier-pour-valider-des-etudes-en-lien-avec-la-revision-de-la-cdn","status":"publish","type":"post","link":"https:\/\/www.africa-press.net\/burkina-faso\/economie\/changement-climatique-les-acteurs-reunis-en-atelier-pour-valider-des-etudes-en-lien-avec-la-revision-de-la-cdn","title":{"rendered":"Changement climatique : Les acteurs r\u00e9unis en atelier pour valider des \u00e9tudes en lien avec la r\u00e9vision de la CDN"},"content":{"rendered":"<p><span style=\"color: #ff6600\"><strong><a href=\"https:\/\/www.africa-press.net\/\">Africa-Press<\/a> &#8211; <a href=\"https:\/\/www.africa-press.net\/burkina-faso\">Burkina Faso<\/a>. <\/strong><\/span><b>Dans le cadre de la r\u00e9silience du Burkina face aux effets du changement climatique, le Secr\u00e9taire permanent du Conseil national pour le d\u00e9veloppement durable, Dr Augustin Kabor\u00e9, a proc\u00e9d\u00e9 le vendredi 7 mai 2021, \u00e0 l\u2019ouverture d\u2019un atelier de validation des \u00e9tudes sur les co\u00fbts et b\u00e9n\u00e9fices, et des potentiels d\u2019att\u00e9nuation des actions. Ces \u00e9tudes sont en lien avec la r\u00e9vision de la contribution d\u00e9termin\u00e9e au niveau national (CDN) du Burkina Faso en vue de renforcer la r\u00e9silience des secteurs vuln\u00e9rables tels que l\u2019agriculture, la foresterie, les ressources animales et des ressources en eau.<\/b><\/p>\n<p>A l\u2019instar de plusieurs pays, le Burkina Faso a pr\u00e9sente une forte vuln\u00e9rabilit\u00e9 aux changements climatiques. Les secteurs les plus touch\u00e9s par ses effets sont l\u2019agriculture, la foresterie, ainsi que les ressources animales et les ressources en eau. Pour faire face \u00e0 cette situation, des actions ont \u00e9t\u00e9 entreprises, notamment le Programme d\u2019action national d\u2019adaptation \u00e0 la variabilit\u00e9 et aux changements climatiques (PANA) en 2007, le Plan national d\u2019adaptation aux changements climatiques (PNA).<\/p>\n<p>A cela s\u2019ajoute la ratification par le Burkina Faso de l\u2019Accord de Paris sur le climat en 2016 et son option de disposer d\u2019un instrument volontaire d\u2019engagement de sa mise en \u0153uvre qu\u2019est sa Contribution d\u00e9termin\u00e9e au niveau national (CDN). Conform\u00e9ment aux dispositions de cet Accord apr\u00e8s cinq ann\u00e9es de mise en \u0153uvre, la CDN doit \u00eatre soumise \u00e0 une r\u00e9vision.<\/p>\n<p>Pour ce faire et gr\u00e2ce \u00e0 son adh\u00e9sion au NDC Parteners, le Burkina Faso a b\u00e9n\u00e9fici\u00e9 de l\u2019appui technique et financier de ses membres dont l\u2019Organisation des Nations-Unies pour l\u2019agriculture et l\u2019alimentation (FAO). Selon le Secr\u00e9taire permanent du Conseil national pour le d\u00e9veloppement durable, Dr Augustin Kabor\u00e9, ces appuis ont permis, \u00e0 ce jour, de disposer de plusieurs livrables dont une bonne exploitation permettra au pays de disposer d\u2019une CDN r\u00e9vis\u00e9e beaucoup plus ambitieuse.<\/p>\n<p>C\u2019est dans cette lanc\u00e9e que le pr\u00e9sent atelier a \u00e9t\u00e9 organis\u00e9 en vue de valider les \u00e9tudes sur les co\u00fbts et b\u00e9n\u00e9fices et les potentiels d\u2019att\u00e9nuation des actions propos\u00e9es pour \u00eatre retenus dans la CDN. A l\u2019en croire, ces actions soumises \u00e0 appr\u00e9ciation aux participants marqueront les nouveaux objectifs en mati\u00e8re d\u2019att\u00e9nuation et d\u2019adaptation pour la p\u00e9riode 2021 \u00e0 2025.<\/p>\n<p>Il a r\u00e9uni une cinquantaine de participants issus des services publics, du secteur priv\u00e9, de la soci\u00e9t\u00e9 civile et des partenaires \u00e0 la r\u00e9vision de la CDN pour valider les actions du secteur de l\u2019agriculture, de la foresterie et les autres affections des Terres (AFAT) et Energie r\u00e9alis\u00e9es par Climate Analytics ; des actions du secteur des transports r\u00e9alis\u00e9es par GGGI, et des \u00e9tudes compl\u00e9mentaires d\u2019estimation du potentiel de s\u00e9questration des actions r\u00e9gionales. Cette rencontre est aussi une occasion d\u2019am\u00e9liorer les connaissances des premiers responsables sectoriels ainsi que des partenaires techniques et financiers sur le processus de r\u00e9vision de la CDN.<\/p>\n<p>Pour rappel, la Contribution d\u00e9termin\u00e9e au niveau national (CDN) est l\u2019un des outils de mise en \u0153uvre de l\u2019Accord de Paris sur le climat de 2016 et de la Convention-Cadre des Nations-Unies sur les Changements climatiques (CCUNCC) de 1993. Dans ce cadre, le Burkina b\u00e9n\u00e9ficie de l\u2019accompagnement des partenaires techniques et financiers dont le Programme des Nations-Unies pour le d\u00e9veloppement (PNUD), l\u2019Institut mondial pour la Croissance verte (GGGI), la Coop\u00e9ration n\u00e9erlandaise (SNV), la Coop\u00e9ration allemande (GIZ), le Programme des Nations-Unies pour l\u2019Environnement (PNUE), Climate Analytics et l\u2019Organisation des Nations-Unies pour l\u2019alimentation et l\u2019agriculture (FAO).<\/p>\n<p><b>\u00a0<\/b><\/p>\n","protected":false},"excerpt":{"rendered":"<p>Africa-Press &#8211; Burkina Faso. Dans le cadre de la r\u00e9silience du Burkina face aux effets du changement climatique, le Secr\u00e9taire permanent du Conseil national pour le d\u00e9veloppement durable, Dr Augustin Kabor\u00e9, a proc\u00e9d\u00e9 le vendredi 7 mai 2021, \u00e0 l\u2019ouverture d\u2019un atelier de validation des \u00e9tudes sur les co\u00fbts et b\u00e9n\u00e9fices, et des potentiels d\u2019att\u00e9nuation [&hellip;]<\/p>\n","protected":false},"author":82,"featured_media":11503,"comment_status":"open","ping_status":"closed","sticky":false,"template":"","format":"standard","meta":{"footnotes":""},"categories":[3,11,10],"tags":[111,725,29],"class_list":["post-11504","post","type-post","status-publish","format-standard","has-post-thumbnail","hentry","category-economie","category-homepage-french","category-toutes-les-actualites","tag-africa-press","tag-africa-press-burkina-faso","tag-burkina-faso"],"yoast_head":"<!-- This site is optimized with the Yoast SEO Premium plugin v26.1 (Yoast SEO v27.0) - https:\/\/yoast.com\/product\/yoast-seo-premium-wordpress\/ -->\n<title>Changement climatique : Les acteurs r\u00e9unis en atelier pour valider des \u00e9tudes en lien avec la r\u00e9vision de la CDN - Burkina Faso<\/title>\n<meta name=\"description\" content=\"Dans le cadre de la r\u00e9silience du Burkina face aux effets du changement climatique, le Secr\u00e9taire permanent du Consei ...\" \/>\n<meta name=\"robots\" content=\"index, follow, max-snippet:-1, max-image-preview:large, max-video-preview:-1\" \/>\n<link rel=\"canonical\" href=\"https:\/\/www.africa-press.net\/burkina-faso\/economie\/changement-climatique-les-acteurs-reunis-en-atelier-pour-valider-des-etudes-en-lien-avec-la-revision-de-la-cdn\" \/>\n<meta property=\"og:locale\" content=\"fr_FR\" \/>\n<meta property=\"og:type\" content=\"article\" \/>\n<meta property=\"og:title\" content=\"Changement climatique : Les acteurs r\u00e9unis en atelier pour valider des \u00e9tudes en lien avec la r\u00e9vision de la CDN\" \/>\n<meta property=\"og:description\" content=\"Dans le cadre de la r\u00e9silience du Burkina face aux effets du changement climatique, le Secr\u00e9taire permanent du Consei ...\" \/>\n<meta property=\"og:url\" content=\"https:\/\/www.africa-press.net\/burkina-faso\/economie\/changement-climatique-les-acteurs-reunis-en-atelier-pour-valider-des-etudes-en-lien-avec-la-revision-de-la-cdn\" \/>\n<meta property=\"og:site_name\" content=\"Burkina Faso\" \/>\n<meta property=\"article:published_time\" content=\"2021-05-08T10:42:43+00:00\" \/>\n<meta property=\"article:modified_time\" content=\"2021-05-08T11:15:01+00:00\" \/>\n<meta property=\"og:image\" content=\"https:\/\/static.africa-press.net\/burkina\/sites\/42\/2021\/05\/img-60965d05f1df4.jpg\" \/>\n\t<meta property=\"og:image:width\" content=\"720\" \/>\n\t<meta property=\"og:image:height\" content=\"390\" \/>\n\t<meta property=\"og:image:type\" content=\"image\/jpeg\" \/>\n<meta name=\"author\" content=\"cfeditorfr\" \/>\n<meta name=\"twitter:card\" content=\"summary_large_image\" \/>\n<meta name=\"twitter:label1\" content=\"\u00c9crit par\" \/>\n\t<meta name=\"twitter:data1\" content=\"cfeditorfr\" \/>\n\t<meta name=\"twitter:label2\" content=\"Dur\u00e9e de lecture estim\u00e9e\" \/>\n\t<meta name=\"twitter:data2\" content=\"3 minutes\" \/>\n<script type=\"application\/ld+json\" class=\"yoast-schema-graph\">{\"@context\":\"https:\/\/schema.org\",\"@graph\":[{\"@type\":\"Article\",\"@id\":\"https:\/\/www.africa-press.net\/burkina-faso\/economie\/changement-climatique-les-acteurs-reunis-en-atelier-pour-valider-des-etudes-en-lien-avec-la-revision-de-la-cdn#article\",\"isPartOf\":{\"@id\":\"https:\/\/www.africa-press.net\/burkina-faso\/economie\/changement-climatique-les-acteurs-reunis-en-atelier-pour-valider-des-etudes-en-lien-avec-la-revision-de-la-cdn\"},\"author\":{\"name\":\"cfeditorfr\",\"@id\":\"https:\/\/www.africa-press.net\/burkina-faso\/#\/schema\/person\/2b1cf3cd81a31e3cd26889ca66d677f1\"},\"headline\":\"Changement climatique : Les acteurs r\u00e9unis en atelier pour valider des \u00e9tudes en lien avec la r\u00e9vision de la CDN\",\"datePublished\":\"2021-05-08T10:42:43+00:00\",\"dateModified\":\"2021-05-08T11:15:01+00:00\",\"mainEntityOfPage\":{\"@id\":\"https:\/\/www.africa-press.net\/burkina-faso\/economie\/changement-climatique-les-acteurs-reunis-en-atelier-pour-valider-des-etudes-en-lien-avec-la-revision-de-la-cdn\"},\"wordCount\":660,\"commentCount\":0,\"image\":{\"@id\":\"https:\/\/www.africa-press.net\/burkina-faso\/economie\/changement-climatique-les-acteurs-reunis-en-atelier-pour-valider-des-etudes-en-lien-avec-la-revision-de-la-cdn#primaryimage\"},\"thumbnailUrl\":\"https:\/\/static.africa-press.net\/burkina\/sites\/42\/2021\/05\/img-60965d05f1df4.jpg\",\"keywords\":[\"Africa Press\",\"Africa Press-Burkina Faso\",\"Burkina Faso\"],\"articleSection\":[\"\u00c9conomie\",\"homepage-french\",\"Toutes les actualit\u00e9s\"],\"inLanguage\":\"fr-FR\",\"potentialAction\":[{\"@type\":\"CommentAction\",\"name\":\"Comment\",\"target\":[\"https:\/\/www.africa-press.net\/burkina-faso\/economie\/changement-climatique-les-acteurs-reunis-en-atelier-pour-valider-des-etudes-en-lien-avec-la-revision-de-la-cdn#respond\"]}]},{\"@type\":\"WebPage\",\"@id\":\"https:\/\/www.africa-press.net\/burkina-faso\/economie\/changement-climatique-les-acteurs-reunis-en-atelier-pour-valider-des-etudes-en-lien-avec-la-revision-de-la-cdn\",\"url\":\"https:\/\/www.africa-press.net\/burkina-faso\/economie\/changement-climatique-les-acteurs-reunis-en-atelier-pour-valider-des-etudes-en-lien-avec-la-revision-de-la-cdn\",\"name\":\"Changement climatique : Les acteurs r\u00e9unis en atelier pour valider des \u00e9tudes en lien avec la r\u00e9vision de la CDN - Burkina Faso\",\"isPartOf\":{\"@id\":\"https:\/\/www.africa-press.net\/burkina-faso\/#website\"},\"primaryImageOfPage\":{\"@id\":\"https:\/\/www.africa-press.net\/burkina-faso\/economie\/changement-climatique-les-acteurs-reunis-en-atelier-pour-valider-des-etudes-en-lien-avec-la-revision-de-la-cdn#primaryimage\"},\"image\":{\"@id\":\"https:\/\/www.africa-press.net\/burkina-faso\/economie\/changement-climatique-les-acteurs-reunis-en-atelier-pour-valider-des-etudes-en-lien-avec-la-revision-de-la-cdn#primaryimage\"},\"thumbnailUrl\":\"https:\/\/static.africa-press.net\/burkina\/sites\/42\/2021\/05\/img-60965d05f1df4.jpg\",\"datePublished\":\"2021-05-08T10:42:43+00:00\",\"dateModified\":\"2021-05-08T11:15:01+00:00\",\"author\":{\"@id\":\"https:\/\/www.africa-press.net\/burkina-faso\/#\/schema\/person\/2b1cf3cd81a31e3cd26889ca66d677f1\"},\"description\":\"Dans le cadre de la r\u00e9silience du Burkina face aux effets du changement climatique, le Secr\u00e9taire permanent du Consei ...\",\"breadcrumb\":{\"@id\":\"https:\/\/www.africa-press.net\/burkina-faso\/economie\/changement-climatique-les-acteurs-reunis-en-atelier-pour-valider-des-etudes-en-lien-avec-la-revision-de-la-cdn#breadcrumb\"},\"inLanguage\":\"fr-FR\",\"potentialAction\":[{\"@type\":\"ReadAction\",\"target\":[\"https:\/\/www.africa-press.net\/burkina-faso\/economie\/changement-climatique-les-acteurs-reunis-en-atelier-pour-valider-des-etudes-en-lien-avec-la-revision-de-la-cdn\"]}]},{\"@type\":\"ImageObject\",\"inLanguage\":\"fr-FR\",\"@id\":\"https:\/\/www.africa-press.net\/burkina-faso\/economie\/changement-climatique-les-acteurs-reunis-en-atelier-pour-valider-des-etudes-en-lien-avec-la-revision-de-la-cdn#primaryimage\",\"url\":\"https:\/\/static.africa-press.net\/burkina\/sites\/42\/2021\/05\/img-60965d05f1df4.jpg\",\"contentUrl\":\"https:\/\/static.africa-press.net\/burkina\/sites\/42\/2021\/05\/img-60965d05f1df4.jpg\",\"width\":720,\"height\":390,\"caption\":\"Changement climatique : Les acteurs r\u00e9unis en atelier pour valider des \u00e9tudes en lien avec la r\u00e9vision de la CDN\"},{\"@type\":\"BreadcrumbList\",\"@id\":\"https:\/\/www.africa-press.net\/burkina-faso\/economie\/changement-climatique-les-acteurs-reunis-en-atelier-pour-valider-des-etudes-en-lien-avec-la-revision-de-la-cdn#breadcrumb\",\"itemListElement\":[{\"@type\":\"ListItem\",\"position\":1,\"name\":\"Accueil\",\"item\":\"https:\/\/www.africa-press.net\/burkina-faso\/\"},{\"@type\":\"ListItem\",\"position\":2,\"name\":\"Changement climatique : Les acteurs r\u00e9unis en atelier pour valider des \u00e9tudes en lien avec la r\u00e9vision de la CDN\"}]},{\"@type\":\"WebSite\",\"@id\":\"https:\/\/www.africa-press.net\/burkina-faso\/#website\",\"url\":\"https:\/\/www.africa-press.net\/burkina-faso\/\",\"name\":\"Burkina Faso\",\"description\":\"Just another Africa News Agency Sites site\",\"potentialAction\":[{\"@type\":\"SearchAction\",\"target\":{\"@type\":\"EntryPoint\",\"urlTemplate\":\"https:\/\/www.africa-press.net\/burkina-faso\/?s={search_term_string}\"},\"query-input\":{\"@type\":\"PropertyValueSpecification\",\"valueRequired\":true,\"valueName\":\"search_term_string\"}}],\"inLanguage\":\"fr-FR\"},{\"@type\":\"Person\",\"@id\":\"https:\/\/www.africa-press.net\/burkina-faso\/#\/schema\/person\/2b1cf3cd81a31e3cd26889ca66d677f1\",\"name\":\"cfeditorfr\"}]}<\/script>\n<!-- \/ Yoast SEO Premium plugin. -->","yoast_head_json":{"title":"Changement climatique : Les acteurs r\u00e9unis en atelier pour valider des \u00e9tudes en lien avec la r\u00e9vision de la CDN - Burkina Faso","description":"Dans le cadre de la r\u00e9silience du Burkina face aux effets du changement climatique, le Secr\u00e9taire permanent du Consei ...","robots":{"index":"index","follow":"follow","max-snippet":"max-snippet:-1","max-image-preview":"max-image-preview:large","max-video-preview":"max-video-preview:-1"},"canonical":"https:\/\/www.africa-press.net\/burkina-faso\/economie\/changement-climatique-les-acteurs-reunis-en-atelier-pour-valider-des-etudes-en-lien-avec-la-revision-de-la-cdn","og_locale":"fr_FR","og_type":"article","og_title":"Changement climatique : Les acteurs r\u00e9unis en atelier pour valider des \u00e9tudes en lien avec la r\u00e9vision de la CDN","og_description":"Dans le cadre de la r\u00e9silience du Burkina face aux effets du changement climatique, le Secr\u00e9taire permanent du Consei ...","og_url":"https:\/\/www.africa-press.net\/burkina-faso\/economie\/changement-climatique-les-acteurs-reunis-en-atelier-pour-valider-des-etudes-en-lien-avec-la-revision-de-la-cdn","og_site_name":"Burkina Faso","article_published_time":"2021-05-08T10:42:43+00:00","article_modified_time":"2021-05-08T11:15:01+00:00","og_image":[{"width":720,"height":390,"url":"https:\/\/static.africa-press.net\/burkina\/sites\/42\/2021\/05\/img-60965d05f1df4.jpg","type":"image\/jpeg"}],"author":"cfeditorfr","twitter_card":"summary_large_image","twitter_misc":{"\u00c9crit par":"cfeditorfr","Dur\u00e9e de lecture estim\u00e9e":"3 minutes"},"schema":{"@context":"https:\/\/schema.org","@graph":[{"@type":"Article","@id":"https:\/\/www.africa-press.net\/burkina-faso\/economie\/changement-climatique-les-acteurs-reunis-en-atelier-pour-valider-des-etudes-en-lien-avec-la-revision-de-la-cdn#article","isPartOf":{"@id":"https:\/\/www.africa-press.net\/burkina-faso\/economie\/changement-climatique-les-acteurs-reunis-en-atelier-pour-valider-des-etudes-en-lien-avec-la-revision-de-la-cdn"},"author":{"name":"cfeditorfr","@id":"https:\/\/www.africa-press.net\/burkina-faso\/#\/schema\/person\/2b1cf3cd81a31e3cd26889ca66d677f1"},"headline":"Changement climatique : Les acteurs r\u00e9unis en atelier pour valider des \u00e9tudes en lien avec la r\u00e9vision de la CDN","datePublished":"2021-05-08T10:42:43+00:00","dateModified":"2021-05-08T11:15:01+00:00","mainEntityOfPage":{"@id":"https:\/\/www.africa-press.net\/burkina-faso\/economie\/changement-climatique-les-acteurs-reunis-en-atelier-pour-valider-des-etudes-en-lien-avec-la-revision-de-la-cdn"},"wordCount":660,"commentCount":0,"image":{"@id":"https:\/\/www.africa-press.net\/burkina-faso\/economie\/changement-climatique-les-acteurs-reunis-en-atelier-pour-valider-des-etudes-en-lien-avec-la-revision-de-la-cdn#primaryimage"},"thumbnailUrl":"https:\/\/static.africa-press.net\/burkina\/sites\/42\/2021\/05\/img-60965d05f1df4.jpg","keywords":["Africa Press","Africa Press-Burkina Faso","Burkina Faso"],"articleSection":["\u00c9conomie","homepage-french","Toutes les actualit\u00e9s"],"inLanguage":"fr-FR","potentialAction":[{"@type":"CommentAction","name":"Comment","target":["https:\/\/www.africa-press.net\/burkina-faso\/economie\/changement-climatique-les-acteurs-reunis-en-atelier-pour-valider-des-etudes-en-lien-avec-la-revision-de-la-cdn#respond"]}]},{"@type":"WebPage","@id":"https:\/\/www.africa-press.net\/burkina-faso\/economie\/changement-climatique-les-acteurs-reunis-en-atelier-pour-valider-des-etudes-en-lien-avec-la-revision-de-la-cdn","url":"https:\/\/www.africa-press.net\/burkina-faso\/economie\/changement-climatique-les-acteurs-reunis-en-atelier-pour-valider-des-etudes-en-lien-avec-la-revision-de-la-cdn","name":"Changement climatique : Les acteurs r\u00e9unis en atelier pour valider des \u00e9tudes en lien avec la r\u00e9vision de la CDN - Burkina Faso","isPartOf":{"@id":"https:\/\/www.africa-press.net\/burkina-faso\/#website"},"primaryImageOfPage":{"@id":"https:\/\/www.africa-press.net\/burkina-faso\/economie\/changement-climatique-les-acteurs-reunis-en-atelier-pour-valider-des-etudes-en-lien-avec-la-revision-de-la-cdn#primaryimage"},"image":{"@id":"https:\/\/www.africa-press.net\/burkina-faso\/economie\/changement-climatique-les-acteurs-reunis-en-atelier-pour-valider-des-etudes-en-lien-avec-la-revision-de-la-cdn#primaryimage"},"thumbnailUrl":"https:\/\/static.africa-press.net\/burkina\/sites\/42\/2021\/05\/img-60965d05f1df4.jpg","datePublished":"2021-05-08T10:42:43+00:00","dateModified":"2021-05-08T11:15:01+00:00","author":{"@id":"https:\/\/www.africa-press.net\/burkina-faso\/#\/schema\/person\/2b1cf3cd81a31e3cd26889ca66d677f1"},"description":"Dans le cadre de la r\u00e9silience du Burkina face aux effets du changement climatique, le Secr\u00e9taire permanent du Consei ...","breadcrumb":{"@id":"https:\/\/www.africa-press.net\/burkina-faso\/economie\/changement-climatique-les-acteurs-reunis-en-atelier-pour-valider-des-etudes-en-lien-avec-la-revision-de-la-cdn#breadcrumb"},"inLanguage":"fr-FR","potentialAction":[{"@type":"ReadAction","target":["https:\/\/www.africa-press.net\/burkina-faso\/economie\/changement-climatique-les-acteurs-reunis-en-atelier-pour-valider-des-etudes-en-lien-avec-la-revision-de-la-cdn"]}]},{"@type":"ImageObject","inLanguage":"fr-FR","@id":"https:\/\/www.africa-press.net\/burkina-faso\/economie\/changement-climatique-les-acteurs-reunis-en-atelier-pour-valider-des-etudes-en-lien-avec-la-revision-de-la-cdn#primaryimage","url":"https:\/\/static.africa-press.net\/burkina\/sites\/42\/2021\/05\/img-60965d05f1df4.jpg","contentUrl":"https:\/\/static.africa-press.net\/burkina\/sites\/42\/2021\/05\/img-60965d05f1df4.jpg","width":720,"height":390,"caption":"Changement climatique : Les acteurs r\u00e9unis en atelier pour valider des \u00e9tudes en lien avec la r\u00e9vision de la CDN"},{"@type":"BreadcrumbList","@id":"https:\/\/www.africa-press.net\/burkina-faso\/economie\/changement-climatique-les-acteurs-reunis-en-atelier-pour-valider-des-etudes-en-lien-avec-la-revision-de-la-cdn#breadcrumb","itemListElement":[{"@type":"ListItem","position":1,"name":"Accueil","item":"https:\/\/www.africa-press.net\/burkina-faso\/"},{"@type":"ListItem","position":2,"name":"Changement climatique : Les acteurs r\u00e9unis en atelier pour valider des \u00e9tudes en lien avec la r\u00e9vision de la CDN"}]},{"@type":"WebSite","@id":"https:\/\/www.africa-press.net\/burkina-faso\/#website","url":"https:\/\/www.africa-press.net\/burkina-faso\/","name":"Burkina Faso","description":"Just another Africa News Agency Sites site","potentialAction":[{"@type":"SearchAction","target":{"@type":"EntryPoint","urlTemplate":"https:\/\/www.africa-press.net\/burkina-faso\/?s={search_term_string}"},"query-input":{"@type":"PropertyValueSpecification","valueRequired":true,"valueName":"search_term_string"}}],"inLanguage":"fr-FR"},{"@type":"Person","@id":"https:\/\/www.africa-press.net\/burkina-faso\/#\/schema\/person\/2b1cf3cd81a31e3cd26889ca66d677f1","name":"cfeditorfr"}]}},"_links":{"self":[{"href":"https:\/\/www.africa-press.net\/burkina-faso\/wp-json\/wp\/v2\/posts\/11504","targetHints":{"allow":["GET"]}}],"collection":[{"href":"https:\/\/www.africa-press.net\/burkina-faso\/wp-json\/wp\/v2\/posts"}],"about":[{"href":"https:\/\/www.africa-press.net\/burkina-faso\/wp-json\/wp\/v2\/types\/post"}],"author":[{"embeddable":true,"href":"https:\/\/www.africa-press.net\/burkina-faso\/wp-json\/wp\/v2\/users\/82"}],"replies":[{"embeddable":true,"href":"https:\/\/www.africa-press.net\/burkina-faso\/wp-json\/wp\/v2\/comments?post=11504"}],"version-history":[{"count":0,"href":"https:\/\/www.africa-press.net\/burkina-faso\/wp-json\/wp\/v2\/posts\/11504\/revisions"}],"wp:featuredmedia":[{"embeddable":true,"href":"https:\/\/www.africa-press.net\/burkina-faso\/wp-json\/wp\/v2\/media\/11503"}],"wp:attachment":[{"href":"https:\/\/www.africa-press.net\/burkina-faso\/wp-json\/wp\/v2\/media?parent=11504"}],"wp:term":[{"taxonomy":"category","embeddable":true,"href":"https:\/\/www.africa-press.net\/burkina-faso\/wp-json\/wp\/v2\/categories?post=11504"},{"taxonomy":"post_tag","embeddable":true,"href":"https:\/\/www.africa-press.net\/burkina-faso\/wp-json\/wp\/v2\/tags?post=11504"}],"curies":[{"name":"wp","href":"https:\/\/api.w.org\/{rel}","templated":true}]}}