{"id":11507,"date":"2021-05-08T10:47:19","date_gmt":"2021-05-08T10:47:19","guid":{"rendered":"https:\/\/www.africa-press.net\/burkina-faso\/?p=11507"},"modified":"2021-05-08T11:15:09","modified_gmt":"2021-05-08T11:15:09","slug":"mise-en-oeuvre-du-pndes-limpact-du-terrorisme-et-des-conflits-passes-a-la-loupe-pour-ameliorer-le-nouveau-referentiel","status":"publish","type":"post","link":"https:\/\/www.africa-press.net\/burkina-faso\/economie\/mise-en-oeuvre-du-pndes-limpact-du-terrorisme-et-des-conflits-passes-a-la-loupe-pour-ameliorer-le-nouveau-referentiel","title":{"rendered":"Mise en \u0153uvre du PNDES : L\u2019impact du terrorisme et des conflits pass\u00e9s \u00e0 la loupe pour am\u00e9liorer le nouveau r\u00e9f\u00e9rentiel"},"content":{"rendered":"<p><span style=\"color: #ff6600\"><strong><a href=\"https:\/\/www.africa-press.net\/\">Africa-Press<\/a> &#8211; <a href=\"https:\/\/www.africa-press.net\/burkina-faso\">Burkina Faso<\/a>. <\/strong><\/span><b>Dans le cadre de l\u2019\u00e9laboration du r\u00e9f\u00e9rentiel national devant couvrir la p\u00e9riode 2021-2025, le gouvernement burkinab\u00e8 a conduit, avec l\u2019appui de ses partenaires techniques et financiers, une \u00e9tude sur les causes des conflits et de leurs impacts sur la mise en \u0153uvre du Plan national de d\u00e9veloppement \u00e9conomique et social (PNDES). Le projet de rapport de ladite \u00e9tude a \u00e9t\u00e9 soumis pour validation, ce vendredi 7 mai 2021 \u00e0 Ouagadougou, aux parties prenantes sous les auspices de la secr\u00e9taire g\u00e9n\u00e9rale de la Primature, Yvonne Rouamba\/Guigma.<\/b><\/p>\n<p>Au d\u00e9part, la s\u00e9curit\u00e9 avait \u00e9t\u00e9 consid\u00e9r\u00e9e par les \u00e9conomistes comme un risque pouvant entraver la bonne mise en \u0153uvre du PNDES. Mais le risque est survenu en 2015 et se poursuit, conduisant le gouvernement burkinab\u00e8 \u00e0 r\u00e9am\u00e9nager le budget de l\u2019Etat pour accorder une priorit\u00e9 au secteur d\u00e9fense-s\u00e9curit\u00e9. Cons\u00e9quence, les investissement dans les secteurs de soutien \u00e0 l\u2019\u00e9conomie et les d\u00e9penses d\u00e9di\u00e9es aux secteurs sociaux ont pris un coup.<\/p>\n<p>Outre le terrorisme, plusieurs autres conflits comme les conflits fonciers, communautaires, miniers, intra et extrareligieux ont eu une grande incidence sur les r\u00e9sultats du d\u00e9veloppement du pays. Leurs causes et impacts ont fait l\u2019objet d\u2019une \u00e9tude dont le rapport a \u00e9t\u00e9 soumis \u00e0 validation, vendredi 7 mai, \u00e0 Ouagadougou, au minist\u00e8re de l\u2019Economie, des Finances et du D\u00e9veloppement. Cela devrait permettre de tirer le\u00e7ons des erreurs du PNDES et d\u2019am\u00e9liorer son successeur, en cours d\u2019\u00e9laboration.<\/p>\n<p><b>Les besoins humanitaires estim\u00e9s \u00e0 environ 329 milliards de Fcfa<\/b><\/p>\n<p>Sur le plan humanitaire, la crise a acc\u00e9l\u00e9r\u00e9 le d\u00e9placement des populations. De 47 000 en fin d\u00e9cembre 2018, le nombre de personnes d\u00e9plac\u00e9es internes \u00e9tait de 1 049 764, \u00e0 la date du 10 novembre 2020. 3,5 millions de personnes sont dans des besoins humanitaires estim\u00e9s \u00e0 plus de 607,9 millions de dollars soit environ 329 milliards de francs CFA.<\/p>\n<p><b>Les causes des conflits<\/b><\/p>\n<p>Selon Seydou Sawadogo, charg\u00e9 d\u2019\u00e9tudes au secr\u00e9tariat permanent du PNDES, plusieurs causes expliquent les conflits constat\u00e9s. Il ressort toujours des enqu\u00eates men\u00e9es que certaines personnes ont le ressentiment que leurs r\u00e9gions sont d\u00e9laiss\u00e9es. Il y a aussi le manque d\u2019opportunit\u00e9s \u00e9conomiques pour les jeunes, la mauvaise gestion des ressources, la stigmatisation de certaines communaut\u00e9s, la faible pr\u00e9sence ou l\u2019absence de l\u2019Etat dans certaines zones rurales.<\/p>\n<p><b>Quelques propositions pour renforcer la r\u00e9silience<\/b><\/p>\n<p>Pour renforcer la r\u00e9silience des populations face au ph\u00e9nom\u00e8ne du terrorisme, le rapport propose entre autres d\u2019am\u00e9liorer la prise en charge des personnes d\u00e9plac\u00e9es internes et l\u2019acc\u00e8s des populations \u00e0 l\u2019information, d\u2019assurer une meilleure redistribution des retomb\u00e9es issues des exploitations des ressources naturelles.<\/p>\n<p>En ce qui concerne les personnes enr\u00f4l\u00e9es dans les groupes arm\u00e9s, il a \u00e9t\u00e9 recommand\u00e9 de cr\u00e9er des conditions de leur reconversion. Aussi, le renforcement de la pr\u00e9sence de l\u2019Etat dans les zones d\u00e9favoris\u00e9es, \u00e0 forts d\u00e9fis s\u00e9curitaires, le d\u00e9veloppement des opportunit\u00e9s d\u2019emploi pour les jeunes et les femmes, la r\u00e9vision de la loi sur le foncier et du code \u00e9lectoral pour adopter le suffrage direct comme mode de d\u00e9signation des maires ont \u00e9t\u00e9 propos\u00e9s pour renforcer cette r\u00e9silience.<\/p>\n<p>Selon la secr\u00e9taire g\u00e9n\u00e9rale de la Primature, les r\u00e9sultats de l\u2019\u00e9tude \u00ab doivent guider la prise en compte de la dimension s\u00e9curit\u00e9, paix et r\u00e9silience dans la formulation du nouveau r\u00e9f\u00e9rentiel \u00bb. Elle a indiqu\u00e9 que certaines recommandations ont \u00e9t\u00e9 d\u00e9j\u00e0 prises en compte dans le projet du r\u00e9f\u00e9rentiel dont le processus de validation est en cours, avec l\u2019organisation dans les prochaines semaines des assisses nationales sur ledit r\u00e9f\u00e9rentiel.<\/p>\n<p>De son c\u00f4t\u00e9, la repr\u00e9sentante des PTF, du bureau des Nations-Unies, Ang\u00e9line Nguedjeu, a salu\u00e9 la bonne collaboration productive avec la partie burkinab\u00e8 au cours de cette \u00e9tude qui s\u2019est d\u00e9roul\u00e9e dans neuf r\u00e9gions et qui a dur\u00e9 six mois.<\/p>\n<p><b>HFB<br \/>\n<\/b><\/p>\n","protected":false},"excerpt":{"rendered":"<p>Africa-Press &#8211; Burkina Faso. Dans le cadre de l\u2019\u00e9laboration du r\u00e9f\u00e9rentiel national devant couvrir la p\u00e9riode 2021-2025, le gouvernement burkinab\u00e8 a conduit, avec l\u2019appui de ses partenaires techniques et financiers, une \u00e9tude sur les causes des conflits et de leurs impacts sur la mise en \u0153uvre du Plan national de d\u00e9veloppement \u00e9conomique et social (PNDES). [&hellip;]<\/p>\n","protected":false},"author":82,"featured_media":11506,"comment_status":"open","ping_status":"closed","sticky":false,"template":"","format":"standard","meta":{"footnotes":""},"categories":[3,11,10],"tags":[111,725,29],"class_list":["post-11507","post","type-post","status-publish","format-standard","has-post-thumbnail","hentry","category-economie","category-homepage-french","category-toutes-les-actualites","tag-africa-press","tag-africa-press-burkina-faso","tag-burkina-faso"],"yoast_head":"<!-- This site is optimized with the Yoast SEO Premium plugin v26.1 (Yoast SEO v27.0) - https:\/\/yoast.com\/product\/yoast-seo-premium-wordpress\/ -->\n<title>Mise en \u0153uvre du PNDES : L\u2019impact du terrorisme et des conflits pass\u00e9s \u00e0 la loupe pour am\u00e9liorer le nouveau r\u00e9f\u00e9rentiel - Burkina Faso<\/title>\n<meta name=\"description\" content=\"Dans le cadre de l\u2019\u00e9laboration du r\u00e9f\u00e9rentiel national devant couvrir la p\u00e9riode 2021-2025, le gouvernement burkinab\u00e8 ...\" \/>\n<meta name=\"robots\" content=\"index, follow, max-snippet:-1, max-image-preview:large, max-video-preview:-1\" \/>\n<link rel=\"canonical\" href=\"https:\/\/www.africa-press.net\/burkina-faso\/economie\/mise-en-oeuvre-du-pndes-limpact-du-terrorisme-et-des-conflits-passes-a-la-loupe-pour-ameliorer-le-nouveau-referentiel\" \/>\n<meta property=\"og:locale\" content=\"fr_FR\" \/>\n<meta property=\"og:type\" content=\"article\" \/>\n<meta property=\"og:title\" content=\"Mise en \u0153uvre du PNDES : L\u2019impact du terrorisme et des conflits pass\u00e9s \u00e0 la loupe pour am\u00e9liorer le nouveau r\u00e9f\u00e9rentiel\" \/>\n<meta property=\"og:description\" content=\"Dans le cadre de l\u2019\u00e9laboration du r\u00e9f\u00e9rentiel national devant couvrir la p\u00e9riode 2021-2025, le gouvernement burkinab\u00e8 ...\" \/>\n<meta property=\"og:url\" content=\"https:\/\/www.africa-press.net\/burkina-faso\/economie\/mise-en-oeuvre-du-pndes-limpact-du-terrorisme-et-des-conflits-passes-a-la-loupe-pour-ameliorer-le-nouveau-referentiel\" \/>\n<meta property=\"og:site_name\" content=\"Burkina Faso\" \/>\n<meta property=\"article:published_time\" content=\"2021-05-08T10:47:19+00:00\" \/>\n<meta property=\"article:modified_time\" content=\"2021-05-08T11:15:09+00:00\" \/>\n<meta property=\"og:image\" content=\"https:\/\/static.africa-press.net\/burkina\/sites\/42\/2021\/05\/img-60965d2a0e0bf.jpg\" \/>\n\t<meta property=\"og:image:width\" content=\"720\" \/>\n\t<meta property=\"og:image:height\" content=\"425\" \/>\n\t<meta property=\"og:image:type\" content=\"image\/jpeg\" \/>\n<meta name=\"author\" content=\"cfeditorfr\" \/>\n<meta name=\"twitter:card\" content=\"summary_large_image\" \/>\n<meta name=\"twitter:label1\" content=\"\u00c9crit par\" \/>\n\t<meta name=\"twitter:data1\" content=\"cfeditorfr\" \/>\n\t<meta name=\"twitter:label2\" content=\"Dur\u00e9e de lecture estim\u00e9e\" \/>\n\t<meta name=\"twitter:data2\" content=\"3 minutes\" \/>\n<script type=\"application\/ld+json\" class=\"yoast-schema-graph\">{\"@context\":\"https:\/\/schema.org\",\"@graph\":[{\"@type\":\"Article\",\"@id\":\"https:\/\/www.africa-press.net\/burkina-faso\/economie\/mise-en-oeuvre-du-pndes-limpact-du-terrorisme-et-des-conflits-passes-a-la-loupe-pour-ameliorer-le-nouveau-referentiel#article\",\"isPartOf\":{\"@id\":\"https:\/\/www.africa-press.net\/burkina-faso\/economie\/mise-en-oeuvre-du-pndes-limpact-du-terrorisme-et-des-conflits-passes-a-la-loupe-pour-ameliorer-le-nouveau-referentiel\"},\"author\":{\"name\":\"cfeditorfr\",\"@id\":\"https:\/\/www.africa-press.net\/burkina-faso\/#\/schema\/person\/2b1cf3cd81a31e3cd26889ca66d677f1\"},\"headline\":\"Mise en \u0153uvre du PNDES : L\u2019impact du terrorisme et des conflits pass\u00e9s \u00e0 la loupe pour am\u00e9liorer le nouveau r\u00e9f\u00e9rentiel\",\"datePublished\":\"2021-05-08T10:47:19+00:00\",\"dateModified\":\"2021-05-08T11:15:09+00:00\",\"mainEntityOfPage\":{\"@id\":\"https:\/\/www.africa-press.net\/burkina-faso\/economie\/mise-en-oeuvre-du-pndes-limpact-du-terrorisme-et-des-conflits-passes-a-la-loupe-pour-ameliorer-le-nouveau-referentiel\"},\"wordCount\":717,\"commentCount\":0,\"image\":{\"@id\":\"https:\/\/www.africa-press.net\/burkina-faso\/economie\/mise-en-oeuvre-du-pndes-limpact-du-terrorisme-et-des-conflits-passes-a-la-loupe-pour-ameliorer-le-nouveau-referentiel#primaryimage\"},\"thumbnailUrl\":\"https:\/\/static.africa-press.net\/burkina\/sites\/42\/2021\/05\/img-60965d2a0e0bf.jpg\",\"keywords\":[\"Africa Press\",\"Africa Press-Burkina Faso\",\"Burkina Faso\"],\"articleSection\":[\"\u00c9conomie\",\"homepage-french\",\"Toutes les actualit\u00e9s\"],\"inLanguage\":\"fr-FR\",\"potentialAction\":[{\"@type\":\"CommentAction\",\"name\":\"Comment\",\"target\":[\"https:\/\/www.africa-press.net\/burkina-faso\/economie\/mise-en-oeuvre-du-pndes-limpact-du-terrorisme-et-des-conflits-passes-a-la-loupe-pour-ameliorer-le-nouveau-referentiel#respond\"]}]},{\"@type\":\"WebPage\",\"@id\":\"https:\/\/www.africa-press.net\/burkina-faso\/economie\/mise-en-oeuvre-du-pndes-limpact-du-terrorisme-et-des-conflits-passes-a-la-loupe-pour-ameliorer-le-nouveau-referentiel\",\"url\":\"https:\/\/www.africa-press.net\/burkina-faso\/economie\/mise-en-oeuvre-du-pndes-limpact-du-terrorisme-et-des-conflits-passes-a-la-loupe-pour-ameliorer-le-nouveau-referentiel\",\"name\":\"Mise en \u0153uvre du PNDES : L\u2019impact du terrorisme et des conflits pass\u00e9s \u00e0 la loupe pour am\u00e9liorer le nouveau r\u00e9f\u00e9rentiel - Burkina Faso\",\"isPartOf\":{\"@id\":\"https:\/\/www.africa-press.net\/burkina-faso\/#website\"},\"primaryImageOfPage\":{\"@id\":\"https:\/\/www.africa-press.net\/burkina-faso\/economie\/mise-en-oeuvre-du-pndes-limpact-du-terrorisme-et-des-conflits-passes-a-la-loupe-pour-ameliorer-le-nouveau-referentiel#primaryimage\"},\"image\":{\"@id\":\"https:\/\/www.africa-press.net\/burkina-faso\/economie\/mise-en-oeuvre-du-pndes-limpact-du-terrorisme-et-des-conflits-passes-a-la-loupe-pour-ameliorer-le-nouveau-referentiel#primaryimage\"},\"thumbnailUrl\":\"https:\/\/static.africa-press.net\/burkina\/sites\/42\/2021\/05\/img-60965d2a0e0bf.jpg\",\"datePublished\":\"2021-05-08T10:47:19+00:00\",\"dateModified\":\"2021-05-08T11:15:09+00:00\",\"author\":{\"@id\":\"https:\/\/www.africa-press.net\/burkina-faso\/#\/schema\/person\/2b1cf3cd81a31e3cd26889ca66d677f1\"},\"description\":\"Dans le cadre de l\u2019\u00e9laboration du r\u00e9f\u00e9rentiel national devant couvrir la p\u00e9riode 2021-2025, le gouvernement burkinab\u00e8 ...\",\"breadcrumb\":{\"@id\":\"https:\/\/www.africa-press.net\/burkina-faso\/economie\/mise-en-oeuvre-du-pndes-limpact-du-terrorisme-et-des-conflits-passes-a-la-loupe-pour-ameliorer-le-nouveau-referentiel#breadcrumb\"},\"inLanguage\":\"fr-FR\",\"potentialAction\":[{\"@type\":\"ReadAction\",\"target\":[\"https:\/\/www.africa-press.net\/burkina-faso\/economie\/mise-en-oeuvre-du-pndes-limpact-du-terrorisme-et-des-conflits-passes-a-la-loupe-pour-ameliorer-le-nouveau-referentiel\"]}]},{\"@type\":\"ImageObject\",\"inLanguage\":\"fr-FR\",\"@id\":\"https:\/\/www.africa-press.net\/burkina-faso\/economie\/mise-en-oeuvre-du-pndes-limpact-du-terrorisme-et-des-conflits-passes-a-la-loupe-pour-ameliorer-le-nouveau-referentiel#primaryimage\",\"url\":\"https:\/\/static.africa-press.net\/burkina\/sites\/42\/2021\/05\/img-60965d2a0e0bf.jpg\",\"contentUrl\":\"https:\/\/static.africa-press.net\/burkina\/sites\/42\/2021\/05\/img-60965d2a0e0bf.jpg\",\"width\":720,\"height\":425,\"caption\":\"Mise en \u0153uvre du PNDES : L\u2019impact du terrorisme et des conflits pass\u00e9s \u00e0 la loupe pour am\u00e9liorer le nouveau r\u00e9f\u00e9rentiel\"},{\"@type\":\"BreadcrumbList\",\"@id\":\"https:\/\/www.africa-press.net\/burkina-faso\/economie\/mise-en-oeuvre-du-pndes-limpact-du-terrorisme-et-des-conflits-passes-a-la-loupe-pour-ameliorer-le-nouveau-referentiel#breadcrumb\",\"itemListElement\":[{\"@type\":\"ListItem\",\"position\":1,\"name\":\"Accueil\",\"item\":\"https:\/\/www.africa-press.net\/burkina-faso\/\"},{\"@type\":\"ListItem\",\"position\":2,\"name\":\"Mise en \u0153uvre du PNDES : L\u2019impact du terrorisme et des conflits pass\u00e9s \u00e0 la loupe pour am\u00e9liorer le nouveau r\u00e9f\u00e9rentiel\"}]},{\"@type\":\"WebSite\",\"@id\":\"https:\/\/www.africa-press.net\/burkina-faso\/#website\",\"url\":\"https:\/\/www.africa-press.net\/burkina-faso\/\",\"name\":\"Burkina Faso\",\"description\":\"Just another Africa News Agency Sites site\",\"potentialAction\":[{\"@type\":\"SearchAction\",\"target\":{\"@type\":\"EntryPoint\",\"urlTemplate\":\"https:\/\/www.africa-press.net\/burkina-faso\/?s={search_term_string}\"},\"query-input\":{\"@type\":\"PropertyValueSpecification\",\"valueRequired\":true,\"valueName\":\"search_term_string\"}}],\"inLanguage\":\"fr-FR\"},{\"@type\":\"Person\",\"@id\":\"https:\/\/www.africa-press.net\/burkina-faso\/#\/schema\/person\/2b1cf3cd81a31e3cd26889ca66d677f1\",\"name\":\"cfeditorfr\"}]}<\/script>\n<!-- \/ Yoast SEO Premium plugin. -->","yoast_head_json":{"title":"Mise en \u0153uvre du PNDES : L\u2019impact du terrorisme et des conflits pass\u00e9s \u00e0 la loupe pour am\u00e9liorer le nouveau r\u00e9f\u00e9rentiel - Burkina Faso","description":"Dans le cadre de l\u2019\u00e9laboration du r\u00e9f\u00e9rentiel national devant couvrir la p\u00e9riode 2021-2025, le gouvernement burkinab\u00e8 ...","robots":{"index":"index","follow":"follow","max-snippet":"max-snippet:-1","max-image-preview":"max-image-preview:large","max-video-preview":"max-video-preview:-1"},"canonical":"https:\/\/www.africa-press.net\/burkina-faso\/economie\/mise-en-oeuvre-du-pndes-limpact-du-terrorisme-et-des-conflits-passes-a-la-loupe-pour-ameliorer-le-nouveau-referentiel","og_locale":"fr_FR","og_type":"article","og_title":"Mise en \u0153uvre du PNDES : L\u2019impact du terrorisme et des conflits pass\u00e9s \u00e0 la loupe pour am\u00e9liorer le nouveau r\u00e9f\u00e9rentiel","og_description":"Dans le cadre de l\u2019\u00e9laboration du r\u00e9f\u00e9rentiel national devant couvrir la p\u00e9riode 2021-2025, le gouvernement burkinab\u00e8 ...","og_url":"https:\/\/www.africa-press.net\/burkina-faso\/economie\/mise-en-oeuvre-du-pndes-limpact-du-terrorisme-et-des-conflits-passes-a-la-loupe-pour-ameliorer-le-nouveau-referentiel","og_site_name":"Burkina Faso","article_published_time":"2021-05-08T10:47:19+00:00","article_modified_time":"2021-05-08T11:15:09+00:00","og_image":[{"width":720,"height":425,"url":"https:\/\/static.africa-press.net\/burkina\/sites\/42\/2021\/05\/img-60965d2a0e0bf.jpg","type":"image\/jpeg"}],"author":"cfeditorfr","twitter_card":"summary_large_image","twitter_misc":{"\u00c9crit par":"cfeditorfr","Dur\u00e9e de lecture estim\u00e9e":"3 minutes"},"schema":{"@context":"https:\/\/schema.org","@graph":[{"@type":"Article","@id":"https:\/\/www.africa-press.net\/burkina-faso\/economie\/mise-en-oeuvre-du-pndes-limpact-du-terrorisme-et-des-conflits-passes-a-la-loupe-pour-ameliorer-le-nouveau-referentiel#article","isPartOf":{"@id":"https:\/\/www.africa-press.net\/burkina-faso\/economie\/mise-en-oeuvre-du-pndes-limpact-du-terrorisme-et-des-conflits-passes-a-la-loupe-pour-ameliorer-le-nouveau-referentiel"},"author":{"name":"cfeditorfr","@id":"https:\/\/www.africa-press.net\/burkina-faso\/#\/schema\/person\/2b1cf3cd81a31e3cd26889ca66d677f1"},"headline":"Mise en \u0153uvre du PNDES : L\u2019impact du terrorisme et des conflits pass\u00e9s \u00e0 la loupe pour am\u00e9liorer le nouveau r\u00e9f\u00e9rentiel","datePublished":"2021-05-08T10:47:19+00:00","dateModified":"2021-05-08T11:15:09+00:00","mainEntityOfPage":{"@id":"https:\/\/www.africa-press.net\/burkina-faso\/economie\/mise-en-oeuvre-du-pndes-limpact-du-terrorisme-et-des-conflits-passes-a-la-loupe-pour-ameliorer-le-nouveau-referentiel"},"wordCount":717,"commentCount":0,"image":{"@id":"https:\/\/www.africa-press.net\/burkina-faso\/economie\/mise-en-oeuvre-du-pndes-limpact-du-terrorisme-et-des-conflits-passes-a-la-loupe-pour-ameliorer-le-nouveau-referentiel#primaryimage"},"thumbnailUrl":"https:\/\/static.africa-press.net\/burkina\/sites\/42\/2021\/05\/img-60965d2a0e0bf.jpg","keywords":["Africa Press","Africa Press-Burkina Faso","Burkina Faso"],"articleSection":["\u00c9conomie","homepage-french","Toutes les actualit\u00e9s"],"inLanguage":"fr-FR","potentialAction":[{"@type":"CommentAction","name":"Comment","target":["https:\/\/www.africa-press.net\/burkina-faso\/economie\/mise-en-oeuvre-du-pndes-limpact-du-terrorisme-et-des-conflits-passes-a-la-loupe-pour-ameliorer-le-nouveau-referentiel#respond"]}]},{"@type":"WebPage","@id":"https:\/\/www.africa-press.net\/burkina-faso\/economie\/mise-en-oeuvre-du-pndes-limpact-du-terrorisme-et-des-conflits-passes-a-la-loupe-pour-ameliorer-le-nouveau-referentiel","url":"https:\/\/www.africa-press.net\/burkina-faso\/economie\/mise-en-oeuvre-du-pndes-limpact-du-terrorisme-et-des-conflits-passes-a-la-loupe-pour-ameliorer-le-nouveau-referentiel","name":"Mise en \u0153uvre du PNDES : L\u2019impact du terrorisme et des conflits pass\u00e9s \u00e0 la loupe pour am\u00e9liorer le nouveau r\u00e9f\u00e9rentiel - Burkina Faso","isPartOf":{"@id":"https:\/\/www.africa-press.net\/burkina-faso\/#website"},"primaryImageOfPage":{"@id":"https:\/\/www.africa-press.net\/burkina-faso\/economie\/mise-en-oeuvre-du-pndes-limpact-du-terrorisme-et-des-conflits-passes-a-la-loupe-pour-ameliorer-le-nouveau-referentiel#primaryimage"},"image":{"@id":"https:\/\/www.africa-press.net\/burkina-faso\/economie\/mise-en-oeuvre-du-pndes-limpact-du-terrorisme-et-des-conflits-passes-a-la-loupe-pour-ameliorer-le-nouveau-referentiel#primaryimage"},"thumbnailUrl":"https:\/\/static.africa-press.net\/burkina\/sites\/42\/2021\/05\/img-60965d2a0e0bf.jpg","datePublished":"2021-05-08T10:47:19+00:00","dateModified":"2021-05-08T11:15:09+00:00","author":{"@id":"https:\/\/www.africa-press.net\/burkina-faso\/#\/schema\/person\/2b1cf3cd81a31e3cd26889ca66d677f1"},"description":"Dans le cadre de l\u2019\u00e9laboration du r\u00e9f\u00e9rentiel national devant couvrir la p\u00e9riode 2021-2025, le gouvernement burkinab\u00e8 ...","breadcrumb":{"@id":"https:\/\/www.africa-press.net\/burkina-faso\/economie\/mise-en-oeuvre-du-pndes-limpact-du-terrorisme-et-des-conflits-passes-a-la-loupe-pour-ameliorer-le-nouveau-referentiel#breadcrumb"},"inLanguage":"fr-FR","potentialAction":[{"@type":"ReadAction","target":["https:\/\/www.africa-press.net\/burkina-faso\/economie\/mise-en-oeuvre-du-pndes-limpact-du-terrorisme-et-des-conflits-passes-a-la-loupe-pour-ameliorer-le-nouveau-referentiel"]}]},{"@type":"ImageObject","inLanguage":"fr-FR","@id":"https:\/\/www.africa-press.net\/burkina-faso\/economie\/mise-en-oeuvre-du-pndes-limpact-du-terrorisme-et-des-conflits-passes-a-la-loupe-pour-ameliorer-le-nouveau-referentiel#primaryimage","url":"https:\/\/static.africa-press.net\/burkina\/sites\/42\/2021\/05\/img-60965d2a0e0bf.jpg","contentUrl":"https:\/\/static.africa-press.net\/burkina\/sites\/42\/2021\/05\/img-60965d2a0e0bf.jpg","width":720,"height":425,"caption":"Mise en \u0153uvre du PNDES : L\u2019impact du terrorisme et des conflits pass\u00e9s \u00e0 la loupe pour am\u00e9liorer le nouveau r\u00e9f\u00e9rentiel"},{"@type":"BreadcrumbList","@id":"https:\/\/www.africa-press.net\/burkina-faso\/economie\/mise-en-oeuvre-du-pndes-limpact-du-terrorisme-et-des-conflits-passes-a-la-loupe-pour-ameliorer-le-nouveau-referentiel#breadcrumb","itemListElement":[{"@type":"ListItem","position":1,"name":"Accueil","item":"https:\/\/www.africa-press.net\/burkina-faso\/"},{"@type":"ListItem","position":2,"name":"Mise en \u0153uvre du PNDES : L\u2019impact du terrorisme et des conflits pass\u00e9s \u00e0 la loupe pour am\u00e9liorer le nouveau r\u00e9f\u00e9rentiel"}]},{"@type":"WebSite","@id":"https:\/\/www.africa-press.net\/burkina-faso\/#website","url":"https:\/\/www.africa-press.net\/burkina-faso\/","name":"Burkina Faso","description":"Just another Africa News Agency Sites site","potentialAction":[{"@type":"SearchAction","target":{"@type":"EntryPoint","urlTemplate":"https:\/\/www.africa-press.net\/burkina-faso\/?s={search_term_string}"},"query-input":{"@type":"PropertyValueSpecification","valueRequired":true,"valueName":"search_term_string"}}],"inLanguage":"fr-FR"},{"@type":"Person","@id":"https:\/\/www.africa-press.net\/burkina-faso\/#\/schema\/person\/2b1cf3cd81a31e3cd26889ca66d677f1","name":"cfeditorfr"}]}},"_links":{"self":[{"href":"https:\/\/www.africa-press.net\/burkina-faso\/wp-json\/wp\/v2\/posts\/11507","targetHints":{"allow":["GET"]}}],"collection":[{"href":"https:\/\/www.africa-press.net\/burkina-faso\/wp-json\/wp\/v2\/posts"}],"about":[{"href":"https:\/\/www.africa-press.net\/burkina-faso\/wp-json\/wp\/v2\/types\/post"}],"author":[{"embeddable":true,"href":"https:\/\/www.africa-press.net\/burkina-faso\/wp-json\/wp\/v2\/users\/82"}],"replies":[{"embeddable":true,"href":"https:\/\/www.africa-press.net\/burkina-faso\/wp-json\/wp\/v2\/comments?post=11507"}],"version-history":[{"count":0,"href":"https:\/\/www.africa-press.net\/burkina-faso\/wp-json\/wp\/v2\/posts\/11507\/revisions"}],"wp:featuredmedia":[{"embeddable":true,"href":"https:\/\/www.africa-press.net\/burkina-faso\/wp-json\/wp\/v2\/media\/11506"}],"wp:attachment":[{"href":"https:\/\/www.africa-press.net\/burkina-faso\/wp-json\/wp\/v2\/media?parent=11507"}],"wp:term":[{"taxonomy":"category","embeddable":true,"href":"https:\/\/www.africa-press.net\/burkina-faso\/wp-json\/wp\/v2\/categories?post=11507"},{"taxonomy":"post_tag","embeddable":true,"href":"https:\/\/www.africa-press.net\/burkina-faso\/wp-json\/wp\/v2\/tags?post=11507"}],"curies":[{"name":"wp","href":"https:\/\/api.w.org\/{rel}","templated":true}]}}