{"id":11516,"date":"2021-05-08T11:12:09","date_gmt":"2021-05-08T11:12:09","guid":{"rendered":"https:\/\/www.africa-press.net\/burkina-faso\/?p=11516"},"modified":"2021-05-08T11:16:12","modified_gmt":"2021-05-08T11:16:12","slug":"assises-nationales-sur-leducation-le-ministre-stanislas-ouaro-sollicite-le-cfop","status":"publish","type":"post","link":"https:\/\/www.africa-press.net\/burkina-faso\/culture-et-art\/assises-nationales-sur-leducation-le-ministre-stanislas-ouaro-sollicite-le-cfop","title":{"rendered":"Assises nationales sur l\u2019\u00e9ducation : Le ministre Stanislas Ouaro sollicite le CFOP"},"content":{"rendered":"<p><span style=\"color: #ff6600\"><strong><a href=\"https:\/\/www.africa-press.net\/\">Africa-Press<\/a> &#8211; <a href=\"https:\/\/www.africa-press.net\/burkina-faso\">Burkina Faso<\/a>. <\/strong><\/span><b>Le ministre de l\u2019Education nationale, de l\u2019Alphab\u00e9tisation et de la Promotion des langues nationales, Pr Stanislas Ouaro \u00e9tait chez le chef de file de l\u2019opposition politique (CFOP), ce vendredi 7 mai 2021. Le ministre Ouaro est all\u00e9 exposer \u00e0 l\u2019opposition politique, le projet de d\u00e9bat national sur l\u2019\u00e9ducation qui pourrait aboutir \u00e0 des reformes.<\/b><\/p>\n<p>Le ministre de l\u2019Education nationale, de l\u2019Alphab\u00e9tisation et de la Promotion des langues nationales, Pr Stanislas Ouaro poursuit ses visites de concertation des diff\u00e9rents acteurs pour leur exposer le projet sur les assises nationales sur l\u2019\u00e9ducation. Ce vendredi 7 mai 2021, il \u00e9tait chez le chef de file de l\u2019opposition politique burkinab\u00e8 (CFOP).<\/p>\n<p>Apr\u00e8s plus d\u2019une heure d\u2019entretien, c\u2019est visiblement avec satisfaction que le ministre Ouaro s\u2019est confi\u00e9 aux journalistes. \u00ab Je suis heureux d\u2019\u00eatre l\u00e0 ce matin au CFOP. Nous sommes venus leur exposer le projet de d\u00e9bat national sur l\u2019\u00e9ducation. Les \u00e9changes se sont tr\u00e8s bien pass\u00e9s dans une ambiance de franchise, et des suggestions, des critiques et des recommandations ont \u00e9t\u00e9 formul\u00e9es \u00bb, a-t-il confi\u00e9. Ce qui rend davantage enchant\u00e9 le ministre Ouaro, a-t-il r\u00e9v\u00e9l\u00e9, c\u2019est que le CFOP s\u2019est dit disponible \u00e0 participer \u00e0 ce d\u00e9bat national, d\u2019y apporter sa contribution afin qu\u2019ils travaillent ensemble \u00e0 b\u00e2tir un syst\u00e8me \u00e9ducatif de qualit\u00e9.<\/p>\n<p>Le chef de file de l\u2019opposition politique burkinab\u00e8, Eddie Kombo\u00efgo, a pour sa part remerci\u00e9 la d\u00e9l\u00e9gation conduite par le ministre en charge de l\u2019Education nationale. \u00ab Il a cru bon de venir nous consulter dans le cadre de l\u2019organisation des assises nationales sur l\u2019\u00e9ducation. Nous avons re\u00e7u les termes de r\u00e9f\u00e9rences, le chronogramme \u00bb, a-t-il fait savoir. M. Kombo\u00efgo reconnait que le pays a subi depuis plusieurs mois, des crises qui ont de grandes cons\u00e9quences sur l\u2019\u00e9ducation.<\/p>\n<p>\u00ab 60 ans apr\u00e8s l\u2019ind\u00e9pendance, est-ce que nous sommes satisfaits de notre syst\u00e8me \u00e9ducatif ? Est-ce que ce que nous dispensons \u00e0 nos enfants leur permet d\u2019avoir de l\u2019emploi et de participer activement au d\u00e9veloppement de la nation ? \u00bb, s\u2019est-il interrog\u00e9. Pour lui, ces assises nationales sont une occasion pour trouver des r\u00e9ponses \u00e0 ces questions.<\/p>\n","protected":false},"excerpt":{"rendered":"<p>Africa-Press &#8211; Burkina Faso. Le ministre de l\u2019Education nationale, de l\u2019Alphab\u00e9tisation et de la Promotion des langues nationales, Pr Stanislas Ouaro \u00e9tait chez le chef de file de l\u2019opposition politique (CFOP), ce vendredi 7 mai 2021. Le ministre Ouaro est all\u00e9 exposer \u00e0 l\u2019opposition politique, le projet de d\u00e9bat national sur l\u2019\u00e9ducation qui pourrait aboutir [&hellip;]<\/p>\n","protected":false},"author":82,"featured_media":11515,"comment_status":"open","ping_status":"closed","sticky":false,"template":"","format":"standard","meta":{"footnotes":""},"categories":[5,11,10],"tags":[111,725,29],"class_list":["post-11516","post","type-post","status-publish","format-standard","has-post-thumbnail","hentry","category-culture-et-art","category-homepage-french","category-toutes-les-actualites","tag-africa-press","tag-africa-press-burkina-faso","tag-burkina-faso"],"yoast_head":"<!-- This site is optimized with the Yoast SEO Premium plugin v26.1 (Yoast SEO v27.0) - https:\/\/yoast.com\/product\/yoast-seo-premium-wordpress\/ -->\n<title>Assises nationales sur l\u2019\u00e9ducation : Le ministre Stanislas Ouaro sollicite le CFOP - Burkina Faso<\/title>\n<meta name=\"description\" content=\"Le ministre de l\u2019Education nationale, de l\u2019Alphab\u00e9tisation et de la Promotion des langues nationales, Pr Stanislas Ou ...\" \/>\n<meta name=\"robots\" content=\"index, follow, max-snippet:-1, max-image-preview:large, max-video-preview:-1\" \/>\n<link rel=\"canonical\" href=\"https:\/\/www.africa-press.net\/burkina-faso\/culture-et-art\/assises-nationales-sur-leducation-le-ministre-stanislas-ouaro-sollicite-le-cfop\" \/>\n<meta property=\"og:locale\" content=\"fr_FR\" \/>\n<meta property=\"og:type\" content=\"article\" \/>\n<meta property=\"og:title\" content=\"Assises nationales sur l\u2019\u00e9ducation : Le ministre Stanislas Ouaro sollicite le CFOP\" \/>\n<meta property=\"og:description\" content=\"Le ministre de l\u2019Education nationale, de l\u2019Alphab\u00e9tisation et de la Promotion des langues nationales, Pr Stanislas Ou ...\" \/>\n<meta property=\"og:url\" content=\"https:\/\/www.africa-press.net\/burkina-faso\/culture-et-art\/assises-nationales-sur-leducation-le-ministre-stanislas-ouaro-sollicite-le-cfop\" \/>\n<meta property=\"og:site_name\" content=\"Burkina Faso\" \/>\n<meta property=\"article:published_time\" content=\"2021-05-08T11:12:09+00:00\" \/>\n<meta property=\"article:modified_time\" content=\"2021-05-08T11:16:12+00:00\" \/>\n<meta property=\"og:image\" content=\"https:\/\/static.africa-press.net\/burkina\/sites\/42\/2021\/05\/img-60965d978abfa.jpg\" \/>\n\t<meta property=\"og:image:width\" content=\"720\" \/>\n\t<meta property=\"og:image:height\" content=\"373\" \/>\n\t<meta property=\"og:image:type\" content=\"image\/jpeg\" \/>\n<meta name=\"author\" content=\"cfeditorfr\" \/>\n<meta name=\"twitter:card\" content=\"summary_large_image\" \/>\n<meta name=\"twitter:label1\" content=\"\u00c9crit par\" \/>\n\t<meta name=\"twitter:data1\" content=\"cfeditorfr\" \/>\n\t<meta name=\"twitter:label2\" content=\"Dur\u00e9e de lecture estim\u00e9e\" \/>\n\t<meta name=\"twitter:data2\" content=\"2 minutes\" \/>\n<script type=\"application\/ld+json\" class=\"yoast-schema-graph\">{\"@context\":\"https:\/\/schema.org\",\"@graph\":[{\"@type\":\"Article\",\"@id\":\"https:\/\/www.africa-press.net\/burkina-faso\/culture-et-art\/assises-nationales-sur-leducation-le-ministre-stanislas-ouaro-sollicite-le-cfop#article\",\"isPartOf\":{\"@id\":\"https:\/\/www.africa-press.net\/burkina-faso\/culture-et-art\/assises-nationales-sur-leducation-le-ministre-stanislas-ouaro-sollicite-le-cfop\"},\"author\":{\"name\":\"cfeditorfr\",\"@id\":\"https:\/\/www.africa-press.net\/burkina-faso\/#\/schema\/person\/2b1cf3cd81a31e3cd26889ca66d677f1\"},\"headline\":\"Assises nationales sur l\u2019\u00e9ducation : Le ministre Stanislas Ouaro sollicite le CFOP\",\"datePublished\":\"2021-05-08T11:12:09+00:00\",\"dateModified\":\"2021-05-08T11:16:12+00:00\",\"mainEntityOfPage\":{\"@id\":\"https:\/\/www.africa-press.net\/burkina-faso\/culture-et-art\/assises-nationales-sur-leducation-le-ministre-stanislas-ouaro-sollicite-le-cfop\"},\"wordCount\":396,\"commentCount\":0,\"image\":{\"@id\":\"https:\/\/www.africa-press.net\/burkina-faso\/culture-et-art\/assises-nationales-sur-leducation-le-ministre-stanislas-ouaro-sollicite-le-cfop#primaryimage\"},\"thumbnailUrl\":\"https:\/\/static.africa-press.net\/burkina\/sites\/42\/2021\/05\/img-60965d978abfa.jpg\",\"keywords\":[\"Africa Press\",\"Africa Press-Burkina Faso\",\"Burkina Faso\"],\"articleSection\":[\"Culture et Art\",\"homepage-french\",\"Toutes les actualit\u00e9s\"],\"inLanguage\":\"fr-FR\",\"potentialAction\":[{\"@type\":\"CommentAction\",\"name\":\"Comment\",\"target\":[\"https:\/\/www.africa-press.net\/burkina-faso\/culture-et-art\/assises-nationales-sur-leducation-le-ministre-stanislas-ouaro-sollicite-le-cfop#respond\"]}]},{\"@type\":\"WebPage\",\"@id\":\"https:\/\/www.africa-press.net\/burkina-faso\/culture-et-art\/assises-nationales-sur-leducation-le-ministre-stanislas-ouaro-sollicite-le-cfop\",\"url\":\"https:\/\/www.africa-press.net\/burkina-faso\/culture-et-art\/assises-nationales-sur-leducation-le-ministre-stanislas-ouaro-sollicite-le-cfop\",\"name\":\"Assises nationales sur l\u2019\u00e9ducation : Le ministre Stanislas Ouaro sollicite le CFOP - Burkina Faso\",\"isPartOf\":{\"@id\":\"https:\/\/www.africa-press.net\/burkina-faso\/#website\"},\"primaryImageOfPage\":{\"@id\":\"https:\/\/www.africa-press.net\/burkina-faso\/culture-et-art\/assises-nationales-sur-leducation-le-ministre-stanislas-ouaro-sollicite-le-cfop#primaryimage\"},\"image\":{\"@id\":\"https:\/\/www.africa-press.net\/burkina-faso\/culture-et-art\/assises-nationales-sur-leducation-le-ministre-stanislas-ouaro-sollicite-le-cfop#primaryimage\"},\"thumbnailUrl\":\"https:\/\/static.africa-press.net\/burkina\/sites\/42\/2021\/05\/img-60965d978abfa.jpg\",\"datePublished\":\"2021-05-08T11:12:09+00:00\",\"dateModified\":\"2021-05-08T11:16:12+00:00\",\"author\":{\"@id\":\"https:\/\/www.africa-press.net\/burkina-faso\/#\/schema\/person\/2b1cf3cd81a31e3cd26889ca66d677f1\"},\"description\":\"Le ministre de l\u2019Education nationale, de l\u2019Alphab\u00e9tisation et de la Promotion des langues nationales, Pr Stanislas Ou ...\",\"breadcrumb\":{\"@id\":\"https:\/\/www.africa-press.net\/burkina-faso\/culture-et-art\/assises-nationales-sur-leducation-le-ministre-stanislas-ouaro-sollicite-le-cfop#breadcrumb\"},\"inLanguage\":\"fr-FR\",\"potentialAction\":[{\"@type\":\"ReadAction\",\"target\":[\"https:\/\/www.africa-press.net\/burkina-faso\/culture-et-art\/assises-nationales-sur-leducation-le-ministre-stanislas-ouaro-sollicite-le-cfop\"]}]},{\"@type\":\"ImageObject\",\"inLanguage\":\"fr-FR\",\"@id\":\"https:\/\/www.africa-press.net\/burkina-faso\/culture-et-art\/assises-nationales-sur-leducation-le-ministre-stanislas-ouaro-sollicite-le-cfop#primaryimage\",\"url\":\"https:\/\/static.africa-press.net\/burkina\/sites\/42\/2021\/05\/img-60965d978abfa.jpg\",\"contentUrl\":\"https:\/\/static.africa-press.net\/burkina\/sites\/42\/2021\/05\/img-60965d978abfa.jpg\",\"width\":720,\"height\":373,\"caption\":\"Assises nationales sur l\u2019\u00e9ducation : Le ministre Stanislas Ouaro sollicite le CFOP\"},{\"@type\":\"BreadcrumbList\",\"@id\":\"https:\/\/www.africa-press.net\/burkina-faso\/culture-et-art\/assises-nationales-sur-leducation-le-ministre-stanislas-ouaro-sollicite-le-cfop#breadcrumb\",\"itemListElement\":[{\"@type\":\"ListItem\",\"position\":1,\"name\":\"Accueil\",\"item\":\"https:\/\/www.africa-press.net\/burkina-faso\/\"},{\"@type\":\"ListItem\",\"position\":2,\"name\":\"Assises nationales sur l\u2019\u00e9ducation : Le ministre Stanislas Ouaro sollicite le CFOP\"}]},{\"@type\":\"WebSite\",\"@id\":\"https:\/\/www.africa-press.net\/burkina-faso\/#website\",\"url\":\"https:\/\/www.africa-press.net\/burkina-faso\/\",\"name\":\"Burkina Faso\",\"description\":\"Just another Africa News Agency Sites site\",\"potentialAction\":[{\"@type\":\"SearchAction\",\"target\":{\"@type\":\"EntryPoint\",\"urlTemplate\":\"https:\/\/www.africa-press.net\/burkina-faso\/?s={search_term_string}\"},\"query-input\":{\"@type\":\"PropertyValueSpecification\",\"valueRequired\":true,\"valueName\":\"search_term_string\"}}],\"inLanguage\":\"fr-FR\"},{\"@type\":\"Person\",\"@id\":\"https:\/\/www.africa-press.net\/burkina-faso\/#\/schema\/person\/2b1cf3cd81a31e3cd26889ca66d677f1\",\"name\":\"cfeditorfr\"}]}<\/script>\n<!-- \/ Yoast SEO Premium plugin. -->","yoast_head_json":{"title":"Assises nationales sur l\u2019\u00e9ducation : Le ministre Stanislas Ouaro sollicite le CFOP - Burkina Faso","description":"Le ministre de l\u2019Education nationale, de l\u2019Alphab\u00e9tisation et de la Promotion des langues nationales, Pr Stanislas Ou ...","robots":{"index":"index","follow":"follow","max-snippet":"max-snippet:-1","max-image-preview":"max-image-preview:large","max-video-preview":"max-video-preview:-1"},"canonical":"https:\/\/www.africa-press.net\/burkina-faso\/culture-et-art\/assises-nationales-sur-leducation-le-ministre-stanislas-ouaro-sollicite-le-cfop","og_locale":"fr_FR","og_type":"article","og_title":"Assises nationales sur l\u2019\u00e9ducation : Le ministre Stanislas Ouaro sollicite le CFOP","og_description":"Le ministre de l\u2019Education nationale, de l\u2019Alphab\u00e9tisation et de la Promotion des langues nationales, Pr Stanislas Ou ...","og_url":"https:\/\/www.africa-press.net\/burkina-faso\/culture-et-art\/assises-nationales-sur-leducation-le-ministre-stanislas-ouaro-sollicite-le-cfop","og_site_name":"Burkina Faso","article_published_time":"2021-05-08T11:12:09+00:00","article_modified_time":"2021-05-08T11:16:12+00:00","og_image":[{"width":720,"height":373,"url":"https:\/\/static.africa-press.net\/burkina\/sites\/42\/2021\/05\/img-60965d978abfa.jpg","type":"image\/jpeg"}],"author":"cfeditorfr","twitter_card":"summary_large_image","twitter_misc":{"\u00c9crit par":"cfeditorfr","Dur\u00e9e de lecture estim\u00e9e":"2 minutes"},"schema":{"@context":"https:\/\/schema.org","@graph":[{"@type":"Article","@id":"https:\/\/www.africa-press.net\/burkina-faso\/culture-et-art\/assises-nationales-sur-leducation-le-ministre-stanislas-ouaro-sollicite-le-cfop#article","isPartOf":{"@id":"https:\/\/www.africa-press.net\/burkina-faso\/culture-et-art\/assises-nationales-sur-leducation-le-ministre-stanislas-ouaro-sollicite-le-cfop"},"author":{"name":"cfeditorfr","@id":"https:\/\/www.africa-press.net\/burkina-faso\/#\/schema\/person\/2b1cf3cd81a31e3cd26889ca66d677f1"},"headline":"Assises nationales sur l\u2019\u00e9ducation : Le ministre Stanislas Ouaro sollicite le CFOP","datePublished":"2021-05-08T11:12:09+00:00","dateModified":"2021-05-08T11:16:12+00:00","mainEntityOfPage":{"@id":"https:\/\/www.africa-press.net\/burkina-faso\/culture-et-art\/assises-nationales-sur-leducation-le-ministre-stanislas-ouaro-sollicite-le-cfop"},"wordCount":396,"commentCount":0,"image":{"@id":"https:\/\/www.africa-press.net\/burkina-faso\/culture-et-art\/assises-nationales-sur-leducation-le-ministre-stanislas-ouaro-sollicite-le-cfop#primaryimage"},"thumbnailUrl":"https:\/\/static.africa-press.net\/burkina\/sites\/42\/2021\/05\/img-60965d978abfa.jpg","keywords":["Africa Press","Africa Press-Burkina Faso","Burkina Faso"],"articleSection":["Culture et Art","homepage-french","Toutes les actualit\u00e9s"],"inLanguage":"fr-FR","potentialAction":[{"@type":"CommentAction","name":"Comment","target":["https:\/\/www.africa-press.net\/burkina-faso\/culture-et-art\/assises-nationales-sur-leducation-le-ministre-stanislas-ouaro-sollicite-le-cfop#respond"]}]},{"@type":"WebPage","@id":"https:\/\/www.africa-press.net\/burkina-faso\/culture-et-art\/assises-nationales-sur-leducation-le-ministre-stanislas-ouaro-sollicite-le-cfop","url":"https:\/\/www.africa-press.net\/burkina-faso\/culture-et-art\/assises-nationales-sur-leducation-le-ministre-stanislas-ouaro-sollicite-le-cfop","name":"Assises nationales sur l\u2019\u00e9ducation : Le ministre Stanislas Ouaro sollicite le CFOP - Burkina Faso","isPartOf":{"@id":"https:\/\/www.africa-press.net\/burkina-faso\/#website"},"primaryImageOfPage":{"@id":"https:\/\/www.africa-press.net\/burkina-faso\/culture-et-art\/assises-nationales-sur-leducation-le-ministre-stanislas-ouaro-sollicite-le-cfop#primaryimage"},"image":{"@id":"https:\/\/www.africa-press.net\/burkina-faso\/culture-et-art\/assises-nationales-sur-leducation-le-ministre-stanislas-ouaro-sollicite-le-cfop#primaryimage"},"thumbnailUrl":"https:\/\/static.africa-press.net\/burkina\/sites\/42\/2021\/05\/img-60965d978abfa.jpg","datePublished":"2021-05-08T11:12:09+00:00","dateModified":"2021-05-08T11:16:12+00:00","author":{"@id":"https:\/\/www.africa-press.net\/burkina-faso\/#\/schema\/person\/2b1cf3cd81a31e3cd26889ca66d677f1"},"description":"Le ministre de l\u2019Education nationale, de l\u2019Alphab\u00e9tisation et de la Promotion des langues nationales, Pr Stanislas Ou ...","breadcrumb":{"@id":"https:\/\/www.africa-press.net\/burkina-faso\/culture-et-art\/assises-nationales-sur-leducation-le-ministre-stanislas-ouaro-sollicite-le-cfop#breadcrumb"},"inLanguage":"fr-FR","potentialAction":[{"@type":"ReadAction","target":["https:\/\/www.africa-press.net\/burkina-faso\/culture-et-art\/assises-nationales-sur-leducation-le-ministre-stanislas-ouaro-sollicite-le-cfop"]}]},{"@type":"ImageObject","inLanguage":"fr-FR","@id":"https:\/\/www.africa-press.net\/burkina-faso\/culture-et-art\/assises-nationales-sur-leducation-le-ministre-stanislas-ouaro-sollicite-le-cfop#primaryimage","url":"https:\/\/static.africa-press.net\/burkina\/sites\/42\/2021\/05\/img-60965d978abfa.jpg","contentUrl":"https:\/\/static.africa-press.net\/burkina\/sites\/42\/2021\/05\/img-60965d978abfa.jpg","width":720,"height":373,"caption":"Assises nationales sur l\u2019\u00e9ducation : Le ministre Stanislas Ouaro sollicite le CFOP"},{"@type":"BreadcrumbList","@id":"https:\/\/www.africa-press.net\/burkina-faso\/culture-et-art\/assises-nationales-sur-leducation-le-ministre-stanislas-ouaro-sollicite-le-cfop#breadcrumb","itemListElement":[{"@type":"ListItem","position":1,"name":"Accueil","item":"https:\/\/www.africa-press.net\/burkina-faso\/"},{"@type":"ListItem","position":2,"name":"Assises nationales sur l\u2019\u00e9ducation : Le ministre Stanislas Ouaro sollicite le CFOP"}]},{"@type":"WebSite","@id":"https:\/\/www.africa-press.net\/burkina-faso\/#website","url":"https:\/\/www.africa-press.net\/burkina-faso\/","name":"Burkina Faso","description":"Just another Africa News Agency Sites site","potentialAction":[{"@type":"SearchAction","target":{"@type":"EntryPoint","urlTemplate":"https:\/\/www.africa-press.net\/burkina-faso\/?s={search_term_string}"},"query-input":{"@type":"PropertyValueSpecification","valueRequired":true,"valueName":"search_term_string"}}],"inLanguage":"fr-FR"},{"@type":"Person","@id":"https:\/\/www.africa-press.net\/burkina-faso\/#\/schema\/person\/2b1cf3cd81a31e3cd26889ca66d677f1","name":"cfeditorfr"}]}},"_links":{"self":[{"href":"https:\/\/www.africa-press.net\/burkina-faso\/wp-json\/wp\/v2\/posts\/11516","targetHints":{"allow":["GET"]}}],"collection":[{"href":"https:\/\/www.africa-press.net\/burkina-faso\/wp-json\/wp\/v2\/posts"}],"about":[{"href":"https:\/\/www.africa-press.net\/burkina-faso\/wp-json\/wp\/v2\/types\/post"}],"author":[{"embeddable":true,"href":"https:\/\/www.africa-press.net\/burkina-faso\/wp-json\/wp\/v2\/users\/82"}],"replies":[{"embeddable":true,"href":"https:\/\/www.africa-press.net\/burkina-faso\/wp-json\/wp\/v2\/comments?post=11516"}],"version-history":[{"count":0,"href":"https:\/\/www.africa-press.net\/burkina-faso\/wp-json\/wp\/v2\/posts\/11516\/revisions"}],"wp:featuredmedia":[{"embeddable":true,"href":"https:\/\/www.africa-press.net\/burkina-faso\/wp-json\/wp\/v2\/media\/11515"}],"wp:attachment":[{"href":"https:\/\/www.africa-press.net\/burkina-faso\/wp-json\/wp\/v2\/media?parent=11516"}],"wp:term":[{"taxonomy":"category","embeddable":true,"href":"https:\/\/www.africa-press.net\/burkina-faso\/wp-json\/wp\/v2\/categories?post=11516"},{"taxonomy":"post_tag","embeddable":true,"href":"https:\/\/www.africa-press.net\/burkina-faso\/wp-json\/wp\/v2\/tags?post=11516"}],"curies":[{"name":"wp","href":"https:\/\/api.w.org\/{rel}","templated":true}]}}