{"id":11519,"date":"2021-05-08T11:19:49","date_gmt":"2021-05-08T11:19:49","guid":{"rendered":"https:\/\/www.africa-press.net\/burkina-faso\/?p=11519"},"modified":"2021-05-08T11:16:22","modified_gmt":"2021-05-08T11:16:22","slug":"securisation-des-zones-pastorales-du-burkina-le-defi-majeur-du-ministere-des-ressources-animales-et-halieutiques","status":"publish","type":"post","link":"https:\/\/www.africa-press.net\/burkina-faso\/economie\/securisation-des-zones-pastorales-du-burkina-le-defi-majeur-du-ministere-des-ressources-animales-et-halieutiques","title":{"rendered":"S\u00e9curisation des zones pastorales du Burkina : Le d\u00e9fi majeur du minist\u00e8re des Ressources animales et halieutiques"},"content":{"rendered":"<p><span style=\"color: #ff6600\"><strong><a href=\"https:\/\/www.africa-press.net\/\">Africa-Press<\/a> &#8211; <a href=\"https:\/\/www.africa-press.net\/burkina-faso\">Burkina Faso<\/a>. <\/strong><\/span><b>Le minist\u00e8re des Ressources animales et halieutiques (MRAH) a tenu la premi\u00e8re session de son conseil d\u2019administration du secteur minist\u00e9riel (CASEM) de l\u2019ann\u00e9e ce vendredi 7 mai 2021, \u00e0 Ouagadougou. Le premier responsable dudit d\u00e9partement, Tegwend\u00e9 Modeste Yerbanga, a dirig\u00e9 les travaux : examen et adoption du rapport bilan de la mise en \u0153uvre des activit\u00e9s de l\u2019ann\u00e9e 2020. Les participants se sont pench\u00e9s sur ces sujets en vue de d\u00e9gager les d\u00e9fis et les perspectives pour une dynamisation des zones pastorales au Burkina Faso.<\/b><\/p>\n<p>\u00ab Zones pastorales du Burkina Faso : Quelle strat\u00e9gie de s\u00e9curisation et de mise en valeur durable ? \u00bb, tel est le th\u00e8me retenu pour ce premier CASEM de l\u2019ann\u00e9e 2021. Pour le MRAH, Tegwend\u00e9 Modeste Yerbanga, en plus d\u2019\u00eatre un sujet d\u2019actualit\u00e9, ce th\u00e8me est un d\u00e9fi majeur pour son d\u00e9partement. Car, de nos jours, les zones pastorales qui avaient \u00e9t\u00e9 d\u00e9limit\u00e9es par l\u2019Etat depuis plus d\u2019une vingtaine d\u2019ann\u00e9es pour certaines zones, et une trentaine d\u2019ann\u00e9es pour d\u2019autres, sont en train d\u2019\u00eatre recolonis\u00e9es par les agriculteurs, l\u2019orpaillage et les sites miniers. \u00ab Il est de notre devoir de travailler \u00e0 r\u00e9-s\u00e9curiser ces zones de sorte \u00e0 ce que nous puissions avoir des espaces de p\u00e2turage pour le cheptel et assurer une productivit\u00e9 assez importante pour notre cheptel au Burkina \u00bb, a-t-il d\u00e9clar\u00e9. *<\/p>\n<p>A travers ce th\u00e8me, cette session a permis d\u2019\u00e9lucider les acteurs des productions animales et halieutiques sur le processus de s\u00e9curisation, notamment d\u2019immatriculation des zones pastorales au compte du Domaine foncier national (DFN).<\/p>\n<p>Egalement, des propositions d\u2019accompagnement du MRAH ont \u00e9t\u00e9 faites pour l\u2019immatriculation des espaces pastoraux et de classement des pistes \u00e0 b\u00e9tail. Des outils efficaces de gestion des zones pastorales ont \u00e9t\u00e9 propos\u00e9s et des recommandations ont \u00e9t\u00e9 formul\u00e9es pour une dynamisation des zones pastorales.<br \/>\nPour ce premier CASEM de l\u2019ann\u00e9e, deux points ont \u00e9t\u00e9 soumis \u00e0 l\u2019appr\u00e9ciation des participants.<\/p>\n<p>Il s\u2019agit de l\u2019examen et l\u2019adoption du rapport bilan de la mise en \u0153uvre des activit\u00e9s de l\u2019ann\u00e9e 2020. Il ressort que l\u2019ann\u00e9e 2020 a \u00e9t\u00e9 une ann\u00e9e particuli\u00e8re pour le d\u00e9partement en charge des ressources animales. Outre le ph\u00e9nom\u00e8ne du terrorisme, la maladie \u00e0 coronavirus survenue au cours du mois de mars 2020 a fortement impact\u00e9 la mise en \u0153uvre de certaines activit\u00e9s, a soulign\u00e9 le premier responsable du MRAH.<\/p>\n<p>Toutefois, d\u2019importantes avanc\u00e9es ont \u00e9t\u00e9 constat\u00e9es dont entre autres, la r\u00e9alisation de 183 forages pastoraux, 65 boulis et 148 parcs de vaccination ; la mise \u00e0 disposition \u00e0 prix subventionn\u00e9s aux producteurs de 325 950 kg de semences fourrag\u00e8res ; l\u2019ins\u00e9mination de 3 196 vaches avec des semences de races laiti\u00e8res ; la construction de 735 bio digesteurs ; le contr\u00f4le de 67 227 tonnes de viande dont 9 414 tonnes ont \u00e9t\u00e9 export\u00e9es.<\/p>\n<p><b>Des d\u00e9fis restent \u00e0 relever<\/b><\/p>\n<p>Sur une pr\u00e9vision de plus de 33 millions de F CFA, pr\u00e8s de 24 millions de F CFA ont \u00e9t\u00e9 d\u00e9pens\u00e9s pour la mise en \u0153uvre des activit\u00e9s. Le montant d\u00e9pens\u00e9 repr\u00e9sente un taux d\u2019ex\u00e9cution financi\u00e8re de 70,79 %. Cette ex\u00e9cution financi\u00e8re a permis une r\u00e9alisation physique de 71,67 % du plan de travail de l\u2019ann\u00e9e 2020.<\/p>\n<p>La pr\u00e9sente session a permis aux participants de tirer les le\u00e7ons des contraintes rencontr\u00e9es en 2020 pour pouvoir impacter l\u2019ann\u00e9e en cours. Les d\u00e9fis de l\u2019heure se rapportent au r\u00e9f\u00e9rentiel national de d\u00e9veloppement qui est en cours d\u2019\u00e9laboration, et \u00e0 la mise en \u0153uvre du contrat d\u2019objectif du programme pr\u00e9sidentiel.<\/p>\n<p>Interpell\u00e9 sur un projet phare de son pr\u00e9d\u00e9cesseur, le ministre Yerbanga rassure : \u00ab Au stade d\u2019aujourd\u2019hui, nous avons l\u2019abattoir de Kaya qui est fini et qui sera mis en gestion dans les prochains mois et l\u2019abattoir de Ouahigouya dont nous escomptons la fin des travaux d\u2019ici juin 2021 \u00bb.<\/p>\n<p>Dans cette m\u00eame lanc\u00e9e, le minist\u00e8re a conduit deux \u00e9tudes de faisabilit\u00e9 pour l\u2019implantation de deux autres abattoirs notamment des complexes d\u2019abattoirs frigorifiques int\u00e9gr\u00e9s. Ces complexes d\u2019abattoirs devront voir le jour \u00e0 Fada et \u00e0 Bobo-Dioulasso, foi du ministre Yerbanga.<\/p>\n<p>Au-del\u00e0 de la construction des abattoirs, le MRAH veut innover en organisant en amont les producteurs pour la production du cheptel, la transformation des viandes au niveau des abattoirs, et en aval pour pouvoir exporter la viande. Au cours de cette rencontre, le ministre Yerbanga a remis du mat\u00e9riel informatique aux directeurs r\u00e9gionaux de la Boucle du Mouhoun et de l\u2019Est.<\/p>\n<p><b>A\u00efssata Laure G. Sidib\u00e9<br \/>\n<\/b><\/p>\n","protected":false},"excerpt":{"rendered":"<p>Africa-Press &#8211; Burkina Faso. Le minist\u00e8re des Ressources animales et halieutiques (MRAH) a tenu la premi\u00e8re session de son conseil d\u2019administration du secteur minist\u00e9riel (CASEM) de l\u2019ann\u00e9e ce vendredi 7 mai 2021, \u00e0 Ouagadougou. Le premier responsable dudit d\u00e9partement, Tegwend\u00e9 Modeste Yerbanga, a dirig\u00e9 les travaux : examen et adoption du rapport bilan de la [&hellip;]<\/p>\n","protected":false},"author":82,"featured_media":11518,"comment_status":"open","ping_status":"closed","sticky":false,"template":"","format":"standard","meta":{"footnotes":""},"categories":[3,11,10],"tags":[111,725,29],"class_list":["post-11519","post","type-post","status-publish","format-standard","has-post-thumbnail","hentry","category-economie","category-homepage-french","category-toutes-les-actualites","tag-africa-press","tag-africa-press-burkina-faso","tag-burkina-faso"],"yoast_head":"<!-- This site is optimized with the Yoast SEO Premium plugin v26.1 (Yoast SEO v27.0) - https:\/\/yoast.com\/product\/yoast-seo-premium-wordpress\/ -->\n<title>S\u00e9curisation des zones pastorales du Burkina : Le d\u00e9fi majeur du minist\u00e8re des Ressources animales et halieutiques - Burkina Faso<\/title>\n<meta name=\"description\" content=\"Le minist\u00e8re des Ressources animales et halieutiques (MRAH) a tenu la premi\u00e8re session de son conseil d\u2019administratio ...\" \/>\n<meta name=\"robots\" content=\"index, follow, max-snippet:-1, max-image-preview:large, max-video-preview:-1\" \/>\n<link rel=\"canonical\" href=\"https:\/\/www.africa-press.net\/burkina-faso\/economie\/securisation-des-zones-pastorales-du-burkina-le-defi-majeur-du-ministere-des-ressources-animales-et-halieutiques\" \/>\n<meta property=\"og:locale\" content=\"fr_FR\" \/>\n<meta property=\"og:type\" content=\"article\" \/>\n<meta property=\"og:title\" content=\"S\u00e9curisation des zones pastorales du Burkina : Le d\u00e9fi majeur du minist\u00e8re des Ressources animales et halieutiques\" \/>\n<meta property=\"og:description\" content=\"Le minist\u00e8re des Ressources animales et halieutiques (MRAH) a tenu la premi\u00e8re session de son conseil d\u2019administratio ...\" \/>\n<meta property=\"og:url\" content=\"https:\/\/www.africa-press.net\/burkina-faso\/economie\/securisation-des-zones-pastorales-du-burkina-le-defi-majeur-du-ministere-des-ressources-animales-et-halieutiques\" \/>\n<meta property=\"og:site_name\" content=\"Burkina Faso\" \/>\n<meta property=\"article:published_time\" content=\"2021-05-08T11:19:49+00:00\" \/>\n<meta property=\"og:image\" content=\"https:\/\/static.africa-press.net\/burkina\/sites\/42\/2021\/05\/img-60965dbf8f93d.jpg\" \/>\n\t<meta property=\"og:image:width\" content=\"720\" \/>\n\t<meta property=\"og:image:height\" content=\"398\" \/>\n\t<meta property=\"og:image:type\" content=\"image\/jpeg\" \/>\n<meta name=\"author\" content=\"cfeditorfr\" \/>\n<meta name=\"twitter:card\" content=\"summary_large_image\" \/>\n<meta name=\"twitter:label1\" content=\"\u00c9crit par\" \/>\n\t<meta name=\"twitter:data1\" content=\"cfeditorfr\" \/>\n\t<meta name=\"twitter:label2\" content=\"Dur\u00e9e de lecture estim\u00e9e\" \/>\n\t<meta name=\"twitter:data2\" content=\"4 minutes\" \/>\n<script type=\"application\/ld+json\" class=\"yoast-schema-graph\">{\"@context\":\"https:\/\/schema.org\",\"@graph\":[{\"@type\":\"Article\",\"@id\":\"https:\/\/www.africa-press.net\/burkina-faso\/economie\/securisation-des-zones-pastorales-du-burkina-le-defi-majeur-du-ministere-des-ressources-animales-et-halieutiques#article\",\"isPartOf\":{\"@id\":\"https:\/\/www.africa-press.net\/burkina-faso\/economie\/securisation-des-zones-pastorales-du-burkina-le-defi-majeur-du-ministere-des-ressources-animales-et-halieutiques\"},\"author\":{\"name\":\"cfeditorfr\",\"@id\":\"https:\/\/www.africa-press.net\/burkina-faso\/#\/schema\/person\/2b1cf3cd81a31e3cd26889ca66d677f1\"},\"headline\":\"S\u00e9curisation des zones pastorales du Burkina : Le d\u00e9fi majeur du minist\u00e8re des Ressources animales et halieutiques\",\"datePublished\":\"2021-05-08T11:19:49+00:00\",\"mainEntityOfPage\":{\"@id\":\"https:\/\/www.africa-press.net\/burkina-faso\/economie\/securisation-des-zones-pastorales-du-burkina-le-defi-majeur-du-ministere-des-ressources-animales-et-halieutiques\"},\"wordCount\":816,\"commentCount\":0,\"image\":{\"@id\":\"https:\/\/www.africa-press.net\/burkina-faso\/economie\/securisation-des-zones-pastorales-du-burkina-le-defi-majeur-du-ministere-des-ressources-animales-et-halieutiques#primaryimage\"},\"thumbnailUrl\":\"https:\/\/static.africa-press.net\/burkina\/sites\/42\/2021\/05\/img-60965dbf8f93d.jpg\",\"keywords\":[\"Africa Press\",\"Africa Press-Burkina Faso\",\"Burkina Faso\"],\"articleSection\":[\"\u00c9conomie\",\"homepage-french\",\"Toutes les actualit\u00e9s\"],\"inLanguage\":\"fr-FR\",\"potentialAction\":[{\"@type\":\"CommentAction\",\"name\":\"Comment\",\"target\":[\"https:\/\/www.africa-press.net\/burkina-faso\/economie\/securisation-des-zones-pastorales-du-burkina-le-defi-majeur-du-ministere-des-ressources-animales-et-halieutiques#respond\"]}]},{\"@type\":\"WebPage\",\"@id\":\"https:\/\/www.africa-press.net\/burkina-faso\/economie\/securisation-des-zones-pastorales-du-burkina-le-defi-majeur-du-ministere-des-ressources-animales-et-halieutiques\",\"url\":\"https:\/\/www.africa-press.net\/burkina-faso\/economie\/securisation-des-zones-pastorales-du-burkina-le-defi-majeur-du-ministere-des-ressources-animales-et-halieutiques\",\"name\":\"S\u00e9curisation des zones pastorales du Burkina : Le d\u00e9fi majeur du minist\u00e8re des Ressources animales et halieutiques - Burkina Faso\",\"isPartOf\":{\"@id\":\"https:\/\/www.africa-press.net\/burkina-faso\/#website\"},\"primaryImageOfPage\":{\"@id\":\"https:\/\/www.africa-press.net\/burkina-faso\/economie\/securisation-des-zones-pastorales-du-burkina-le-defi-majeur-du-ministere-des-ressources-animales-et-halieutiques#primaryimage\"},\"image\":{\"@id\":\"https:\/\/www.africa-press.net\/burkina-faso\/economie\/securisation-des-zones-pastorales-du-burkina-le-defi-majeur-du-ministere-des-ressources-animales-et-halieutiques#primaryimage\"},\"thumbnailUrl\":\"https:\/\/static.africa-press.net\/burkina\/sites\/42\/2021\/05\/img-60965dbf8f93d.jpg\",\"datePublished\":\"2021-05-08T11:19:49+00:00\",\"author\":{\"@id\":\"https:\/\/www.africa-press.net\/burkina-faso\/#\/schema\/person\/2b1cf3cd81a31e3cd26889ca66d677f1\"},\"description\":\"Le minist\u00e8re des Ressources animales et halieutiques (MRAH) a tenu la premi\u00e8re session de son conseil d\u2019administratio ...\",\"breadcrumb\":{\"@id\":\"https:\/\/www.africa-press.net\/burkina-faso\/economie\/securisation-des-zones-pastorales-du-burkina-le-defi-majeur-du-ministere-des-ressources-animales-et-halieutiques#breadcrumb\"},\"inLanguage\":\"fr-FR\",\"potentialAction\":[{\"@type\":\"ReadAction\",\"target\":[\"https:\/\/www.africa-press.net\/burkina-faso\/economie\/securisation-des-zones-pastorales-du-burkina-le-defi-majeur-du-ministere-des-ressources-animales-et-halieutiques\"]}]},{\"@type\":\"ImageObject\",\"inLanguage\":\"fr-FR\",\"@id\":\"https:\/\/www.africa-press.net\/burkina-faso\/economie\/securisation-des-zones-pastorales-du-burkina-le-defi-majeur-du-ministere-des-ressources-animales-et-halieutiques#primaryimage\",\"url\":\"https:\/\/static.africa-press.net\/burkina\/sites\/42\/2021\/05\/img-60965dbf8f93d.jpg\",\"contentUrl\":\"https:\/\/static.africa-press.net\/burkina\/sites\/42\/2021\/05\/img-60965dbf8f93d.jpg\",\"width\":720,\"height\":398,\"caption\":\"S\u00e9curisation des zones pastorales du Burkina : Le d\u00e9fi majeur du minist\u00e8re des Ressources animales et halieutiques\"},{\"@type\":\"BreadcrumbList\",\"@id\":\"https:\/\/www.africa-press.net\/burkina-faso\/economie\/securisation-des-zones-pastorales-du-burkina-le-defi-majeur-du-ministere-des-ressources-animales-et-halieutiques#breadcrumb\",\"itemListElement\":[{\"@type\":\"ListItem\",\"position\":1,\"name\":\"Accueil\",\"item\":\"https:\/\/www.africa-press.net\/burkina-faso\/\"},{\"@type\":\"ListItem\",\"position\":2,\"name\":\"S\u00e9curisation des zones pastorales du Burkina : Le d\u00e9fi majeur du minist\u00e8re des Ressources animales et halieutiques\"}]},{\"@type\":\"WebSite\",\"@id\":\"https:\/\/www.africa-press.net\/burkina-faso\/#website\",\"url\":\"https:\/\/www.africa-press.net\/burkina-faso\/\",\"name\":\"Burkina Faso\",\"description\":\"Just another Africa News Agency Sites site\",\"potentialAction\":[{\"@type\":\"SearchAction\",\"target\":{\"@type\":\"EntryPoint\",\"urlTemplate\":\"https:\/\/www.africa-press.net\/burkina-faso\/?s={search_term_string}\"},\"query-input\":{\"@type\":\"PropertyValueSpecification\",\"valueRequired\":true,\"valueName\":\"search_term_string\"}}],\"inLanguage\":\"fr-FR\"},{\"@type\":\"Person\",\"@id\":\"https:\/\/www.africa-press.net\/burkina-faso\/#\/schema\/person\/2b1cf3cd81a31e3cd26889ca66d677f1\",\"name\":\"cfeditorfr\"}]}<\/script>\n<!-- \/ Yoast SEO Premium plugin. -->","yoast_head_json":{"title":"S\u00e9curisation des zones pastorales du Burkina : Le d\u00e9fi majeur du minist\u00e8re des Ressources animales et halieutiques - Burkina Faso","description":"Le minist\u00e8re des Ressources animales et halieutiques (MRAH) a tenu la premi\u00e8re session de son conseil d\u2019administratio ...","robots":{"index":"index","follow":"follow","max-snippet":"max-snippet:-1","max-image-preview":"max-image-preview:large","max-video-preview":"max-video-preview:-1"},"canonical":"https:\/\/www.africa-press.net\/burkina-faso\/economie\/securisation-des-zones-pastorales-du-burkina-le-defi-majeur-du-ministere-des-ressources-animales-et-halieutiques","og_locale":"fr_FR","og_type":"article","og_title":"S\u00e9curisation des zones pastorales du Burkina : Le d\u00e9fi majeur du minist\u00e8re des Ressources animales et halieutiques","og_description":"Le minist\u00e8re des Ressources animales et halieutiques (MRAH) a tenu la premi\u00e8re session de son conseil d\u2019administratio ...","og_url":"https:\/\/www.africa-press.net\/burkina-faso\/economie\/securisation-des-zones-pastorales-du-burkina-le-defi-majeur-du-ministere-des-ressources-animales-et-halieutiques","og_site_name":"Burkina Faso","article_published_time":"2021-05-08T11:19:49+00:00","og_image":[{"width":720,"height":398,"url":"https:\/\/static.africa-press.net\/burkina\/sites\/42\/2021\/05\/img-60965dbf8f93d.jpg","type":"image\/jpeg"}],"author":"cfeditorfr","twitter_card":"summary_large_image","twitter_misc":{"\u00c9crit par":"cfeditorfr","Dur\u00e9e de lecture estim\u00e9e":"4 minutes"},"schema":{"@context":"https:\/\/schema.org","@graph":[{"@type":"Article","@id":"https:\/\/www.africa-press.net\/burkina-faso\/economie\/securisation-des-zones-pastorales-du-burkina-le-defi-majeur-du-ministere-des-ressources-animales-et-halieutiques#article","isPartOf":{"@id":"https:\/\/www.africa-press.net\/burkina-faso\/economie\/securisation-des-zones-pastorales-du-burkina-le-defi-majeur-du-ministere-des-ressources-animales-et-halieutiques"},"author":{"name":"cfeditorfr","@id":"https:\/\/www.africa-press.net\/burkina-faso\/#\/schema\/person\/2b1cf3cd81a31e3cd26889ca66d677f1"},"headline":"S\u00e9curisation des zones pastorales du Burkina : Le d\u00e9fi majeur du minist\u00e8re des Ressources animales et halieutiques","datePublished":"2021-05-08T11:19:49+00:00","mainEntityOfPage":{"@id":"https:\/\/www.africa-press.net\/burkina-faso\/economie\/securisation-des-zones-pastorales-du-burkina-le-defi-majeur-du-ministere-des-ressources-animales-et-halieutiques"},"wordCount":816,"commentCount":0,"image":{"@id":"https:\/\/www.africa-press.net\/burkina-faso\/economie\/securisation-des-zones-pastorales-du-burkina-le-defi-majeur-du-ministere-des-ressources-animales-et-halieutiques#primaryimage"},"thumbnailUrl":"https:\/\/static.africa-press.net\/burkina\/sites\/42\/2021\/05\/img-60965dbf8f93d.jpg","keywords":["Africa Press","Africa Press-Burkina Faso","Burkina Faso"],"articleSection":["\u00c9conomie","homepage-french","Toutes les actualit\u00e9s"],"inLanguage":"fr-FR","potentialAction":[{"@type":"CommentAction","name":"Comment","target":["https:\/\/www.africa-press.net\/burkina-faso\/economie\/securisation-des-zones-pastorales-du-burkina-le-defi-majeur-du-ministere-des-ressources-animales-et-halieutiques#respond"]}]},{"@type":"WebPage","@id":"https:\/\/www.africa-press.net\/burkina-faso\/economie\/securisation-des-zones-pastorales-du-burkina-le-defi-majeur-du-ministere-des-ressources-animales-et-halieutiques","url":"https:\/\/www.africa-press.net\/burkina-faso\/economie\/securisation-des-zones-pastorales-du-burkina-le-defi-majeur-du-ministere-des-ressources-animales-et-halieutiques","name":"S\u00e9curisation des zones pastorales du Burkina : Le d\u00e9fi majeur du minist\u00e8re des Ressources animales et halieutiques - Burkina Faso","isPartOf":{"@id":"https:\/\/www.africa-press.net\/burkina-faso\/#website"},"primaryImageOfPage":{"@id":"https:\/\/www.africa-press.net\/burkina-faso\/economie\/securisation-des-zones-pastorales-du-burkina-le-defi-majeur-du-ministere-des-ressources-animales-et-halieutiques#primaryimage"},"image":{"@id":"https:\/\/www.africa-press.net\/burkina-faso\/economie\/securisation-des-zones-pastorales-du-burkina-le-defi-majeur-du-ministere-des-ressources-animales-et-halieutiques#primaryimage"},"thumbnailUrl":"https:\/\/static.africa-press.net\/burkina\/sites\/42\/2021\/05\/img-60965dbf8f93d.jpg","datePublished":"2021-05-08T11:19:49+00:00","author":{"@id":"https:\/\/www.africa-press.net\/burkina-faso\/#\/schema\/person\/2b1cf3cd81a31e3cd26889ca66d677f1"},"description":"Le minist\u00e8re des Ressources animales et halieutiques (MRAH) a tenu la premi\u00e8re session de son conseil d\u2019administratio ...","breadcrumb":{"@id":"https:\/\/www.africa-press.net\/burkina-faso\/economie\/securisation-des-zones-pastorales-du-burkina-le-defi-majeur-du-ministere-des-ressources-animales-et-halieutiques#breadcrumb"},"inLanguage":"fr-FR","potentialAction":[{"@type":"ReadAction","target":["https:\/\/www.africa-press.net\/burkina-faso\/economie\/securisation-des-zones-pastorales-du-burkina-le-defi-majeur-du-ministere-des-ressources-animales-et-halieutiques"]}]},{"@type":"ImageObject","inLanguage":"fr-FR","@id":"https:\/\/www.africa-press.net\/burkina-faso\/economie\/securisation-des-zones-pastorales-du-burkina-le-defi-majeur-du-ministere-des-ressources-animales-et-halieutiques#primaryimage","url":"https:\/\/static.africa-press.net\/burkina\/sites\/42\/2021\/05\/img-60965dbf8f93d.jpg","contentUrl":"https:\/\/static.africa-press.net\/burkina\/sites\/42\/2021\/05\/img-60965dbf8f93d.jpg","width":720,"height":398,"caption":"S\u00e9curisation des zones pastorales du Burkina : Le d\u00e9fi majeur du minist\u00e8re des Ressources animales et halieutiques"},{"@type":"BreadcrumbList","@id":"https:\/\/www.africa-press.net\/burkina-faso\/economie\/securisation-des-zones-pastorales-du-burkina-le-defi-majeur-du-ministere-des-ressources-animales-et-halieutiques#breadcrumb","itemListElement":[{"@type":"ListItem","position":1,"name":"Accueil","item":"https:\/\/www.africa-press.net\/burkina-faso\/"},{"@type":"ListItem","position":2,"name":"S\u00e9curisation des zones pastorales du Burkina : Le d\u00e9fi majeur du minist\u00e8re des Ressources animales et halieutiques"}]},{"@type":"WebSite","@id":"https:\/\/www.africa-press.net\/burkina-faso\/#website","url":"https:\/\/www.africa-press.net\/burkina-faso\/","name":"Burkina Faso","description":"Just another Africa News Agency Sites site","potentialAction":[{"@type":"SearchAction","target":{"@type":"EntryPoint","urlTemplate":"https:\/\/www.africa-press.net\/burkina-faso\/?s={search_term_string}"},"query-input":{"@type":"PropertyValueSpecification","valueRequired":true,"valueName":"search_term_string"}}],"inLanguage":"fr-FR"},{"@type":"Person","@id":"https:\/\/www.africa-press.net\/burkina-faso\/#\/schema\/person\/2b1cf3cd81a31e3cd26889ca66d677f1","name":"cfeditorfr"}]}},"_links":{"self":[{"href":"https:\/\/www.africa-press.net\/burkina-faso\/wp-json\/wp\/v2\/posts\/11519","targetHints":{"allow":["GET"]}}],"collection":[{"href":"https:\/\/www.africa-press.net\/burkina-faso\/wp-json\/wp\/v2\/posts"}],"about":[{"href":"https:\/\/www.africa-press.net\/burkina-faso\/wp-json\/wp\/v2\/types\/post"}],"author":[{"embeddable":true,"href":"https:\/\/www.africa-press.net\/burkina-faso\/wp-json\/wp\/v2\/users\/82"}],"replies":[{"embeddable":true,"href":"https:\/\/www.africa-press.net\/burkina-faso\/wp-json\/wp\/v2\/comments?post=11519"}],"version-history":[{"count":0,"href":"https:\/\/www.africa-press.net\/burkina-faso\/wp-json\/wp\/v2\/posts\/11519\/revisions"}],"wp:featuredmedia":[{"embeddable":true,"href":"https:\/\/www.africa-press.net\/burkina-faso\/wp-json\/wp\/v2\/media\/11518"}],"wp:attachment":[{"href":"https:\/\/www.africa-press.net\/burkina-faso\/wp-json\/wp\/v2\/media?parent=11519"}],"wp:term":[{"taxonomy":"category","embeddable":true,"href":"https:\/\/www.africa-press.net\/burkina-faso\/wp-json\/wp\/v2\/categories?post=11519"},{"taxonomy":"post_tag","embeddable":true,"href":"https:\/\/www.africa-press.net\/burkina-faso\/wp-json\/wp\/v2\/tags?post=11519"}],"curies":[{"name":"wp","href":"https:\/\/api.w.org\/{rel}","templated":true}]}}