{"id":11552,"date":"2021-05-09T14:46:55","date_gmt":"2021-05-09T14:46:55","guid":{"rendered":"https:\/\/www.africa-press.net\/burkina-faso\/politique\/lionel-bilgo-au-burkina-faso-la-scene-politique-est-devenue-une-chambre-secrete-des-affaires"},"modified":"2021-05-09T15:36:45","modified_gmt":"2021-05-09T15:36:45","slug":"lionel-bilgo-au-burkina-faso-la-scene-politique-est-devenue-une-chambre-secrete-des-affaires","status":"publish","type":"post","link":"https:\/\/www.africa-press.net\/burkina-faso\/politique\/lionel-bilgo-au-burkina-faso-la-scene-politique-est-devenue-une-chambre-secrete-des-affaires","title":{"rendered":"Lionel Bilgo : \u201cAu Burkina Faso, la sc\u00e8ne politique est devenue une chambre secr\u00e8te des affaires\u2026\u201d"},"content":{"rendered":"<p><span style=\"color: #ff6600\"><strong><a href=\"https:\/\/www.africa-press.net\/\">Africa-Press<\/a> &#8211; <a href=\"https:\/\/www.africa-press.net\/burkina-faso\">Burkina Faso<\/a>. <\/strong><\/span>Notre pays n\u2019applique pas de politique volontaire en mati\u00e8re de pr\u00e9f\u00e9rence nationale. L\u00e0 o\u00f9 d\u2019autres \u00c9tats choisissent de favoriser les acteurs \u00e9conomiques locaux, s\u2019engagent activement dans la protection de l\u2019industrie et du savoir-faire local, le Burkina Faso choisit syst\u00e9matiquement de les jeter en p\u00e2ture \u00e0 la concurrence d\u00e9loyale de la jungle du commerce international. Tandis que certains pays comme la Turquie, la Tunisie, et d\u2019une mani\u00e8re voil\u00e9e le B\u00e9nin et le Togo, vont jusqu\u2019\u00e0 imposer que tout investisseur \u00e9tranger ait un partenaire local pour s\u2019implanter, le Burkina Faso d\u00e9chire en lambeaux son patrimoine et ses atouts au lieu de capitaliser dessus\u2026<\/p>\n<p>L\u2019ampleur du chantier \u00e0 mettre en \u0153uvre pour rendre \u00e0 notre pays une \u00e9conomie propre, dans tous les sens du terme, est colossale. Mais elle ne doit pas nous faire peur. Bien au contraire, elle doit nous stimuler.<\/p>\n<p>Nous devons cr\u00e9er un \u00e9cosyst\u00e8me et un bassin d\u2019op\u00e9rateurs \u00e9conomiques fiables et qui soient non seulement capables d\u2019absorber la main-d\u2019\u0153uvre inscrite au ch\u00f4mage de longue dur\u00e9e, mais aussi de s\u00e9dentariser le capital. Dans cette dynamique, la jeunesse du pays est un atout pr\u00e9cieux pour faire sortir notre \u00e9conomie de son caract\u00e8re primitif. Avec presque vingt millions d\u2019habitants, nous disposons forc\u00e9ment d\u2019un socle d\u2019entrepreneurs fiables et non inf\u00e9od\u00e9s \u00e0 la m\u00e9t\u00e9o politique.<\/p>\n<p>La fabrique de l\u2019entrepreneur burkinab\u00e8 doit se faire sur la base des comp\u00e9tences de ceux et celles qui portent le germe d\u2019entreprendre, sans intervention politique d\u00e9plac\u00e9e. Le politique a trop souvent pollu\u00e9 le secteur \u00e9conomique en s\u2019y immis\u00e7ant de mani\u00e8re sauvage. \u00c0 chaque changement de gouvernement, c\u2019est une prolif\u00e9ration de cr\u00e9ation d\u2019entreprises, souvent port\u00e9es par des amis ou des membres de familles de politiciens. Les probl\u00e8mes surviennent quand ces n\u00e9o-entreprises, sans aucune exp\u00e9rience, raflent des march\u00e9s publics qu\u2019elles ex\u00e9cutent mal, et de surcroit au d\u00e9triment d\u2019entrepreneurs porteurs d\u2019un savoir-faire, d\u2019un v\u00e9ritable esprit d\u2019entreprendre et d\u2019un plan de d\u00e9veloppement socialement b\u00e9n\u00e9fique.<\/p>\n<p>Double punition l\u00e0 encore pour notre \u00e9conomie et notre d\u00e9veloppement. La d\u00e9politisation des programmes de soutien \u00e0 l\u2019entrepreneuriat est donc une n\u00e9cessit\u00e9 pour que l\u2019ascenseur social fonctionne normalement.<\/p>\n<p>Mon propos ici peut para\u00eetre utopique, mais convenez avec moi qu\u2019une forte politisation du secteur \u00e9conomique ne peut qu\u2019engendrer des instabilit\u00e9s. Car le secteur \u00e9conomique ne se bonifie que dans un environnement stable et, pour cela, il est primordial que les al\u00e9as de la vie politique n\u2019impactent que le moins possible la marche lente de son renouveau.<\/p>\n<p>Il n\u2019est pas sain de r\u00e9unir tous les pouvoirs dans de m\u00eames mains, on ne peut \u00eatre juge et partie, c\u2019est la base de toute d\u00e9mocratie. Or, au Burkina Faso, beaucoup d\u2019acteurs politiques sont avant tout des hommes d\u2019affaires, et la sc\u00e8ne politique est devenue une chambre secr\u00e8te des affaires o\u00f9 r\u00e8gne la confusion entre l\u2019int\u00e9r\u00eat de l\u2019entrepreneuriat au service de l\u2019\u00e9conomie de la nation et celui des d\u00e9cideurs politiques.<\/p>\n<p>Comment, dans un tel contexte, peut-on d\u00e9fendre clairement et efficacement les int\u00e9r\u00eats des masses face aux agissements non conformes de certaines entreprises ? Il manque \u00e0 notre pays des hommes d\u2019\u00c9tat qui mettent leur \u00e9nergie \u00e0 servir le pays tout entier.<\/p>\n<p>Des hommes et des femmes qui, par leurs comp\u00e9tences et leurs engagements au service de la nation, accompagnent et soutiennent ceux qui, de leur c\u00f4t\u00e9, s\u2019engagent dans une d\u00e9marche de d\u00e9veloppement social et \u00e9conomique au profit de l\u2019ensemble du Burkina Faso. Sans autre confusion dans les r\u00f4les et la place de chacun\u2026<\/p>\n<p><b>\u201cNe nous laissons pas impressionner par l\u2019ampleur du projet \u00e0 mener\u201d<\/b><\/p>\n<p>Regardons vers l\u2019horizon : ce constat commun partag\u00e9, qui nous redonne espoir en l\u2019avenir, c\u2019est la premi\u00e8re pierre de l\u2019action qu\u2019il faut mener. Ne nous laissons pas impressionner par l\u2019ampleur du projet \u00e0 mener, une pierre apr\u00e8s l\u2019autre, aucun \u00e9difice n\u2019est impossible \u00e0 b\u00e2tir si nous y croyons et si nous travaillons ensemble. Car c\u2019est ensemble qu\u2019il nous faut imaginer et construire le Burkina Faso de demain, en nous appuyant sur les fondations de celui d\u2019hier.<\/p>\n<p>Port\u00e9 par une ressource humaine vaillante et empreinte d\u2019exemplarit\u00e9, de l\u00e9gitimit\u00e9 et de leadership, chacune et chacun doit se sentir responsable et en devoir d\u2019agir pour servir notre pays.<\/p>\n<p>Chaque g\u00e9n\u00e9ration doit pouvoir jouer sa partition, car chacune d\u2019elle \u00e0 la responsabilit\u00e9 et l\u2019ultime devoir de transmettre un Burkina de paix et de prosp\u00e9rit\u00e9 aux g\u00e9n\u00e9rations futures.<\/p>\n<p>Nous ne devons pas trahir nos a\u00efeux qui, comme des lions, se sont battus face au d\u00e9sir sans cesse r\u00e9p\u00e9t\u00e9 de l\u2019administration coloniale de d\u00e9membrer notre pays en l\u2019assujettissant par morceaux \u00e0 d\u2019autres pays. Leur force et leur volont\u00e9 sont encore en nous. En leur m\u00e9moire et pour l\u2019avenir de nos enfants, faisons vivre leurs r\u00eaves et redonnons \u00e0 notre pays la place qu\u2019il m\u00e9rite.<\/p>\n<p><b>\u00a0<\/b><\/p>\n","protected":false},"excerpt":{"rendered":"<p>Africa-Press &#8211; Burkina Faso. Notre pays n\u2019applique pas de politique volontaire en mati\u00e8re de pr\u00e9f\u00e9rence nationale. L\u00e0 o\u00f9 d\u2019autres \u00c9tats choisissent de favoriser les acteurs \u00e9conomiques locaux, s\u2019engagent activement dans la protection de l\u2019industrie et du savoir-faire local, le Burkina Faso choisit syst\u00e9matiquement de les jeter en p\u00e2ture \u00e0 la concurrence d\u00e9loyale de la jungle [&hellip;]<\/p>\n","protected":false},"author":82,"featured_media":11551,"comment_status":"open","ping_status":"closed","sticky":false,"template":"","format":"standard","meta":{"footnotes":""},"categories":[11,2,10],"tags":[111,725,29],"class_list":["post-11552","post","type-post","status-publish","format-standard","has-post-thumbnail","hentry","category-homepage-french","category-politique","category-toutes-les-actualites","tag-africa-press","tag-africa-press-burkina-faso","tag-burkina-faso"],"yoast_head":"<!-- This site is optimized with the Yoast SEO Premium plugin v26.1 (Yoast SEO v27.0) - https:\/\/yoast.com\/product\/yoast-seo-premium-wordpress\/ -->\n<title>Lionel Bilgo : \u201cAu Burkina Faso, la sc\u00e8ne politique est devenue une chambre secr\u00e8te des affaires\u2026\u201d - Burkina Faso<\/title>\n<meta name=\"description\" content=\"Notre pays n\u2019applique pas de politique volontaire en mati\u00e8re de pr\u00e9f\u00e9rence nationale. L\u00e0 o\u00f9 d\u2019autres \u00c9tats choisissent d ...\" \/>\n<meta name=\"robots\" content=\"index, follow, max-snippet:-1, max-image-preview:large, max-video-preview:-1\" \/>\n<link rel=\"canonical\" href=\"https:\/\/www.africa-press.net\/burkina-faso\/politique\/lionel-bilgo-au-burkina-faso-la-scene-politique-est-devenue-une-chambre-secrete-des-affaires\" \/>\n<meta property=\"og:locale\" content=\"fr_FR\" \/>\n<meta property=\"og:type\" content=\"article\" \/>\n<meta property=\"og:title\" content=\"Lionel Bilgo : \u201cAu Burkina Faso, la sc\u00e8ne politique est devenue une chambre secr\u00e8te des affaires\u2026\u201d\" \/>\n<meta property=\"og:description\" content=\"Notre pays n\u2019applique pas de politique volontaire en mati\u00e8re de pr\u00e9f\u00e9rence nationale. L\u00e0 o\u00f9 d\u2019autres \u00c9tats choisissent d ...\" \/>\n<meta property=\"og:url\" content=\"https:\/\/www.africa-press.net\/burkina-faso\/politique\/lionel-bilgo-au-burkina-faso-la-scene-politique-est-devenue-une-chambre-secrete-des-affaires\" \/>\n<meta property=\"og:site_name\" content=\"Burkina Faso\" \/>\n<meta property=\"article:published_time\" content=\"2021-05-09T14:46:55+00:00\" \/>\n<meta property=\"article:modified_time\" content=\"2021-05-09T15:36:45+00:00\" \/>\n<meta property=\"og:image\" content=\"https:\/\/static.africa-press.net\/burkina\/sites\/42\/2021\/05\/img-6097f59521e3d.jpg\" \/>\n\t<meta property=\"og:image:width\" content=\"1024\" \/>\n\t<meta property=\"og:image:height\" content=\"608\" \/>\n\t<meta property=\"og:image:type\" content=\"image\/jpeg\" \/>\n<meta name=\"author\" content=\"cfeditorfr\" \/>\n<meta name=\"twitter:card\" content=\"summary_large_image\" \/>\n<meta name=\"twitter:label1\" content=\"\u00c9crit par\" \/>\n\t<meta name=\"twitter:data1\" content=\"cfeditorfr\" \/>\n\t<meta name=\"twitter:label2\" content=\"Dur\u00e9e de lecture estim\u00e9e\" \/>\n\t<meta name=\"twitter:data2\" content=\"4 minutes\" \/>\n<script type=\"application\/ld+json\" class=\"yoast-schema-graph\">{\"@context\":\"https:\/\/schema.org\",\"@graph\":[{\"@type\":\"Article\",\"@id\":\"https:\/\/www.africa-press.net\/burkina-faso\/politique\/lionel-bilgo-au-burkina-faso-la-scene-politique-est-devenue-une-chambre-secrete-des-affaires#article\",\"isPartOf\":{\"@id\":\"https:\/\/www.africa-press.net\/burkina-faso\/politique\/lionel-bilgo-au-burkina-faso-la-scene-politique-est-devenue-une-chambre-secrete-des-affaires\"},\"author\":{\"name\":\"cfeditorfr\",\"@id\":\"https:\/\/www.africa-press.net\/burkina-faso\/#\/schema\/person\/2b1cf3cd81a31e3cd26889ca66d677f1\"},\"headline\":\"Lionel Bilgo : \u201cAu Burkina Faso, la sc\u00e8ne politique est devenue une chambre secr\u00e8te des affaires\u2026\u201d\",\"datePublished\":\"2021-05-09T14:46:55+00:00\",\"dateModified\":\"2021-05-09T15:36:45+00:00\",\"mainEntityOfPage\":{\"@id\":\"https:\/\/www.africa-press.net\/burkina-faso\/politique\/lionel-bilgo-au-burkina-faso-la-scene-politique-est-devenue-une-chambre-secrete-des-affaires\"},\"wordCount\":913,\"commentCount\":0,\"image\":{\"@id\":\"https:\/\/www.africa-press.net\/burkina-faso\/politique\/lionel-bilgo-au-burkina-faso-la-scene-politique-est-devenue-une-chambre-secrete-des-affaires#primaryimage\"},\"thumbnailUrl\":\"https:\/\/static.africa-press.net\/burkina\/sites\/42\/2021\/05\/img-6097f59521e3d.jpg\",\"keywords\":[\"Africa Press\",\"Africa Press-Burkina Faso\",\"Burkina Faso\"],\"articleSection\":[\"homepage-french\",\"Politique\",\"Toutes les actualit\u00e9s\"],\"inLanguage\":\"fr-FR\",\"potentialAction\":[{\"@type\":\"CommentAction\",\"name\":\"Comment\",\"target\":[\"https:\/\/www.africa-press.net\/burkina-faso\/politique\/lionel-bilgo-au-burkina-faso-la-scene-politique-est-devenue-une-chambre-secrete-des-affaires#respond\"]}]},{\"@type\":\"WebPage\",\"@id\":\"https:\/\/www.africa-press.net\/burkina-faso\/politique\/lionel-bilgo-au-burkina-faso-la-scene-politique-est-devenue-une-chambre-secrete-des-affaires\",\"url\":\"https:\/\/www.africa-press.net\/burkina-faso\/politique\/lionel-bilgo-au-burkina-faso-la-scene-politique-est-devenue-une-chambre-secrete-des-affaires\",\"name\":\"Lionel Bilgo : \u201cAu Burkina Faso, la sc\u00e8ne politique est devenue une chambre secr\u00e8te des affaires\u2026\u201d - Burkina Faso\",\"isPartOf\":{\"@id\":\"https:\/\/www.africa-press.net\/burkina-faso\/#website\"},\"primaryImageOfPage\":{\"@id\":\"https:\/\/www.africa-press.net\/burkina-faso\/politique\/lionel-bilgo-au-burkina-faso-la-scene-politique-est-devenue-une-chambre-secrete-des-affaires#primaryimage\"},\"image\":{\"@id\":\"https:\/\/www.africa-press.net\/burkina-faso\/politique\/lionel-bilgo-au-burkina-faso-la-scene-politique-est-devenue-une-chambre-secrete-des-affaires#primaryimage\"},\"thumbnailUrl\":\"https:\/\/static.africa-press.net\/burkina\/sites\/42\/2021\/05\/img-6097f59521e3d.jpg\",\"datePublished\":\"2021-05-09T14:46:55+00:00\",\"dateModified\":\"2021-05-09T15:36:45+00:00\",\"author\":{\"@id\":\"https:\/\/www.africa-press.net\/burkina-faso\/#\/schema\/person\/2b1cf3cd81a31e3cd26889ca66d677f1\"},\"description\":\"Notre pays n\u2019applique pas de politique volontaire en mati\u00e8re de pr\u00e9f\u00e9rence nationale. L\u00e0 o\u00f9 d\u2019autres \u00c9tats choisissent d ...\",\"breadcrumb\":{\"@id\":\"https:\/\/www.africa-press.net\/burkina-faso\/politique\/lionel-bilgo-au-burkina-faso-la-scene-politique-est-devenue-une-chambre-secrete-des-affaires#breadcrumb\"},\"inLanguage\":\"fr-FR\",\"potentialAction\":[{\"@type\":\"ReadAction\",\"target\":[\"https:\/\/www.africa-press.net\/burkina-faso\/politique\/lionel-bilgo-au-burkina-faso-la-scene-politique-est-devenue-une-chambre-secrete-des-affaires\"]}]},{\"@type\":\"ImageObject\",\"inLanguage\":\"fr-FR\",\"@id\":\"https:\/\/www.africa-press.net\/burkina-faso\/politique\/lionel-bilgo-au-burkina-faso-la-scene-politique-est-devenue-une-chambre-secrete-des-affaires#primaryimage\",\"url\":\"https:\/\/static.africa-press.net\/burkina\/sites\/42\/2021\/05\/img-6097f59521e3d.jpg\",\"contentUrl\":\"https:\/\/static.africa-press.net\/burkina\/sites\/42\/2021\/05\/img-6097f59521e3d.jpg\",\"width\":1024,\"height\":608,\"caption\":\"Lionel Bilgo : \u201cAu Burkina Faso, la sc\u00e8ne politique est devenue une chambre secr\u00e8te des affaires\u2026\u201d\"},{\"@type\":\"BreadcrumbList\",\"@id\":\"https:\/\/www.africa-press.net\/burkina-faso\/politique\/lionel-bilgo-au-burkina-faso-la-scene-politique-est-devenue-une-chambre-secrete-des-affaires#breadcrumb\",\"itemListElement\":[{\"@type\":\"ListItem\",\"position\":1,\"name\":\"Accueil\",\"item\":\"https:\/\/www.africa-press.net\/burkina-faso\/\"},{\"@type\":\"ListItem\",\"position\":2,\"name\":\"Lionel Bilgo : \u201cAu Burkina Faso, la sc\u00e8ne politique est devenue une chambre secr\u00e8te des affaires\u2026\u201d\"}]},{\"@type\":\"WebSite\",\"@id\":\"https:\/\/www.africa-press.net\/burkina-faso\/#website\",\"url\":\"https:\/\/www.africa-press.net\/burkina-faso\/\",\"name\":\"Burkina Faso\",\"description\":\"Just another Africa News Agency Sites site\",\"potentialAction\":[{\"@type\":\"SearchAction\",\"target\":{\"@type\":\"EntryPoint\",\"urlTemplate\":\"https:\/\/www.africa-press.net\/burkina-faso\/?s={search_term_string}\"},\"query-input\":{\"@type\":\"PropertyValueSpecification\",\"valueRequired\":true,\"valueName\":\"search_term_string\"}}],\"inLanguage\":\"fr-FR\"},{\"@type\":\"Person\",\"@id\":\"https:\/\/www.africa-press.net\/burkina-faso\/#\/schema\/person\/2b1cf3cd81a31e3cd26889ca66d677f1\",\"name\":\"cfeditorfr\"}]}<\/script>\n<!-- \/ Yoast SEO Premium plugin. -->","yoast_head_json":{"title":"Lionel Bilgo : \u201cAu Burkina Faso, la sc\u00e8ne politique est devenue une chambre secr\u00e8te des affaires\u2026\u201d - Burkina Faso","description":"Notre pays n\u2019applique pas de politique volontaire en mati\u00e8re de pr\u00e9f\u00e9rence nationale. L\u00e0 o\u00f9 d\u2019autres \u00c9tats choisissent d ...","robots":{"index":"index","follow":"follow","max-snippet":"max-snippet:-1","max-image-preview":"max-image-preview:large","max-video-preview":"max-video-preview:-1"},"canonical":"https:\/\/www.africa-press.net\/burkina-faso\/politique\/lionel-bilgo-au-burkina-faso-la-scene-politique-est-devenue-une-chambre-secrete-des-affaires","og_locale":"fr_FR","og_type":"article","og_title":"Lionel Bilgo : \u201cAu Burkina Faso, la sc\u00e8ne politique est devenue une chambre secr\u00e8te des affaires\u2026\u201d","og_description":"Notre pays n\u2019applique pas de politique volontaire en mati\u00e8re de pr\u00e9f\u00e9rence nationale. L\u00e0 o\u00f9 d\u2019autres \u00c9tats choisissent d ...","og_url":"https:\/\/www.africa-press.net\/burkina-faso\/politique\/lionel-bilgo-au-burkina-faso-la-scene-politique-est-devenue-une-chambre-secrete-des-affaires","og_site_name":"Burkina Faso","article_published_time":"2021-05-09T14:46:55+00:00","article_modified_time":"2021-05-09T15:36:45+00:00","og_image":[{"width":1024,"height":608,"url":"https:\/\/static.africa-press.net\/burkina\/sites\/42\/2021\/05\/img-6097f59521e3d.jpg","type":"image\/jpeg"}],"author":"cfeditorfr","twitter_card":"summary_large_image","twitter_misc":{"\u00c9crit par":"cfeditorfr","Dur\u00e9e de lecture estim\u00e9e":"4 minutes"},"schema":{"@context":"https:\/\/schema.org","@graph":[{"@type":"Article","@id":"https:\/\/www.africa-press.net\/burkina-faso\/politique\/lionel-bilgo-au-burkina-faso-la-scene-politique-est-devenue-une-chambre-secrete-des-affaires#article","isPartOf":{"@id":"https:\/\/www.africa-press.net\/burkina-faso\/politique\/lionel-bilgo-au-burkina-faso-la-scene-politique-est-devenue-une-chambre-secrete-des-affaires"},"author":{"name":"cfeditorfr","@id":"https:\/\/www.africa-press.net\/burkina-faso\/#\/schema\/person\/2b1cf3cd81a31e3cd26889ca66d677f1"},"headline":"Lionel Bilgo : \u201cAu Burkina Faso, la sc\u00e8ne politique est devenue une chambre secr\u00e8te des affaires\u2026\u201d","datePublished":"2021-05-09T14:46:55+00:00","dateModified":"2021-05-09T15:36:45+00:00","mainEntityOfPage":{"@id":"https:\/\/www.africa-press.net\/burkina-faso\/politique\/lionel-bilgo-au-burkina-faso-la-scene-politique-est-devenue-une-chambre-secrete-des-affaires"},"wordCount":913,"commentCount":0,"image":{"@id":"https:\/\/www.africa-press.net\/burkina-faso\/politique\/lionel-bilgo-au-burkina-faso-la-scene-politique-est-devenue-une-chambre-secrete-des-affaires#primaryimage"},"thumbnailUrl":"https:\/\/static.africa-press.net\/burkina\/sites\/42\/2021\/05\/img-6097f59521e3d.jpg","keywords":["Africa Press","Africa Press-Burkina Faso","Burkina Faso"],"articleSection":["homepage-french","Politique","Toutes les actualit\u00e9s"],"inLanguage":"fr-FR","potentialAction":[{"@type":"CommentAction","name":"Comment","target":["https:\/\/www.africa-press.net\/burkina-faso\/politique\/lionel-bilgo-au-burkina-faso-la-scene-politique-est-devenue-une-chambre-secrete-des-affaires#respond"]}]},{"@type":"WebPage","@id":"https:\/\/www.africa-press.net\/burkina-faso\/politique\/lionel-bilgo-au-burkina-faso-la-scene-politique-est-devenue-une-chambre-secrete-des-affaires","url":"https:\/\/www.africa-press.net\/burkina-faso\/politique\/lionel-bilgo-au-burkina-faso-la-scene-politique-est-devenue-une-chambre-secrete-des-affaires","name":"Lionel Bilgo : \u201cAu Burkina Faso, la sc\u00e8ne politique est devenue une chambre secr\u00e8te des affaires\u2026\u201d - Burkina Faso","isPartOf":{"@id":"https:\/\/www.africa-press.net\/burkina-faso\/#website"},"primaryImageOfPage":{"@id":"https:\/\/www.africa-press.net\/burkina-faso\/politique\/lionel-bilgo-au-burkina-faso-la-scene-politique-est-devenue-une-chambre-secrete-des-affaires#primaryimage"},"image":{"@id":"https:\/\/www.africa-press.net\/burkina-faso\/politique\/lionel-bilgo-au-burkina-faso-la-scene-politique-est-devenue-une-chambre-secrete-des-affaires#primaryimage"},"thumbnailUrl":"https:\/\/static.africa-press.net\/burkina\/sites\/42\/2021\/05\/img-6097f59521e3d.jpg","datePublished":"2021-05-09T14:46:55+00:00","dateModified":"2021-05-09T15:36:45+00:00","author":{"@id":"https:\/\/www.africa-press.net\/burkina-faso\/#\/schema\/person\/2b1cf3cd81a31e3cd26889ca66d677f1"},"description":"Notre pays n\u2019applique pas de politique volontaire en mati\u00e8re de pr\u00e9f\u00e9rence nationale. L\u00e0 o\u00f9 d\u2019autres \u00c9tats choisissent d ...","breadcrumb":{"@id":"https:\/\/www.africa-press.net\/burkina-faso\/politique\/lionel-bilgo-au-burkina-faso-la-scene-politique-est-devenue-une-chambre-secrete-des-affaires#breadcrumb"},"inLanguage":"fr-FR","potentialAction":[{"@type":"ReadAction","target":["https:\/\/www.africa-press.net\/burkina-faso\/politique\/lionel-bilgo-au-burkina-faso-la-scene-politique-est-devenue-une-chambre-secrete-des-affaires"]}]},{"@type":"ImageObject","inLanguage":"fr-FR","@id":"https:\/\/www.africa-press.net\/burkina-faso\/politique\/lionel-bilgo-au-burkina-faso-la-scene-politique-est-devenue-une-chambre-secrete-des-affaires#primaryimage","url":"https:\/\/static.africa-press.net\/burkina\/sites\/42\/2021\/05\/img-6097f59521e3d.jpg","contentUrl":"https:\/\/static.africa-press.net\/burkina\/sites\/42\/2021\/05\/img-6097f59521e3d.jpg","width":1024,"height":608,"caption":"Lionel Bilgo : \u201cAu Burkina Faso, la sc\u00e8ne politique est devenue une chambre secr\u00e8te des affaires\u2026\u201d"},{"@type":"BreadcrumbList","@id":"https:\/\/www.africa-press.net\/burkina-faso\/politique\/lionel-bilgo-au-burkina-faso-la-scene-politique-est-devenue-une-chambre-secrete-des-affaires#breadcrumb","itemListElement":[{"@type":"ListItem","position":1,"name":"Accueil","item":"https:\/\/www.africa-press.net\/burkina-faso\/"},{"@type":"ListItem","position":2,"name":"Lionel Bilgo : \u201cAu Burkina Faso, la sc\u00e8ne politique est devenue une chambre secr\u00e8te des affaires\u2026\u201d"}]},{"@type":"WebSite","@id":"https:\/\/www.africa-press.net\/burkina-faso\/#website","url":"https:\/\/www.africa-press.net\/burkina-faso\/","name":"Burkina Faso","description":"Just another Africa News Agency Sites site","potentialAction":[{"@type":"SearchAction","target":{"@type":"EntryPoint","urlTemplate":"https:\/\/www.africa-press.net\/burkina-faso\/?s={search_term_string}"},"query-input":{"@type":"PropertyValueSpecification","valueRequired":true,"valueName":"search_term_string"}}],"inLanguage":"fr-FR"},{"@type":"Person","@id":"https:\/\/www.africa-press.net\/burkina-faso\/#\/schema\/person\/2b1cf3cd81a31e3cd26889ca66d677f1","name":"cfeditorfr"}]}},"_links":{"self":[{"href":"https:\/\/www.africa-press.net\/burkina-faso\/wp-json\/wp\/v2\/posts\/11552","targetHints":{"allow":["GET"]}}],"collection":[{"href":"https:\/\/www.africa-press.net\/burkina-faso\/wp-json\/wp\/v2\/posts"}],"about":[{"href":"https:\/\/www.africa-press.net\/burkina-faso\/wp-json\/wp\/v2\/types\/post"}],"author":[{"embeddable":true,"href":"https:\/\/www.africa-press.net\/burkina-faso\/wp-json\/wp\/v2\/users\/82"}],"replies":[{"embeddable":true,"href":"https:\/\/www.africa-press.net\/burkina-faso\/wp-json\/wp\/v2\/comments?post=11552"}],"version-history":[{"count":0,"href":"https:\/\/www.africa-press.net\/burkina-faso\/wp-json\/wp\/v2\/posts\/11552\/revisions"}],"wp:featuredmedia":[{"embeddable":true,"href":"https:\/\/www.africa-press.net\/burkina-faso\/wp-json\/wp\/v2\/media\/11551"}],"wp:attachment":[{"href":"https:\/\/www.africa-press.net\/burkina-faso\/wp-json\/wp\/v2\/media?parent=11552"}],"wp:term":[{"taxonomy":"category","embeddable":true,"href":"https:\/\/www.africa-press.net\/burkina-faso\/wp-json\/wp\/v2\/categories?post=11552"},{"taxonomy":"post_tag","embeddable":true,"href":"https:\/\/www.africa-press.net\/burkina-faso\/wp-json\/wp\/v2\/tags?post=11552"}],"curies":[{"name":"wp","href":"https:\/\/api.w.org\/{rel}","templated":true}]}}