{"id":11555,"date":"2021-05-09T14:54:38","date_gmt":"2021-05-09T14:54:38","guid":{"rendered":"https:\/\/www.africa-press.net\/burkina-faso\/?p=11555"},"modified":"2021-05-09T15:37:04","modified_gmt":"2021-05-09T15:37:04","slug":"cfop-12-personnes-reflechissent-sur-la-reconciliation-nationale","status":"publish","type":"post","link":"https:\/\/www.africa-press.net\/burkina-faso\/politique\/cfop-12-personnes-reflechissent-sur-la-reconciliation-nationale","title":{"rendered":"CFOP : 12 personnes r\u00e9fl\u00e9chissent sur la r\u00e9conciliation nationale"},"content":{"rendered":"<p><span style=\"color: #ff6600\"><strong><a href=\"https:\/\/www.africa-press.net\/\">Africa-Press<\/a> &#8211; <a href=\"https:\/\/www.africa-press.net\/burkina-faso\">Burkina Faso<\/a>. <\/strong><\/span>Le Chef de File de l\u2019Opposition Politique Burkinab\u00e8 (CFOP) a install\u00e9 son comit\u00e9 de r\u00e9flexion sur la question de la r\u00e9conciliation nationale le vendredi 7 mai 2021 \u00e0 Ouagadougou. Cette installation a pour objectif de recueillir toute donn\u00e9e tendant \u00e0 enrichir le processus de r\u00e9conciliation nationale dans l\u2019int\u00e9r\u00eat sup\u00e9rieur de la Nation.<\/p>\n<p>Dans le besoin de mieux participer \u00e0 la r\u00e9conciliation nationale, le Chef de File de l\u2019Opposition Politique Burkinab\u00e8 (CFOP), Eddie Kombo\u00efgo, a mis en place un comit\u00e9 de r\u00e9flexion sur la question de la r\u00e9conciliation nationale ce vendredi 7 mai 2021.<\/p>\n<p>Ce comit\u00e9 a pour mission de recueillir toute donn\u00e9e et de mener toute r\u00e9flexion tendant \u00e0 enrichir le processus de r\u00e9conciliation nationale. Un rapport sera d\u00e9pos\u00e9 au CFOP et fera l\u2019objet de critiques pour aboutir \u00e0 un rapport d\u00e9finitif. Pr\u00e9sid\u00e9 par Alain Zoubga, le comit\u00e9 de 12 membres a un d\u00e9lai de deux semaines pour d\u00e9poser son rapport.<\/p>\n<p>Selon Alain Zoubga, le besoin d\u2019une harmonie forte pour mieux construire le pays se fait sentir. Il esp\u00e8re que cette fois-ci sera la bonne, apr\u00e8s les \u00e9checs pass\u00e9s. \u00ab Nous nous sommes engag\u00e9s pour \u00eatre \u00e0 c\u00f4t\u00e9 de tous ces principaux acteurs afin que ce processus aboutisse. L\u2019opposition travaille tout le temps pour qu\u2019il y ait une r\u00e9conciliation \u00e0 travers un dialogue inclusif pour qu\u2019enfin les fils et les filles du Burkina puissent parler et se tenir la main.<\/p>\n<p>Nous avons besoin d\u2019harmoniser une bataille sur le plan du d\u00e9veloppement \u00e9conomique et social du Burkina. Ce qui est s\u00fbr, \u00e7a ne sera pas une bataille aussi facile qu\u2019on le croit et c\u2019est parce que la question est importante que sa r\u00e9solution ne sera pas aussi facile. C\u2019est une soci\u00e9t\u00e9 transversale. Et c\u2019est pour \u00e7a d\u2019ailleurs que certains rappellent puisque nous avons fait l\u2019ann\u00e9e pass\u00e9e et qui n\u2019a pas v\u00e9ritablement abouti. Cette fois-ci j\u2019esp\u00e8re bien que ce sera la bonne \u00bb, a-t-il laiss\u00e9 entendre.<\/p>\n<p>Pour Eddie Kombo\u00efgo, cet engagement en faveur de la r\u00e9conciliation est dans le but de participer \u00e0 l\u2019\u00e9dification du pays. \u00ab Dans le cadre de concertation, le Chef de file de l\u2019opposition s\u2019est engag\u00e9 \u00e0 accompagner la r\u00e9conciliation nationale de sorte que ce soit un succ\u00e8s total. Nous ne pouvons pas nous mettre en marge, nous avons eu l\u2019honneur d\u2019avoir \u00e9t\u00e9 visit\u00e9s par le ministre d\u2019\u00c9tat en charge de la r\u00e9conciliation nationale.<\/p>\n<p>Il nous a expos\u00e9 sa vision que nous-m\u00eames, en tant que cadre de concertation, aurions des personnes pour r\u00e9fl\u00e9chir, enrichir le processus, permettre \u00e0 tout un chacun de s\u2019exprimer. Et c\u2019est ainsi que nous avons install\u00e9 ce comit\u00e9 de r\u00e9flexion. Sa mission est assez claire, au bout de deux semaines, ils d\u00e9poseront un dossier de rapport qui sera discut\u00e9 et enrichi \u00bb, a confi\u00e9 le Pr\u00e9sident du CDP. Jo\u00ebl THIOMBIANO (stagiaire)<\/p>\n","protected":false},"excerpt":{"rendered":"<p>Africa-Press &#8211; Burkina Faso. Le Chef de File de l\u2019Opposition Politique Burkinab\u00e8 (CFOP) a install\u00e9 son comit\u00e9 de r\u00e9flexion sur la question de la r\u00e9conciliation nationale le vendredi 7 mai 2021 \u00e0 Ouagadougou. Cette installation a pour objectif de recueillir toute donn\u00e9e tendant \u00e0 enrichir le processus de r\u00e9conciliation nationale dans l\u2019int\u00e9r\u00eat sup\u00e9rieur de la [&hellip;]<\/p>\n","protected":false},"author":82,"featured_media":11554,"comment_status":"open","ping_status":"closed","sticky":false,"template":"","format":"standard","meta":{"footnotes":""},"categories":[11,2,10],"tags":[111,725,29],"class_list":["post-11555","post","type-post","status-publish","format-standard","has-post-thumbnail","hentry","category-homepage-french","category-politique","category-toutes-les-actualites","tag-africa-press","tag-africa-press-burkina-faso","tag-burkina-faso"],"yoast_head":"<!-- This site is optimized with the Yoast SEO Premium plugin v26.1 (Yoast SEO v27.0) - https:\/\/yoast.com\/product\/yoast-seo-premium-wordpress\/ -->\n<title>CFOP : 12 personnes r\u00e9fl\u00e9chissent sur la r\u00e9conciliation nationale - Burkina Faso<\/title>\n<meta name=\"description\" content=\"Le Chef de File de l\u2019Opposition Politique Burkinab\u00e8 (CFOP) a install\u00e9 son comit\u00e9 de r\u00e9flexion sur la question de la r\u00e9co ...\" \/>\n<meta name=\"robots\" content=\"index, follow, max-snippet:-1, max-image-preview:large, max-video-preview:-1\" \/>\n<link rel=\"canonical\" href=\"https:\/\/www.africa-press.net\/burkina-faso\/politique\/cfop-12-personnes-reflechissent-sur-la-reconciliation-nationale\" \/>\n<meta property=\"og:locale\" content=\"fr_FR\" \/>\n<meta property=\"og:type\" content=\"article\" \/>\n<meta property=\"og:title\" content=\"CFOP : 12 personnes r\u00e9fl\u00e9chissent sur la r\u00e9conciliation nationale\" \/>\n<meta property=\"og:description\" content=\"Le Chef de File de l\u2019Opposition Politique Burkinab\u00e8 (CFOP) a install\u00e9 son comit\u00e9 de r\u00e9flexion sur la question de la r\u00e9co ...\" \/>\n<meta property=\"og:url\" content=\"https:\/\/www.africa-press.net\/burkina-faso\/politique\/cfop-12-personnes-reflechissent-sur-la-reconciliation-nationale\" \/>\n<meta property=\"og:site_name\" content=\"Burkina Faso\" \/>\n<meta property=\"article:published_time\" content=\"2021-05-09T14:54:38+00:00\" \/>\n<meta property=\"article:modified_time\" content=\"2021-05-09T15:37:04+00:00\" \/>\n<meta property=\"og:image\" content=\"https:\/\/static.africa-press.net\/burkina\/sites\/42\/2021\/05\/img-6097f5bf93430.jpg\" \/>\n\t<meta property=\"og:image:width\" content=\"1024\" \/>\n\t<meta property=\"og:image:height\" content=\"461\" \/>\n\t<meta property=\"og:image:type\" content=\"image\/jpeg\" \/>\n<meta name=\"author\" content=\"cfeditorfr\" \/>\n<meta name=\"twitter:card\" content=\"summary_large_image\" \/>\n<meta name=\"twitter:label1\" content=\"\u00c9crit par\" \/>\n\t<meta name=\"twitter:data1\" content=\"cfeditorfr\" \/>\n\t<meta name=\"twitter:label2\" content=\"Dur\u00e9e de lecture estim\u00e9e\" \/>\n\t<meta name=\"twitter:data2\" content=\"3 minutes\" \/>\n<script type=\"application\/ld+json\" class=\"yoast-schema-graph\">{\"@context\":\"https:\/\/schema.org\",\"@graph\":[{\"@type\":\"Article\",\"@id\":\"https:\/\/www.africa-press.net\/burkina-faso\/politique\/cfop-12-personnes-reflechissent-sur-la-reconciliation-nationale#article\",\"isPartOf\":{\"@id\":\"https:\/\/www.africa-press.net\/burkina-faso\/politique\/cfop-12-personnes-reflechissent-sur-la-reconciliation-nationale\"},\"author\":{\"name\":\"cfeditorfr\",\"@id\":\"https:\/\/www.africa-press.net\/burkina-faso\/#\/schema\/person\/2b1cf3cd81a31e3cd26889ca66d677f1\"},\"headline\":\"CFOP : 12 personnes r\u00e9fl\u00e9chissent sur la r\u00e9conciliation nationale\",\"datePublished\":\"2021-05-09T14:54:38+00:00\",\"dateModified\":\"2021-05-09T15:37:04+00:00\",\"mainEntityOfPage\":{\"@id\":\"https:\/\/www.africa-press.net\/burkina-faso\/politique\/cfop-12-personnes-reflechissent-sur-la-reconciliation-nationale\"},\"wordCount\":523,\"commentCount\":0,\"image\":{\"@id\":\"https:\/\/www.africa-press.net\/burkina-faso\/politique\/cfop-12-personnes-reflechissent-sur-la-reconciliation-nationale#primaryimage\"},\"thumbnailUrl\":\"https:\/\/static.africa-press.net\/burkina\/sites\/42\/2021\/05\/img-6097f5bf93430.jpg\",\"keywords\":[\"Africa Press\",\"Africa Press-Burkina Faso\",\"Burkina Faso\"],\"articleSection\":[\"homepage-french\",\"Politique\",\"Toutes les actualit\u00e9s\"],\"inLanguage\":\"fr-FR\",\"potentialAction\":[{\"@type\":\"CommentAction\",\"name\":\"Comment\",\"target\":[\"https:\/\/www.africa-press.net\/burkina-faso\/politique\/cfop-12-personnes-reflechissent-sur-la-reconciliation-nationale#respond\"]}]},{\"@type\":\"WebPage\",\"@id\":\"https:\/\/www.africa-press.net\/burkina-faso\/politique\/cfop-12-personnes-reflechissent-sur-la-reconciliation-nationale\",\"url\":\"https:\/\/www.africa-press.net\/burkina-faso\/politique\/cfop-12-personnes-reflechissent-sur-la-reconciliation-nationale\",\"name\":\"CFOP : 12 personnes r\u00e9fl\u00e9chissent sur la r\u00e9conciliation nationale - Burkina Faso\",\"isPartOf\":{\"@id\":\"https:\/\/www.africa-press.net\/burkina-faso\/#website\"},\"primaryImageOfPage\":{\"@id\":\"https:\/\/www.africa-press.net\/burkina-faso\/politique\/cfop-12-personnes-reflechissent-sur-la-reconciliation-nationale#primaryimage\"},\"image\":{\"@id\":\"https:\/\/www.africa-press.net\/burkina-faso\/politique\/cfop-12-personnes-reflechissent-sur-la-reconciliation-nationale#primaryimage\"},\"thumbnailUrl\":\"https:\/\/static.africa-press.net\/burkina\/sites\/42\/2021\/05\/img-6097f5bf93430.jpg\",\"datePublished\":\"2021-05-09T14:54:38+00:00\",\"dateModified\":\"2021-05-09T15:37:04+00:00\",\"author\":{\"@id\":\"https:\/\/www.africa-press.net\/burkina-faso\/#\/schema\/person\/2b1cf3cd81a31e3cd26889ca66d677f1\"},\"description\":\"Le Chef de File de l\u2019Opposition Politique Burkinab\u00e8 (CFOP) a install\u00e9 son comit\u00e9 de r\u00e9flexion sur la question de la r\u00e9co ...\",\"breadcrumb\":{\"@id\":\"https:\/\/www.africa-press.net\/burkina-faso\/politique\/cfop-12-personnes-reflechissent-sur-la-reconciliation-nationale#breadcrumb\"},\"inLanguage\":\"fr-FR\",\"potentialAction\":[{\"@type\":\"ReadAction\",\"target\":[\"https:\/\/www.africa-press.net\/burkina-faso\/politique\/cfop-12-personnes-reflechissent-sur-la-reconciliation-nationale\"]}]},{\"@type\":\"ImageObject\",\"inLanguage\":\"fr-FR\",\"@id\":\"https:\/\/www.africa-press.net\/burkina-faso\/politique\/cfop-12-personnes-reflechissent-sur-la-reconciliation-nationale#primaryimage\",\"url\":\"https:\/\/static.africa-press.net\/burkina\/sites\/42\/2021\/05\/img-6097f5bf93430.jpg\",\"contentUrl\":\"https:\/\/static.africa-press.net\/burkina\/sites\/42\/2021\/05\/img-6097f5bf93430.jpg\",\"width\":1024,\"height\":461,\"caption\":\"CFOP : 12 personnes r\u00e9fl\u00e9chissent sur la r\u00e9conciliation nationale\"},{\"@type\":\"BreadcrumbList\",\"@id\":\"https:\/\/www.africa-press.net\/burkina-faso\/politique\/cfop-12-personnes-reflechissent-sur-la-reconciliation-nationale#breadcrumb\",\"itemListElement\":[{\"@type\":\"ListItem\",\"position\":1,\"name\":\"Accueil\",\"item\":\"https:\/\/www.africa-press.net\/burkina-faso\/\"},{\"@type\":\"ListItem\",\"position\":2,\"name\":\"CFOP : 12 personnes r\u00e9fl\u00e9chissent sur la r\u00e9conciliation nationale\"}]},{\"@type\":\"WebSite\",\"@id\":\"https:\/\/www.africa-press.net\/burkina-faso\/#website\",\"url\":\"https:\/\/www.africa-press.net\/burkina-faso\/\",\"name\":\"Burkina Faso\",\"description\":\"Just another Africa News Agency Sites site\",\"potentialAction\":[{\"@type\":\"SearchAction\",\"target\":{\"@type\":\"EntryPoint\",\"urlTemplate\":\"https:\/\/www.africa-press.net\/burkina-faso\/?s={search_term_string}\"},\"query-input\":{\"@type\":\"PropertyValueSpecification\",\"valueRequired\":true,\"valueName\":\"search_term_string\"}}],\"inLanguage\":\"fr-FR\"},{\"@type\":\"Person\",\"@id\":\"https:\/\/www.africa-press.net\/burkina-faso\/#\/schema\/person\/2b1cf3cd81a31e3cd26889ca66d677f1\",\"name\":\"cfeditorfr\"}]}<\/script>\n<!-- \/ Yoast SEO Premium plugin. -->","yoast_head_json":{"title":"CFOP : 12 personnes r\u00e9fl\u00e9chissent sur la r\u00e9conciliation nationale - Burkina Faso","description":"Le Chef de File de l\u2019Opposition Politique Burkinab\u00e8 (CFOP) a install\u00e9 son comit\u00e9 de r\u00e9flexion sur la question de la r\u00e9co ...","robots":{"index":"index","follow":"follow","max-snippet":"max-snippet:-1","max-image-preview":"max-image-preview:large","max-video-preview":"max-video-preview:-1"},"canonical":"https:\/\/www.africa-press.net\/burkina-faso\/politique\/cfop-12-personnes-reflechissent-sur-la-reconciliation-nationale","og_locale":"fr_FR","og_type":"article","og_title":"CFOP : 12 personnes r\u00e9fl\u00e9chissent sur la r\u00e9conciliation nationale","og_description":"Le Chef de File de l\u2019Opposition Politique Burkinab\u00e8 (CFOP) a install\u00e9 son comit\u00e9 de r\u00e9flexion sur la question de la r\u00e9co ...","og_url":"https:\/\/www.africa-press.net\/burkina-faso\/politique\/cfop-12-personnes-reflechissent-sur-la-reconciliation-nationale","og_site_name":"Burkina Faso","article_published_time":"2021-05-09T14:54:38+00:00","article_modified_time":"2021-05-09T15:37:04+00:00","og_image":[{"width":1024,"height":461,"url":"https:\/\/static.africa-press.net\/burkina\/sites\/42\/2021\/05\/img-6097f5bf93430.jpg","type":"image\/jpeg"}],"author":"cfeditorfr","twitter_card":"summary_large_image","twitter_misc":{"\u00c9crit par":"cfeditorfr","Dur\u00e9e de lecture estim\u00e9e":"3 minutes"},"schema":{"@context":"https:\/\/schema.org","@graph":[{"@type":"Article","@id":"https:\/\/www.africa-press.net\/burkina-faso\/politique\/cfop-12-personnes-reflechissent-sur-la-reconciliation-nationale#article","isPartOf":{"@id":"https:\/\/www.africa-press.net\/burkina-faso\/politique\/cfop-12-personnes-reflechissent-sur-la-reconciliation-nationale"},"author":{"name":"cfeditorfr","@id":"https:\/\/www.africa-press.net\/burkina-faso\/#\/schema\/person\/2b1cf3cd81a31e3cd26889ca66d677f1"},"headline":"CFOP : 12 personnes r\u00e9fl\u00e9chissent sur la r\u00e9conciliation nationale","datePublished":"2021-05-09T14:54:38+00:00","dateModified":"2021-05-09T15:37:04+00:00","mainEntityOfPage":{"@id":"https:\/\/www.africa-press.net\/burkina-faso\/politique\/cfop-12-personnes-reflechissent-sur-la-reconciliation-nationale"},"wordCount":523,"commentCount":0,"image":{"@id":"https:\/\/www.africa-press.net\/burkina-faso\/politique\/cfop-12-personnes-reflechissent-sur-la-reconciliation-nationale#primaryimage"},"thumbnailUrl":"https:\/\/static.africa-press.net\/burkina\/sites\/42\/2021\/05\/img-6097f5bf93430.jpg","keywords":["Africa Press","Africa Press-Burkina Faso","Burkina Faso"],"articleSection":["homepage-french","Politique","Toutes les actualit\u00e9s"],"inLanguage":"fr-FR","potentialAction":[{"@type":"CommentAction","name":"Comment","target":["https:\/\/www.africa-press.net\/burkina-faso\/politique\/cfop-12-personnes-reflechissent-sur-la-reconciliation-nationale#respond"]}]},{"@type":"WebPage","@id":"https:\/\/www.africa-press.net\/burkina-faso\/politique\/cfop-12-personnes-reflechissent-sur-la-reconciliation-nationale","url":"https:\/\/www.africa-press.net\/burkina-faso\/politique\/cfop-12-personnes-reflechissent-sur-la-reconciliation-nationale","name":"CFOP : 12 personnes r\u00e9fl\u00e9chissent sur la r\u00e9conciliation nationale - Burkina Faso","isPartOf":{"@id":"https:\/\/www.africa-press.net\/burkina-faso\/#website"},"primaryImageOfPage":{"@id":"https:\/\/www.africa-press.net\/burkina-faso\/politique\/cfop-12-personnes-reflechissent-sur-la-reconciliation-nationale#primaryimage"},"image":{"@id":"https:\/\/www.africa-press.net\/burkina-faso\/politique\/cfop-12-personnes-reflechissent-sur-la-reconciliation-nationale#primaryimage"},"thumbnailUrl":"https:\/\/static.africa-press.net\/burkina\/sites\/42\/2021\/05\/img-6097f5bf93430.jpg","datePublished":"2021-05-09T14:54:38+00:00","dateModified":"2021-05-09T15:37:04+00:00","author":{"@id":"https:\/\/www.africa-press.net\/burkina-faso\/#\/schema\/person\/2b1cf3cd81a31e3cd26889ca66d677f1"},"description":"Le Chef de File de l\u2019Opposition Politique Burkinab\u00e8 (CFOP) a install\u00e9 son comit\u00e9 de r\u00e9flexion sur la question de la r\u00e9co ...","breadcrumb":{"@id":"https:\/\/www.africa-press.net\/burkina-faso\/politique\/cfop-12-personnes-reflechissent-sur-la-reconciliation-nationale#breadcrumb"},"inLanguage":"fr-FR","potentialAction":[{"@type":"ReadAction","target":["https:\/\/www.africa-press.net\/burkina-faso\/politique\/cfop-12-personnes-reflechissent-sur-la-reconciliation-nationale"]}]},{"@type":"ImageObject","inLanguage":"fr-FR","@id":"https:\/\/www.africa-press.net\/burkina-faso\/politique\/cfop-12-personnes-reflechissent-sur-la-reconciliation-nationale#primaryimage","url":"https:\/\/static.africa-press.net\/burkina\/sites\/42\/2021\/05\/img-6097f5bf93430.jpg","contentUrl":"https:\/\/static.africa-press.net\/burkina\/sites\/42\/2021\/05\/img-6097f5bf93430.jpg","width":1024,"height":461,"caption":"CFOP : 12 personnes r\u00e9fl\u00e9chissent sur la r\u00e9conciliation nationale"},{"@type":"BreadcrumbList","@id":"https:\/\/www.africa-press.net\/burkina-faso\/politique\/cfop-12-personnes-reflechissent-sur-la-reconciliation-nationale#breadcrumb","itemListElement":[{"@type":"ListItem","position":1,"name":"Accueil","item":"https:\/\/www.africa-press.net\/burkina-faso\/"},{"@type":"ListItem","position":2,"name":"CFOP : 12 personnes r\u00e9fl\u00e9chissent sur la r\u00e9conciliation nationale"}]},{"@type":"WebSite","@id":"https:\/\/www.africa-press.net\/burkina-faso\/#website","url":"https:\/\/www.africa-press.net\/burkina-faso\/","name":"Burkina Faso","description":"Just another Africa News Agency Sites site","potentialAction":[{"@type":"SearchAction","target":{"@type":"EntryPoint","urlTemplate":"https:\/\/www.africa-press.net\/burkina-faso\/?s={search_term_string}"},"query-input":{"@type":"PropertyValueSpecification","valueRequired":true,"valueName":"search_term_string"}}],"inLanguage":"fr-FR"},{"@type":"Person","@id":"https:\/\/www.africa-press.net\/burkina-faso\/#\/schema\/person\/2b1cf3cd81a31e3cd26889ca66d677f1","name":"cfeditorfr"}]}},"_links":{"self":[{"href":"https:\/\/www.africa-press.net\/burkina-faso\/wp-json\/wp\/v2\/posts\/11555","targetHints":{"allow":["GET"]}}],"collection":[{"href":"https:\/\/www.africa-press.net\/burkina-faso\/wp-json\/wp\/v2\/posts"}],"about":[{"href":"https:\/\/www.africa-press.net\/burkina-faso\/wp-json\/wp\/v2\/types\/post"}],"author":[{"embeddable":true,"href":"https:\/\/www.africa-press.net\/burkina-faso\/wp-json\/wp\/v2\/users\/82"}],"replies":[{"embeddable":true,"href":"https:\/\/www.africa-press.net\/burkina-faso\/wp-json\/wp\/v2\/comments?post=11555"}],"version-history":[{"count":0,"href":"https:\/\/www.africa-press.net\/burkina-faso\/wp-json\/wp\/v2\/posts\/11555\/revisions"}],"wp:featuredmedia":[{"embeddable":true,"href":"https:\/\/www.africa-press.net\/burkina-faso\/wp-json\/wp\/v2\/media\/11554"}],"wp:attachment":[{"href":"https:\/\/www.africa-press.net\/burkina-faso\/wp-json\/wp\/v2\/media?parent=11555"}],"wp:term":[{"taxonomy":"category","embeddable":true,"href":"https:\/\/www.africa-press.net\/burkina-faso\/wp-json\/wp\/v2\/categories?post=11555"},{"taxonomy":"post_tag","embeddable":true,"href":"https:\/\/www.africa-press.net\/burkina-faso\/wp-json\/wp\/v2\/tags?post=11555"}],"curies":[{"name":"wp","href":"https:\/\/api.w.org\/{rel}","templated":true}]}}