{"id":11558,"date":"2021-05-09T15:02:23","date_gmt":"2021-05-09T15:02:23","guid":{"rendered":"https:\/\/www.africa-press.net\/burkina-faso\/?p=11558"},"modified":"2021-05-09T15:37:19","modified_gmt":"2021-05-09T15:37:19","slug":"litterature-au-burkina-faso-bekouone-kountiala-jean-de-dieu-some-dedicace-son-premier-roman","status":"publish","type":"post","link":"https:\/\/www.africa-press.net\/burkina-faso\/culture-et-art\/litterature-au-burkina-faso-bekouone-kountiala-jean-de-dieu-some-dedicace-son-premier-roman","title":{"rendered":"Litt\u00e9rature  : B\u00e8kouon\u00e9 Kountiala Jean de Dieu Som\u00e9 d\u00e9dicace son premier roman"},"content":{"rendered":"<p><span style=\"color: #ff6600\"><strong><a href=\"https:\/\/www.africa-press.net\/\">Africa-Press<\/a> &#8211; <a href=\"https:\/\/www.africa-press.net\/burkina-faso\">Burkina Faso<\/a>. <\/strong><\/span>B\u00e8kouon\u00e9 Kountiala, Jean de Dieu Som\u00e9 a ce samedi 8 mai 2021 proc\u00e9d\u00e9 \u00e0 la sortie deson premier roman, intitul\u00e9 \u201cDu monde rural au monde m\u00e9tropolitain : parcours exceptionnel d\u2019un orphelin d\u2019Afrique\u201d.<\/p>\n<p>\u201cDu monde rural au monde m\u00e9tropolitain : parcours exceptionnel d\u2019un orphelin d\u2019Afrique\u201d est une \u0153uvre autobiographique de 111 pages dont la d\u00e9dicace est intervenue ce samedi 8 mai 2021 \u00e0 Ouagadougou. D\u2019apr\u00e8s l\u2019auteur, ce roman a pour objectif de documenter le processus d\u2019\u00e9volution des grands hommes et d\u2019un c\u00f4t\u00e9 amener les gens \u00e0 limiter les convoitises vides.<\/p>\n<p>\u00c0 l\u2019entendre, le monde est marqu\u00e9 aujourd\u2019hui par une complicit\u00e9 inqui\u00e9tante entre la vie et la mort, d\u2019un monde s\u00e9lectif o\u00f9 la r\u00e9ussite am\u00e8ne les gens \u00e0 se cr\u00e9er un profil. Et en le faisant, ils cachent le processus de leur succ\u00e8s, ainsi l\u2019auteur se veut comme un \u00e9claireur pour inspirer les jeunes.<\/p>\n<p>Dans son \u0153uvre, Jean de Dieu Som\u00e9 relate certaines situations et exp\u00e9riences pour amener le lecteur \u00e0 faire une r\u00e9trospection sur son parcours pour une orientation de son futur, et celui de ses descendants. C\u2019est un ouvrage qui incite le lecteur \u00e0 mener un combat constant contre ses propres points faibles. La principale le\u00e7on est de savoir que chaque personne a une s\u00e9rie de dons souvent sous-estim\u00e9s qu\u2019il est appel\u00e9 \u00e0 mettre en \u00e9vidence pour elle-m\u00eame et sa descendance.<\/p>\n<p>Aussi, B\u00e8kouon\u00e8 Kountiala Jean de Dieu a rench\u00e9ri que son livre met en valeur, les exp\u00e9riences travers\u00e9es par certains hommes pour qu\u2019ils deviennent ce qu\u2019ils sont aujourd\u2019hui. Pour lui, il faut aussi abandonner les convoitises.<\/p>\n<p>\u00ab L\u2019important pour moi, c\u2019est de documenter le processus. Nous traversons des exp\u00e9riences chaque jour qui en r\u00e9alit\u00e9 contribuent au succ\u00e8s peut-\u00eatre d\u2019aujourd\u2019hui ou demain et donc si on ne documente pas les forces qui nous permettent de traverser certaines situations pour atteindre aux r\u00e9alisations que les gens voient au dehors, on risque peut-\u00eatre de cacher le plus important qui est le processus men\u00e9. Je me suis dit tout simplement, je me donne en exercice \u00e0 tous les jeunes, aux parents, et cet exercice est de dire \u00e0 la jeunesse qu\u2019on n\u2019est riche parce qu\u2019on a fait telle et telle chose de par le pass\u00e9 pour y arriver. Et que ceux qui veulent \u00eatre \u00e0 notre niveau qu\u2019ils puissent savoir par o\u00f9 commencer. C\u2019\u00e9tait aussi de contribuer d\u2019une mani\u00e8re ou d\u2019une autre \u00e0 amener les gens \u00e0 limiter les convoitises \u00bb, a-t-il laiss\u00e9 entendre.<\/p>\n<p>Pour la marraine de l\u2019\u00e9v\u00e8nement, Dr Marie-Th\u00e9r\u00e8se Som\u00e9, directrice g\u00e9n\u00e9rale du FONER a confi\u00e9 qu\u2019elle a trouv\u00e9 les valeurs qu\u2019elle enseigne dans ce livre.<\/p>\n<p>\u00ab Ce qu\u2019il a \u00e9crit m\u2019a interpell\u00e9e parce que j\u2019enseigne ces valeurs qu\u2019il a dans ce livre. Beaucoup sont n\u00e9s en ville et ne connaissent plus le sens de ces noms traditionnels. Ce livre nous enseigne \u00e0 conna\u00eetre ses racines, leur donner une force pour continuer \u00e0 grandir. Voil\u00e0 pourquoi j\u2019appr\u00e9cie autant l\u2019ouvrage , a-t-elle indiqu\u00e9. Le livre se vend \u00e0 3000 FCFA chez Harmattan Burkina et autres points. La jeunesse est la cible privil\u00e9gi\u00e9e de l\u2019auteur. Joel THIOMBIANO (stagiaire)<\/p>\n","protected":false},"excerpt":{"rendered":"<p>Africa-Press &#8211; Burkina Faso. B\u00e8kouon\u00e9 Kountiala, Jean de Dieu Som\u00e9 a ce samedi 8 mai 2021 proc\u00e9d\u00e9 \u00e0 la sortie deson premier roman, intitul\u00e9 \u201cDu monde rural au monde m\u00e9tropolitain : parcours exceptionnel d\u2019un orphelin d\u2019Afrique\u201d. \u201cDu monde rural au monde m\u00e9tropolitain : parcours exceptionnel d\u2019un orphelin d\u2019Afrique\u201d est une \u0153uvre autobiographique de 111 pages [&hellip;]<\/p>\n","protected":false},"author":82,"featured_media":11557,"comment_status":"open","ping_status":"closed","sticky":false,"template":"","format":"standard","meta":{"footnotes":""},"categories":[5,11,10],"tags":[111,725,29],"class_list":["post-11558","post","type-post","status-publish","format-standard","has-post-thumbnail","hentry","category-culture-et-art","category-homepage-french","category-toutes-les-actualites","tag-africa-press","tag-africa-press-burkina-faso","tag-burkina-faso"],"yoast_head":"<!-- This site is optimized with the Yoast SEO Premium plugin v26.1 (Yoast SEO v27.0) - https:\/\/yoast.com\/product\/yoast-seo-premium-wordpress\/ -->\n<title>Litt\u00e9rature : B\u00e8kouon\u00e9 Kountiala Jean de Dieu Som\u00e9 d\u00e9dicace son premier roman - Burkina Faso<\/title>\n<meta name=\"description\" content=\"B\u00e8kouon\u00e9 Kountiala, Jean de Dieu Som\u00e9 a ce samedi 8 mai 2021 proc\u00e9d\u00e9 \u00e0 la sortie deson premier roman, intitul\u00e9 \u201cDu monde ...\" \/>\n<meta name=\"robots\" content=\"index, follow, max-snippet:-1, max-image-preview:large, max-video-preview:-1\" \/>\n<link rel=\"canonical\" href=\"https:\/\/www.africa-press.net\/burkina-faso\/culture-et-art\/litterature-au-burkina-faso-bekouone-kountiala-jean-de-dieu-some-dedicace-son-premier-roman\" \/>\n<meta property=\"og:locale\" content=\"fr_FR\" \/>\n<meta property=\"og:type\" content=\"article\" \/>\n<meta property=\"og:title\" content=\"Litt\u00e9rature : B\u00e8kouon\u00e9 Kountiala Jean de Dieu Som\u00e9 d\u00e9dicace son premier roman\" \/>\n<meta property=\"og:description\" content=\"B\u00e8kouon\u00e9 Kountiala, Jean de Dieu Som\u00e9 a ce samedi 8 mai 2021 proc\u00e9d\u00e9 \u00e0 la sortie deson premier roman, intitul\u00e9 \u201cDu monde ...\" \/>\n<meta property=\"og:url\" content=\"https:\/\/www.africa-press.net\/burkina-faso\/culture-et-art\/litterature-au-burkina-faso-bekouone-kountiala-jean-de-dieu-some-dedicace-son-premier-roman\" \/>\n<meta property=\"og:site_name\" content=\"Burkina Faso\" \/>\n<meta property=\"article:published_time\" content=\"2021-05-09T15:02:23+00:00\" \/>\n<meta property=\"article:modified_time\" content=\"2021-05-09T15:37:19+00:00\" \/>\n<meta property=\"og:image\" content=\"https:\/\/static.africa-press.net\/burkina\/sites\/42\/2021\/05\/img-6097f5ecf14c6.jpg\" \/>\n\t<meta property=\"og:image:width\" content=\"1024\" \/>\n\t<meta property=\"og:image:height\" content=\"1024\" \/>\n\t<meta property=\"og:image:type\" content=\"image\/jpeg\" \/>\n<meta name=\"author\" content=\"cfeditorfr\" \/>\n<meta name=\"twitter:card\" content=\"summary_large_image\" \/>\n<meta name=\"twitter:label1\" content=\"\u00c9crit par\" \/>\n\t<meta name=\"twitter:data1\" content=\"cfeditorfr\" \/>\n\t<meta name=\"twitter:label2\" content=\"Dur\u00e9e de lecture estim\u00e9e\" \/>\n\t<meta name=\"twitter:data2\" content=\"3 minutes\" \/>\n<script type=\"application\/ld+json\" class=\"yoast-schema-graph\">{\"@context\":\"https:\/\/schema.org\",\"@graph\":[{\"@type\":\"Article\",\"@id\":\"https:\/\/www.africa-press.net\/burkina-faso\/culture-et-art\/litterature-au-burkina-faso-bekouone-kountiala-jean-de-dieu-some-dedicace-son-premier-roman#article\",\"isPartOf\":{\"@id\":\"https:\/\/www.africa-press.net\/burkina-faso\/culture-et-art\/litterature-au-burkina-faso-bekouone-kountiala-jean-de-dieu-some-dedicace-son-premier-roman\"},\"author\":{\"name\":\"cfeditorfr\",\"@id\":\"https:\/\/www.africa-press.net\/burkina-faso\/#\/schema\/person\/2b1cf3cd81a31e3cd26889ca66d677f1\"},\"headline\":\"Litt\u00e9rature : B\u00e8kouon\u00e9 Kountiala Jean de Dieu Som\u00e9 d\u00e9dicace son premier roman\",\"datePublished\":\"2021-05-09T15:02:23+00:00\",\"dateModified\":\"2021-05-09T15:37:19+00:00\",\"mainEntityOfPage\":{\"@id\":\"https:\/\/www.africa-press.net\/burkina-faso\/culture-et-art\/litterature-au-burkina-faso-bekouone-kountiala-jean-de-dieu-some-dedicace-son-premier-roman\"},\"wordCount\":573,\"commentCount\":0,\"image\":{\"@id\":\"https:\/\/www.africa-press.net\/burkina-faso\/culture-et-art\/litterature-au-burkina-faso-bekouone-kountiala-jean-de-dieu-some-dedicace-son-premier-roman#primaryimage\"},\"thumbnailUrl\":\"https:\/\/static.africa-press.net\/burkina\/sites\/42\/2021\/05\/img-6097f5ecf14c6.jpg\",\"keywords\":[\"Africa Press\",\"Africa Press-Burkina Faso\",\"Burkina Faso\"],\"articleSection\":[\"Culture et Art\",\"homepage-french\",\"Toutes les actualit\u00e9s\"],\"inLanguage\":\"fr-FR\",\"potentialAction\":[{\"@type\":\"CommentAction\",\"name\":\"Comment\",\"target\":[\"https:\/\/www.africa-press.net\/burkina-faso\/culture-et-art\/litterature-au-burkina-faso-bekouone-kountiala-jean-de-dieu-some-dedicace-son-premier-roman#respond\"]}]},{\"@type\":\"WebPage\",\"@id\":\"https:\/\/www.africa-press.net\/burkina-faso\/culture-et-art\/litterature-au-burkina-faso-bekouone-kountiala-jean-de-dieu-some-dedicace-son-premier-roman\",\"url\":\"https:\/\/www.africa-press.net\/burkina-faso\/culture-et-art\/litterature-au-burkina-faso-bekouone-kountiala-jean-de-dieu-some-dedicace-son-premier-roman\",\"name\":\"Litt\u00e9rature : B\u00e8kouon\u00e9 Kountiala Jean de Dieu Som\u00e9 d\u00e9dicace son premier roman - Burkina Faso\",\"isPartOf\":{\"@id\":\"https:\/\/www.africa-press.net\/burkina-faso\/#website\"},\"primaryImageOfPage\":{\"@id\":\"https:\/\/www.africa-press.net\/burkina-faso\/culture-et-art\/litterature-au-burkina-faso-bekouone-kountiala-jean-de-dieu-some-dedicace-son-premier-roman#primaryimage\"},\"image\":{\"@id\":\"https:\/\/www.africa-press.net\/burkina-faso\/culture-et-art\/litterature-au-burkina-faso-bekouone-kountiala-jean-de-dieu-some-dedicace-son-premier-roman#primaryimage\"},\"thumbnailUrl\":\"https:\/\/static.africa-press.net\/burkina\/sites\/42\/2021\/05\/img-6097f5ecf14c6.jpg\",\"datePublished\":\"2021-05-09T15:02:23+00:00\",\"dateModified\":\"2021-05-09T15:37:19+00:00\",\"author\":{\"@id\":\"https:\/\/www.africa-press.net\/burkina-faso\/#\/schema\/person\/2b1cf3cd81a31e3cd26889ca66d677f1\"},\"description\":\"B\u00e8kouon\u00e9 Kountiala, Jean de Dieu Som\u00e9 a ce samedi 8 mai 2021 proc\u00e9d\u00e9 \u00e0 la sortie deson premier roman, intitul\u00e9 \u201cDu monde ...\",\"breadcrumb\":{\"@id\":\"https:\/\/www.africa-press.net\/burkina-faso\/culture-et-art\/litterature-au-burkina-faso-bekouone-kountiala-jean-de-dieu-some-dedicace-son-premier-roman#breadcrumb\"},\"inLanguage\":\"fr-FR\",\"potentialAction\":[{\"@type\":\"ReadAction\",\"target\":[\"https:\/\/www.africa-press.net\/burkina-faso\/culture-et-art\/litterature-au-burkina-faso-bekouone-kountiala-jean-de-dieu-some-dedicace-son-premier-roman\"]}]},{\"@type\":\"ImageObject\",\"inLanguage\":\"fr-FR\",\"@id\":\"https:\/\/www.africa-press.net\/burkina-faso\/culture-et-art\/litterature-au-burkina-faso-bekouone-kountiala-jean-de-dieu-some-dedicace-son-premier-roman#primaryimage\",\"url\":\"https:\/\/static.africa-press.net\/burkina\/sites\/42\/2021\/05\/img-6097f5ecf14c6.jpg\",\"contentUrl\":\"https:\/\/static.africa-press.net\/burkina\/sites\/42\/2021\/05\/img-6097f5ecf14c6.jpg\",\"width\":1024,\"height\":1024,\"caption\":\"Litt\u00e9rature au Burkina Faso : B\u00e8kouon\u00e9 Kountiala Jean de Dieu Som\u00e9 d\u00e9dicace son premier roman\"},{\"@type\":\"BreadcrumbList\",\"@id\":\"https:\/\/www.africa-press.net\/burkina-faso\/culture-et-art\/litterature-au-burkina-faso-bekouone-kountiala-jean-de-dieu-some-dedicace-son-premier-roman#breadcrumb\",\"itemListElement\":[{\"@type\":\"ListItem\",\"position\":1,\"name\":\"Accueil\",\"item\":\"https:\/\/www.africa-press.net\/burkina-faso\/\"},{\"@type\":\"ListItem\",\"position\":2,\"name\":\"Litt\u00e9rature : B\u00e8kouon\u00e9 Kountiala Jean de Dieu Som\u00e9 d\u00e9dicace son premier roman\"}]},{\"@type\":\"WebSite\",\"@id\":\"https:\/\/www.africa-press.net\/burkina-faso\/#website\",\"url\":\"https:\/\/www.africa-press.net\/burkina-faso\/\",\"name\":\"Burkina Faso\",\"description\":\"Just another Africa News Agency Sites site\",\"potentialAction\":[{\"@type\":\"SearchAction\",\"target\":{\"@type\":\"EntryPoint\",\"urlTemplate\":\"https:\/\/www.africa-press.net\/burkina-faso\/?s={search_term_string}\"},\"query-input\":{\"@type\":\"PropertyValueSpecification\",\"valueRequired\":true,\"valueName\":\"search_term_string\"}}],\"inLanguage\":\"fr-FR\"},{\"@type\":\"Person\",\"@id\":\"https:\/\/www.africa-press.net\/burkina-faso\/#\/schema\/person\/2b1cf3cd81a31e3cd26889ca66d677f1\",\"name\":\"cfeditorfr\"}]}<\/script>\n<!-- \/ Yoast SEO Premium plugin. -->","yoast_head_json":{"title":"Litt\u00e9rature : B\u00e8kouon\u00e9 Kountiala Jean de Dieu Som\u00e9 d\u00e9dicace son premier roman - Burkina Faso","description":"B\u00e8kouon\u00e9 Kountiala, Jean de Dieu Som\u00e9 a ce samedi 8 mai 2021 proc\u00e9d\u00e9 \u00e0 la sortie deson premier roman, intitul\u00e9 \u201cDu monde ...","robots":{"index":"index","follow":"follow","max-snippet":"max-snippet:-1","max-image-preview":"max-image-preview:large","max-video-preview":"max-video-preview:-1"},"canonical":"https:\/\/www.africa-press.net\/burkina-faso\/culture-et-art\/litterature-au-burkina-faso-bekouone-kountiala-jean-de-dieu-some-dedicace-son-premier-roman","og_locale":"fr_FR","og_type":"article","og_title":"Litt\u00e9rature : B\u00e8kouon\u00e9 Kountiala Jean de Dieu Som\u00e9 d\u00e9dicace son premier roman","og_description":"B\u00e8kouon\u00e9 Kountiala, Jean de Dieu Som\u00e9 a ce samedi 8 mai 2021 proc\u00e9d\u00e9 \u00e0 la sortie deson premier roman, intitul\u00e9 \u201cDu monde ...","og_url":"https:\/\/www.africa-press.net\/burkina-faso\/culture-et-art\/litterature-au-burkina-faso-bekouone-kountiala-jean-de-dieu-some-dedicace-son-premier-roman","og_site_name":"Burkina Faso","article_published_time":"2021-05-09T15:02:23+00:00","article_modified_time":"2021-05-09T15:37:19+00:00","og_image":[{"width":1024,"height":1024,"url":"https:\/\/static.africa-press.net\/burkina\/sites\/42\/2021\/05\/img-6097f5ecf14c6.jpg","type":"image\/jpeg"}],"author":"cfeditorfr","twitter_card":"summary_large_image","twitter_misc":{"\u00c9crit par":"cfeditorfr","Dur\u00e9e de lecture estim\u00e9e":"3 minutes"},"schema":{"@context":"https:\/\/schema.org","@graph":[{"@type":"Article","@id":"https:\/\/www.africa-press.net\/burkina-faso\/culture-et-art\/litterature-au-burkina-faso-bekouone-kountiala-jean-de-dieu-some-dedicace-son-premier-roman#article","isPartOf":{"@id":"https:\/\/www.africa-press.net\/burkina-faso\/culture-et-art\/litterature-au-burkina-faso-bekouone-kountiala-jean-de-dieu-some-dedicace-son-premier-roman"},"author":{"name":"cfeditorfr","@id":"https:\/\/www.africa-press.net\/burkina-faso\/#\/schema\/person\/2b1cf3cd81a31e3cd26889ca66d677f1"},"headline":"Litt\u00e9rature : B\u00e8kouon\u00e9 Kountiala Jean de Dieu Som\u00e9 d\u00e9dicace son premier roman","datePublished":"2021-05-09T15:02:23+00:00","dateModified":"2021-05-09T15:37:19+00:00","mainEntityOfPage":{"@id":"https:\/\/www.africa-press.net\/burkina-faso\/culture-et-art\/litterature-au-burkina-faso-bekouone-kountiala-jean-de-dieu-some-dedicace-son-premier-roman"},"wordCount":573,"commentCount":0,"image":{"@id":"https:\/\/www.africa-press.net\/burkina-faso\/culture-et-art\/litterature-au-burkina-faso-bekouone-kountiala-jean-de-dieu-some-dedicace-son-premier-roman#primaryimage"},"thumbnailUrl":"https:\/\/static.africa-press.net\/burkina\/sites\/42\/2021\/05\/img-6097f5ecf14c6.jpg","keywords":["Africa Press","Africa Press-Burkina Faso","Burkina Faso"],"articleSection":["Culture et Art","homepage-french","Toutes les actualit\u00e9s"],"inLanguage":"fr-FR","potentialAction":[{"@type":"CommentAction","name":"Comment","target":["https:\/\/www.africa-press.net\/burkina-faso\/culture-et-art\/litterature-au-burkina-faso-bekouone-kountiala-jean-de-dieu-some-dedicace-son-premier-roman#respond"]}]},{"@type":"WebPage","@id":"https:\/\/www.africa-press.net\/burkina-faso\/culture-et-art\/litterature-au-burkina-faso-bekouone-kountiala-jean-de-dieu-some-dedicace-son-premier-roman","url":"https:\/\/www.africa-press.net\/burkina-faso\/culture-et-art\/litterature-au-burkina-faso-bekouone-kountiala-jean-de-dieu-some-dedicace-son-premier-roman","name":"Litt\u00e9rature : B\u00e8kouon\u00e9 Kountiala Jean de Dieu Som\u00e9 d\u00e9dicace son premier roman - Burkina Faso","isPartOf":{"@id":"https:\/\/www.africa-press.net\/burkina-faso\/#website"},"primaryImageOfPage":{"@id":"https:\/\/www.africa-press.net\/burkina-faso\/culture-et-art\/litterature-au-burkina-faso-bekouone-kountiala-jean-de-dieu-some-dedicace-son-premier-roman#primaryimage"},"image":{"@id":"https:\/\/www.africa-press.net\/burkina-faso\/culture-et-art\/litterature-au-burkina-faso-bekouone-kountiala-jean-de-dieu-some-dedicace-son-premier-roman#primaryimage"},"thumbnailUrl":"https:\/\/static.africa-press.net\/burkina\/sites\/42\/2021\/05\/img-6097f5ecf14c6.jpg","datePublished":"2021-05-09T15:02:23+00:00","dateModified":"2021-05-09T15:37:19+00:00","author":{"@id":"https:\/\/www.africa-press.net\/burkina-faso\/#\/schema\/person\/2b1cf3cd81a31e3cd26889ca66d677f1"},"description":"B\u00e8kouon\u00e9 Kountiala, Jean de Dieu Som\u00e9 a ce samedi 8 mai 2021 proc\u00e9d\u00e9 \u00e0 la sortie deson premier roman, intitul\u00e9 \u201cDu monde ...","breadcrumb":{"@id":"https:\/\/www.africa-press.net\/burkina-faso\/culture-et-art\/litterature-au-burkina-faso-bekouone-kountiala-jean-de-dieu-some-dedicace-son-premier-roman#breadcrumb"},"inLanguage":"fr-FR","potentialAction":[{"@type":"ReadAction","target":["https:\/\/www.africa-press.net\/burkina-faso\/culture-et-art\/litterature-au-burkina-faso-bekouone-kountiala-jean-de-dieu-some-dedicace-son-premier-roman"]}]},{"@type":"ImageObject","inLanguage":"fr-FR","@id":"https:\/\/www.africa-press.net\/burkina-faso\/culture-et-art\/litterature-au-burkina-faso-bekouone-kountiala-jean-de-dieu-some-dedicace-son-premier-roman#primaryimage","url":"https:\/\/static.africa-press.net\/burkina\/sites\/42\/2021\/05\/img-6097f5ecf14c6.jpg","contentUrl":"https:\/\/static.africa-press.net\/burkina\/sites\/42\/2021\/05\/img-6097f5ecf14c6.jpg","width":1024,"height":1024,"caption":"Litt\u00e9rature au Burkina Faso : B\u00e8kouon\u00e9 Kountiala Jean de Dieu Som\u00e9 d\u00e9dicace son premier roman"},{"@type":"BreadcrumbList","@id":"https:\/\/www.africa-press.net\/burkina-faso\/culture-et-art\/litterature-au-burkina-faso-bekouone-kountiala-jean-de-dieu-some-dedicace-son-premier-roman#breadcrumb","itemListElement":[{"@type":"ListItem","position":1,"name":"Accueil","item":"https:\/\/www.africa-press.net\/burkina-faso\/"},{"@type":"ListItem","position":2,"name":"Litt\u00e9rature : B\u00e8kouon\u00e9 Kountiala Jean de Dieu Som\u00e9 d\u00e9dicace son premier roman"}]},{"@type":"WebSite","@id":"https:\/\/www.africa-press.net\/burkina-faso\/#website","url":"https:\/\/www.africa-press.net\/burkina-faso\/","name":"Burkina Faso","description":"Just another Africa News Agency Sites site","potentialAction":[{"@type":"SearchAction","target":{"@type":"EntryPoint","urlTemplate":"https:\/\/www.africa-press.net\/burkina-faso\/?s={search_term_string}"},"query-input":{"@type":"PropertyValueSpecification","valueRequired":true,"valueName":"search_term_string"}}],"inLanguage":"fr-FR"},{"@type":"Person","@id":"https:\/\/www.africa-press.net\/burkina-faso\/#\/schema\/person\/2b1cf3cd81a31e3cd26889ca66d677f1","name":"cfeditorfr"}]}},"_links":{"self":[{"href":"https:\/\/www.africa-press.net\/burkina-faso\/wp-json\/wp\/v2\/posts\/11558","targetHints":{"allow":["GET"]}}],"collection":[{"href":"https:\/\/www.africa-press.net\/burkina-faso\/wp-json\/wp\/v2\/posts"}],"about":[{"href":"https:\/\/www.africa-press.net\/burkina-faso\/wp-json\/wp\/v2\/types\/post"}],"author":[{"embeddable":true,"href":"https:\/\/www.africa-press.net\/burkina-faso\/wp-json\/wp\/v2\/users\/82"}],"replies":[{"embeddable":true,"href":"https:\/\/www.africa-press.net\/burkina-faso\/wp-json\/wp\/v2\/comments?post=11558"}],"version-history":[{"count":0,"href":"https:\/\/www.africa-press.net\/burkina-faso\/wp-json\/wp\/v2\/posts\/11558\/revisions"}],"wp:featuredmedia":[{"embeddable":true,"href":"https:\/\/www.africa-press.net\/burkina-faso\/wp-json\/wp\/v2\/media\/11557"}],"wp:attachment":[{"href":"https:\/\/www.africa-press.net\/burkina-faso\/wp-json\/wp\/v2\/media?parent=11558"}],"wp:term":[{"taxonomy":"category","embeddable":true,"href":"https:\/\/www.africa-press.net\/burkina-faso\/wp-json\/wp\/v2\/categories?post=11558"},{"taxonomy":"post_tag","embeddable":true,"href":"https:\/\/www.africa-press.net\/burkina-faso\/wp-json\/wp\/v2\/tags?post=11558"}],"curies":[{"name":"wp","href":"https:\/\/api.w.org\/{rel}","templated":true}]}}