{"id":11564,"date":"2021-05-09T15:21:36","date_gmt":"2021-05-09T15:21:36","guid":{"rendered":"https:\/\/www.africa-press.net\/burkina-faso\/?p=11564"},"modified":"2021-05-09T15:37:37","modified_gmt":"2021-05-09T15:37:37","slug":"affaire-pazani-monsieur-jacques-ouedraogo-a-accepte-de-se-defaire-volontairement-de-sa-propriete-clement-sawadogo","status":"publish","type":"post","link":"https:\/\/www.africa-press.net\/burkina-faso\/toutes-les-actualites\/affaire-pazani-monsieur-jacques-ouedraogo-a-accepte-de-se-defaire-volontairement-de-sa-propriete-clement-sawadogo","title":{"rendered":"Affaire Pazani : \u201cMonsieur Jacques Ou\u00e9draogo a accept\u00e9 de se d\u00e9faire volontairement de sa propri\u00e9t\u00e9\u201d (Cl\u00e9ment Sawadogo)"},"content":{"rendered":"<p><span style=\"color: #ff6600\"><strong><a href=\"https:\/\/www.africa-press.net\/\">Africa-Press<\/a> &#8211; <a href=\"https:\/\/www.africa-press.net\/burkina-faso\">Burkina Faso<\/a>. <\/strong><\/span>Le ministre de l\u2019administration territoriale Cl\u00e9ment Sawadogo a r\u00e9agi \u00e0 la pol\u00e9mique n\u00e9e de la r\u00e9attribution de la parcelle querell\u00e9e \u00e0 Pazani \u00e0 la F\u00e9d\u00e9ration des associations islamiques du Burkina (FAIB). Selon lui, le gouvernement n\u2019a pas remis en cause une d\u00e9cision judiciaire et le propri\u00e9taire l\u00e9gal du terrain a accept\u00e9 de se d\u00e9faire de sa parcelle contre compensation.<\/p>\n<p>Une parcelle est attribu\u00e9e l\u00e9galement \u00e0 un citoyen, Jacques Ou\u00e9draogo. Un autre citoyen, Guigma Moussa, y va faire des constructions, dont une mosqu\u00e9e. Le propri\u00e9taire l\u00e9gal se pourvoit en Justice qui lui donne raison et l\u2019autorise \u00e0 d\u00e9molir les infrastructures. Il s\u2019ex\u00e9cute. La mosqu\u00e9e est d\u00e9molie. L\u2019affaire prend une autre tournure et vire vers une discussion religieuse, voire un conflit.<\/p>\n<p>C\u2019est justement pour \u00e9viter ce que le ministre Cl\u00e9ment Sawadogo a qualifi\u00e9 de \u00ab risque de grave conflit interreligieux dans notre pays \u00bb, \u00ab une grande bourrasque \u00bb qui pourrait \u00e9branler la stabilit\u00e9 du Burkina Faso, que le gouvernement a d\u00e9cid\u00e9 d\u2019intervenir.<\/p>\n<p>A \u00e9couter le ministre de l\u2019administration territoriale, qui s\u2019est exprim\u00e9 au micro de nos confr\u00e8res de Bafujiinfos le 8 mai 2021 \u00e0 Gaoua lors de la pause de la premi\u00e8re pierre de la caserne des Sapeurs Pompiers, les leaders des trois communaut\u00e9s religieuses se sont impliqu\u00e9s : musulmane, catholique et protestante. Et ils \u201cont jou\u00e9 un r\u00f4le d\u00e9terminant\u201c, foi de Cl\u00e9ment Sawadogo, qui a par ailleurs d\u00e9menti une rumeur sur la religion attribu\u00e9e \u00e0 Jacques Ou\u00e9draogo : \u00ab cette rumeur est fausse. L\u2019int\u00e9ress\u00e9 n\u2019est m\u00eame pas protestant, \u00e0 plus forte raison pasteur religieux \u00bb.<\/p>\n<p>Des \u201cn\u00e9gociations\u201d ont \u00e9t\u00e9 men\u00e9es et ont abouti \u00e0 des r\u00e9sultats, selon ces propos du ministre : Mais pourquoi r\u00e9attribuer la parcelle \u00e0 la F\u00e9d\u00e9ration des associations islamiques du Burkina (FAIB) ? Le ministre de l\u2019administration territoriale r\u00e9pond que c\u2019est dans la volont\u00e9 de l\u2019apaisement et pour ne pas tordre le cou \u00e0 la d\u00e9cision de justice. \u00ab (\u2026) Pour nous, ce terrain ne peut pas \u00eatre r\u00e9attribu\u00e9 \u00e0 monsieur Guigma Moussa. Si on l\u2019avait fait, c\u2019est \u00e7a qui devrait \u00eatre jug\u00e9 \u00e0 juste titre contraire au principe de droit, parce que la Justice a tranch\u00e9 en disant que ce n\u2019est pas \u00e0 monsieur Guigma la parcelle, mais \u00e0 l\u2019autre\u00bb, dit-il.<\/p>\n<p>Pourtant, les magistrats ne sont pas contents de la d\u00e9cision et l\u2019ont faire du reste savoir, de m\u00eame que des avocats membres du SYNAF. La main sur le c\u0153ur, Cl\u00e9ment Sawadogo assure que \u00able gouvernement ne nourrit aucunement l\u2019intention de remettre en cause les d\u00e9cisions de justice ni de remettre en cause le pouvoir judiciaire. La d\u00e9cision judiciaire a \u00e9t\u00e9 respect\u00e9e et ex\u00e9cut\u00e9e de bout en bout jusqu\u2019\u00e0 la d\u00e9cision de destruction. Le gouvernement ne s\u2019est pas du tout ing\u00e9r\u00e9 \u00bb. Le gouvernement a juste g\u00e9r\u00e9 \u201cles cons\u00e9quences\u201d de cette d\u00e9cision judiciaire.<\/p>\n<p>Il affirme que le gouvernement \u201cn\u2019est pas contre les musulmans\u201d ni contre le pouvoir judiciaire et a simplement agi pour instaurer la paix et la coh\u00e9sion sociale.<\/p>\n<p>Il reste tout de m\u00eame un risque de pr\u00e9c\u00e9dent. Et si jamais un autre citoyen construisait une infrastructure religieuse sur la parcelle d\u2019un autre compatriote pour ensuite en r\u00e9clamer la propri\u00e9t\u00e9 ? Le ministre Cl\u00e9ment Sawadogo est confiant et cat\u00e9gorique dans sa r\u00e9plique : \u00ab \u00e7a ne peut pas cr\u00e9er de pr\u00e9c\u00e9dent puisque nous avons mis toutes les pr\u00e9cautions \u00bb.<\/p>\n","protected":false},"excerpt":{"rendered":"<p>Africa-Press &#8211; Burkina Faso. Le ministre de l\u2019administration territoriale Cl\u00e9ment Sawadogo a r\u00e9agi \u00e0 la pol\u00e9mique n\u00e9e de la r\u00e9attribution de la parcelle querell\u00e9e \u00e0 Pazani \u00e0 la F\u00e9d\u00e9ration des associations islamiques du Burkina (FAIB). Selon lui, le gouvernement n\u2019a pas remis en cause une d\u00e9cision judiciaire et le propri\u00e9taire l\u00e9gal du terrain a accept\u00e9 [&hellip;]<\/p>\n","protected":false},"author":82,"featured_media":11563,"comment_status":"open","ping_status":"closed","sticky":false,"template":"","format":"standard","meta":{"footnotes":""},"categories":[21,11,10],"tags":[111,725,29],"class_list":["post-11564","post","type-post","status-publish","format-standard","has-post-thumbnail","hentry","category-communaute","category-homepage-french","category-toutes-les-actualites","tag-africa-press","tag-africa-press-burkina-faso","tag-burkina-faso"],"yoast_head":"<!-- This site is optimized with the Yoast SEO Premium plugin v26.1 (Yoast SEO v27.0) - https:\/\/yoast.com\/product\/yoast-seo-premium-wordpress\/ -->\n<title>Affaire Pazani : \u201cMonsieur Jacques Ou\u00e9draogo a accept\u00e9 de se d\u00e9faire volontairement de sa propri\u00e9t\u00e9\u201d (Cl\u00e9ment Sawadogo) - Burkina Faso<\/title>\n<meta name=\"description\" content=\"Le ministre de l\u2019administration territoriale Cl\u00e9ment Sawadogo a r\u00e9agi \u00e0 la pol\u00e9mique n\u00e9e de la r\u00e9attribution de la parce ...\" \/>\n<meta name=\"robots\" content=\"index, follow, max-snippet:-1, max-image-preview:large, max-video-preview:-1\" \/>\n<link rel=\"canonical\" href=\"https:\/\/www.africa-press.net\/burkina-faso\/toutes-les-actualites\/affaire-pazani-monsieur-jacques-ouedraogo-a-accepte-de-se-defaire-volontairement-de-sa-propriete-clement-sawadogo\" \/>\n<meta property=\"og:locale\" content=\"fr_FR\" \/>\n<meta property=\"og:type\" content=\"article\" \/>\n<meta property=\"og:title\" content=\"Affaire Pazani : \u201cMonsieur Jacques Ou\u00e9draogo a accept\u00e9 de se d\u00e9faire volontairement de sa propri\u00e9t\u00e9\u201d (Cl\u00e9ment Sawadogo)\" \/>\n<meta property=\"og:description\" content=\"Le ministre de l\u2019administration territoriale Cl\u00e9ment Sawadogo a r\u00e9agi \u00e0 la pol\u00e9mique n\u00e9e de la r\u00e9attribution de la parce ...\" \/>\n<meta property=\"og:url\" content=\"https:\/\/www.africa-press.net\/burkina-faso\/toutes-les-actualites\/affaire-pazani-monsieur-jacques-ouedraogo-a-accepte-de-se-defaire-volontairement-de-sa-propriete-clement-sawadogo\" \/>\n<meta property=\"og:site_name\" content=\"Burkina Faso\" \/>\n<meta property=\"article:published_time\" content=\"2021-05-09T15:21:36+00:00\" \/>\n<meta property=\"article:modified_time\" content=\"2021-05-09T15:37:37+00:00\" \/>\n<meta property=\"og:image\" content=\"https:\/\/static.africa-press.net\/burkina\/sites\/42\/2021\/05\/img-6097f63612fae.jpg\" \/>\n\t<meta property=\"og:image:width\" content=\"800\" \/>\n\t<meta property=\"og:image:height\" content=\"468\" \/>\n\t<meta property=\"og:image:type\" content=\"image\/jpeg\" \/>\n<meta name=\"author\" content=\"cfeditorfr\" \/>\n<meta name=\"twitter:card\" content=\"summary_large_image\" \/>\n<meta name=\"twitter:label1\" content=\"\u00c9crit par\" \/>\n\t<meta name=\"twitter:data1\" content=\"cfeditorfr\" \/>\n\t<meta name=\"twitter:label2\" content=\"Dur\u00e9e de lecture estim\u00e9e\" \/>\n\t<meta name=\"twitter:data2\" content=\"3 minutes\" \/>\n<script type=\"application\/ld+json\" class=\"yoast-schema-graph\">{\"@context\":\"https:\/\/schema.org\",\"@graph\":[{\"@type\":\"Article\",\"@id\":\"https:\/\/www.africa-press.net\/burkina-faso\/toutes-les-actualites\/affaire-pazani-monsieur-jacques-ouedraogo-a-accepte-de-se-defaire-volontairement-de-sa-propriete-clement-sawadogo#article\",\"isPartOf\":{\"@id\":\"https:\/\/www.africa-press.net\/burkina-faso\/toutes-les-actualites\/affaire-pazani-monsieur-jacques-ouedraogo-a-accepte-de-se-defaire-volontairement-de-sa-propriete-clement-sawadogo\"},\"author\":{\"name\":\"cfeditorfr\",\"@id\":\"https:\/\/www.africa-press.net\/burkina-faso\/#\/schema\/person\/2b1cf3cd81a31e3cd26889ca66d677f1\"},\"headline\":\"Affaire Pazani : \u201cMonsieur Jacques Ou\u00e9draogo a accept\u00e9 de se d\u00e9faire volontairement de sa propri\u00e9t\u00e9\u201d (Cl\u00e9ment Sawadogo)\",\"datePublished\":\"2021-05-09T15:21:36+00:00\",\"dateModified\":\"2021-05-09T15:37:37+00:00\",\"mainEntityOfPage\":{\"@id\":\"https:\/\/www.africa-press.net\/burkina-faso\/toutes-les-actualites\/affaire-pazani-monsieur-jacques-ouedraogo-a-accepte-de-se-defaire-volontairement-de-sa-propriete-clement-sawadogo\"},\"wordCount\":630,\"commentCount\":0,\"image\":{\"@id\":\"https:\/\/www.africa-press.net\/burkina-faso\/toutes-les-actualites\/affaire-pazani-monsieur-jacques-ouedraogo-a-accepte-de-se-defaire-volontairement-de-sa-propriete-clement-sawadogo#primaryimage\"},\"thumbnailUrl\":\"https:\/\/static.africa-press.net\/burkina\/sites\/42\/2021\/05\/img-6097f63612fae.jpg\",\"keywords\":[\"Africa Press\",\"Africa Press-Burkina Faso\",\"Burkina Faso\"],\"articleSection\":[\"Communaut\u00e9\",\"homepage-french\",\"Toutes les actualit\u00e9s\"],\"inLanguage\":\"fr-FR\",\"potentialAction\":[{\"@type\":\"CommentAction\",\"name\":\"Comment\",\"target\":[\"https:\/\/www.africa-press.net\/burkina-faso\/toutes-les-actualites\/affaire-pazani-monsieur-jacques-ouedraogo-a-accepte-de-se-defaire-volontairement-de-sa-propriete-clement-sawadogo#respond\"]}]},{\"@type\":\"WebPage\",\"@id\":\"https:\/\/www.africa-press.net\/burkina-faso\/toutes-les-actualites\/affaire-pazani-monsieur-jacques-ouedraogo-a-accepte-de-se-defaire-volontairement-de-sa-propriete-clement-sawadogo\",\"url\":\"https:\/\/www.africa-press.net\/burkina-faso\/toutes-les-actualites\/affaire-pazani-monsieur-jacques-ouedraogo-a-accepte-de-se-defaire-volontairement-de-sa-propriete-clement-sawadogo\",\"name\":\"Affaire Pazani : \u201cMonsieur Jacques Ou\u00e9draogo a accept\u00e9 de se d\u00e9faire volontairement de sa propri\u00e9t\u00e9\u201d (Cl\u00e9ment Sawadogo) - Burkina Faso\",\"isPartOf\":{\"@id\":\"https:\/\/www.africa-press.net\/burkina-faso\/#website\"},\"primaryImageOfPage\":{\"@id\":\"https:\/\/www.africa-press.net\/burkina-faso\/toutes-les-actualites\/affaire-pazani-monsieur-jacques-ouedraogo-a-accepte-de-se-defaire-volontairement-de-sa-propriete-clement-sawadogo#primaryimage\"},\"image\":{\"@id\":\"https:\/\/www.africa-press.net\/burkina-faso\/toutes-les-actualites\/affaire-pazani-monsieur-jacques-ouedraogo-a-accepte-de-se-defaire-volontairement-de-sa-propriete-clement-sawadogo#primaryimage\"},\"thumbnailUrl\":\"https:\/\/static.africa-press.net\/burkina\/sites\/42\/2021\/05\/img-6097f63612fae.jpg\",\"datePublished\":\"2021-05-09T15:21:36+00:00\",\"dateModified\":\"2021-05-09T15:37:37+00:00\",\"author\":{\"@id\":\"https:\/\/www.africa-press.net\/burkina-faso\/#\/schema\/person\/2b1cf3cd81a31e3cd26889ca66d677f1\"},\"description\":\"Le ministre de l\u2019administration territoriale Cl\u00e9ment Sawadogo a r\u00e9agi \u00e0 la pol\u00e9mique n\u00e9e de la r\u00e9attribution de la parce ...\",\"breadcrumb\":{\"@id\":\"https:\/\/www.africa-press.net\/burkina-faso\/toutes-les-actualites\/affaire-pazani-monsieur-jacques-ouedraogo-a-accepte-de-se-defaire-volontairement-de-sa-propriete-clement-sawadogo#breadcrumb\"},\"inLanguage\":\"fr-FR\",\"potentialAction\":[{\"@type\":\"ReadAction\",\"target\":[\"https:\/\/www.africa-press.net\/burkina-faso\/toutes-les-actualites\/affaire-pazani-monsieur-jacques-ouedraogo-a-accepte-de-se-defaire-volontairement-de-sa-propriete-clement-sawadogo\"]}]},{\"@type\":\"ImageObject\",\"inLanguage\":\"fr-FR\",\"@id\":\"https:\/\/www.africa-press.net\/burkina-faso\/toutes-les-actualites\/affaire-pazani-monsieur-jacques-ouedraogo-a-accepte-de-se-defaire-volontairement-de-sa-propriete-clement-sawadogo#primaryimage\",\"url\":\"https:\/\/static.africa-press.net\/burkina\/sites\/42\/2021\/05\/img-6097f63612fae.jpg\",\"contentUrl\":\"https:\/\/static.africa-press.net\/burkina\/sites\/42\/2021\/05\/img-6097f63612fae.jpg\",\"width\":800,\"height\":468,\"caption\":\"Affaire Pazani : \u201cMonsieur Jacques Ou\u00e9draogo a accept\u00e9 de se d\u00e9faire volontairement de sa propri\u00e9t\u00e9\u201d (Cl\u00e9ment Sawadogo)\"},{\"@type\":\"BreadcrumbList\",\"@id\":\"https:\/\/www.africa-press.net\/burkina-faso\/toutes-les-actualites\/affaire-pazani-monsieur-jacques-ouedraogo-a-accepte-de-se-defaire-volontairement-de-sa-propriete-clement-sawadogo#breadcrumb\",\"itemListElement\":[{\"@type\":\"ListItem\",\"position\":1,\"name\":\"Accueil\",\"item\":\"https:\/\/www.africa-press.net\/burkina-faso\/\"},{\"@type\":\"ListItem\",\"position\":2,\"name\":\"Affaire Pazani : \u201cMonsieur Jacques Ou\u00e9draogo a accept\u00e9 de se d\u00e9faire volontairement de sa propri\u00e9t\u00e9\u201d (Cl\u00e9ment Sawadogo)\"}]},{\"@type\":\"WebSite\",\"@id\":\"https:\/\/www.africa-press.net\/burkina-faso\/#website\",\"url\":\"https:\/\/www.africa-press.net\/burkina-faso\/\",\"name\":\"Burkina Faso\",\"description\":\"Just another Africa News Agency Sites site\",\"potentialAction\":[{\"@type\":\"SearchAction\",\"target\":{\"@type\":\"EntryPoint\",\"urlTemplate\":\"https:\/\/www.africa-press.net\/burkina-faso\/?s={search_term_string}\"},\"query-input\":{\"@type\":\"PropertyValueSpecification\",\"valueRequired\":true,\"valueName\":\"search_term_string\"}}],\"inLanguage\":\"fr-FR\"},{\"@type\":\"Person\",\"@id\":\"https:\/\/www.africa-press.net\/burkina-faso\/#\/schema\/person\/2b1cf3cd81a31e3cd26889ca66d677f1\",\"name\":\"cfeditorfr\"}]}<\/script>\n<!-- \/ Yoast SEO Premium plugin. -->","yoast_head_json":{"title":"Affaire Pazani : \u201cMonsieur Jacques Ou\u00e9draogo a accept\u00e9 de se d\u00e9faire volontairement de sa propri\u00e9t\u00e9\u201d (Cl\u00e9ment Sawadogo) - Burkina Faso","description":"Le ministre de l\u2019administration territoriale Cl\u00e9ment Sawadogo a r\u00e9agi \u00e0 la pol\u00e9mique n\u00e9e de la r\u00e9attribution de la parce ...","robots":{"index":"index","follow":"follow","max-snippet":"max-snippet:-1","max-image-preview":"max-image-preview:large","max-video-preview":"max-video-preview:-1"},"canonical":"https:\/\/www.africa-press.net\/burkina-faso\/toutes-les-actualites\/affaire-pazani-monsieur-jacques-ouedraogo-a-accepte-de-se-defaire-volontairement-de-sa-propriete-clement-sawadogo","og_locale":"fr_FR","og_type":"article","og_title":"Affaire Pazani : \u201cMonsieur Jacques Ou\u00e9draogo a accept\u00e9 de se d\u00e9faire volontairement de sa propri\u00e9t\u00e9\u201d (Cl\u00e9ment Sawadogo)","og_description":"Le ministre de l\u2019administration territoriale Cl\u00e9ment Sawadogo a r\u00e9agi \u00e0 la pol\u00e9mique n\u00e9e de la r\u00e9attribution de la parce ...","og_url":"https:\/\/www.africa-press.net\/burkina-faso\/toutes-les-actualites\/affaire-pazani-monsieur-jacques-ouedraogo-a-accepte-de-se-defaire-volontairement-de-sa-propriete-clement-sawadogo","og_site_name":"Burkina Faso","article_published_time":"2021-05-09T15:21:36+00:00","article_modified_time":"2021-05-09T15:37:37+00:00","og_image":[{"width":800,"height":468,"url":"https:\/\/static.africa-press.net\/burkina\/sites\/42\/2021\/05\/img-6097f63612fae.jpg","type":"image\/jpeg"}],"author":"cfeditorfr","twitter_card":"summary_large_image","twitter_misc":{"\u00c9crit par":"cfeditorfr","Dur\u00e9e de lecture estim\u00e9e":"3 minutes"},"schema":{"@context":"https:\/\/schema.org","@graph":[{"@type":"Article","@id":"https:\/\/www.africa-press.net\/burkina-faso\/toutes-les-actualites\/affaire-pazani-monsieur-jacques-ouedraogo-a-accepte-de-se-defaire-volontairement-de-sa-propriete-clement-sawadogo#article","isPartOf":{"@id":"https:\/\/www.africa-press.net\/burkina-faso\/toutes-les-actualites\/affaire-pazani-monsieur-jacques-ouedraogo-a-accepte-de-se-defaire-volontairement-de-sa-propriete-clement-sawadogo"},"author":{"name":"cfeditorfr","@id":"https:\/\/www.africa-press.net\/burkina-faso\/#\/schema\/person\/2b1cf3cd81a31e3cd26889ca66d677f1"},"headline":"Affaire Pazani : \u201cMonsieur Jacques Ou\u00e9draogo a accept\u00e9 de se d\u00e9faire volontairement de sa propri\u00e9t\u00e9\u201d (Cl\u00e9ment Sawadogo)","datePublished":"2021-05-09T15:21:36+00:00","dateModified":"2021-05-09T15:37:37+00:00","mainEntityOfPage":{"@id":"https:\/\/www.africa-press.net\/burkina-faso\/toutes-les-actualites\/affaire-pazani-monsieur-jacques-ouedraogo-a-accepte-de-se-defaire-volontairement-de-sa-propriete-clement-sawadogo"},"wordCount":630,"commentCount":0,"image":{"@id":"https:\/\/www.africa-press.net\/burkina-faso\/toutes-les-actualites\/affaire-pazani-monsieur-jacques-ouedraogo-a-accepte-de-se-defaire-volontairement-de-sa-propriete-clement-sawadogo#primaryimage"},"thumbnailUrl":"https:\/\/static.africa-press.net\/burkina\/sites\/42\/2021\/05\/img-6097f63612fae.jpg","keywords":["Africa Press","Africa Press-Burkina Faso","Burkina Faso"],"articleSection":["Communaut\u00e9","homepage-french","Toutes les actualit\u00e9s"],"inLanguage":"fr-FR","potentialAction":[{"@type":"CommentAction","name":"Comment","target":["https:\/\/www.africa-press.net\/burkina-faso\/toutes-les-actualites\/affaire-pazani-monsieur-jacques-ouedraogo-a-accepte-de-se-defaire-volontairement-de-sa-propriete-clement-sawadogo#respond"]}]},{"@type":"WebPage","@id":"https:\/\/www.africa-press.net\/burkina-faso\/toutes-les-actualites\/affaire-pazani-monsieur-jacques-ouedraogo-a-accepte-de-se-defaire-volontairement-de-sa-propriete-clement-sawadogo","url":"https:\/\/www.africa-press.net\/burkina-faso\/toutes-les-actualites\/affaire-pazani-monsieur-jacques-ouedraogo-a-accepte-de-se-defaire-volontairement-de-sa-propriete-clement-sawadogo","name":"Affaire Pazani : \u201cMonsieur Jacques Ou\u00e9draogo a accept\u00e9 de se d\u00e9faire volontairement de sa propri\u00e9t\u00e9\u201d (Cl\u00e9ment Sawadogo) - Burkina Faso","isPartOf":{"@id":"https:\/\/www.africa-press.net\/burkina-faso\/#website"},"primaryImageOfPage":{"@id":"https:\/\/www.africa-press.net\/burkina-faso\/toutes-les-actualites\/affaire-pazani-monsieur-jacques-ouedraogo-a-accepte-de-se-defaire-volontairement-de-sa-propriete-clement-sawadogo#primaryimage"},"image":{"@id":"https:\/\/www.africa-press.net\/burkina-faso\/toutes-les-actualites\/affaire-pazani-monsieur-jacques-ouedraogo-a-accepte-de-se-defaire-volontairement-de-sa-propriete-clement-sawadogo#primaryimage"},"thumbnailUrl":"https:\/\/static.africa-press.net\/burkina\/sites\/42\/2021\/05\/img-6097f63612fae.jpg","datePublished":"2021-05-09T15:21:36+00:00","dateModified":"2021-05-09T15:37:37+00:00","author":{"@id":"https:\/\/www.africa-press.net\/burkina-faso\/#\/schema\/person\/2b1cf3cd81a31e3cd26889ca66d677f1"},"description":"Le ministre de l\u2019administration territoriale Cl\u00e9ment Sawadogo a r\u00e9agi \u00e0 la pol\u00e9mique n\u00e9e de la r\u00e9attribution de la parce ...","breadcrumb":{"@id":"https:\/\/www.africa-press.net\/burkina-faso\/toutes-les-actualites\/affaire-pazani-monsieur-jacques-ouedraogo-a-accepte-de-se-defaire-volontairement-de-sa-propriete-clement-sawadogo#breadcrumb"},"inLanguage":"fr-FR","potentialAction":[{"@type":"ReadAction","target":["https:\/\/www.africa-press.net\/burkina-faso\/toutes-les-actualites\/affaire-pazani-monsieur-jacques-ouedraogo-a-accepte-de-se-defaire-volontairement-de-sa-propriete-clement-sawadogo"]}]},{"@type":"ImageObject","inLanguage":"fr-FR","@id":"https:\/\/www.africa-press.net\/burkina-faso\/toutes-les-actualites\/affaire-pazani-monsieur-jacques-ouedraogo-a-accepte-de-se-defaire-volontairement-de-sa-propriete-clement-sawadogo#primaryimage","url":"https:\/\/static.africa-press.net\/burkina\/sites\/42\/2021\/05\/img-6097f63612fae.jpg","contentUrl":"https:\/\/static.africa-press.net\/burkina\/sites\/42\/2021\/05\/img-6097f63612fae.jpg","width":800,"height":468,"caption":"Affaire Pazani : \u201cMonsieur Jacques Ou\u00e9draogo a accept\u00e9 de se d\u00e9faire volontairement de sa propri\u00e9t\u00e9\u201d (Cl\u00e9ment Sawadogo)"},{"@type":"BreadcrumbList","@id":"https:\/\/www.africa-press.net\/burkina-faso\/toutes-les-actualites\/affaire-pazani-monsieur-jacques-ouedraogo-a-accepte-de-se-defaire-volontairement-de-sa-propriete-clement-sawadogo#breadcrumb","itemListElement":[{"@type":"ListItem","position":1,"name":"Accueil","item":"https:\/\/www.africa-press.net\/burkina-faso\/"},{"@type":"ListItem","position":2,"name":"Affaire Pazani : \u201cMonsieur Jacques Ou\u00e9draogo a accept\u00e9 de se d\u00e9faire volontairement de sa propri\u00e9t\u00e9\u201d (Cl\u00e9ment Sawadogo)"}]},{"@type":"WebSite","@id":"https:\/\/www.africa-press.net\/burkina-faso\/#website","url":"https:\/\/www.africa-press.net\/burkina-faso\/","name":"Burkina Faso","description":"Just another Africa News Agency Sites site","potentialAction":[{"@type":"SearchAction","target":{"@type":"EntryPoint","urlTemplate":"https:\/\/www.africa-press.net\/burkina-faso\/?s={search_term_string}"},"query-input":{"@type":"PropertyValueSpecification","valueRequired":true,"valueName":"search_term_string"}}],"inLanguage":"fr-FR"},{"@type":"Person","@id":"https:\/\/www.africa-press.net\/burkina-faso\/#\/schema\/person\/2b1cf3cd81a31e3cd26889ca66d677f1","name":"cfeditorfr"}]}},"_links":{"self":[{"href":"https:\/\/www.africa-press.net\/burkina-faso\/wp-json\/wp\/v2\/posts\/11564","targetHints":{"allow":["GET"]}}],"collection":[{"href":"https:\/\/www.africa-press.net\/burkina-faso\/wp-json\/wp\/v2\/posts"}],"about":[{"href":"https:\/\/www.africa-press.net\/burkina-faso\/wp-json\/wp\/v2\/types\/post"}],"author":[{"embeddable":true,"href":"https:\/\/www.africa-press.net\/burkina-faso\/wp-json\/wp\/v2\/users\/82"}],"replies":[{"embeddable":true,"href":"https:\/\/www.africa-press.net\/burkina-faso\/wp-json\/wp\/v2\/comments?post=11564"}],"version-history":[{"count":0,"href":"https:\/\/www.africa-press.net\/burkina-faso\/wp-json\/wp\/v2\/posts\/11564\/revisions"}],"wp:featuredmedia":[{"embeddable":true,"href":"https:\/\/www.africa-press.net\/burkina-faso\/wp-json\/wp\/v2\/media\/11563"}],"wp:attachment":[{"href":"https:\/\/www.africa-press.net\/burkina-faso\/wp-json\/wp\/v2\/media?parent=11564"}],"wp:term":[{"taxonomy":"category","embeddable":true,"href":"https:\/\/www.africa-press.net\/burkina-faso\/wp-json\/wp\/v2\/categories?post=11564"},{"taxonomy":"post_tag","embeddable":true,"href":"https:\/\/www.africa-press.net\/burkina-faso\/wp-json\/wp\/v2\/tags?post=11564"}],"curies":[{"name":"wp","href":"https:\/\/api.w.org\/{rel}","templated":true}]}}