{"id":11567,"date":"2021-05-09T15:29:10","date_gmt":"2021-05-09T15:29:10","guid":{"rendered":"https:\/\/www.africa-press.net\/burkina-faso\/?p=11567"},"modified":"2021-05-09T15:39:53","modified_gmt":"2021-05-09T15:39:53","slug":"burkina-faso-loni-souvre-a-dedougou-pour-pres-de-deux-millions-de-personnes","status":"publish","type":"post","link":"https:\/\/www.africa-press.net\/burkina-faso\/toutes-les-actualites\/burkina-faso-loni-souvre-a-dedougou-pour-pres-de-deux-millions-de-personnes","title":{"rendered":"L\u2019ONI s\u2019ouvre \u00e0 D\u00e9dougou pour pr\u00e8s de deux millions de personnes"},"content":{"rendered":"<p><span style=\"color: #ff6600\"><strong><a href=\"https:\/\/www.africa-press.net\/\">Africa-Press<\/a> &#8211; <a href=\"https:\/\/www.africa-press.net\/burkina-faso\">Burkina Faso<\/a>. <\/strong><\/span>L\u2019Office National de l\u2019Identification (ONI) s\u2019est install\u00e9 \u00e0 D\u00e9dougou, dans la Boucle du Mouhoun, pour se rapprocher de la population. L\u2019ouverture officielle de l\u2019Antenne R\u00e9gionale a eu lieu ce samedi 8 mai 2021, \u00e0 D\u00e9dougou.<\/p>\n<p>Dans le but de mettre fin aux nombreux d\u00e9sagr\u00e9ments et aux souffrances que les populations endurent pour l\u2019obtention de la Carte Nationale d\u2019Identit\u00e9 Burkinab\u00e8 (CNIB), le minist\u00e8re de la s\u00e9curit\u00e9 a nourri l\u2019ambition de d\u00e9concentrer les services de l\u2019Office National de l\u2019Identification (ONI) dans les diff\u00e9rentes r\u00e9gions du Burkina. Ainsi, apr\u00e8s l\u2019Antenne R\u00e9gionale du Centre-Nord, c\u2019est au tour de la Boucle du Mouhoun d\u2019accueillir les services de l\u2019ONI.<\/p>\n<p>Avec l\u2019ouverture de cette Antenne, ce sont pr\u00e8s de deux millions de personnes qui sont soulag\u00e9es. En effet, les populations se faisaient \u00e9tablir des CNIB au centre de production de Bobo-Dioulasso qui couvrait les r\u00e9gions de la Boucle du Mouhoun, des Cascades et du Sud-Ouest, selon Aristide B\u00e9r\u00e9, Directeur G\u00e9n\u00e9ral de l\u2019ONI.<\/p>\n<p>\u00ab L\u2019antenne de Bobo ployait sous le co\u00fbt des demandes. C\u2019est pourquoi dans la logique de d\u00e9congestionner le processus du syst\u00e8me production et de d\u00e9livrer avec beaucoup plus de civilit\u00e9 la carte nationale d\u2019identit\u00e9 aux citoyens, nous avons proc\u00e9d\u00e9 \u00e0 l\u2019ouverture ce matin de cette antenne qui constitue en fait un grand pas dans le processus de d\u00e9concentration mais aussi dans le processus dynamique de d\u00e9livrance avec diligence la carte nationale d\u2019identit\u00e9 \u00bb, a-t-il affirm\u00e9.<\/p>\n<p>Il a \u00e9galement inform\u00e9 que 10 512 35 personnes n\u2019arrivent pas justifier de leur identit\u00e9 au Burkina alors que 14 489 769 ont seulement une pi\u00e8ce d\u2019identit\u00e9. Toute chose qu\u2019il justifie par le fait que les individus eux-m\u00eames manquent de documents de base et l\u2019inaccessibilit\u00e9 de l\u2019institution.<\/p>\n<p>\u00ab Tu peux avoir l\u2019acte de naissance. Tu peux avoir les 2500 mais, malgr\u00e9 tout, l\u2019\u00e9loignement fait que tu ne peux pas par exemple quitter Nouna ou bien Gorgadji pour venir jusqu\u2019\u00e0 Ouagadougou pour faire ta pi\u00e8ce d\u2019identit\u00e9. Il y a des \u00e9l\u00e9ments subjectifs li\u00e9s \u00e0 l\u2019individu mais aussi des raisons objectives que nous reconnaissons et auxquelles nous travaillons \u00e0 r\u00e9duire \u00bb, a-t-il d\u00e9clar\u00e9 en soulignant que cette d\u00e9concentration de son institution vise \u00e0 satisfaire un droit fondamental qui est de vivre tout simplement.<\/p>\n<p>Le ministre de la s\u00e9curit\u00e9, Ousseni Compaor\u00e9, a quant \u00e0 lui pr\u00e9cis\u00e9 que l\u2019ouverture de cette antenne cr\u00e9era des emplois car ce sont les fils et filles de la r\u00e9gion qui seront employ\u00e9s en son sein. Il a par ailleurs rassur\u00e9 que les personnes d\u00e9munies ne sont pas oubli\u00e9es. \u00ab Pour l\u2019instant nous n\u2019avons pas pr\u00e9vu d\u2019op\u00e9rations pour les personnes d\u00e9munies. La raison est tr\u00e8s simple. Le processus pour obtenir la carte d\u2019identit\u00e9 est un peu compliqu\u00e9 mais nous n\u2019excluons pas ce genre d\u2019action \u00bb, a-t-il justifi\u00e9.<\/p>\n<p>La distance D\u00e9dougou-Bobo-Dioulasso en vue d\u2019\u00e9tablir une CNIB constitue d\u00e9sormais un pass\u00e9 pour la population de D\u00e9dougou. Ibrahim Thiery Sourabi\u00e9, en service \u00e0 D\u00e9dougou, a appr\u00e9ci\u00e9 l\u2019inauguration de cette antenne. \u00ab J\u2019avais besoin d\u2019une CNIB, il a fallu que je me d\u00e9place jusqu\u2019\u00e0 Bobo pour me faire d\u00e9livrer. J\u2019ai perdu en temps parce qu\u2019il a fallu que je prenne une autorisation d\u2019absence pour me rendre \u00e0 Bobo et me faire \u00e9tablir une CNIB \u00bb, s\u2019est-il exprim\u00e9.<\/p>\n<p>L\u2019Antenne R\u00e9gionale de l\u2019ONI de la Boucle du Mouhoun a une capacit\u00e9 de production de 1000 cartes par jour. Elle a re\u00e7u plus de 5000 demandes et les responsables ambitionnent atteindre une production journali\u00e8re de 2000 cartes afin de satisfaire les demandeurs. Elle est anim\u00e9e par une premi\u00e8re vague de 25 agents et encadr\u00e9e par le Lieutenant de Police Oumarou Sawadogo. La prochaine Antenne R\u00e9gionale de l\u2019ONI sera inaugur\u00e9e \u00e0 Gaoua, selon les premiers responsables. Alice Suglimani THIOMBIANO<\/p>\n","protected":false},"excerpt":{"rendered":"<p>Africa-Press &#8211; Burkina Faso. L\u2019Office National de l\u2019Identification (ONI) s\u2019est install\u00e9 \u00e0 D\u00e9dougou, dans la Boucle du Mouhoun, pour se rapprocher de la population. L\u2019ouverture officielle de l\u2019Antenne R\u00e9gionale a eu lieu ce samedi 8 mai 2021, \u00e0 D\u00e9dougou. Dans le but de mettre fin aux nombreux d\u00e9sagr\u00e9ments et aux souffrances que les populations endurent [&hellip;]<\/p>\n","protected":false},"author":82,"featured_media":11566,"comment_status":"open","ping_status":"closed","sticky":false,"template":"","format":"standard","meta":{"footnotes":""},"categories":[21,11,10],"tags":[111,725,29],"class_list":["post-11567","post","type-post","status-publish","format-standard","has-post-thumbnail","hentry","category-communaute","category-homepage-french","category-toutes-les-actualites","tag-africa-press","tag-africa-press-burkina-faso","tag-burkina-faso"],"yoast_head":"<!-- This site is optimized with the Yoast SEO Premium plugin v26.1 (Yoast SEO v27.0) - https:\/\/yoast.com\/product\/yoast-seo-premium-wordpress\/ -->\n<title>L\u2019ONI s\u2019ouvre \u00e0 D\u00e9dougou pour pr\u00e8s de deux millions de personnes - Burkina Faso<\/title>\n<meta name=\"description\" content=\"L\u2019Office National de l\u2019Identification (ONI) s\u2019est install\u00e9 \u00e0 D\u00e9dougou, dans la Boucle du Mouhoun, pour se rapprocher de ...\" \/>\n<meta name=\"robots\" content=\"index, follow, max-snippet:-1, max-image-preview:large, max-video-preview:-1\" \/>\n<link rel=\"canonical\" href=\"https:\/\/www.africa-press.net\/burkina-faso\/toutes-les-actualites\/burkina-faso-loni-souvre-a-dedougou-pour-pres-de-deux-millions-de-personnes\" \/>\n<meta property=\"og:locale\" content=\"fr_FR\" \/>\n<meta property=\"og:type\" content=\"article\" \/>\n<meta property=\"og:title\" content=\"L\u2019ONI s\u2019ouvre \u00e0 D\u00e9dougou pour pr\u00e8s de deux millions de personnes\" \/>\n<meta property=\"og:description\" content=\"L\u2019Office National de l\u2019Identification (ONI) s\u2019est install\u00e9 \u00e0 D\u00e9dougou, dans la Boucle du Mouhoun, pour se rapprocher de ...\" \/>\n<meta property=\"og:url\" content=\"https:\/\/www.africa-press.net\/burkina-faso\/toutes-les-actualites\/burkina-faso-loni-souvre-a-dedougou-pour-pres-de-deux-millions-de-personnes\" \/>\n<meta property=\"og:site_name\" content=\"Burkina Faso\" \/>\n<meta property=\"article:published_time\" content=\"2021-05-09T15:29:10+00:00\" \/>\n<meta property=\"article:modified_time\" content=\"2021-05-09T15:39:53+00:00\" \/>\n<meta property=\"og:image\" content=\"https:\/\/static.africa-press.net\/burkina\/sites\/42\/2021\/05\/img-6097f658e9acf.jpg\" \/>\n\t<meta property=\"og:image:width\" content=\"750\" \/>\n\t<meta property=\"og:image:height\" content=\"457\" \/>\n\t<meta property=\"og:image:type\" content=\"image\/jpeg\" \/>\n<meta name=\"author\" content=\"cfeditorfr\" \/>\n<meta name=\"twitter:card\" content=\"summary_large_image\" \/>\n<meta name=\"twitter:label1\" content=\"\u00c9crit par\" \/>\n\t<meta name=\"twitter:data1\" content=\"cfeditorfr\" \/>\n\t<meta name=\"twitter:label2\" content=\"Dur\u00e9e de lecture estim\u00e9e\" \/>\n\t<meta name=\"twitter:data2\" content=\"3 minutes\" \/>\n<script type=\"application\/ld+json\" class=\"yoast-schema-graph\">{\"@context\":\"https:\/\/schema.org\",\"@graph\":[{\"@type\":\"Article\",\"@id\":\"https:\/\/www.africa-press.net\/burkina-faso\/toutes-les-actualites\/burkina-faso-loni-souvre-a-dedougou-pour-pres-de-deux-millions-de-personnes#article\",\"isPartOf\":{\"@id\":\"https:\/\/www.africa-press.net\/burkina-faso\/toutes-les-actualites\/burkina-faso-loni-souvre-a-dedougou-pour-pres-de-deux-millions-de-personnes\"},\"author\":{\"name\":\"cfeditorfr\",\"@id\":\"https:\/\/www.africa-press.net\/burkina-faso\/#\/schema\/person\/2b1cf3cd81a31e3cd26889ca66d677f1\"},\"headline\":\"L\u2019ONI s\u2019ouvre \u00e0 D\u00e9dougou pour pr\u00e8s de deux millions de personnes\",\"datePublished\":\"2021-05-09T15:29:10+00:00\",\"dateModified\":\"2021-05-09T15:39:53+00:00\",\"mainEntityOfPage\":{\"@id\":\"https:\/\/www.africa-press.net\/burkina-faso\/toutes-les-actualites\/burkina-faso-loni-souvre-a-dedougou-pour-pres-de-deux-millions-de-personnes\"},\"wordCount\":696,\"commentCount\":0,\"image\":{\"@id\":\"https:\/\/www.africa-press.net\/burkina-faso\/toutes-les-actualites\/burkina-faso-loni-souvre-a-dedougou-pour-pres-de-deux-millions-de-personnes#primaryimage\"},\"thumbnailUrl\":\"https:\/\/static.africa-press.net\/burkina\/sites\/42\/2021\/05\/img-6097f658e9acf.jpg\",\"keywords\":[\"Africa Press\",\"Africa Press-Burkina Faso\",\"Burkina Faso\"],\"articleSection\":[\"Communaut\u00e9\",\"homepage-french\",\"Toutes les actualit\u00e9s\"],\"inLanguage\":\"fr-FR\",\"potentialAction\":[{\"@type\":\"CommentAction\",\"name\":\"Comment\",\"target\":[\"https:\/\/www.africa-press.net\/burkina-faso\/toutes-les-actualites\/burkina-faso-loni-souvre-a-dedougou-pour-pres-de-deux-millions-de-personnes#respond\"]}]},{\"@type\":\"WebPage\",\"@id\":\"https:\/\/www.africa-press.net\/burkina-faso\/toutes-les-actualites\/burkina-faso-loni-souvre-a-dedougou-pour-pres-de-deux-millions-de-personnes\",\"url\":\"https:\/\/www.africa-press.net\/burkina-faso\/toutes-les-actualites\/burkina-faso-loni-souvre-a-dedougou-pour-pres-de-deux-millions-de-personnes\",\"name\":\"L\u2019ONI s\u2019ouvre \u00e0 D\u00e9dougou pour pr\u00e8s de deux millions de personnes - Burkina Faso\",\"isPartOf\":{\"@id\":\"https:\/\/www.africa-press.net\/burkina-faso\/#website\"},\"primaryImageOfPage\":{\"@id\":\"https:\/\/www.africa-press.net\/burkina-faso\/toutes-les-actualites\/burkina-faso-loni-souvre-a-dedougou-pour-pres-de-deux-millions-de-personnes#primaryimage\"},\"image\":{\"@id\":\"https:\/\/www.africa-press.net\/burkina-faso\/toutes-les-actualites\/burkina-faso-loni-souvre-a-dedougou-pour-pres-de-deux-millions-de-personnes#primaryimage\"},\"thumbnailUrl\":\"https:\/\/static.africa-press.net\/burkina\/sites\/42\/2021\/05\/img-6097f658e9acf.jpg\",\"datePublished\":\"2021-05-09T15:29:10+00:00\",\"dateModified\":\"2021-05-09T15:39:53+00:00\",\"author\":{\"@id\":\"https:\/\/www.africa-press.net\/burkina-faso\/#\/schema\/person\/2b1cf3cd81a31e3cd26889ca66d677f1\"},\"description\":\"L\u2019Office National de l\u2019Identification (ONI) s\u2019est install\u00e9 \u00e0 D\u00e9dougou, dans la Boucle du Mouhoun, pour se rapprocher de ...\",\"breadcrumb\":{\"@id\":\"https:\/\/www.africa-press.net\/burkina-faso\/toutes-les-actualites\/burkina-faso-loni-souvre-a-dedougou-pour-pres-de-deux-millions-de-personnes#breadcrumb\"},\"inLanguage\":\"fr-FR\",\"potentialAction\":[{\"@type\":\"ReadAction\",\"target\":[\"https:\/\/www.africa-press.net\/burkina-faso\/toutes-les-actualites\/burkina-faso-loni-souvre-a-dedougou-pour-pres-de-deux-millions-de-personnes\"]}]},{\"@type\":\"ImageObject\",\"inLanguage\":\"fr-FR\",\"@id\":\"https:\/\/www.africa-press.net\/burkina-faso\/toutes-les-actualites\/burkina-faso-loni-souvre-a-dedougou-pour-pres-de-deux-millions-de-personnes#primaryimage\",\"url\":\"https:\/\/static.africa-press.net\/burkina\/sites\/42\/2021\/05\/img-6097f658e9acf.jpg\",\"contentUrl\":\"https:\/\/static.africa-press.net\/burkina\/sites\/42\/2021\/05\/img-6097f658e9acf.jpg\",\"width\":750,\"height\":457,\"caption\":\"Burkina Faso\u00a0: L\u2019ONI s\u2019ouvre \u00e0 D\u00e9dougou pour pr\u00e8s de deux millions de personnes\"},{\"@type\":\"BreadcrumbList\",\"@id\":\"https:\/\/www.africa-press.net\/burkina-faso\/toutes-les-actualites\/burkina-faso-loni-souvre-a-dedougou-pour-pres-de-deux-millions-de-personnes#breadcrumb\",\"itemListElement\":[{\"@type\":\"ListItem\",\"position\":1,\"name\":\"Accueil\",\"item\":\"https:\/\/www.africa-press.net\/burkina-faso\/\"},{\"@type\":\"ListItem\",\"position\":2,\"name\":\"L\u2019ONI s\u2019ouvre \u00e0 D\u00e9dougou pour pr\u00e8s de deux millions de personnes\"}]},{\"@type\":\"WebSite\",\"@id\":\"https:\/\/www.africa-press.net\/burkina-faso\/#website\",\"url\":\"https:\/\/www.africa-press.net\/burkina-faso\/\",\"name\":\"Burkina Faso\",\"description\":\"Just another Africa News Agency Sites site\",\"potentialAction\":[{\"@type\":\"SearchAction\",\"target\":{\"@type\":\"EntryPoint\",\"urlTemplate\":\"https:\/\/www.africa-press.net\/burkina-faso\/?s={search_term_string}\"},\"query-input\":{\"@type\":\"PropertyValueSpecification\",\"valueRequired\":true,\"valueName\":\"search_term_string\"}}],\"inLanguage\":\"fr-FR\"},{\"@type\":\"Person\",\"@id\":\"https:\/\/www.africa-press.net\/burkina-faso\/#\/schema\/person\/2b1cf3cd81a31e3cd26889ca66d677f1\",\"name\":\"cfeditorfr\"}]}<\/script>\n<!-- \/ Yoast SEO Premium plugin. -->","yoast_head_json":{"title":"L\u2019ONI s\u2019ouvre \u00e0 D\u00e9dougou pour pr\u00e8s de deux millions de personnes - Burkina Faso","description":"L\u2019Office National de l\u2019Identification (ONI) s\u2019est install\u00e9 \u00e0 D\u00e9dougou, dans la Boucle du Mouhoun, pour se rapprocher de ...","robots":{"index":"index","follow":"follow","max-snippet":"max-snippet:-1","max-image-preview":"max-image-preview:large","max-video-preview":"max-video-preview:-1"},"canonical":"https:\/\/www.africa-press.net\/burkina-faso\/toutes-les-actualites\/burkina-faso-loni-souvre-a-dedougou-pour-pres-de-deux-millions-de-personnes","og_locale":"fr_FR","og_type":"article","og_title":"L\u2019ONI s\u2019ouvre \u00e0 D\u00e9dougou pour pr\u00e8s de deux millions de personnes","og_description":"L\u2019Office National de l\u2019Identification (ONI) s\u2019est install\u00e9 \u00e0 D\u00e9dougou, dans la Boucle du Mouhoun, pour se rapprocher de ...","og_url":"https:\/\/www.africa-press.net\/burkina-faso\/toutes-les-actualites\/burkina-faso-loni-souvre-a-dedougou-pour-pres-de-deux-millions-de-personnes","og_site_name":"Burkina Faso","article_published_time":"2021-05-09T15:29:10+00:00","article_modified_time":"2021-05-09T15:39:53+00:00","og_image":[{"width":750,"height":457,"url":"https:\/\/static.africa-press.net\/burkina\/sites\/42\/2021\/05\/img-6097f658e9acf.jpg","type":"image\/jpeg"}],"author":"cfeditorfr","twitter_card":"summary_large_image","twitter_misc":{"\u00c9crit par":"cfeditorfr","Dur\u00e9e de lecture estim\u00e9e":"3 minutes"},"schema":{"@context":"https:\/\/schema.org","@graph":[{"@type":"Article","@id":"https:\/\/www.africa-press.net\/burkina-faso\/toutes-les-actualites\/burkina-faso-loni-souvre-a-dedougou-pour-pres-de-deux-millions-de-personnes#article","isPartOf":{"@id":"https:\/\/www.africa-press.net\/burkina-faso\/toutes-les-actualites\/burkina-faso-loni-souvre-a-dedougou-pour-pres-de-deux-millions-de-personnes"},"author":{"name":"cfeditorfr","@id":"https:\/\/www.africa-press.net\/burkina-faso\/#\/schema\/person\/2b1cf3cd81a31e3cd26889ca66d677f1"},"headline":"L\u2019ONI s\u2019ouvre \u00e0 D\u00e9dougou pour pr\u00e8s de deux millions de personnes","datePublished":"2021-05-09T15:29:10+00:00","dateModified":"2021-05-09T15:39:53+00:00","mainEntityOfPage":{"@id":"https:\/\/www.africa-press.net\/burkina-faso\/toutes-les-actualites\/burkina-faso-loni-souvre-a-dedougou-pour-pres-de-deux-millions-de-personnes"},"wordCount":696,"commentCount":0,"image":{"@id":"https:\/\/www.africa-press.net\/burkina-faso\/toutes-les-actualites\/burkina-faso-loni-souvre-a-dedougou-pour-pres-de-deux-millions-de-personnes#primaryimage"},"thumbnailUrl":"https:\/\/static.africa-press.net\/burkina\/sites\/42\/2021\/05\/img-6097f658e9acf.jpg","keywords":["Africa Press","Africa Press-Burkina Faso","Burkina Faso"],"articleSection":["Communaut\u00e9","homepage-french","Toutes les actualit\u00e9s"],"inLanguage":"fr-FR","potentialAction":[{"@type":"CommentAction","name":"Comment","target":["https:\/\/www.africa-press.net\/burkina-faso\/toutes-les-actualites\/burkina-faso-loni-souvre-a-dedougou-pour-pres-de-deux-millions-de-personnes#respond"]}]},{"@type":"WebPage","@id":"https:\/\/www.africa-press.net\/burkina-faso\/toutes-les-actualites\/burkina-faso-loni-souvre-a-dedougou-pour-pres-de-deux-millions-de-personnes","url":"https:\/\/www.africa-press.net\/burkina-faso\/toutes-les-actualites\/burkina-faso-loni-souvre-a-dedougou-pour-pres-de-deux-millions-de-personnes","name":"L\u2019ONI s\u2019ouvre \u00e0 D\u00e9dougou pour pr\u00e8s de deux millions de personnes - Burkina Faso","isPartOf":{"@id":"https:\/\/www.africa-press.net\/burkina-faso\/#website"},"primaryImageOfPage":{"@id":"https:\/\/www.africa-press.net\/burkina-faso\/toutes-les-actualites\/burkina-faso-loni-souvre-a-dedougou-pour-pres-de-deux-millions-de-personnes#primaryimage"},"image":{"@id":"https:\/\/www.africa-press.net\/burkina-faso\/toutes-les-actualites\/burkina-faso-loni-souvre-a-dedougou-pour-pres-de-deux-millions-de-personnes#primaryimage"},"thumbnailUrl":"https:\/\/static.africa-press.net\/burkina\/sites\/42\/2021\/05\/img-6097f658e9acf.jpg","datePublished":"2021-05-09T15:29:10+00:00","dateModified":"2021-05-09T15:39:53+00:00","author":{"@id":"https:\/\/www.africa-press.net\/burkina-faso\/#\/schema\/person\/2b1cf3cd81a31e3cd26889ca66d677f1"},"description":"L\u2019Office National de l\u2019Identification (ONI) s\u2019est install\u00e9 \u00e0 D\u00e9dougou, dans la Boucle du Mouhoun, pour se rapprocher de ...","breadcrumb":{"@id":"https:\/\/www.africa-press.net\/burkina-faso\/toutes-les-actualites\/burkina-faso-loni-souvre-a-dedougou-pour-pres-de-deux-millions-de-personnes#breadcrumb"},"inLanguage":"fr-FR","potentialAction":[{"@type":"ReadAction","target":["https:\/\/www.africa-press.net\/burkina-faso\/toutes-les-actualites\/burkina-faso-loni-souvre-a-dedougou-pour-pres-de-deux-millions-de-personnes"]}]},{"@type":"ImageObject","inLanguage":"fr-FR","@id":"https:\/\/www.africa-press.net\/burkina-faso\/toutes-les-actualites\/burkina-faso-loni-souvre-a-dedougou-pour-pres-de-deux-millions-de-personnes#primaryimage","url":"https:\/\/static.africa-press.net\/burkina\/sites\/42\/2021\/05\/img-6097f658e9acf.jpg","contentUrl":"https:\/\/static.africa-press.net\/burkina\/sites\/42\/2021\/05\/img-6097f658e9acf.jpg","width":750,"height":457,"caption":"Burkina Faso\u00a0: L\u2019ONI s\u2019ouvre \u00e0 D\u00e9dougou pour pr\u00e8s de deux millions de personnes"},{"@type":"BreadcrumbList","@id":"https:\/\/www.africa-press.net\/burkina-faso\/toutes-les-actualites\/burkina-faso-loni-souvre-a-dedougou-pour-pres-de-deux-millions-de-personnes#breadcrumb","itemListElement":[{"@type":"ListItem","position":1,"name":"Accueil","item":"https:\/\/www.africa-press.net\/burkina-faso\/"},{"@type":"ListItem","position":2,"name":"L\u2019ONI s\u2019ouvre \u00e0 D\u00e9dougou pour pr\u00e8s de deux millions de personnes"}]},{"@type":"WebSite","@id":"https:\/\/www.africa-press.net\/burkina-faso\/#website","url":"https:\/\/www.africa-press.net\/burkina-faso\/","name":"Burkina Faso","description":"Just another Africa News Agency Sites site","potentialAction":[{"@type":"SearchAction","target":{"@type":"EntryPoint","urlTemplate":"https:\/\/www.africa-press.net\/burkina-faso\/?s={search_term_string}"},"query-input":{"@type":"PropertyValueSpecification","valueRequired":true,"valueName":"search_term_string"}}],"inLanguage":"fr-FR"},{"@type":"Person","@id":"https:\/\/www.africa-press.net\/burkina-faso\/#\/schema\/person\/2b1cf3cd81a31e3cd26889ca66d677f1","name":"cfeditorfr"}]}},"_links":{"self":[{"href":"https:\/\/www.africa-press.net\/burkina-faso\/wp-json\/wp\/v2\/posts\/11567","targetHints":{"allow":["GET"]}}],"collection":[{"href":"https:\/\/www.africa-press.net\/burkina-faso\/wp-json\/wp\/v2\/posts"}],"about":[{"href":"https:\/\/www.africa-press.net\/burkina-faso\/wp-json\/wp\/v2\/types\/post"}],"author":[{"embeddable":true,"href":"https:\/\/www.africa-press.net\/burkina-faso\/wp-json\/wp\/v2\/users\/82"}],"replies":[{"embeddable":true,"href":"https:\/\/www.africa-press.net\/burkina-faso\/wp-json\/wp\/v2\/comments?post=11567"}],"version-history":[{"count":0,"href":"https:\/\/www.africa-press.net\/burkina-faso\/wp-json\/wp\/v2\/posts\/11567\/revisions"}],"wp:featuredmedia":[{"embeddable":true,"href":"https:\/\/www.africa-press.net\/burkina-faso\/wp-json\/wp\/v2\/media\/11566"}],"wp:attachment":[{"href":"https:\/\/www.africa-press.net\/burkina-faso\/wp-json\/wp\/v2\/media?parent=11567"}],"wp:term":[{"taxonomy":"category","embeddable":true,"href":"https:\/\/www.africa-press.net\/burkina-faso\/wp-json\/wp\/v2\/categories?post=11567"},{"taxonomy":"post_tag","embeddable":true,"href":"https:\/\/www.africa-press.net\/burkina-faso\/wp-json\/wp\/v2\/tags?post=11567"}],"curies":[{"name":"wp","href":"https:\/\/api.w.org\/{rel}","templated":true}]}}