{"id":11585,"date":"2021-05-09T16:14:03","date_gmt":"2021-05-09T16:14:03","guid":{"rendered":"https:\/\/www.africa-press.net\/burkina-faso\/?p=11585"},"modified":"2021-05-09T15:42:19","modified_gmt":"2021-05-09T15:42:19","slug":"la-fusee-chinoise-sest-desintegree-au-dessus-de-locean-indien","status":"publish","type":"post","link":"https:\/\/www.africa-press.net\/burkina-faso\/toutes-les-actualites\/la-fusee-chinoise-sest-desintegree-au-dessus-de-locean-indien","title":{"rendered":"La fus\u00e9e chinoise s\u2019est d\u00e9sint\u00e9gr\u00e9e au dessus de l\u2019oc\u00e9an indien"},"content":{"rendered":"<p><span style=\"color: #ff6600\"><strong><a href=\"https:\/\/www.africa-press.net\/\">Africa-Press<\/a> &#8211; <a href=\"https:\/\/www.africa-press.net\/burkina-faso\">Burkina Faso<\/a>. <\/strong><\/span><b>Plus de sp\u00e9culation sur l\u2019endroit o\u00f9 la fus\u00e9e chinoise pourrait tomber. L\u2019agence spatiale chinoise a signal\u00e9, ce dimanche 9 mai, qu\u2019un important segment de la fus\u00e9e qui op\u00e9rait un retour incontr\u00f4l\u00e9 vers la Terre s\u2019est d\u00e9sint\u00e9gr\u00e9 au-dessus de l\u2019Oc\u00e9an Indien, pr\u00e8s des Maldives.<\/b><\/p>\n<p>Hors de contr\u00f4le depuis plusieurs jours, la partie centrale de la fus\u00e9e chinoise Longue-Marche 5B a fait son retour dans l\u2019atmosph\u00e8re ce dimanche, sans causer apparemment de d\u00e9g\u00e2ts, annonce l\u2019agence spatiale chinoise. L\u2019objet, d\u2019un poids de 18 tonnes, s\u2019est d\u00e9sint\u00e9gr\u00e9 au-dessus de l\u2019oc\u00e9an Indien.<\/p>\n<p>Cet incident rappelle la chute de plusieurs d\u00e9bris d\u2019une fus\u00e9e chinoise, en mai 2020, dans un village de la C\u00f4te d\u2019Ivoire. M\u00eame si aucun bless\u00e9 n\u2019avait \u00e9t\u00e9 signal\u00e9, l\u2019incident avait caus\u00e9 des d\u00e9g\u00e2ts sur des b\u00e2timents.<\/p>\n<p><b><\/p>\n<p><\/b><\/p>\n","protected":false},"excerpt":{"rendered":"<p>Africa-Press &#8211; Burkina Faso. Plus de sp\u00e9culation sur l\u2019endroit o\u00f9 la fus\u00e9e chinoise pourrait tomber. L\u2019agence spatiale chinoise a signal\u00e9, ce dimanche 9 mai, qu\u2019un important segment de la fus\u00e9e qui op\u00e9rait un retour incontr\u00f4l\u00e9 vers la Terre s\u2019est d\u00e9sint\u00e9gr\u00e9 au-dessus de l\u2019Oc\u00e9an Indien, pr\u00e8s des Maldives. Hors de contr\u00f4le depuis plusieurs jours, la partie [&hellip;]<\/p>\n","protected":false},"author":82,"featured_media":11584,"comment_status":"open","ping_status":"closed","sticky":false,"template":"","format":"standard","meta":{"footnotes":""},"categories":[22,11,10],"tags":[111,725,29],"class_list":["post-11585","post","type-post","status-publish","format-standard","has-post-thumbnail","hentry","category-divers","category-homepage-french","category-toutes-les-actualites","tag-africa-press","tag-africa-press-burkina-faso","tag-burkina-faso"],"yoast_head":"<!-- This site is optimized with the Yoast SEO Premium plugin v26.1 (Yoast SEO v27.0) - https:\/\/yoast.com\/product\/yoast-seo-premium-wordpress\/ -->\n<title>La fus\u00e9e chinoise s\u2019est d\u00e9sint\u00e9gr\u00e9e au dessus de l\u2019oc\u00e9an indien - Burkina Faso<\/title>\n<meta name=\"description\" content=\"Plus de sp\u00e9culation sur l\u2019endroit o\u00f9 la fus\u00e9e chinoise pourrait tomber. L\u2019agence spatiale chinoise a signal\u00e9, ce dima ...\" \/>\n<meta name=\"robots\" content=\"index, follow, max-snippet:-1, max-image-preview:large, max-video-preview:-1\" \/>\n<link rel=\"canonical\" href=\"https:\/\/www.africa-press.net\/burkina-faso\/toutes-les-actualites\/la-fusee-chinoise-sest-desintegree-au-dessus-de-locean-indien\" \/>\n<meta property=\"og:locale\" content=\"fr_FR\" \/>\n<meta property=\"og:type\" content=\"article\" \/>\n<meta property=\"og:title\" content=\"La fus\u00e9e chinoise s\u2019est d\u00e9sint\u00e9gr\u00e9e au dessus de l\u2019oc\u00e9an indien\" \/>\n<meta property=\"og:description\" content=\"Plus de sp\u00e9culation sur l\u2019endroit o\u00f9 la fus\u00e9e chinoise pourrait tomber. L\u2019agence spatiale chinoise a signal\u00e9, ce dima ...\" \/>\n<meta property=\"og:url\" content=\"https:\/\/www.africa-press.net\/burkina-faso\/toutes-les-actualites\/la-fusee-chinoise-sest-desintegree-au-dessus-de-locean-indien\" \/>\n<meta property=\"og:site_name\" content=\"Burkina Faso\" \/>\n<meta property=\"article:published_time\" content=\"2021-05-09T16:14:03+00:00\" \/>\n<meta property=\"og:image\" content=\"https:\/\/static.africa-press.net\/burkina\/sites\/42\/2021\/05\/img-6097f7416d9ec.jpg\" \/>\n\t<meta property=\"og:image:width\" content=\"720\" \/>\n\t<meta property=\"og:image:height\" content=\"403\" \/>\n\t<meta property=\"og:image:type\" content=\"image\/jpeg\" \/>\n<meta name=\"author\" content=\"cfeditorfr\" \/>\n<meta name=\"twitter:card\" content=\"summary_large_image\" \/>\n<meta name=\"twitter:label1\" content=\"\u00c9crit par\" \/>\n\t<meta name=\"twitter:data1\" content=\"cfeditorfr\" \/>\n\t<meta name=\"twitter:label2\" content=\"Dur\u00e9e de lecture estim\u00e9e\" \/>\n\t<meta name=\"twitter:data2\" content=\"1 minute\" \/>\n<script type=\"application\/ld+json\" class=\"yoast-schema-graph\">{\"@context\":\"https:\/\/schema.org\",\"@graph\":[{\"@type\":\"Article\",\"@id\":\"https:\/\/www.africa-press.net\/burkina-faso\/toutes-les-actualites\/la-fusee-chinoise-sest-desintegree-au-dessus-de-locean-indien#article\",\"isPartOf\":{\"@id\":\"https:\/\/www.africa-press.net\/burkina-faso\/toutes-les-actualites\/la-fusee-chinoise-sest-desintegree-au-dessus-de-locean-indien\"},\"author\":{\"name\":\"cfeditorfr\",\"@id\":\"https:\/\/www.africa-press.net\/burkina-faso\/#\/schema\/person\/2b1cf3cd81a31e3cd26889ca66d677f1\"},\"headline\":\"La fus\u00e9e chinoise s\u2019est d\u00e9sint\u00e9gr\u00e9e au dessus de l\u2019oc\u00e9an indien\",\"datePublished\":\"2021-05-09T16:14:03+00:00\",\"mainEntityOfPage\":{\"@id\":\"https:\/\/www.africa-press.net\/burkina-faso\/toutes-les-actualites\/la-fusee-chinoise-sest-desintegree-au-dessus-de-locean-indien\"},\"wordCount\":180,\"commentCount\":0,\"image\":{\"@id\":\"https:\/\/www.africa-press.net\/burkina-faso\/toutes-les-actualites\/la-fusee-chinoise-sest-desintegree-au-dessus-de-locean-indien#primaryimage\"},\"thumbnailUrl\":\"https:\/\/static.africa-press.net\/burkina\/sites\/42\/2021\/05\/img-6097f7416d9ec.jpg\",\"keywords\":[\"Africa Press\",\"Africa Press-Burkina Faso\",\"Burkina Faso\"],\"articleSection\":[\"Divers\",\"homepage-french\",\"Toutes les actualit\u00e9s\"],\"inLanguage\":\"fr-FR\",\"potentialAction\":[{\"@type\":\"CommentAction\",\"name\":\"Comment\",\"target\":[\"https:\/\/www.africa-press.net\/burkina-faso\/toutes-les-actualites\/la-fusee-chinoise-sest-desintegree-au-dessus-de-locean-indien#respond\"]}]},{\"@type\":\"WebPage\",\"@id\":\"https:\/\/www.africa-press.net\/burkina-faso\/toutes-les-actualites\/la-fusee-chinoise-sest-desintegree-au-dessus-de-locean-indien\",\"url\":\"https:\/\/www.africa-press.net\/burkina-faso\/toutes-les-actualites\/la-fusee-chinoise-sest-desintegree-au-dessus-de-locean-indien\",\"name\":\"La fus\u00e9e chinoise s\u2019est d\u00e9sint\u00e9gr\u00e9e au dessus de l\u2019oc\u00e9an indien - Burkina Faso\",\"isPartOf\":{\"@id\":\"https:\/\/www.africa-press.net\/burkina-faso\/#website\"},\"primaryImageOfPage\":{\"@id\":\"https:\/\/www.africa-press.net\/burkina-faso\/toutes-les-actualites\/la-fusee-chinoise-sest-desintegree-au-dessus-de-locean-indien#primaryimage\"},\"image\":{\"@id\":\"https:\/\/www.africa-press.net\/burkina-faso\/toutes-les-actualites\/la-fusee-chinoise-sest-desintegree-au-dessus-de-locean-indien#primaryimage\"},\"thumbnailUrl\":\"https:\/\/static.africa-press.net\/burkina\/sites\/42\/2021\/05\/img-6097f7416d9ec.jpg\",\"datePublished\":\"2021-05-09T16:14:03+00:00\",\"author\":{\"@id\":\"https:\/\/www.africa-press.net\/burkina-faso\/#\/schema\/person\/2b1cf3cd81a31e3cd26889ca66d677f1\"},\"description\":\"Plus de sp\u00e9culation sur l\u2019endroit o\u00f9 la fus\u00e9e chinoise pourrait tomber. L\u2019agence spatiale chinoise a signal\u00e9, ce dima ...\",\"breadcrumb\":{\"@id\":\"https:\/\/www.africa-press.net\/burkina-faso\/toutes-les-actualites\/la-fusee-chinoise-sest-desintegree-au-dessus-de-locean-indien#breadcrumb\"},\"inLanguage\":\"fr-FR\",\"potentialAction\":[{\"@type\":\"ReadAction\",\"target\":[\"https:\/\/www.africa-press.net\/burkina-faso\/toutes-les-actualites\/la-fusee-chinoise-sest-desintegree-au-dessus-de-locean-indien\"]}]},{\"@type\":\"ImageObject\",\"inLanguage\":\"fr-FR\",\"@id\":\"https:\/\/www.africa-press.net\/burkina-faso\/toutes-les-actualites\/la-fusee-chinoise-sest-desintegree-au-dessus-de-locean-indien#primaryimage\",\"url\":\"https:\/\/static.africa-press.net\/burkina\/sites\/42\/2021\/05\/img-6097f7416d9ec.jpg\",\"contentUrl\":\"https:\/\/static.africa-press.net\/burkina\/sites\/42\/2021\/05\/img-6097f7416d9ec.jpg\",\"width\":720,\"height\":403,\"caption\":\"La fus\u00e9e chinoise s\u2019est d\u00e9sint\u00e9gr\u00e9e au dessus de l\u2019oc\u00e9an indien\"},{\"@type\":\"BreadcrumbList\",\"@id\":\"https:\/\/www.africa-press.net\/burkina-faso\/toutes-les-actualites\/la-fusee-chinoise-sest-desintegree-au-dessus-de-locean-indien#breadcrumb\",\"itemListElement\":[{\"@type\":\"ListItem\",\"position\":1,\"name\":\"Accueil\",\"item\":\"https:\/\/www.africa-press.net\/burkina-faso\/\"},{\"@type\":\"ListItem\",\"position\":2,\"name\":\"La fus\u00e9e chinoise s\u2019est d\u00e9sint\u00e9gr\u00e9e au dessus de l\u2019oc\u00e9an indien\"}]},{\"@type\":\"WebSite\",\"@id\":\"https:\/\/www.africa-press.net\/burkina-faso\/#website\",\"url\":\"https:\/\/www.africa-press.net\/burkina-faso\/\",\"name\":\"Burkina Faso\",\"description\":\"Just another Africa News Agency Sites site\",\"potentialAction\":[{\"@type\":\"SearchAction\",\"target\":{\"@type\":\"EntryPoint\",\"urlTemplate\":\"https:\/\/www.africa-press.net\/burkina-faso\/?s={search_term_string}\"},\"query-input\":{\"@type\":\"PropertyValueSpecification\",\"valueRequired\":true,\"valueName\":\"search_term_string\"}}],\"inLanguage\":\"fr-FR\"},{\"@type\":\"Person\",\"@id\":\"https:\/\/www.africa-press.net\/burkina-faso\/#\/schema\/person\/2b1cf3cd81a31e3cd26889ca66d677f1\",\"name\":\"cfeditorfr\"}]}<\/script>\n<!-- \/ Yoast SEO Premium plugin. -->","yoast_head_json":{"title":"La fus\u00e9e chinoise s\u2019est d\u00e9sint\u00e9gr\u00e9e au dessus de l\u2019oc\u00e9an indien - Burkina Faso","description":"Plus de sp\u00e9culation sur l\u2019endroit o\u00f9 la fus\u00e9e chinoise pourrait tomber. L\u2019agence spatiale chinoise a signal\u00e9, ce dima ...","robots":{"index":"index","follow":"follow","max-snippet":"max-snippet:-1","max-image-preview":"max-image-preview:large","max-video-preview":"max-video-preview:-1"},"canonical":"https:\/\/www.africa-press.net\/burkina-faso\/toutes-les-actualites\/la-fusee-chinoise-sest-desintegree-au-dessus-de-locean-indien","og_locale":"fr_FR","og_type":"article","og_title":"La fus\u00e9e chinoise s\u2019est d\u00e9sint\u00e9gr\u00e9e au dessus de l\u2019oc\u00e9an indien","og_description":"Plus de sp\u00e9culation sur l\u2019endroit o\u00f9 la fus\u00e9e chinoise pourrait tomber. L\u2019agence spatiale chinoise a signal\u00e9, ce dima ...","og_url":"https:\/\/www.africa-press.net\/burkina-faso\/toutes-les-actualites\/la-fusee-chinoise-sest-desintegree-au-dessus-de-locean-indien","og_site_name":"Burkina Faso","article_published_time":"2021-05-09T16:14:03+00:00","og_image":[{"width":720,"height":403,"url":"https:\/\/static.africa-press.net\/burkina\/sites\/42\/2021\/05\/img-6097f7416d9ec.jpg","type":"image\/jpeg"}],"author":"cfeditorfr","twitter_card":"summary_large_image","twitter_misc":{"\u00c9crit par":"cfeditorfr","Dur\u00e9e de lecture estim\u00e9e":"1 minute"},"schema":{"@context":"https:\/\/schema.org","@graph":[{"@type":"Article","@id":"https:\/\/www.africa-press.net\/burkina-faso\/toutes-les-actualites\/la-fusee-chinoise-sest-desintegree-au-dessus-de-locean-indien#article","isPartOf":{"@id":"https:\/\/www.africa-press.net\/burkina-faso\/toutes-les-actualites\/la-fusee-chinoise-sest-desintegree-au-dessus-de-locean-indien"},"author":{"name":"cfeditorfr","@id":"https:\/\/www.africa-press.net\/burkina-faso\/#\/schema\/person\/2b1cf3cd81a31e3cd26889ca66d677f1"},"headline":"La fus\u00e9e chinoise s\u2019est d\u00e9sint\u00e9gr\u00e9e au dessus de l\u2019oc\u00e9an indien","datePublished":"2021-05-09T16:14:03+00:00","mainEntityOfPage":{"@id":"https:\/\/www.africa-press.net\/burkina-faso\/toutes-les-actualites\/la-fusee-chinoise-sest-desintegree-au-dessus-de-locean-indien"},"wordCount":180,"commentCount":0,"image":{"@id":"https:\/\/www.africa-press.net\/burkina-faso\/toutes-les-actualites\/la-fusee-chinoise-sest-desintegree-au-dessus-de-locean-indien#primaryimage"},"thumbnailUrl":"https:\/\/static.africa-press.net\/burkina\/sites\/42\/2021\/05\/img-6097f7416d9ec.jpg","keywords":["Africa Press","Africa Press-Burkina Faso","Burkina Faso"],"articleSection":["Divers","homepage-french","Toutes les actualit\u00e9s"],"inLanguage":"fr-FR","potentialAction":[{"@type":"CommentAction","name":"Comment","target":["https:\/\/www.africa-press.net\/burkina-faso\/toutes-les-actualites\/la-fusee-chinoise-sest-desintegree-au-dessus-de-locean-indien#respond"]}]},{"@type":"WebPage","@id":"https:\/\/www.africa-press.net\/burkina-faso\/toutes-les-actualites\/la-fusee-chinoise-sest-desintegree-au-dessus-de-locean-indien","url":"https:\/\/www.africa-press.net\/burkina-faso\/toutes-les-actualites\/la-fusee-chinoise-sest-desintegree-au-dessus-de-locean-indien","name":"La fus\u00e9e chinoise s\u2019est d\u00e9sint\u00e9gr\u00e9e au dessus de l\u2019oc\u00e9an indien - Burkina Faso","isPartOf":{"@id":"https:\/\/www.africa-press.net\/burkina-faso\/#website"},"primaryImageOfPage":{"@id":"https:\/\/www.africa-press.net\/burkina-faso\/toutes-les-actualites\/la-fusee-chinoise-sest-desintegree-au-dessus-de-locean-indien#primaryimage"},"image":{"@id":"https:\/\/www.africa-press.net\/burkina-faso\/toutes-les-actualites\/la-fusee-chinoise-sest-desintegree-au-dessus-de-locean-indien#primaryimage"},"thumbnailUrl":"https:\/\/static.africa-press.net\/burkina\/sites\/42\/2021\/05\/img-6097f7416d9ec.jpg","datePublished":"2021-05-09T16:14:03+00:00","author":{"@id":"https:\/\/www.africa-press.net\/burkina-faso\/#\/schema\/person\/2b1cf3cd81a31e3cd26889ca66d677f1"},"description":"Plus de sp\u00e9culation sur l\u2019endroit o\u00f9 la fus\u00e9e chinoise pourrait tomber. L\u2019agence spatiale chinoise a signal\u00e9, ce dima ...","breadcrumb":{"@id":"https:\/\/www.africa-press.net\/burkina-faso\/toutes-les-actualites\/la-fusee-chinoise-sest-desintegree-au-dessus-de-locean-indien#breadcrumb"},"inLanguage":"fr-FR","potentialAction":[{"@type":"ReadAction","target":["https:\/\/www.africa-press.net\/burkina-faso\/toutes-les-actualites\/la-fusee-chinoise-sest-desintegree-au-dessus-de-locean-indien"]}]},{"@type":"ImageObject","inLanguage":"fr-FR","@id":"https:\/\/www.africa-press.net\/burkina-faso\/toutes-les-actualites\/la-fusee-chinoise-sest-desintegree-au-dessus-de-locean-indien#primaryimage","url":"https:\/\/static.africa-press.net\/burkina\/sites\/42\/2021\/05\/img-6097f7416d9ec.jpg","contentUrl":"https:\/\/static.africa-press.net\/burkina\/sites\/42\/2021\/05\/img-6097f7416d9ec.jpg","width":720,"height":403,"caption":"La fus\u00e9e chinoise s\u2019est d\u00e9sint\u00e9gr\u00e9e au dessus de l\u2019oc\u00e9an indien"},{"@type":"BreadcrumbList","@id":"https:\/\/www.africa-press.net\/burkina-faso\/toutes-les-actualites\/la-fusee-chinoise-sest-desintegree-au-dessus-de-locean-indien#breadcrumb","itemListElement":[{"@type":"ListItem","position":1,"name":"Accueil","item":"https:\/\/www.africa-press.net\/burkina-faso\/"},{"@type":"ListItem","position":2,"name":"La fus\u00e9e chinoise s\u2019est d\u00e9sint\u00e9gr\u00e9e au dessus de l\u2019oc\u00e9an indien"}]},{"@type":"WebSite","@id":"https:\/\/www.africa-press.net\/burkina-faso\/#website","url":"https:\/\/www.africa-press.net\/burkina-faso\/","name":"Burkina Faso","description":"Just another Africa News Agency Sites site","potentialAction":[{"@type":"SearchAction","target":{"@type":"EntryPoint","urlTemplate":"https:\/\/www.africa-press.net\/burkina-faso\/?s={search_term_string}"},"query-input":{"@type":"PropertyValueSpecification","valueRequired":true,"valueName":"search_term_string"}}],"inLanguage":"fr-FR"},{"@type":"Person","@id":"https:\/\/www.africa-press.net\/burkina-faso\/#\/schema\/person\/2b1cf3cd81a31e3cd26889ca66d677f1","name":"cfeditorfr"}]}},"_links":{"self":[{"href":"https:\/\/www.africa-press.net\/burkina-faso\/wp-json\/wp\/v2\/posts\/11585","targetHints":{"allow":["GET"]}}],"collection":[{"href":"https:\/\/www.africa-press.net\/burkina-faso\/wp-json\/wp\/v2\/posts"}],"about":[{"href":"https:\/\/www.africa-press.net\/burkina-faso\/wp-json\/wp\/v2\/types\/post"}],"author":[{"embeddable":true,"href":"https:\/\/www.africa-press.net\/burkina-faso\/wp-json\/wp\/v2\/users\/82"}],"replies":[{"embeddable":true,"href":"https:\/\/www.africa-press.net\/burkina-faso\/wp-json\/wp\/v2\/comments?post=11585"}],"version-history":[{"count":0,"href":"https:\/\/www.africa-press.net\/burkina-faso\/wp-json\/wp\/v2\/posts\/11585\/revisions"}],"wp:featuredmedia":[{"embeddable":true,"href":"https:\/\/www.africa-press.net\/burkina-faso\/wp-json\/wp\/v2\/media\/11584"}],"wp:attachment":[{"href":"https:\/\/www.africa-press.net\/burkina-faso\/wp-json\/wp\/v2\/media?parent=11585"}],"wp:term":[{"taxonomy":"category","embeddable":true,"href":"https:\/\/www.africa-press.net\/burkina-faso\/wp-json\/wp\/v2\/categories?post=11585"},{"taxonomy":"post_tag","embeddable":true,"href":"https:\/\/www.africa-press.net\/burkina-faso\/wp-json\/wp\/v2\/tags?post=11585"}],"curies":[{"name":"wp","href":"https:\/\/api.w.org\/{rel}","templated":true}]}}