{"id":11615,"date":"2021-05-10T11:02:05","date_gmt":"2021-05-10T11:02:05","guid":{"rendered":"https:\/\/www.africa-press.net\/burkina-faso\/?p=11615"},"modified":"2021-05-10T18:45:49","modified_gmt":"2021-05-10T18:45:49","slug":"premier-league-bertrand-traore-marque-mais-defaite-daston-villa","status":"publish","type":"post","link":"https:\/\/www.africa-press.net\/burkina-faso\/sports\/premier-league-bertrand-traore-marque-mais-defaite-daston-villa","title":{"rendered":"Premier League : Bertrand Traor\u00e9 marque mais d\u00e9faite d\u2019Aston Villa"},"content":{"rendered":"<p><span style=\"color: #ff6600\"><strong><a href=\"https:\/\/www.africa-press.net\/\">Africa-Press<\/a> &#8211; <a href=\"https:\/\/www.africa-press.net\/burkina-faso\">Burkina Faso<\/a>. <\/strong><\/span>Villa \u00e0 Manchester United. Le Burkinab\u00e8 a r\u00e9alis\u00e9 une superbe frappe pour ouvrir le score pour Aston Villa. Excentr\u00e9 sur le c\u00f4t\u00e9 gauche dans la surface de r\u00e9paration, du pied gauche, il envoie le ballon (24e) dans la lucarne droite (1-0). Mais ce but n\u2019\u00e9tait pas suffisant pour la victoire d\u2019Aston Villa.<\/p>\n<p>Manchester United a r\u00e9ussi \u00e0 renverser le score d\u2019abord gr\u00e2ce \u00e0 Bruno Fernandes sur penalty (52\u2019) qui \u00e9galise (1-1). Mason Greenwood (56\u2019) a inscrit le deuxi\u00e8me but des mancuniens. Le troisi\u00e8me est l\u2019\u0153uvre d\u2019Edison Cavani (87e). Apr\u00e8s 34 journ\u00e9es, Aston Villa est 11e avec un match en moins. Manchester United occupe la deuxi\u00e8me place au classement derri\u00e8re Manchester City le leader.<\/p>\n","protected":false},"excerpt":{"rendered":"<p>Africa-Press &#8211; Burkina Faso. Villa \u00e0 Manchester United. Le Burkinab\u00e8 a r\u00e9alis\u00e9 une superbe frappe pour ouvrir le score pour Aston Villa. Excentr\u00e9 sur le c\u00f4t\u00e9 gauche dans la surface de r\u00e9paration, du pied gauche, il envoie le ballon (24e) dans la lucarne droite (1-0). Mais ce but n\u2019\u00e9tait pas suffisant pour la victoire d\u2019Aston [&hellip;]<\/p>\n","protected":false},"author":82,"featured_media":11614,"comment_status":"open","ping_status":"closed","sticky":false,"template":"","format":"standard","meta":{"footnotes":""},"categories":[11,6,10],"tags":[111,725,29],"class_list":["post-11615","post","type-post","status-publish","format-standard","has-post-thumbnail","hentry","category-homepage-french","category-sports","category-toutes-les-actualites","tag-africa-press","tag-africa-press-burkina-faso","tag-burkina-faso"],"yoast_head":"<!-- This site is optimized with the Yoast SEO Premium plugin v26.1 (Yoast SEO v27.0) - https:\/\/yoast.com\/product\/yoast-seo-premium-wordpress\/ -->\n<title>Premier League : Bertrand Traor\u00e9 marque mais d\u00e9faite d\u2019Aston Villa - Burkina Faso<\/title>\n<meta name=\"description\" content=\"Villa \u00e0 Manchester United. Le Burkinab\u00e8 a r\u00e9alis\u00e9 une superbe frappe pour ouvrir le score pour Aston Villa. Excentr\u00e9 sur ...\" \/>\n<meta name=\"robots\" content=\"index, follow, max-snippet:-1, max-image-preview:large, max-video-preview:-1\" \/>\n<link rel=\"canonical\" href=\"https:\/\/www.africa-press.net\/burkina-faso\/sports\/premier-league-bertrand-traore-marque-mais-defaite-daston-villa\" \/>\n<meta property=\"og:locale\" content=\"fr_FR\" \/>\n<meta property=\"og:type\" content=\"article\" \/>\n<meta property=\"og:title\" content=\"Premier League : Bertrand Traor\u00e9 marque mais d\u00e9faite d\u2019Aston Villa\" \/>\n<meta property=\"og:description\" content=\"Villa \u00e0 Manchester United. Le Burkinab\u00e8 a r\u00e9alis\u00e9 une superbe frappe pour ouvrir le score pour Aston Villa. Excentr\u00e9 sur ...\" \/>\n<meta property=\"og:url\" content=\"https:\/\/www.africa-press.net\/burkina-faso\/sports\/premier-league-bertrand-traore-marque-mais-defaite-daston-villa\" \/>\n<meta property=\"og:site_name\" content=\"Burkina Faso\" \/>\n<meta property=\"article:published_time\" content=\"2021-05-10T11:02:05+00:00\" \/>\n<meta property=\"article:modified_time\" content=\"2021-05-10T18:45:49+00:00\" \/>\n<meta property=\"og:image\" content=\"https:\/\/static.africa-press.net\/burkina\/sites\/42\/2021\/05\/img-60991173a75ce.jpg\" \/>\n\t<meta property=\"og:image:width\" content=\"730\" \/>\n\t<meta property=\"og:image:height\" content=\"411\" \/>\n\t<meta property=\"og:image:type\" content=\"image\/jpeg\" \/>\n<meta name=\"author\" content=\"cfeditorfr\" \/>\n<meta name=\"twitter:card\" content=\"summary_large_image\" \/>\n<meta name=\"twitter:label1\" content=\"\u00c9crit par\" \/>\n\t<meta name=\"twitter:data1\" content=\"cfeditorfr\" \/>\n\t<meta name=\"twitter:label2\" content=\"Dur\u00e9e de lecture estim\u00e9e\" \/>\n\t<meta name=\"twitter:data2\" content=\"1 minute\" \/>\n<script type=\"application\/ld+json\" class=\"yoast-schema-graph\">{\"@context\":\"https:\/\/schema.org\",\"@graph\":[{\"@type\":\"Article\",\"@id\":\"https:\/\/www.africa-press.net\/burkina-faso\/sports\/premier-league-bertrand-traore-marque-mais-defaite-daston-villa#article\",\"isPartOf\":{\"@id\":\"https:\/\/www.africa-press.net\/burkina-faso\/sports\/premier-league-bertrand-traore-marque-mais-defaite-daston-villa\"},\"author\":{\"name\":\"cfeditorfr\",\"@id\":\"https:\/\/www.africa-press.net\/burkina-faso\/#\/schema\/person\/2b1cf3cd81a31e3cd26889ca66d677f1\"},\"headline\":\"Premier League : Bertrand Traor\u00e9 marque mais d\u00e9faite d\u2019Aston Villa\",\"datePublished\":\"2021-05-10T11:02:05+00:00\",\"dateModified\":\"2021-05-10T18:45:49+00:00\",\"mainEntityOfPage\":{\"@id\":\"https:\/\/www.africa-press.net\/burkina-faso\/sports\/premier-league-bertrand-traore-marque-mais-defaite-daston-villa\"},\"wordCount\":138,\"commentCount\":0,\"image\":{\"@id\":\"https:\/\/www.africa-press.net\/burkina-faso\/sports\/premier-league-bertrand-traore-marque-mais-defaite-daston-villa#primaryimage\"},\"thumbnailUrl\":\"https:\/\/static.africa-press.net\/burkina\/sites\/42\/2021\/05\/img-60991173a75ce.jpg\",\"keywords\":[\"Africa Press\",\"Africa Press-Burkina Faso\",\"Burkina Faso\"],\"articleSection\":[\"homepage-french\",\"Sports\",\"Toutes les actualit\u00e9s\"],\"inLanguage\":\"fr-FR\",\"potentialAction\":[{\"@type\":\"CommentAction\",\"name\":\"Comment\",\"target\":[\"https:\/\/www.africa-press.net\/burkina-faso\/sports\/premier-league-bertrand-traore-marque-mais-defaite-daston-villa#respond\"]}]},{\"@type\":\"WebPage\",\"@id\":\"https:\/\/www.africa-press.net\/burkina-faso\/sports\/premier-league-bertrand-traore-marque-mais-defaite-daston-villa\",\"url\":\"https:\/\/www.africa-press.net\/burkina-faso\/sports\/premier-league-bertrand-traore-marque-mais-defaite-daston-villa\",\"name\":\"Premier League : Bertrand Traor\u00e9 marque mais d\u00e9faite d\u2019Aston Villa - Burkina Faso\",\"isPartOf\":{\"@id\":\"https:\/\/www.africa-press.net\/burkina-faso\/#website\"},\"primaryImageOfPage\":{\"@id\":\"https:\/\/www.africa-press.net\/burkina-faso\/sports\/premier-league-bertrand-traore-marque-mais-defaite-daston-villa#primaryimage\"},\"image\":{\"@id\":\"https:\/\/www.africa-press.net\/burkina-faso\/sports\/premier-league-bertrand-traore-marque-mais-defaite-daston-villa#primaryimage\"},\"thumbnailUrl\":\"https:\/\/static.africa-press.net\/burkina\/sites\/42\/2021\/05\/img-60991173a75ce.jpg\",\"datePublished\":\"2021-05-10T11:02:05+00:00\",\"dateModified\":\"2021-05-10T18:45:49+00:00\",\"author\":{\"@id\":\"https:\/\/www.africa-press.net\/burkina-faso\/#\/schema\/person\/2b1cf3cd81a31e3cd26889ca66d677f1\"},\"description\":\"Villa \u00e0 Manchester United. Le Burkinab\u00e8 a r\u00e9alis\u00e9 une superbe frappe pour ouvrir le score pour Aston Villa. Excentr\u00e9 sur ...\",\"breadcrumb\":{\"@id\":\"https:\/\/www.africa-press.net\/burkina-faso\/sports\/premier-league-bertrand-traore-marque-mais-defaite-daston-villa#breadcrumb\"},\"inLanguage\":\"fr-FR\",\"potentialAction\":[{\"@type\":\"ReadAction\",\"target\":[\"https:\/\/www.africa-press.net\/burkina-faso\/sports\/premier-league-bertrand-traore-marque-mais-defaite-daston-villa\"]}]},{\"@type\":\"ImageObject\",\"inLanguage\":\"fr-FR\",\"@id\":\"https:\/\/www.africa-press.net\/burkina-faso\/sports\/premier-league-bertrand-traore-marque-mais-defaite-daston-villa#primaryimage\",\"url\":\"https:\/\/static.africa-press.net\/burkina\/sites\/42\/2021\/05\/img-60991173a75ce.jpg\",\"contentUrl\":\"https:\/\/static.africa-press.net\/burkina\/sites\/42\/2021\/05\/img-60991173a75ce.jpg\",\"width\":730,\"height\":411,\"caption\":\"Premier League : Bertrand Traor\u00e9 marque mais d\u00e9faite d\u2019Aston Villa\"},{\"@type\":\"BreadcrumbList\",\"@id\":\"https:\/\/www.africa-press.net\/burkina-faso\/sports\/premier-league-bertrand-traore-marque-mais-defaite-daston-villa#breadcrumb\",\"itemListElement\":[{\"@type\":\"ListItem\",\"position\":1,\"name\":\"Accueil\",\"item\":\"https:\/\/www.africa-press.net\/burkina-faso\/\"},{\"@type\":\"ListItem\",\"position\":2,\"name\":\"Premier League : Bertrand Traor\u00e9 marque mais d\u00e9faite d\u2019Aston Villa\"}]},{\"@type\":\"WebSite\",\"@id\":\"https:\/\/www.africa-press.net\/burkina-faso\/#website\",\"url\":\"https:\/\/www.africa-press.net\/burkina-faso\/\",\"name\":\"Burkina Faso\",\"description\":\"Just another Africa News Agency Sites site\",\"potentialAction\":[{\"@type\":\"SearchAction\",\"target\":{\"@type\":\"EntryPoint\",\"urlTemplate\":\"https:\/\/www.africa-press.net\/burkina-faso\/?s={search_term_string}\"},\"query-input\":{\"@type\":\"PropertyValueSpecification\",\"valueRequired\":true,\"valueName\":\"search_term_string\"}}],\"inLanguage\":\"fr-FR\"},{\"@type\":\"Person\",\"@id\":\"https:\/\/www.africa-press.net\/burkina-faso\/#\/schema\/person\/2b1cf3cd81a31e3cd26889ca66d677f1\",\"name\":\"cfeditorfr\"}]}<\/script>\n<!-- \/ Yoast SEO Premium plugin. -->","yoast_head_json":{"title":"Premier League : Bertrand Traor\u00e9 marque mais d\u00e9faite d\u2019Aston Villa - Burkina Faso","description":"Villa \u00e0 Manchester United. Le Burkinab\u00e8 a r\u00e9alis\u00e9 une superbe frappe pour ouvrir le score pour Aston Villa. Excentr\u00e9 sur ...","robots":{"index":"index","follow":"follow","max-snippet":"max-snippet:-1","max-image-preview":"max-image-preview:large","max-video-preview":"max-video-preview:-1"},"canonical":"https:\/\/www.africa-press.net\/burkina-faso\/sports\/premier-league-bertrand-traore-marque-mais-defaite-daston-villa","og_locale":"fr_FR","og_type":"article","og_title":"Premier League : Bertrand Traor\u00e9 marque mais d\u00e9faite d\u2019Aston Villa","og_description":"Villa \u00e0 Manchester United. Le Burkinab\u00e8 a r\u00e9alis\u00e9 une superbe frappe pour ouvrir le score pour Aston Villa. Excentr\u00e9 sur ...","og_url":"https:\/\/www.africa-press.net\/burkina-faso\/sports\/premier-league-bertrand-traore-marque-mais-defaite-daston-villa","og_site_name":"Burkina Faso","article_published_time":"2021-05-10T11:02:05+00:00","article_modified_time":"2021-05-10T18:45:49+00:00","og_image":[{"width":730,"height":411,"url":"https:\/\/static.africa-press.net\/burkina\/sites\/42\/2021\/05\/img-60991173a75ce.jpg","type":"image\/jpeg"}],"author":"cfeditorfr","twitter_card":"summary_large_image","twitter_misc":{"\u00c9crit par":"cfeditorfr","Dur\u00e9e de lecture estim\u00e9e":"1 minute"},"schema":{"@context":"https:\/\/schema.org","@graph":[{"@type":"Article","@id":"https:\/\/www.africa-press.net\/burkina-faso\/sports\/premier-league-bertrand-traore-marque-mais-defaite-daston-villa#article","isPartOf":{"@id":"https:\/\/www.africa-press.net\/burkina-faso\/sports\/premier-league-bertrand-traore-marque-mais-defaite-daston-villa"},"author":{"name":"cfeditorfr","@id":"https:\/\/www.africa-press.net\/burkina-faso\/#\/schema\/person\/2b1cf3cd81a31e3cd26889ca66d677f1"},"headline":"Premier League : Bertrand Traor\u00e9 marque mais d\u00e9faite d\u2019Aston Villa","datePublished":"2021-05-10T11:02:05+00:00","dateModified":"2021-05-10T18:45:49+00:00","mainEntityOfPage":{"@id":"https:\/\/www.africa-press.net\/burkina-faso\/sports\/premier-league-bertrand-traore-marque-mais-defaite-daston-villa"},"wordCount":138,"commentCount":0,"image":{"@id":"https:\/\/www.africa-press.net\/burkina-faso\/sports\/premier-league-bertrand-traore-marque-mais-defaite-daston-villa#primaryimage"},"thumbnailUrl":"https:\/\/static.africa-press.net\/burkina\/sites\/42\/2021\/05\/img-60991173a75ce.jpg","keywords":["Africa Press","Africa Press-Burkina Faso","Burkina Faso"],"articleSection":["homepage-french","Sports","Toutes les actualit\u00e9s"],"inLanguage":"fr-FR","potentialAction":[{"@type":"CommentAction","name":"Comment","target":["https:\/\/www.africa-press.net\/burkina-faso\/sports\/premier-league-bertrand-traore-marque-mais-defaite-daston-villa#respond"]}]},{"@type":"WebPage","@id":"https:\/\/www.africa-press.net\/burkina-faso\/sports\/premier-league-bertrand-traore-marque-mais-defaite-daston-villa","url":"https:\/\/www.africa-press.net\/burkina-faso\/sports\/premier-league-bertrand-traore-marque-mais-defaite-daston-villa","name":"Premier League : Bertrand Traor\u00e9 marque mais d\u00e9faite d\u2019Aston Villa - Burkina Faso","isPartOf":{"@id":"https:\/\/www.africa-press.net\/burkina-faso\/#website"},"primaryImageOfPage":{"@id":"https:\/\/www.africa-press.net\/burkina-faso\/sports\/premier-league-bertrand-traore-marque-mais-defaite-daston-villa#primaryimage"},"image":{"@id":"https:\/\/www.africa-press.net\/burkina-faso\/sports\/premier-league-bertrand-traore-marque-mais-defaite-daston-villa#primaryimage"},"thumbnailUrl":"https:\/\/static.africa-press.net\/burkina\/sites\/42\/2021\/05\/img-60991173a75ce.jpg","datePublished":"2021-05-10T11:02:05+00:00","dateModified":"2021-05-10T18:45:49+00:00","author":{"@id":"https:\/\/www.africa-press.net\/burkina-faso\/#\/schema\/person\/2b1cf3cd81a31e3cd26889ca66d677f1"},"description":"Villa \u00e0 Manchester United. Le Burkinab\u00e8 a r\u00e9alis\u00e9 une superbe frappe pour ouvrir le score pour Aston Villa. Excentr\u00e9 sur ...","breadcrumb":{"@id":"https:\/\/www.africa-press.net\/burkina-faso\/sports\/premier-league-bertrand-traore-marque-mais-defaite-daston-villa#breadcrumb"},"inLanguage":"fr-FR","potentialAction":[{"@type":"ReadAction","target":["https:\/\/www.africa-press.net\/burkina-faso\/sports\/premier-league-bertrand-traore-marque-mais-defaite-daston-villa"]}]},{"@type":"ImageObject","inLanguage":"fr-FR","@id":"https:\/\/www.africa-press.net\/burkina-faso\/sports\/premier-league-bertrand-traore-marque-mais-defaite-daston-villa#primaryimage","url":"https:\/\/static.africa-press.net\/burkina\/sites\/42\/2021\/05\/img-60991173a75ce.jpg","contentUrl":"https:\/\/static.africa-press.net\/burkina\/sites\/42\/2021\/05\/img-60991173a75ce.jpg","width":730,"height":411,"caption":"Premier League : Bertrand Traor\u00e9 marque mais d\u00e9faite d\u2019Aston Villa"},{"@type":"BreadcrumbList","@id":"https:\/\/www.africa-press.net\/burkina-faso\/sports\/premier-league-bertrand-traore-marque-mais-defaite-daston-villa#breadcrumb","itemListElement":[{"@type":"ListItem","position":1,"name":"Accueil","item":"https:\/\/www.africa-press.net\/burkina-faso\/"},{"@type":"ListItem","position":2,"name":"Premier League : Bertrand Traor\u00e9 marque mais d\u00e9faite d\u2019Aston Villa"}]},{"@type":"WebSite","@id":"https:\/\/www.africa-press.net\/burkina-faso\/#website","url":"https:\/\/www.africa-press.net\/burkina-faso\/","name":"Burkina Faso","description":"Just another Africa News Agency Sites site","potentialAction":[{"@type":"SearchAction","target":{"@type":"EntryPoint","urlTemplate":"https:\/\/www.africa-press.net\/burkina-faso\/?s={search_term_string}"},"query-input":{"@type":"PropertyValueSpecification","valueRequired":true,"valueName":"search_term_string"}}],"inLanguage":"fr-FR"},{"@type":"Person","@id":"https:\/\/www.africa-press.net\/burkina-faso\/#\/schema\/person\/2b1cf3cd81a31e3cd26889ca66d677f1","name":"cfeditorfr"}]}},"_links":{"self":[{"href":"https:\/\/www.africa-press.net\/burkina-faso\/wp-json\/wp\/v2\/posts\/11615","targetHints":{"allow":["GET"]}}],"collection":[{"href":"https:\/\/www.africa-press.net\/burkina-faso\/wp-json\/wp\/v2\/posts"}],"about":[{"href":"https:\/\/www.africa-press.net\/burkina-faso\/wp-json\/wp\/v2\/types\/post"}],"author":[{"embeddable":true,"href":"https:\/\/www.africa-press.net\/burkina-faso\/wp-json\/wp\/v2\/users\/82"}],"replies":[{"embeddable":true,"href":"https:\/\/www.africa-press.net\/burkina-faso\/wp-json\/wp\/v2\/comments?post=11615"}],"version-history":[{"count":0,"href":"https:\/\/www.africa-press.net\/burkina-faso\/wp-json\/wp\/v2\/posts\/11615\/revisions"}],"wp:featuredmedia":[{"embeddable":true,"href":"https:\/\/www.africa-press.net\/burkina-faso\/wp-json\/wp\/v2\/media\/11614"}],"wp:attachment":[{"href":"https:\/\/www.africa-press.net\/burkina-faso\/wp-json\/wp\/v2\/media?parent=11615"}],"wp:term":[{"taxonomy":"category","embeddable":true,"href":"https:\/\/www.africa-press.net\/burkina-faso\/wp-json\/wp\/v2\/categories?post=11615"},{"taxonomy":"post_tag","embeddable":true,"href":"https:\/\/www.africa-press.net\/burkina-faso\/wp-json\/wp\/v2\/tags?post=11615"}],"curies":[{"name":"wp","href":"https:\/\/api.w.org\/{rel}","templated":true}]}}