{"id":11618,"date":"2021-05-10T11:08:45","date_gmt":"2021-05-10T11:08:45","guid":{"rendered":"https:\/\/www.africa-press.net\/burkina-faso\/?p=11618"},"modified":"2021-05-10T18:46:04","modified_gmt":"2021-05-10T18:46:04","slug":"fin-du-ramadan-2021-au-burkina-faso-lobservation-de-lapparition-de-la-lune-prevue-le-11-mai","status":"publish","type":"post","link":"https:\/\/www.africa-press.net\/burkina-faso\/culture-et-art\/fin-du-ramadan-2021-au-burkina-faso-lobservation-de-lapparition-de-la-lune-prevue-le-11-mai","title":{"rendered":"Fin du Ramadan 2021 au Burkina Faso : L\u2019observation de l\u2019apparition de la lune pr\u00e9vue le 11 mai"},"content":{"rendered":"<p><span style=\"color: #ff6600\"><strong><a href=\"https:\/\/www.africa-press.net\/\">Africa-Press<\/a> &#8211; <a href=\"https:\/\/www.africa-press.net\/burkina-faso\">Burkina Faso<\/a>. <\/strong><\/span>La F\u00e9d\u00e9ration des associations islamiques du Burkina (FAIB) porte \u00e0 la connaissance des fid\u00e8les musulmans que les membres de la Commission nationale Lune se r\u00e9uniront dans le cadre de l\u2019observation de l\u2019apparition du croissant lunaire marquant la fin du Ramadan, le mardi 11 mai 2021 \u00e0 partir de 17H00 \u00e0 la grande Mosqu\u00e9e de Ouagadougou.<\/p>\n<p>Un communiqu\u00e9 sera publi\u00e9 aussit\u00f4t que la lune sera aper\u00e7ue. Si le croissant lunaire est aper\u00e7u le 11 mai, la f\u00eate de l\u2019A\u00efd el-Fitr sera c\u00e9l\u00e9br\u00e9e le mercredi 12 mai 2021.<\/p>\n<p>&nbsp;<\/p>\n","protected":false},"excerpt":{"rendered":"<p>Africa-Press &#8211; Burkina Faso. La F\u00e9d\u00e9ration des associations islamiques du Burkina (FAIB) porte \u00e0 la connaissance des fid\u00e8les musulmans que les membres de la Commission nationale Lune se r\u00e9uniront dans le cadre de l\u2019observation de l\u2019apparition du croissant lunaire marquant la fin du Ramadan, le mardi 11 mai 2021 \u00e0 partir de 17H00 \u00e0 la [&hellip;]<\/p>\n","protected":false},"author":82,"featured_media":11617,"comment_status":"open","ping_status":"closed","sticky":false,"template":"","format":"standard","meta":{"footnotes":""},"categories":[5,11,10],"tags":[111,725,29],"class_list":["post-11618","post","type-post","status-publish","format-standard","has-post-thumbnail","hentry","category-culture-et-art","category-homepage-french","category-toutes-les-actualites","tag-africa-press","tag-africa-press-burkina-faso","tag-burkina-faso"],"yoast_head":"<!-- This site is optimized with the Yoast SEO Premium plugin v26.1 (Yoast SEO v27.0) - https:\/\/yoast.com\/product\/yoast-seo-premium-wordpress\/ -->\n<title>Fin du Ramadan 2021 au Burkina Faso : L\u2019observation de l\u2019apparition de la lune pr\u00e9vue le 11 mai - Burkina Faso<\/title>\n<meta name=\"description\" content=\"La F\u00e9d\u00e9ration des associations islamiques du Burkina (FAIB) porte \u00e0 la connaissance des fid\u00e8les musulmans que les membre ...\" \/>\n<meta name=\"robots\" content=\"index, follow, max-snippet:-1, max-image-preview:large, max-video-preview:-1\" \/>\n<link rel=\"canonical\" href=\"https:\/\/www.africa-press.net\/burkina-faso\/culture-et-art\/fin-du-ramadan-2021-au-burkina-faso-lobservation-de-lapparition-de-la-lune-prevue-le-11-mai\" \/>\n<meta property=\"og:locale\" content=\"fr_FR\" \/>\n<meta property=\"og:type\" content=\"article\" \/>\n<meta property=\"og:title\" content=\"Fin du Ramadan 2021 au Burkina Faso : L\u2019observation de l\u2019apparition de la lune pr\u00e9vue le 11 mai\" \/>\n<meta property=\"og:description\" content=\"La F\u00e9d\u00e9ration des associations islamiques du Burkina (FAIB) porte \u00e0 la connaissance des fid\u00e8les musulmans que les membre ...\" \/>\n<meta property=\"og:url\" content=\"https:\/\/www.africa-press.net\/burkina-faso\/culture-et-art\/fin-du-ramadan-2021-au-burkina-faso-lobservation-de-lapparition-de-la-lune-prevue-le-11-mai\" \/>\n<meta property=\"og:site_name\" content=\"Burkina Faso\" \/>\n<meta property=\"article:published_time\" content=\"2021-05-10T11:08:45+00:00\" \/>\n<meta property=\"article:modified_time\" content=\"2021-05-10T18:46:04+00:00\" \/>\n<meta property=\"og:image\" content=\"https:\/\/static.africa-press.net\/burkina\/sites\/42\/2021\/05\/img-6099119b0ba81.jpg\" \/>\n\t<meta property=\"og:image:width\" content=\"1024\" \/>\n\t<meta property=\"og:image:height\" content=\"614\" \/>\n\t<meta property=\"og:image:type\" content=\"image\/jpeg\" \/>\n<meta name=\"author\" content=\"cfeditorfr\" \/>\n<meta name=\"twitter:card\" content=\"summary_large_image\" \/>\n<meta name=\"twitter:label1\" content=\"\u00c9crit par\" \/>\n\t<meta name=\"twitter:data1\" content=\"cfeditorfr\" \/>\n\t<meta name=\"twitter:label2\" content=\"Dur\u00e9e de lecture estim\u00e9e\" \/>\n\t<meta name=\"twitter:data2\" content=\"1 minute\" \/>\n<script type=\"application\/ld+json\" class=\"yoast-schema-graph\">{\"@context\":\"https:\/\/schema.org\",\"@graph\":[{\"@type\":\"Article\",\"@id\":\"https:\/\/www.africa-press.net\/burkina-faso\/culture-et-art\/fin-du-ramadan-2021-au-burkina-faso-lobservation-de-lapparition-de-la-lune-prevue-le-11-mai#article\",\"isPartOf\":{\"@id\":\"https:\/\/www.africa-press.net\/burkina-faso\/culture-et-art\/fin-du-ramadan-2021-au-burkina-faso-lobservation-de-lapparition-de-la-lune-prevue-le-11-mai\"},\"author\":{\"name\":\"cfeditorfr\",\"@id\":\"https:\/\/www.africa-press.net\/burkina-faso\/#\/schema\/person\/2b1cf3cd81a31e3cd26889ca66d677f1\"},\"headline\":\"Fin du Ramadan 2021 au Burkina Faso : L\u2019observation de l\u2019apparition de la lune pr\u00e9vue le 11 mai\",\"datePublished\":\"2021-05-10T11:08:45+00:00\",\"dateModified\":\"2021-05-10T18:46:04+00:00\",\"mainEntityOfPage\":{\"@id\":\"https:\/\/www.africa-press.net\/burkina-faso\/culture-et-art\/fin-du-ramadan-2021-au-burkina-faso-lobservation-de-lapparition-de-la-lune-prevue-le-11-mai\"},\"wordCount\":117,\"commentCount\":0,\"image\":{\"@id\":\"https:\/\/www.africa-press.net\/burkina-faso\/culture-et-art\/fin-du-ramadan-2021-au-burkina-faso-lobservation-de-lapparition-de-la-lune-prevue-le-11-mai#primaryimage\"},\"thumbnailUrl\":\"https:\/\/static.africa-press.net\/burkina\/sites\/42\/2021\/05\/img-6099119b0ba81.jpg\",\"keywords\":[\"Africa Press\",\"Africa Press-Burkina Faso\",\"Burkina Faso\"],\"articleSection\":[\"Culture et Art\",\"homepage-french\",\"Toutes les actualit\u00e9s\"],\"inLanguage\":\"fr-FR\",\"potentialAction\":[{\"@type\":\"CommentAction\",\"name\":\"Comment\",\"target\":[\"https:\/\/www.africa-press.net\/burkina-faso\/culture-et-art\/fin-du-ramadan-2021-au-burkina-faso-lobservation-de-lapparition-de-la-lune-prevue-le-11-mai#respond\"]}]},{\"@type\":\"WebPage\",\"@id\":\"https:\/\/www.africa-press.net\/burkina-faso\/culture-et-art\/fin-du-ramadan-2021-au-burkina-faso-lobservation-de-lapparition-de-la-lune-prevue-le-11-mai\",\"url\":\"https:\/\/www.africa-press.net\/burkina-faso\/culture-et-art\/fin-du-ramadan-2021-au-burkina-faso-lobservation-de-lapparition-de-la-lune-prevue-le-11-mai\",\"name\":\"Fin du Ramadan 2021 au Burkina Faso : L\u2019observation de l\u2019apparition de la lune pr\u00e9vue le 11 mai - Burkina Faso\",\"isPartOf\":{\"@id\":\"https:\/\/www.africa-press.net\/burkina-faso\/#website\"},\"primaryImageOfPage\":{\"@id\":\"https:\/\/www.africa-press.net\/burkina-faso\/culture-et-art\/fin-du-ramadan-2021-au-burkina-faso-lobservation-de-lapparition-de-la-lune-prevue-le-11-mai#primaryimage\"},\"image\":{\"@id\":\"https:\/\/www.africa-press.net\/burkina-faso\/culture-et-art\/fin-du-ramadan-2021-au-burkina-faso-lobservation-de-lapparition-de-la-lune-prevue-le-11-mai#primaryimage\"},\"thumbnailUrl\":\"https:\/\/static.africa-press.net\/burkina\/sites\/42\/2021\/05\/img-6099119b0ba81.jpg\",\"datePublished\":\"2021-05-10T11:08:45+00:00\",\"dateModified\":\"2021-05-10T18:46:04+00:00\",\"author\":{\"@id\":\"https:\/\/www.africa-press.net\/burkina-faso\/#\/schema\/person\/2b1cf3cd81a31e3cd26889ca66d677f1\"},\"description\":\"La F\u00e9d\u00e9ration des associations islamiques du Burkina (FAIB) porte \u00e0 la connaissance des fid\u00e8les musulmans que les membre ...\",\"breadcrumb\":{\"@id\":\"https:\/\/www.africa-press.net\/burkina-faso\/culture-et-art\/fin-du-ramadan-2021-au-burkina-faso-lobservation-de-lapparition-de-la-lune-prevue-le-11-mai#breadcrumb\"},\"inLanguage\":\"fr-FR\",\"potentialAction\":[{\"@type\":\"ReadAction\",\"target\":[\"https:\/\/www.africa-press.net\/burkina-faso\/culture-et-art\/fin-du-ramadan-2021-au-burkina-faso-lobservation-de-lapparition-de-la-lune-prevue-le-11-mai\"]}]},{\"@type\":\"ImageObject\",\"inLanguage\":\"fr-FR\",\"@id\":\"https:\/\/www.africa-press.net\/burkina-faso\/culture-et-art\/fin-du-ramadan-2021-au-burkina-faso-lobservation-de-lapparition-de-la-lune-prevue-le-11-mai#primaryimage\",\"url\":\"https:\/\/static.africa-press.net\/burkina\/sites\/42\/2021\/05\/img-6099119b0ba81.jpg\",\"contentUrl\":\"https:\/\/static.africa-press.net\/burkina\/sites\/42\/2021\/05\/img-6099119b0ba81.jpg\",\"width\":1024,\"height\":614,\"caption\":\"Fin du Ramadan 2021 au Burkina Faso : L\u2019observation de l\u2019apparition de la lune pr\u00e9vue le 11 mai\"},{\"@type\":\"BreadcrumbList\",\"@id\":\"https:\/\/www.africa-press.net\/burkina-faso\/culture-et-art\/fin-du-ramadan-2021-au-burkina-faso-lobservation-de-lapparition-de-la-lune-prevue-le-11-mai#breadcrumb\",\"itemListElement\":[{\"@type\":\"ListItem\",\"position\":1,\"name\":\"Accueil\",\"item\":\"https:\/\/www.africa-press.net\/burkina-faso\/\"},{\"@type\":\"ListItem\",\"position\":2,\"name\":\"Fin du Ramadan 2021 au Burkina Faso : L\u2019observation de l\u2019apparition de la lune pr\u00e9vue le 11 mai\"}]},{\"@type\":\"WebSite\",\"@id\":\"https:\/\/www.africa-press.net\/burkina-faso\/#website\",\"url\":\"https:\/\/www.africa-press.net\/burkina-faso\/\",\"name\":\"Burkina Faso\",\"description\":\"Just another Africa News Agency Sites site\",\"potentialAction\":[{\"@type\":\"SearchAction\",\"target\":{\"@type\":\"EntryPoint\",\"urlTemplate\":\"https:\/\/www.africa-press.net\/burkina-faso\/?s={search_term_string}\"},\"query-input\":{\"@type\":\"PropertyValueSpecification\",\"valueRequired\":true,\"valueName\":\"search_term_string\"}}],\"inLanguage\":\"fr-FR\"},{\"@type\":\"Person\",\"@id\":\"https:\/\/www.africa-press.net\/burkina-faso\/#\/schema\/person\/2b1cf3cd81a31e3cd26889ca66d677f1\",\"name\":\"cfeditorfr\"}]}<\/script>\n<!-- \/ Yoast SEO Premium plugin. -->","yoast_head_json":{"title":"Fin du Ramadan 2021 au Burkina Faso : L\u2019observation de l\u2019apparition de la lune pr\u00e9vue le 11 mai - Burkina Faso","description":"La F\u00e9d\u00e9ration des associations islamiques du Burkina (FAIB) porte \u00e0 la connaissance des fid\u00e8les musulmans que les membre ...","robots":{"index":"index","follow":"follow","max-snippet":"max-snippet:-1","max-image-preview":"max-image-preview:large","max-video-preview":"max-video-preview:-1"},"canonical":"https:\/\/www.africa-press.net\/burkina-faso\/culture-et-art\/fin-du-ramadan-2021-au-burkina-faso-lobservation-de-lapparition-de-la-lune-prevue-le-11-mai","og_locale":"fr_FR","og_type":"article","og_title":"Fin du Ramadan 2021 au Burkina Faso : L\u2019observation de l\u2019apparition de la lune pr\u00e9vue le 11 mai","og_description":"La F\u00e9d\u00e9ration des associations islamiques du Burkina (FAIB) porte \u00e0 la connaissance des fid\u00e8les musulmans que les membre ...","og_url":"https:\/\/www.africa-press.net\/burkina-faso\/culture-et-art\/fin-du-ramadan-2021-au-burkina-faso-lobservation-de-lapparition-de-la-lune-prevue-le-11-mai","og_site_name":"Burkina Faso","article_published_time":"2021-05-10T11:08:45+00:00","article_modified_time":"2021-05-10T18:46:04+00:00","og_image":[{"width":1024,"height":614,"url":"https:\/\/static.africa-press.net\/burkina\/sites\/42\/2021\/05\/img-6099119b0ba81.jpg","type":"image\/jpeg"}],"author":"cfeditorfr","twitter_card":"summary_large_image","twitter_misc":{"\u00c9crit par":"cfeditorfr","Dur\u00e9e de lecture estim\u00e9e":"1 minute"},"schema":{"@context":"https:\/\/schema.org","@graph":[{"@type":"Article","@id":"https:\/\/www.africa-press.net\/burkina-faso\/culture-et-art\/fin-du-ramadan-2021-au-burkina-faso-lobservation-de-lapparition-de-la-lune-prevue-le-11-mai#article","isPartOf":{"@id":"https:\/\/www.africa-press.net\/burkina-faso\/culture-et-art\/fin-du-ramadan-2021-au-burkina-faso-lobservation-de-lapparition-de-la-lune-prevue-le-11-mai"},"author":{"name":"cfeditorfr","@id":"https:\/\/www.africa-press.net\/burkina-faso\/#\/schema\/person\/2b1cf3cd81a31e3cd26889ca66d677f1"},"headline":"Fin du Ramadan 2021 au Burkina Faso : L\u2019observation de l\u2019apparition de la lune pr\u00e9vue le 11 mai","datePublished":"2021-05-10T11:08:45+00:00","dateModified":"2021-05-10T18:46:04+00:00","mainEntityOfPage":{"@id":"https:\/\/www.africa-press.net\/burkina-faso\/culture-et-art\/fin-du-ramadan-2021-au-burkina-faso-lobservation-de-lapparition-de-la-lune-prevue-le-11-mai"},"wordCount":117,"commentCount":0,"image":{"@id":"https:\/\/www.africa-press.net\/burkina-faso\/culture-et-art\/fin-du-ramadan-2021-au-burkina-faso-lobservation-de-lapparition-de-la-lune-prevue-le-11-mai#primaryimage"},"thumbnailUrl":"https:\/\/static.africa-press.net\/burkina\/sites\/42\/2021\/05\/img-6099119b0ba81.jpg","keywords":["Africa Press","Africa Press-Burkina Faso","Burkina Faso"],"articleSection":["Culture et Art","homepage-french","Toutes les actualit\u00e9s"],"inLanguage":"fr-FR","potentialAction":[{"@type":"CommentAction","name":"Comment","target":["https:\/\/www.africa-press.net\/burkina-faso\/culture-et-art\/fin-du-ramadan-2021-au-burkina-faso-lobservation-de-lapparition-de-la-lune-prevue-le-11-mai#respond"]}]},{"@type":"WebPage","@id":"https:\/\/www.africa-press.net\/burkina-faso\/culture-et-art\/fin-du-ramadan-2021-au-burkina-faso-lobservation-de-lapparition-de-la-lune-prevue-le-11-mai","url":"https:\/\/www.africa-press.net\/burkina-faso\/culture-et-art\/fin-du-ramadan-2021-au-burkina-faso-lobservation-de-lapparition-de-la-lune-prevue-le-11-mai","name":"Fin du Ramadan 2021 au Burkina Faso : L\u2019observation de l\u2019apparition de la lune pr\u00e9vue le 11 mai - Burkina Faso","isPartOf":{"@id":"https:\/\/www.africa-press.net\/burkina-faso\/#website"},"primaryImageOfPage":{"@id":"https:\/\/www.africa-press.net\/burkina-faso\/culture-et-art\/fin-du-ramadan-2021-au-burkina-faso-lobservation-de-lapparition-de-la-lune-prevue-le-11-mai#primaryimage"},"image":{"@id":"https:\/\/www.africa-press.net\/burkina-faso\/culture-et-art\/fin-du-ramadan-2021-au-burkina-faso-lobservation-de-lapparition-de-la-lune-prevue-le-11-mai#primaryimage"},"thumbnailUrl":"https:\/\/static.africa-press.net\/burkina\/sites\/42\/2021\/05\/img-6099119b0ba81.jpg","datePublished":"2021-05-10T11:08:45+00:00","dateModified":"2021-05-10T18:46:04+00:00","author":{"@id":"https:\/\/www.africa-press.net\/burkina-faso\/#\/schema\/person\/2b1cf3cd81a31e3cd26889ca66d677f1"},"description":"La F\u00e9d\u00e9ration des associations islamiques du Burkina (FAIB) porte \u00e0 la connaissance des fid\u00e8les musulmans que les membre ...","breadcrumb":{"@id":"https:\/\/www.africa-press.net\/burkina-faso\/culture-et-art\/fin-du-ramadan-2021-au-burkina-faso-lobservation-de-lapparition-de-la-lune-prevue-le-11-mai#breadcrumb"},"inLanguage":"fr-FR","potentialAction":[{"@type":"ReadAction","target":["https:\/\/www.africa-press.net\/burkina-faso\/culture-et-art\/fin-du-ramadan-2021-au-burkina-faso-lobservation-de-lapparition-de-la-lune-prevue-le-11-mai"]}]},{"@type":"ImageObject","inLanguage":"fr-FR","@id":"https:\/\/www.africa-press.net\/burkina-faso\/culture-et-art\/fin-du-ramadan-2021-au-burkina-faso-lobservation-de-lapparition-de-la-lune-prevue-le-11-mai#primaryimage","url":"https:\/\/static.africa-press.net\/burkina\/sites\/42\/2021\/05\/img-6099119b0ba81.jpg","contentUrl":"https:\/\/static.africa-press.net\/burkina\/sites\/42\/2021\/05\/img-6099119b0ba81.jpg","width":1024,"height":614,"caption":"Fin du Ramadan 2021 au Burkina Faso : L\u2019observation de l\u2019apparition de la lune pr\u00e9vue le 11 mai"},{"@type":"BreadcrumbList","@id":"https:\/\/www.africa-press.net\/burkina-faso\/culture-et-art\/fin-du-ramadan-2021-au-burkina-faso-lobservation-de-lapparition-de-la-lune-prevue-le-11-mai#breadcrumb","itemListElement":[{"@type":"ListItem","position":1,"name":"Accueil","item":"https:\/\/www.africa-press.net\/burkina-faso\/"},{"@type":"ListItem","position":2,"name":"Fin du Ramadan 2021 au Burkina Faso : L\u2019observation de l\u2019apparition de la lune pr\u00e9vue le 11 mai"}]},{"@type":"WebSite","@id":"https:\/\/www.africa-press.net\/burkina-faso\/#website","url":"https:\/\/www.africa-press.net\/burkina-faso\/","name":"Burkina Faso","description":"Just another Africa News Agency Sites site","potentialAction":[{"@type":"SearchAction","target":{"@type":"EntryPoint","urlTemplate":"https:\/\/www.africa-press.net\/burkina-faso\/?s={search_term_string}"},"query-input":{"@type":"PropertyValueSpecification","valueRequired":true,"valueName":"search_term_string"}}],"inLanguage":"fr-FR"},{"@type":"Person","@id":"https:\/\/www.africa-press.net\/burkina-faso\/#\/schema\/person\/2b1cf3cd81a31e3cd26889ca66d677f1","name":"cfeditorfr"}]}},"_links":{"self":[{"href":"https:\/\/www.africa-press.net\/burkina-faso\/wp-json\/wp\/v2\/posts\/11618","targetHints":{"allow":["GET"]}}],"collection":[{"href":"https:\/\/www.africa-press.net\/burkina-faso\/wp-json\/wp\/v2\/posts"}],"about":[{"href":"https:\/\/www.africa-press.net\/burkina-faso\/wp-json\/wp\/v2\/types\/post"}],"author":[{"embeddable":true,"href":"https:\/\/www.africa-press.net\/burkina-faso\/wp-json\/wp\/v2\/users\/82"}],"replies":[{"embeddable":true,"href":"https:\/\/www.africa-press.net\/burkina-faso\/wp-json\/wp\/v2\/comments?post=11618"}],"version-history":[{"count":0,"href":"https:\/\/www.africa-press.net\/burkina-faso\/wp-json\/wp\/v2\/posts\/11618\/revisions"}],"wp:featuredmedia":[{"embeddable":true,"href":"https:\/\/www.africa-press.net\/burkina-faso\/wp-json\/wp\/v2\/media\/11617"}],"wp:attachment":[{"href":"https:\/\/www.africa-press.net\/burkina-faso\/wp-json\/wp\/v2\/media?parent=11618"}],"wp:term":[{"taxonomy":"category","embeddable":true,"href":"https:\/\/www.africa-press.net\/burkina-faso\/wp-json\/wp\/v2\/categories?post=11618"},{"taxonomy":"post_tag","embeddable":true,"href":"https:\/\/www.africa-press.net\/burkina-faso\/wp-json\/wp\/v2\/tags?post=11618"}],"curies":[{"name":"wp","href":"https:\/\/api.w.org\/{rel}","templated":true}]}}